{"id":13288,"date":"2021-07-22T07:00:40","date_gmt":"2021-07-22T05:00:40","guid":{"rendered":"https:\/\/www.welovecycling.com\/cs\/?p=13288"},"modified":"2021-07-17T07:40:49","modified_gmt":"2021-07-17T05:40:49","slug":"ve-zdravi-tam-a-zase-zpet-tipy-pro-jizdu-v-baliku-pelotonu","status":"publish","type":"post","link":"https:\/\/www.welovecycling.com\/cs\/2021\/07\/22\/ve-zdravi-tam-a-zase-zpet-tipy-pro-jizdu-v-baliku-pelotonu\/","title":{"rendered":"Ve zdrav\u00ed tam a zase zp\u011bt. Tipy pro j\u00edzdu v bal\u00edku (pelotonu)"},"content":{"rendered":"<p><strong>Nikdy p\u0159edt\u00edm jste nejeli v pelotonu cyklist\u016f (nebo t\u0159eba i jen v mal\u00e9 skupin\u011b), ale r\u00e1di byste to vyzkou\u0161eli, proto\u017ee kamar\u00e1di to u\u017e zvl\u00e1daj\u00ed a pr\u00fd je to legrace? Porad\u00edme p\u00e1r v\u011bc\u00ed, kter\u00e9 byste m\u011bli dop\u0159edu v\u011bd\u011bt.<\/strong><\/p>\n<p>A\u0165 n\u011bkdy vyjdete do z\u00e1vodu, p\u0159id\u00e1te se k odd\u00edlov\u00e9 vyj\u00ed\u017e\u010fce nebo jen tak na \u0161vih s kamar\u00e1dy, d\u0159\u00edv nebo pozd\u011bji v\u00e1s spolkne skupina cyklist\u016f kolem. J\u00edzda v koordinovan\u00e9 a synchronizovan\u00e9 skupin\u011b p\u0159in\u00e1\u0161\u00ed \u0159adu v\u00fdhod \u2013 kilometry ut\u00edkaj\u00ed rychleji, l\u00e9pe tr\u00e9nujete a m\u00e9n\u011b se taky nad\u0159ete v protiv\u011btru.<\/p>\n<p>Prvn\u00ed j\u00edzda s \u0159\u00edd\u00edtky kolegy a\u017e p\u0159\u00edli\u0161 bl\u00edzko t\u011bm va\u0161im m\u016f\u017ee b\u00fdt stresuj\u00edc\u00ed z\u00e1\u017eitek, ale cvikem a s n\u011bkolika radami od zku\u0161en\u011bj\u0161\u00edch se nakonec do t\u00e9 cyklisticky typick\u00e9 dovednosti dostane ka\u017ed\u00fd. Jet v h\u00e1ku sotva p\u00e1r centimetr\u016f za kolem toho p\u0159ed v\u00e1mi je sice um\u011bn\u00ed, ale klid&#8230; nau\u010dit se d\u00e1. A pokud jste nov\u00e1\u010dci, bude nejlep\u0161\u00ed se nejprve schovat na konci bal\u00edku a tyhle finty u zku\u0161en\u011bj\u0161\u00edch okoukat.<\/p>\n<h2><strong>Nel\u00edznout si<\/strong><\/h2>\n<p>Toto je zlat\u00e9 pravidlo skupinov\u00e9 j\u00edzdy. \u017d\u00e1douc\u00ed je samoz\u0159ejm\u011b jet co nejbl\u00ed\u017ee kolegovi p\u0159ed v\u00e1mi, proto\u017ee \u010d\u00edm men\u0161\u00ed mezera mezi koly, t\u00edm men\u0161\u00ed odpor v\u011btru a t\u00edm v\u00edce uspo\u0159en\u00e9 energie. Ale jakmile se va\u0161e p\u0159edn\u00ed kolo dostane na \u00farove\u0148 toho zadn\u00edho jezdce p\u0159ed v\u00e1mi, nebezpe\u010d\u00ed je na sv\u011bt\u011b.<\/p>\n<p><a href=\"https:\/\/d2p6e6u75xmxt8.cloudfront.net\/13\/2021\/07\/balik-peloton-skupina-4.jpg\"><img loading=\"lazy\" decoding=\"async\" class=\"alignnone size-full wp-image-13728\" src=\"https:\/\/d2p6e6u75xmxt8.cloudfront.net\/13\/2021\/07\/balik-peloton-skupina-4.jpg\" alt=\"\" width=\"1600\" height=\"1067\" \/><\/a> To proto, \u017ee kdy\u017e cyklista v \u010dele hod\u00ed vlnu, proto\u017ee se t\u0159eba narychlo vyh\u00fdb\u00e1 v\u00fdtluku \u010di kam\u00ednku na asfaltu, l\u00edznete si a \u201ejdete\u201c. Neboli s velkou pravd\u011bpodobnost\u00ed ztrat\u00edte rovnov\u00e1hu, padnete na asfalt a dost mo\u017en\u00e1 s sebou vezmete i ty za sebou. Tohle je ostatn\u011b jedna z nej\u010dast\u011bj\u0161\u00edch p\u0159\u00ed\u010din p\u00e1d\u016f v profesion\u00e1ln\u00edm pelotonu.<\/p>\n<h2><strong>Dr\u017eet lajnu<\/strong><\/h2>\n<p>Dal\u0161\u00ed nezbytnost\u00ed je jet p\u0159edv\u00eddateln\u011b a rovnom\u011brn\u011b. Mus\u00edte neust\u00e1le zva\u017eovat bezpe\u010dnost nejen svoji, ale i v\u0161ech kolem. A vyhnout se n\u00e1hl\u00fdm, zbrkl\u00fdm a neo\u010dek\u00e1van\u00fdm man\u00e9vr\u016fm, kter\u00e9 nutn\u011b musej\u00ed skon\u010dit p\u00e1dem. Z\u00e1sadn\u00ed je dr\u017eet p\u0159\u00edm\u00fd sm\u011br.<\/p>\n<div class=\"shortcode-ys-post-pinup\"><article class=\"loop-simple post-13722 post type-post status-publish format-standard has-post-thumbnail hentry category-silnicni-cyklistika tag-antonin-bartonicek tag-cyklistika tag-jan-smolik tag-jiri-skoda tag-legendy-zavodu-miru tag-silnicni-cyklistika tag-tour-de-france tag-tour-de-france-2021 global-categories-cycling\" data-postid=\"13722\" role=\"article\" data-post-id=\"13722\" data-word-count=\"458\" data-headline-length=\"76\" data-category=\"Silni\u010dn\u00ed cyklistika\" data-global-category=\"Cycling\" data-author=\"We Love Cycling\" data-published=\"2021-07-18T07:00:02+02:00\" data-published-day=\"Sunday\">\n    <div class=\"entry-thumbnail article-thumbnail\" content=\"https:\/\/d2p6e6u75xmxt8.cloudfront.net\/13\/2021\/06\/WLC_Skoda-150x150.webp\"><a href=\"https:\/\/www.welovecycling.com\/cs\/2021\/07\/18\/legendy-ohromene-francouzskym-kolosem-jeste-ze-uz-nemusime-slapat\/\" class=\"image-holder\" target=\"_self\"><img decoding=\"async\" loading=\"lazy\" class=\"\" src=\"https:\/\/d2p6e6u75xmxt8.cloudfront.net\/13\/2021\/06\/WLC_Skoda-1024x576.webp\" srcset=\"https:\/\/d2p6e6u75xmxt8.cloudfront.net\/13\/2021\/06\/WLC_Skoda.webp 1920w, https:\/\/d2p6e6u75xmxt8.cloudfront.net\/13\/2021\/06\/WLC_Skoda-300x169.webp 300w, https:\/\/d2p6e6u75xmxt8.cloudfront.net\/13\/2021\/06\/WLC_Skoda-1024x576.webp 1024w, https:\/\/d2p6e6u75xmxt8.cloudfront.net\/13\/2021\/06\/WLC_Skoda-768x432.webp 768w, https:\/\/d2p6e6u75xmxt8.cloudfront.net\/13\/2021\/06\/WLC_Skoda-1536x864.webp 1536w\" width=\"1024\" height=\"576\" sizes=\"auto, (min-width: 1200px) 356px, (min-width: 768px) 30vw, 100vw\" alt=\"legendy-ohromene-francouzskym-kolosem-jeste-ze-uz-nemusime-slapat\"\/><\/a><\/div>    <div class=\"entry-meta\">\n        <a class=\"label label-secondary post-category\" href=\"https:\/\/www.welovecycling.com\/cs\/category\/silnicni-cyklistika\/\" title=\"Silni\u010dn\u00ed cyklistika\">Silni\u010dn\u00ed cyklistika<\/a>\n    <\/div>\n    <div class=\"entry-details\">\n        <a href=\"https:\/\/www.welovecycling.com\/cs\/2021\/07\/18\/legendy-ohromene-francouzskym-kolosem-jeste-ze-uz-nemusime-slapat\/\" class='entry-title-wrapper'>\n            <h3 class=\"entry-title\"><span>Legendy ohromen\u00e9 francouzsk\u00fdm kolosem: Je\u0161t\u011b, \u017ee u\u017e nemus\u00edme \u0161lapat!<\/span><\/h3>\n        <\/a>\n    <\/div>\n    <\/article>\n<\/div>\n<p>A\u00a0net\u011bkat ze strany na stranu, za co\u017e by v\u00e1s kolegov\u00e9 rychle exkomunikovali na konec skupiny. Jist\u011b bude n\u011bkdy t\u0159eba zm\u011bnit sm\u011br j\u00edzdy, proto\u017ee se bude bl\u00ed\u017eit p\u0159ek\u00e1\u017eka \u010di nebezpe\u010d\u00ed.<\/p>\n<p><a href=\"https:\/\/d2p6e6u75xmxt8.cloudfront.net\/13\/2021\/07\/balik-peloton-skupina.jpg\"><img loading=\"lazy\" decoding=\"async\" class=\"alignnone size-full wp-image-13730\" src=\"https:\/\/d2p6e6u75xmxt8.cloudfront.net\/13\/2021\/07\/balik-peloton-skupina.jpg\" alt=\"\" width=\"1600\" height=\"1067\" \/><\/a>Proto je z\u00e1hodno hled\u011bt vd\u00e1l, ne jen na zadn\u00ed kolo p\u0159ed sebou. Reagovat plynule a s dostate\u010dn\u00fdm p\u0159edstihem a p\u0159i tom sign\u00e1lem rukou \u010di hlasem nav\u00edc upozornit dal\u0161\u00edho jezdce v z\u00e1krytu. Podobn\u011b nebezpe\u010dn\u00e9 jako t\u011bk\u00e1n\u00ed m\u016f\u017ee b\u00fdt neuv\u00e1\u017een\u00e9 brzd\u011bn\u00ed, proto\u017ee takov\u00fd \u201ekopanec\u201c ve skupin\u011b nikdo ne\u010dek\u00e1, a\u010dkoliv ruce na brzd\u00e1ch le\u017e\u00ed neust\u00e1le. Valn\u00e1 hromada cyklist\u016f nen\u00ed z\u00e1\u017eitek, po kter\u00e9m tou\u017e\u00edte.<\/p>\n<h2><strong>Geometricky<\/strong><\/h2>\n<p>V\u011bt\u0161inou se p\u0159i skupinov\u00e9 j\u00edzd\u011b jezd\u00ed ve dvojic\u00edch za sebou. Pakli\u017ee nejedete v \u010dele, budete n\u00e1sledovat p\u00e1r p\u0159ed sebou a to v p\u0159esn\u00e9m z\u00e1krytu za sebou v p\u0159\u00edm\u00e9m sm\u011bru i p\u0159esto, \u017ee m\u016f\u017ee foukat bo\u010dn\u00ed v\u00edtr z va\u0161\u00ed strany a v\u00e1m tak j\u00edzdu znesnad\u0148ovat.<\/p>\n<p><a href=\"https:\/\/d2p6e6u75xmxt8.cloudfront.net\/13\/2021\/07\/balik-peloton-skupina-3.jpg\"><img loading=\"lazy\" decoding=\"async\" class=\"alignnone size-full wp-image-13727\" src=\"https:\/\/d2p6e6u75xmxt8.cloudfront.net\/13\/2021\/07\/balik-peloton-skupina-3.jpg\" alt=\"\" width=\"1600\" height=\"1067\" \/><\/a><\/p>\n<p>V \u017e\u00e1dn\u00e9m p\u0159\u00edpad\u011b v\u0161ak nen\u00ed p\u0159\u00edpustn\u00e9 jet terez\u00edn = schov\u00e1vat se v meze\u0159e mezi dv\u011bma jezdci p\u0159ed sebou, proto\u017ee dal\u0161\u00ed dva za z\u00e1dy u\u017e by se zkr\u00e1tka na silnici neve\u0161li. A geometrick\u00fd z\u00e1kryt je t\u0159eba dr\u017eet i se sv\u00fdm partnerem ve dvojici neboli vyh\u00fdbat se tzv. p\u0159edsouv\u00e1n\u00ed, kter\u00e9 rozb\u00edj\u00ed kompaktnost skupiny<\/p>\n<h2><strong>Komunikovat<\/strong><\/h2>\n<p>Kdy\u017e se dr\u017e\u00edte v co nejt\u011bsn\u011bj\u0161\u00edm h\u00e1ku, sotva vid\u00edte to, co o\u010di \u201el\u00eddr\u016f\u201c pelotonu. D\u00edry, kan\u00e1ly, retard\u00e9ry&#8230; jsou v\u00e1m zkr\u00e1tka skryty a pro bezpe\u010d\u00ed t\u011bch za v\u00e1mi ud\u011bl\u00e1te, kdy\u017e na p\u0159ek\u00e1\u017eku upozorn\u00edte hlasem nebo jak je ve skupin\u011b zvykem gestem rukou, pouk\u00e1z\u00e1n\u00edm na potenci\u00e1ln\u00ed probl\u00e9m.<\/p>\n<p><a href=\"https:\/\/d2p6e6u75xmxt8.cloudfront.net\/13\/2021\/07\/balik-peloton-skupina-2.jpg\"><img loading=\"lazy\" decoding=\"async\" class=\"alignnone size-full wp-image-13726\" src=\"https:\/\/d2p6e6u75xmxt8.cloudfront.net\/13\/2021\/07\/balik-peloton-skupina-2.jpg\" alt=\"\" width=\"1600\" height=\"1067\" \/><\/a>Na d\u00edru m\u016f\u017eete jednodu\u0161e uk\u00e1zat prstem. Na p\u0159ek\u00e1\u017eku u krajnice upozornit m\u00e1vnut\u00edm ruky za z\u00e1dy. A bl\u00ed\u017e\u00edc\u00ed se k\u0159i\u017eovatku a tedy brzd\u011bn\u00ed p\u0159ipomenete rukou zvednutou nad hlavu \u010di m\u00e1v\u00e1n\u00ed dlan\u00ed, kter\u00e9 se i mimo kolo pou\u017e\u00edv\u00e1, kdy\u017e chcete n\u011bkoho zklidnit. Ka\u017ed\u00e1 skupina bude m\u00edt vlastn\u00ed signalizaci, kterou brzy dok\u00e1\u017eete pochytit a pou\u017e\u00edvat v\u010das, nikoliv last minute.<\/p>\n<h2><strong>Hlavn\u011b v klidu<\/strong><\/h2>\n<p>A\u010dkoliv se toho na za\u010d\u00e1tek m\u016f\u017ee zd\u00e1t p\u0159\u00edli\u0161, nenechejte se nov\u00fdm druhem pohybu vystresovat. J\u00edzda na lokty se m\u016f\u017ee zpo\u010d\u00e1tku zd\u00e1t malinko d\u011bsiv\u00e1. A budete z n\u00ed bezpochyby nerv\u00f3zn\u00ed.<\/p>\n<div class=\"shortcode-ys-post-pinup\"><article class=\"loop-simple post-13592 post type-post status-publish format-standard has-post-thumbnail hentry category-silnicni-cyklistika tag-cyklistika tag-jiri-skoda tag-laurent-fignon tag-silnicni-cyklistika tag-tour-de-france tag-tour-de-france-2021 tag-zavod-miru global-categories-cycling\" data-postid=\"13592\" role=\"article\" data-post-id=\"13592\" data-word-count=\"521\" data-headline-length=\"74\" data-category=\"Silni\u010dn\u00ed cyklistika\" data-global-category=\"Cycling\" data-author=\"We Love Cycling\" data-published=\"2021-07-10T08:47:24+02:00\" data-published-day=\"Saturday\">\n    <div class=\"entry-thumbnail article-thumbnail\" content=\"https:\/\/d2p6e6u75xmxt8.cloudfront.net\/13\/2021\/06\/WLC_Skoda-150x150.webp\"><a href=\"https:\/\/www.welovecycling.com\/cs\/2021\/07\/10\/budu-jezdit-s-fignonem-tesil-se-skoda-soudruzi-jeho-ambice-rozmetali\/\" class=\"image-holder\" target=\"_self\"><img decoding=\"async\" loading=\"lazy\" class=\"\" src=\"https:\/\/d2p6e6u75xmxt8.cloudfront.net\/13\/2021\/06\/WLC_Skoda-1024x576.webp\" srcset=\"https:\/\/d2p6e6u75xmxt8.cloudfront.net\/13\/2021\/06\/WLC_Skoda.webp 1920w, https:\/\/d2p6e6u75xmxt8.cloudfront.net\/13\/2021\/06\/WLC_Skoda-300x169.webp 300w, https:\/\/d2p6e6u75xmxt8.cloudfront.net\/13\/2021\/06\/WLC_Skoda-1024x576.webp 1024w, https:\/\/d2p6e6u75xmxt8.cloudfront.net\/13\/2021\/06\/WLC_Skoda-768x432.webp 768w, https:\/\/d2p6e6u75xmxt8.cloudfront.net\/13\/2021\/06\/WLC_Skoda-1536x864.webp 1536w\" width=\"1024\" height=\"576\" sizes=\"auto, (min-width: 1200px) 356px, (min-width: 768px) 30vw, 100vw\" alt=\"budu-jezdit-s-fignonem-tesil-se-skoda-soudruzi-jeho-ambice-rozmetali\"\/><\/a><\/div>    <div class=\"entry-meta\">\n        <a class=\"label label-secondary post-category\" href=\"https:\/\/www.welovecycling.com\/cs\/category\/silnicni-cyklistika\/\" title=\"Silni\u010dn\u00ed cyklistika\">Silni\u010dn\u00ed cyklistika<\/a>\n    <\/div>\n    <div class=\"entry-details\">\n        <a href=\"https:\/\/www.welovecycling.com\/cs\/2021\/07\/10\/budu-jezdit-s-fignonem-tesil-se-skoda-soudruzi-jeho-ambice-rozmetali\/\" class='entry-title-wrapper'>\n            <h3 class=\"entry-title\"><span>Budu jezdit s\u00a0Fignonem, t\u011b\u0161il se \u0160koda! Soudruzi jeho ambice rozmetali<\/span><\/h3>\n        <\/a>\n    <\/div>\n    <\/article>\n<\/div>\n<p>Ale chce to klid, proto\u017ee v\u011bt\u0161\u00ed probl\u00e9m bude va\u0161e panika ne\u017e to, \u017ee nejste \u00fapln\u011b ost\u0159\u00edlen\u00ed jako ti v\u0161ichni kolem, kte\u0159\u00ed v\u00e1m r\u00e1di p\u0159i prvn\u00edch kilometrech pom\u016f\u017eou a porad\u00ed. Tak\u017ee klid. Pak si naplno u\u017eijete kr\u00e1su a v\u0161echny v\u00fdhody j\u00edzdy v bal\u00edku.<\/p>\n","protected":false},"excerpt":{"rendered":"<p>Nikdy p\u0159edt\u00edm jste nejeli v pelotonu cyklist\u016f (nebo t\u0159eba i jen v mal\u00e9 skupin\u011b), ale r\u00e1di byste to vyzkou\u0161eli, proto\u017ee [&hellip;]<\/p>\n","protected":false},"author":138,"featured_media":13653,"comment_status":"open","ping_status":"open","sticky":false,"template":"","format":"standard","meta":{"footnotes":""},"categories":[15,10,660],"tags":[126,1742,1745,9,27,67],"global-categories":[411],"class_list":["post-13288","post","type-post","status-publish","format-standard","has-post-thumbnail","hentry","category-rady-tipy","category-silnicni-cyklistika","category-https-www-welovecycling-com-cs-category-zabava","tag-cyklistika","tag-jizda-v-pelotonu","tag-peloton","tag-silnicni-cyklistika","tag-trenink","tag-zdravi-a-trenink","global-categories-cycling"],"yoast_head":"<!-- This site is optimized with the Yoast SEO Premium plugin v25.3 (Yoast SEO v25.9) - https:\/\/yoast.com\/wordpress\/plugins\/seo\/ -->\n<title>Ve zdrav\u00ed tam a zase zp\u011bt. Tipy pro j\u00edzdu v bal\u00edku (pelotonu) | \u0160koda We Love Cycling - \u010cesk\u00e1 republika<\/title>\n<meta name=\"description\" content=\"Nikdy p\u0159edt\u00edm jste nejeli v pelotonu , ale r\u00e1di byste to vyzkou\u0161eli, proto\u017ee kamar\u00e1di to zvl\u00e1daj\u00ed? Porad\u00edme p\u00e1r v\u011bc\u00ed, kter\u00e9 byste m\u011bli v\u011bd\u011bt.\" \/>\n<meta name=\"robots\" content=\"index, follow, max-snippet:-1, max-image-preview:large, max-video-preview:-1\" \/>\n<link rel=\"canonical\" href=\"https:\/\/www.welovecycling.com\/cs\/2021\/07\/22\/ve-zdravi-tam-a-zase-zpet-tipy-pro-jizdu-v-baliku-pelotonu\/\" \/>\n<meta property=\"og:locale\" content=\"cs_CZ\" \/>\n<meta property=\"og:type\" content=\"article\" \/>\n<meta property=\"og:title\" content=\"Ve zdrav\u00ed tam a zase zp\u011bt. Tipy pro j\u00edzdu v bal\u00edku (pelotonu)\" \/>\n<meta property=\"og:description\" content=\"Nikdy p\u0159edt\u00edm jste nejeli v pelotonu , ale r\u00e1di byste to vyzkou\u0161eli, proto\u017ee kamar\u00e1di to zvl\u00e1daj\u00ed? Porad\u00edme p\u00e1r v\u011bc\u00ed, kter\u00e9 byste m\u011bli v\u011bd\u011bt.\" \/>\n<meta property=\"og:url\" content=\"https:\/\/www.welovecycling.com\/cs\/2021\/07\/22\/ve-zdravi-tam-a-zase-zpet-tipy-pro-jizdu-v-baliku-pelotonu\/\" \/>\n<meta property=\"og:site_name\" content=\"\u0160koda We Love Cycling - \u010cesk\u00e1 republika\" \/>\n<meta property=\"article:published_time\" content=\"2021-07-22T05:00:40+00:00\" \/>\n<meta property=\"og:image\" content=\"https:\/\/d2p6e6u75xmxt8.cloudfront.net\/13\/2021\/07\/balik-20210628TDF1053-A.S.O._Pauline_Ballet.webp\" \/>\n\t<meta property=\"og:image:width\" content=\"1500\" \/>\n\t<meta property=\"og:image:height\" content=\"1000\" \/>\n\t<meta property=\"og:image:type\" content=\"image\/webp\" \/>\n<meta name=\"author\" content=\"radekmalina\" \/>\n<meta name=\"twitter:card\" content=\"summary_large_image\" \/>\n<meta name=\"twitter:label1\" content=\"Written by\" \/>\n\t<meta name=\"twitter:data1\" content=\"We Love Cycling\" \/>\n\t<meta name=\"twitter:label2\" content=\"Est. reading time\" \/>\n\t<meta name=\"twitter:data2\" content=\"5\" \/>\n<script type=\"application\/ld+json\" class=\"yoast-schema-graph\">{\"@context\":\"https:\/\/schema.org\",\"@graph\":[{\"@type\":\"WebPage\",\"@id\":\"https:\/\/www.welovecycling.com\/cs\/2021\/07\/22\/ve-zdravi-tam-a-zase-zpet-tipy-pro-jizdu-v-baliku-pelotonu\/\",\"url\":\"https:\/\/www.welovecycling.com\/cs\/2021\/07\/22\/ve-zdravi-tam-a-zase-zpet-tipy-pro-jizdu-v-baliku-pelotonu\/\",\"name\":\"Ve zdrav\u00ed tam a zase zp\u011bt. Tipy pro j\u00edzdu v bal\u00edku (pelotonu) | \u0160koda We Love Cycling - \u010cesk\u00e1 republika\",\"isPartOf\":{\"@id\":\"https:\/\/www.welovecycling.com\/cs\/#website\"},\"primaryImageOfPage\":{\"@id\":\"https:\/\/www.welovecycling.com\/cs\/2021\/07\/22\/ve-zdravi-tam-a-zase-zpet-tipy-pro-jizdu-v-baliku-pelotonu\/#primaryimage\"},\"image\":{\"@id\":\"https:\/\/www.welovecycling.com\/cs\/2021\/07\/22\/ve-zdravi-tam-a-zase-zpet-tipy-pro-jizdu-v-baliku-pelotonu\/#primaryimage\"},\"thumbnailUrl\":\"https:\/\/d2p6e6u75xmxt8.cloudfront.net\/13\/2021\/07\/balik-20210628TDF1053-A.S.O._Pauline_Ballet.webp\",\"datePublished\":\"2021-07-22T05:00:40+00:00\",\"author\":{\"@id\":\"https:\/\/www.welovecycling.com\/cs\/#\/schema\/person\/d9eeb0a378f3a7e4a6d12d2b536b04b8\"},\"description\":\"Nikdy p\u0159edt\u00edm jste nejeli v pelotonu , ale r\u00e1di byste to vyzkou\u0161eli, proto\u017ee kamar\u00e1di to zvl\u00e1daj\u00ed? Porad\u00edme p\u00e1r v\u011bc\u00ed, kter\u00e9 byste m\u011bli v\u011bd\u011bt.\",\"inLanguage\":\"cs\",\"potentialAction\":[{\"@type\":\"ReadAction\",\"target\":[\"https:\/\/www.welovecycling.com\/cs\/2021\/07\/22\/ve-zdravi-tam-a-zase-zpet-tipy-pro-jizdu-v-baliku-pelotonu\/\"]}]},{\"@type\":\"ImageObject\",\"inLanguage\":\"cs\",\"@id\":\"https:\/\/www.welovecycling.com\/cs\/2021\/07\/22\/ve-zdravi-tam-a-zase-zpet-tipy-pro-jizdu-v-baliku-pelotonu\/#primaryimage\",\"url\":\"https:\/\/d2p6e6u75xmxt8.cloudfront.net\/13\/2021\/07\/balik-20210628TDF1053-A.S.O._Pauline_Ballet.webp\",\"contentUrl\":\"https:\/\/d2p6e6u75xmxt8.cloudfront.net\/13\/2021\/07\/balik-20210628TDF1053-A.S.O._Pauline_Ballet.webp\",\"width\":1500,\"height\":1000},{\"@type\":\"WebSite\",\"@id\":\"https:\/\/www.welovecycling.com\/cs\/#website\",\"url\":\"https:\/\/www.welovecycling.com\/cs\/\",\"name\":\"\u0160koda We Love Cycling - \u010cesk\u00e1 republika\",\"description\":\"WeLoveCycling.cz je online magaz\u00edn, kter\u00fd v\u00e1m pravideln\u011b p\u0159in\u00e1\u0161\u00ed rady a tipy, zaj\u00edmav\u00e9 \u010dl\u00e1nky, videa a jedine\u010dn\u00e9 report\u00e1\u017ee ze sv\u011bta cyklistiky.\",\"potentialAction\":[{\"@type\":\"SearchAction\",\"target\":{\"@type\":\"EntryPoint\",\"urlTemplate\":\"https:\/\/www.welovecycling.com\/cs\/?s={search_term_string}\"},\"query-input\":{\"@type\":\"PropertyValueSpecification\",\"valueRequired\":true,\"valueName\":\"search_term_string\"}}],\"inLanguage\":\"cs\"},{\"@type\":\"Person\",\"@id\":\"https:\/\/www.welovecycling.com\/cs\/#\/schema\/person\/d9eeb0a378f3a7e4a6d12d2b536b04b8\",\"name\":\"radekmalina\",\"image\":{\"@type\":\"ImageObject\",\"inLanguage\":\"cs\",\"@id\":\"https:\/\/www.welovecycling.com\/cs\/#\/schema\/person\/image\/\",\"url\":\"https:\/\/secure.gravatar.com\/avatar\/66994b632cb8c39a46b9f54afa3ae07201b678d32a54275b6f1c9ffec356bfc0?s=96&d=mm&r=g\",\"contentUrl\":\"https:\/\/secure.gravatar.com\/avatar\/66994b632cb8c39a46b9f54afa3ae07201b678d32a54275b6f1c9ffec356bfc0?s=96&d=mm&r=g\",\"caption\":\"radekmalina\"},\"url\":\"https:\/\/www.welovecycling.com\/cs\/author\/radekmalina\/\"}]}<\/script>\n<!-- \/ Yoast SEO Premium plugin. -->","yoast_head_json":{"title":"Ve zdrav\u00ed tam a zase zp\u011bt. Tipy pro j\u00edzdu v bal\u00edku (pelotonu) | \u0160koda We Love Cycling - \u010cesk\u00e1 republika","description":"Nikdy p\u0159edt\u00edm jste nejeli v pelotonu , ale r\u00e1di byste to vyzkou\u0161eli, proto\u017ee kamar\u00e1di to zvl\u00e1daj\u00ed? Porad\u00edme p\u00e1r v\u011bc\u00ed, kter\u00e9 byste m\u011bli v\u011bd\u011bt.","robots":{"index":"index","follow":"follow","max-snippet":"max-snippet:-1","max-image-preview":"max-image-preview:large","max-video-preview":"max-video-preview:-1"},"canonical":"https:\/\/www.welovecycling.com\/cs\/2021\/07\/22\/ve-zdravi-tam-a-zase-zpet-tipy-pro-jizdu-v-baliku-pelotonu\/","og_locale":"cs_CZ","og_type":"article","og_title":"Ve zdrav\u00ed tam a zase zp\u011bt. Tipy pro j\u00edzdu v bal\u00edku (pelotonu)","og_description":"Nikdy p\u0159edt\u00edm jste nejeli v pelotonu , ale r\u00e1di byste to vyzkou\u0161eli, proto\u017ee kamar\u00e1di to zvl\u00e1daj\u00ed? Porad\u00edme p\u00e1r v\u011bc\u00ed, kter\u00e9 byste m\u011bli v\u011bd\u011bt.","og_url":"https:\/\/www.welovecycling.com\/cs\/2021\/07\/22\/ve-zdravi-tam-a-zase-zpet-tipy-pro-jizdu-v-baliku-pelotonu\/","og_site_name":"\u0160koda We Love Cycling - \u010cesk\u00e1 republika","article_published_time":"2021-07-22T05:00:40+00:00","og_image":[{"width":1500,"height":1000,"url":"https:\/\/d2p6e6u75xmxt8.cloudfront.net\/13\/2021\/07\/balik-20210628TDF1053-A.S.O._Pauline_Ballet.webp","type":"image\/webp"}],"author":"radekmalina","twitter_card":"summary_large_image","twitter_misc":{"Written by":"We Love Cycling","Est. reading time":"5"},"schema":{"@context":"https:\/\/schema.org","@graph":[{"@type":"WebPage","@id":"https:\/\/www.welovecycling.com\/cs\/2021\/07\/22\/ve-zdravi-tam-a-zase-zpet-tipy-pro-jizdu-v-baliku-pelotonu\/","url":"https:\/\/www.welovecycling.com\/cs\/2021\/07\/22\/ve-zdravi-tam-a-zase-zpet-tipy-pro-jizdu-v-baliku-pelotonu\/","name":"Ve zdrav\u00ed tam a zase zp\u011bt. Tipy pro j\u00edzdu v bal\u00edku (pelotonu) | \u0160koda We Love Cycling - \u010cesk\u00e1 republika","isPartOf":{"@id":"https:\/\/www.welovecycling.com\/cs\/#website"},"primaryImageOfPage":{"@id":"https:\/\/www.welovecycling.com\/cs\/2021\/07\/22\/ve-zdravi-tam-a-zase-zpet-tipy-pro-jizdu-v-baliku-pelotonu\/#primaryimage"},"image":{"@id":"https:\/\/www.welovecycling.com\/cs\/2021\/07\/22\/ve-zdravi-tam-a-zase-zpet-tipy-pro-jizdu-v-baliku-pelotonu\/#primaryimage"},"thumbnailUrl":"https:\/\/d2p6e6u75xmxt8.cloudfront.net\/13\/2021\/07\/balik-20210628TDF1053-A.S.O._Pauline_Ballet.webp","datePublished":"2021-07-22T05:00:40+00:00","author":{"@id":"https:\/\/www.welovecycling.com\/cs\/#\/schema\/person\/d9eeb0a378f3a7e4a6d12d2b536b04b8"},"description":"Nikdy p\u0159edt\u00edm jste nejeli v pelotonu , ale r\u00e1di byste to vyzkou\u0161eli, proto\u017ee kamar\u00e1di to zvl\u00e1daj\u00ed? Porad\u00edme p\u00e1r v\u011bc\u00ed, kter\u00e9 byste m\u011bli v\u011bd\u011bt.","inLanguage":"cs","potentialAction":[{"@type":"ReadAction","target":["https:\/\/www.welovecycling.com\/cs\/2021\/07\/22\/ve-zdravi-tam-a-zase-zpet-tipy-pro-jizdu-v-baliku-pelotonu\/"]}]},{"@type":"ImageObject","inLanguage":"cs","@id":"https:\/\/www.welovecycling.com\/cs\/2021\/07\/22\/ve-zdravi-tam-a-zase-zpet-tipy-pro-jizdu-v-baliku-pelotonu\/#primaryimage","url":"https:\/\/d2p6e6u75xmxt8.cloudfront.net\/13\/2021\/07\/balik-20210628TDF1053-A.S.O._Pauline_Ballet.webp","contentUrl":"https:\/\/d2p6e6u75xmxt8.cloudfront.net\/13\/2021\/07\/balik-20210628TDF1053-A.S.O._Pauline_Ballet.webp","width":1500,"height":1000},{"@type":"WebSite","@id":"https:\/\/www.welovecycling.com\/cs\/#website","url":"https:\/\/www.welovecycling.com\/cs\/","name":"\u0160koda We Love Cycling - \u010cesk\u00e1 republika","description":"WeLoveCycling.cz je online magaz\u00edn, kter\u00fd v\u00e1m pravideln\u011b p\u0159in\u00e1\u0161\u00ed rady a tipy, zaj\u00edmav\u00e9 \u010dl\u00e1nky, videa a jedine\u010dn\u00e9 report\u00e1\u017ee ze sv\u011bta cyklistiky.","potentialAction":[{"@type":"SearchAction","target":{"@type":"EntryPoint","urlTemplate":"https:\/\/www.welovecycling.com\/cs\/?s={search_term_string}"},"query-input":{"@type":"PropertyValueSpecification","valueRequired":true,"valueName":"search_term_string"}}],"inLanguage":"cs"},{"@type":"Person","@id":"https:\/\/www.welovecycling.com\/cs\/#\/schema\/person\/d9eeb0a378f3a7e4a6d12d2b536b04b8","name":"radekmalina","image":{"@type":"ImageObject","inLanguage":"cs","@id":"https:\/\/www.welovecycling.com\/cs\/#\/schema\/person\/image\/","url":"https:\/\/secure.gravatar.com\/avatar\/66994b632cb8c39a46b9f54afa3ae07201b678d32a54275b6f1c9ffec356bfc0?s=96&d=mm&r=g","contentUrl":"https:\/\/secure.gravatar.com\/avatar\/66994b632cb8c39a46b9f54afa3ae07201b678d32a54275b6f1c9ffec356bfc0?s=96&d=mm&r=g","caption":"radekmalina"},"url":"https:\/\/www.welovecycling.com\/cs\/author\/radekmalina\/"}]}},"_links":{"self":[{"href":"https:\/\/www.welovecycling.com\/cs\/wp-json\/wp\/v2\/posts\/13288","targetHints":{"allow":["GET"]}}],"collection":[{"href":"https:\/\/www.welovecycling.com\/cs\/wp-json\/wp\/v2\/posts"}],"about":[{"href":"https:\/\/www.welovecycling.com\/cs\/wp-json\/wp\/v2\/types\/post"}],"author":[{"embeddable":true,"href":"https:\/\/www.welovecycling.com\/cs\/wp-json\/wp\/v2\/users\/138"}],"replies":[{"embeddable":true,"href":"https:\/\/www.welovecycling.com\/cs\/wp-json\/wp\/v2\/comments?post=13288"}],"version-history":[{"count":2,"href":"https:\/\/www.welovecycling.com\/cs\/wp-json\/wp\/v2\/posts\/13288\/revisions"}],"predecessor-version":[{"id":13656,"href":"https:\/\/www.welovecycling.com\/cs\/wp-json\/wp\/v2\/posts\/13288\/revisions\/13656"}],"wp:featuredmedia":[{"embeddable":true,"href":"https:\/\/www.welovecycling.com\/cs\/wp-json\/wp\/v2\/media\/13653"}],"wp:attachment":[{"href":"https:\/\/www.welovecycling.com\/cs\/wp-json\/wp\/v2\/media?parent=13288"}],"wp:term":[{"taxonomy":"category","embeddable":true,"href":"https:\/\/www.welovecycling.com\/cs\/wp-json\/wp\/v2\/categories?post=13288"},{"taxonomy":"post_tag","embeddable":true,"href":"https:\/\/www.welovecycling.com\/cs\/wp-json\/wp\/v2\/tags?post=13288"},{"taxonomy":"global-categories","embeddable":true,"href":"https:\/\/www.welovecycling.com\/cs\/wp-json\/wp\/v2\/global-categories?post=13288"}],"curies":[{"name":"wp","href":"https:\/\/api.w.org\/{rel}","templated":true}]}}