{"id":13286,"date":"2021-06-18T18:00:38","date_gmt":"2021-06-18T16:00:38","guid":{"rendered":"https:\/\/www.welovecycling.com\/cs\/?p=13286"},"modified":"2021-06-20T17:51:48","modified_gmt":"2021-06-20T15:51:48","slug":"kolo-neni-skripec-zakladni-nastaveni-posedu","status":"publish","type":"post","link":"https:\/\/www.welovecycling.com\/cs\/2021\/06\/18\/kolo-neni-skripec-zakladni-nastaveni-posedu\/","title":{"rendered":"Kolo nen\u00ed sk\u0159ipec: z\u00e1kladn\u00ed nastaven\u00ed posedu"},"content":{"rendered":"<p><strong>Abychom si cyklistiku dokonale u\u017eili, je zapot\u0159eb\u00ed upravit vz\u00e1jemnou pozici sedla, ped\u00e1l\u016f a \u0159\u00edd\u00edtek tak, aby umo\u017e\u0148ovala efektivn\u00ed \u0161lap\u00e1n\u00ed, nep\u0159et\u011b\u017eovala \u017e\u00e1dnou \u010d\u00e1st pohybov\u00e9ho apar\u00e1tu a byla maxim\u00e1ln\u011b komfortn\u00ed. Porad\u00edme, jak toho dos\u00e1hnout sv\u00e9pomoc\u00ed.<\/strong><\/p>\n<p>Nejjist\u011bj\u0161\u00edm \u0159e\u0161en\u00edm by samoz\u0159ejm\u011b bylo sv\u011b\u0159it nastaven\u00ed kola pro\u0161kolen\u00fdm odborn\u00edk\u016fm, kte\u0159\u00ed na z\u00e1klad\u011b individu\u00e1ln\u00edho vy\u0161et\u0159en\u00ed jezdce a v souladu s jeho sportovn\u00edmi ambicemi vylad\u00ed pozici na milimetry p\u0159esn\u011b. V z\u00e1vislosti na pou\u017eit\u00e9 metodice se mohou v\u00fdsledky trochu li\u0161it, posed by ale nem\u011bl b\u00fdt vylo\u017een\u011b chybn\u00fd. Tyto v\u011bt\u0161inou nikterak levn\u00e9 slu\u017eby vyu\u017e\u00edvaj\u00ed v\u00fdkonnostn\u00ed sportovci a ti, kte\u0159\u00ed se sna\u017e\u00ed vy\u0159e\u0161it konkr\u00e9tn\u00ed zdravotn\u00ed probl\u00e9m nebo pot\u00ed\u017e\u00edm p\u0159edej\u00edt. Pokud byste cht\u011bli vyzkou\u0161et slu\u017eby n\u011bkter\u00e9ho studia, zadejte do vyhledava\u010de term\u00edn bike fitting.<\/p>\n<p>Pro n\u00e1pravu nej\u010dast\u011bj\u0161\u00edch a nejv\u00fdrazn\u011bj\u0161\u00edch proh\u0159e\u0161k\u016f zhusta v\u00eddan\u00fdch na cyklostezk\u00e1ch v\u0161ak posta\u010d\u00ed aplikovat p\u00e1r z\u00e1kladn\u00edch pravidel. Profesion\u00e1ln\u00ed fitte\u0159i by mo\u017en\u00e1 s n\u011bkter\u00fdmi polemizovali, jde v\u0161ak o doporu\u010den\u00ed prov\u011b\u0159en\u00e1 generacemi cyklist\u016f. Berte je jako obecn\u00e9 v\u00fdchoz\u00ed nastaven\u00ed kola, od n\u011bho\u017e se lze o p\u00e1r milimetr\u016f individu\u00e1ln\u011b odch\u00fdlit na z\u00e1klad\u011b pocit\u016f. A teprve v p\u0159\u00edpad\u011b, kdy se nepoda\u0159\u00ed nal\u00e9zt optimum, konzultovat probl\u00e9m s odborn\u00edky.<\/p>\n<div class=\"shortcode-ys-post-pinup\"><article class=\"loop-simple post-13273 post type-post status-publish format-standard has-post-thumbnail hentry category-zeny tag-cyklistika tag-horska-cyklistika tag-silnicni-cyklistika tag-trenink tag-treninkovy-plan tag-treninkovy-plan-pro-zeny tag-vojtech-hacecky tag-zdravi-a-trenink tag-zeny global-categories-cycling\" data-postid=\"13273\" role=\"article\" data-post-id=\"13273\" data-word-count=\"458\" data-headline-length=\"63\" data-category=\"\u017deny\" data-global-category=\"Cycling\" data-author=\"Vojt\u011bch Ha\u010deck\u00fd\" data-published=\"2021-06-16T17:04:23+02:00\" data-published-day=\"Wednesday\">\n    <div class=\"entry-thumbnail article-thumbnail\" content=\"https:\/\/d2p6e6u75xmxt8.cloudfront.net\/13\/2021\/02\/zeny-kostky-trenink-michal-cerveny-150x150.webp\"><a href=\"https:\/\/www.welovecycling.com\/cs\/2021\/06\/16\/renesance-v-sedle-misto-nudy-treninkovy-plan-pro-zeny-ii\/\" class=\"image-holder\" target=\"_self\"><img decoding=\"async\" loading=\"lazy\" class=\"\" src=\"https:\/\/d2p6e6u75xmxt8.cloudfront.net\/13\/2021\/02\/zeny-kostky-trenink-michal-cerveny-1024x683.webp\" srcset=\"https:\/\/d2p6e6u75xmxt8.cloudfront.net\/13\/2021\/02\/zeny-kostky-trenink-michal-cerveny.webp 1600w, https:\/\/d2p6e6u75xmxt8.cloudfront.net\/13\/2021\/02\/zeny-kostky-trenink-michal-cerveny-300x200.webp 300w, https:\/\/d2p6e6u75xmxt8.cloudfront.net\/13\/2021\/02\/zeny-kostky-trenink-michal-cerveny-1024x683.webp 1024w, https:\/\/d2p6e6u75xmxt8.cloudfront.net\/13\/2021\/02\/zeny-kostky-trenink-michal-cerveny-768x512.webp 768w, https:\/\/d2p6e6u75xmxt8.cloudfront.net\/13\/2021\/02\/zeny-kostky-trenink-michal-cerveny-1536x1024.webp 1536w, https:\/\/d2p6e6u75xmxt8.cloudfront.net\/13\/2021\/02\/zeny-kostky-trenink-michal-cerveny-272x182.webp 272w\" width=\"1024\" height=\"683\" sizes=\"auto, (min-width: 1200px) 300px, (min-width: 768px) 25vw, 100vw\" alt=\"renesance-v-sedle-misto-nudy-treninkovy-plan-pro-zeny-ii\"\/><\/a><\/div>    <div class=\"entry-meta\">\n        <a class=\"label label-secondary post-category\" href=\"https:\/\/www.welovecycling.com\/cs\/category\/zeny\/\" title=\"\u017deny\">\u017deny<\/a>\n    <\/div>\n    <div class=\"entry-details\">\n        <a href=\"https:\/\/www.welovecycling.com\/cs\/2021\/06\/16\/renesance-v-sedle-misto-nudy-treninkovy-plan-pro-zeny-ii\/\" class='entry-title-wrapper'>\n            <h3 class=\"entry-title\"><span>Renesance v sedle m\u00edsto nudy! Tr\u00e9ninkov\u00fd pl\u00e1n pro \u017eeny II.<\/span><\/h3>\n        <\/a>\n    <\/div>\n    <\/article>\n<\/div>\n<p>P\u0159edpokladem \u00fasp\u011b\u0161n\u00e9ho procesu nastaven\u00ed je ale v\u017edy spr\u00e1vn\u011b zvolen\u00e1 velikost kola a vhodn\u00e9 rozm\u011bry komponent\u016f. Naraz\u00edte-li na limit pr\u00e1v\u011b zde, m\u00e1te na v\u00fdb\u011br mezi kompromisn\u00edm nastaven\u00edm posedu nebo n\u00e1kupem nov\u00fdch d\u00edl\u016f (sedlovka, p\u0159edstavec apod.), p\u0159\u00edpadn\u011b po\u0159\u00edzen\u00edm cel\u00e9ho kola. Je-li v\u00e1m r\u00e1m kola vylo\u017een\u011b mal\u00fd \u010di velk\u00fd, pohodln\u011b se na n\u011bm nikdy c\u00edtit nebudete.<\/p>\n<h2><strong>Pozice sedla<\/strong><\/h2>\n<p>Poloha sedla je p\u0159i nastavov\u00e1n\u00ed posedu nejd\u016fle\u017eit\u011bj\u0161\u00ed. Podstatn\u00e1 je v\u00fd\u0161ka sedla i jeho p\u0159edozadn\u00ed pozice v\u016f\u010di ose \u0161lap\u00e1n\u00ed, p\u0159i\u010dem\u017e ob\u011b tyto hodnoty se v\u00fdrazn\u011b ovliv\u0148uj\u00ed. Profesion\u00e1ln\u00ed bike fitting m\u011b\u0159\u00ed \u00fahel mezi ky\u010dl\u00ed, kolenem a kotn\u00edkem v r\u016fzn\u00fdch f\u00e1z\u00edch ot\u00e1\u010dky. V dom\u00e1c\u00edch podm\u00ednk\u00e1ch si mus\u00edme poradit jinak.<\/p>\n<p>Z\u00e1kladn\u00ed radou je, \u017ee koleno nesm\u00ed b\u00fdt nikdy zcela propnut\u00e9, ale v\u017edy m\u00edrn\u011b pokr\u010den\u00e9. Letit\u00e1 pou\u010dka prav\u00ed, \u017ee sedlo by m\u011blo b\u00fdt nastaveno tak, aby jezdec dok\u00e1zal pohodln\u011b \u0161lapat patami, ani\u017e by se na sedle nakl\u00e1n\u011bl v boc\u00edch. Jin\u00fdmi slovy, polo\u017e\u00edte-li patu na ped\u00e1l ve spodn\u00ed \u00favrati, mus\u00ed b\u00fdt doln\u00ed kon\u010detina uvoln\u011bn\u011b propnut\u00e1. Pokud pak um\u00edst\u00edte chodidlo na ped\u00e1l spr\u00e1vn\u011b (osa ped\u00e1lu proch\u00e1z\u00ed pod p\u0159edn\u00ed \u010d\u00e1st\u00ed chodidla), bude koleno m\u00edrn\u011b pokr\u010den\u00e9, co\u017e je optim\u00e1ln\u00ed z hlediska zdravotn\u00edho i pro efektivitu \u0161lap\u00e1n\u00ed.<\/p>\n<figure id=\"attachment_11168\" aria-describedby=\"caption-attachment-11168\" style=\"width: 1067px\" class=\"wp-caption alignnone\"><a href=\"https:\/\/d2p6e6u75xmxt8.cloudfront.net\/13\/2020\/12\/sedlovka-2.jpg\"><img loading=\"lazy\" decoding=\"async\" class=\"size-full wp-image-11168\" src=\"https:\/\/d2p6e6u75xmxt8.cloudfront.net\/13\/2020\/12\/sedlovka-2.jpg\" alt=\"Teleskopick\u00e1 sedlovka v detailn\u00edm z\u00e1b\u011bru... Foto: Michal \u010cerven\u00fd\" width=\"1067\" height=\"1600\" \/><\/a><figcaption id=\"caption-attachment-11168\" class=\"wp-caption-text\"><em>Nastaven\u00ed sedla je pro spr\u00e1vnou efektivitu \u0161lap\u00e1n\u00ed a komfort kl\u00ed\u010dov\u00fd&#8230; Foto: Michal \u010cerven\u00fd<\/em><\/figcaption><\/figure>\n<p>M\u00e1te-li sedlo nastaven\u00e9 do spr\u00e1vn\u00e9 v\u00fd\u0161ky, je pot\u0159eba je\u0161t\u011b p\u0159ekontrolovat jeho p\u0159edozadn\u00ed pozici. Posa\u010fte se na kolo, nastavte kliky s ped\u00e1ly vodorovn\u011b a z \u010d\u00e9\u0161ky kolene p\u0159edn\u00ed nohy spus\u0165te olovnici. Za neutr\u00e1ln\u00ed pozici m\u016f\u017eeme pova\u017eovat stav, kdy svislice spu\u0161t\u011bn\u00e1 z kolene proch\u00e1z\u00ed osou ped\u00e1lu.<\/p>\n<p>Pokud je sedlo o p\u00e1r milimetr\u016f v\u00edce vp\u0159edu nebo vzadu a c\u00edt\u00edte se komfortn\u011b, nejde o z\u00e1sadn\u00ed chybu. Nem\u011bli byste v\u0161ak \u0161lapat viditeln\u011b \u201ep\u0159ed sebe\u201c nebo \u201eza sebe\u201c. Po v\u00fdrazn\u011bj\u0161\u00ed \u00faprav\u011b horizont\u00e1ln\u00ed pozice sedla zkontrolujte je\u0161t\u011b jednou jeho v\u00fd\u0161ku. Pokud jste sedlo posouvali v\u00fdrazn\u011b dop\u0159edu, bude pravd\u011bpodobn\u011b nutn\u00e9 jej trochu zvednout a naopak.<\/p>\n<h2><strong>Poloha \u00fachopu<\/strong><\/h2>\n<p>Zat\u00edmco pozice sedla v\u016f\u010di ped\u00e1l\u016fm je kl\u00ed\u010dov\u00e1 pro v\u00fdkon, poloha \u0159\u00edd\u00edtek m\u00e1 vliv p\u0159edev\u0161\u00edm na komfort. Profesion\u00e1ln\u00ed bike fitte\u0159i se sice zab\u00fdvaj\u00ed sklonem p\u00e1nve a bedern\u00ed p\u00e1te\u0159e pom\u011brn\u011b detailn\u011b, proto\u017ee i nastaven\u00ed t\u00e9to \u010d\u00e1sti t\u011bla ovliv\u0148uje \u0161lap\u00e1n\u00ed, pro pot\u0159eby hobby jezdce v\u0161ak sta\u010d\u00ed v\u011bd\u011bt, \u017ee trup by nem\u011bl b\u00fdt zcela vzp\u0159\u00edmen\u00fd \u2013 takov\u00e9 nastaven\u00ed nep\u0159isp\u00edv\u00e1 efektivit\u011b \u0161lap\u00e1n\u00ed a soust\u0159ed\u00ed celou hmotnost t\u011bla na p\u00e1te\u0159 sedac\u00ed partie.<\/p>\n<p>Ur\u010dit\u00fd p\u0159edklon trupu je proto \u017e\u00e1douc\u00ed. U\u017e d\u00e1vno v\u0161ak neplat\u00ed, \u017ee neutr\u00e1ln\u00ed pozice znamen\u00e1 sklon trupu okolo 45 stup\u0148\u016f, p\u0159i\u010dem\u017e z\u00e1vodn\u00edci mus\u00ed m\u00edt m\u00e9n\u011b a turist\u00e9 v\u00edce. V dom\u00e1c\u00edm prost\u0159ed\u00ed obecn\u011b ned\u00e1v\u00e1 m\u011b\u0159en\u00ed \u00fahl\u016f velk\u00fd smysl, lep\u0161\u00ed je spolehnout se na pocit.<\/p>\n<figure id=\"attachment_11641\" aria-describedby=\"caption-attachment-11641\" style=\"width: 1600px\" class=\"wp-caption alignnone\"><a href=\"https:\/\/d2p6e6u75xmxt8.cloudfront.net\/13\/2021\/02\/intervalovy-trenink-unava.jpg\"><img loading=\"lazy\" decoding=\"async\" class=\"size-full wp-image-11641\" src=\"https:\/\/d2p6e6u75xmxt8.cloudfront.net\/13\/2021\/02\/intervalovy-trenink-unava.jpg\" alt=\"Intervalov\u00fd tr\u00e9nink si \u017e\u00e1d\u00e1 obrovsk\u00e9 \u00fasil\u00ed. Foto: Michal \u010cerven\u00fd\" width=\"1600\" height=\"1067\" \/><\/a><figcaption id=\"caption-attachment-11641\" class=\"wp-caption-text\"><em>P\u0159edklon trupu je p\u0159i ide\u00e1ln\u00edm nastaven\u00ed kola \u017e\u00e1douc\u00ed. Foto: Michal \u010cerven\u00fd<\/em><\/figcaption><\/figure>\n<p>Optim\u00e1ln\u011b nastaven\u00e1 \u0159\u00edd\u00edtka by m\u011bla umo\u017e\u0148ovat dlouhodob\u00e9 udr\u017een\u00ed spr\u00e1vn\u00e9 pozice t\u011bla. To znamen\u00e1 p\u0159irozenou, v bedern\u00ed \u010d\u00e1sti \u201enevyhrbenou\u201c (ale ani ne v\u00fdrazn\u011b prohnutou) polohu zad, hlavu v prodlou\u017een\u00ed trupu, uvoln\u011bn\u00e1 ramena a v loktech m\u00edrn\u011b pokr\u010den\u00e9 pa\u017ee.<\/p>\n<p>\u0158\u00edd\u00edtka um\u00edst\u011bn\u00e1 p\u0159\u00edli\u0161 n\u00edzko nebo daleko nap\u0159\u00edklad nedovoluj\u00ed pohodln\u011b dos\u00e1hnout na gripy, nut\u00ed k j\u00edzd\u011b s propnut\u00fdmi lokty, zaklon\u011bnou hlavou, posouv\u00e1n\u00ed se na \u0161pi\u010dku sedla a dal\u0161\u00edm ne\u0161var\u016fm. V\u00fdsledkem b\u00fdv\u00e1 pocit nepohodl\u00ed, zhor\u0161en\u00e9 ovl\u00e1d\u00e1n\u00ed kola, ale i bolesti zad nebo kr\u010dn\u00ed p\u00e1te\u0159e. Ale ani \u0159\u00edd\u00edtka polo\u017een\u00e1 extr\u00e9mn\u011b bl\u00edzko a vysoko neprosp\u00edvaj\u00ed man\u00e9vrov\u00e1n\u00ed a dobr\u00e9mu pocitu z j\u00edzdy.<\/p>\n<h2><strong>Trend n\u00edzk\u00fdch a dlouh\u00fdch posed\u016f ustoupil<\/strong><\/h2>\n<p>Pokud bychom v\u0161ak m\u011bli zobec\u0148ovat, d\u00e1 se \u0159\u00edci, \u017ee vzhledem k z\u00e1lib\u011b \u010cech\u016f ve sportovn\u00edch kolech v\u00fdrazn\u011b p\u0159evl\u00e1d\u00e1 prvn\u00ed probl\u00e9m \u2013 lid\u00e9 \u010dasto jezd\u00ed v m\u00e9n\u011b pohodln\u00e9 pozici, ne\u017e by mohli.<\/p>\n<p>Trend nesmysln\u011b n\u00edzk\u00fdch a dlouh\u00fdch posed\u016f v\u00fdrazn\u011bji ustoupil a\u017e v uplynul\u00e9 dek\u00e1d\u011b, kdy v\u00fdrobci i u sportovn\u00edch kol za\u010dali p\u0159ich\u00e1zet s krat\u0161\u00edmi a komfortn\u011bj\u0161\u00edmi geometriemi. Pokud se v\u0161ak ani na nov\u00e9m kole nec\u00edt\u00edte dob\u0159e, nen\u00ed ostuda vym\u011bnit p\u0159edstavec za krat\u0161\u00ed a strm\u011bj\u0161\u00ed. Ka\u017ed\u00fd centimetr bude v\u00fdrazn\u011b zn\u00e1t.<\/p>\n<div class=\"shortcode-ys-post-pinup\"><article class=\"loop-simple post-11399 post type-post status-publish format-standard has-post-thumbnail hentry category-zdravi-a-trenink tag-bikefiting tag-cena-bikefitingu tag-cyklistika tag-horska-cyklistika tag-silnicni-cyklistika tag-zdravi-a-trenink global-categories-cycling\" data-postid=\"11399\" role=\"article\" data-post-id=\"11399\" data-word-count=\"532\" data-headline-length=\"43\" data-category=\"Zdrav\u00ed a tr\u00e9nink\" data-global-category=\"Cycling\" data-author=\"Kry\u0161tof Kopic\" data-published=\"2021-01-23T07:00:38+02:00\" data-published-day=\"Saturday\">\n    <div class=\"entry-thumbnail article-thumbnail\" content=\"https:\/\/d2p6e6u75xmxt8.cloudfront.net\/13\/2021\/01\/bikefiting-michal-cerveny-2-150x150.webp\"><a href=\"https:\/\/www.welovecycling.com\/cs\/2021\/01\/23\/bikefiting-do-sezony-s-posedem-od-profika\/\" class=\"image-holder\" target=\"_self\"><img decoding=\"async\" loading=\"lazy\" class=\"\" src=\"https:\/\/d2p6e6u75xmxt8.cloudfront.net\/13\/2021\/01\/bikefiting-michal-cerveny-2-1024x683.webp\" srcset=\"https:\/\/d2p6e6u75xmxt8.cloudfront.net\/13\/2021\/01\/bikefiting-michal-cerveny-2.webp 1600w, https:\/\/d2p6e6u75xmxt8.cloudfront.net\/13\/2021\/01\/bikefiting-michal-cerveny-2-300x200.webp 300w, https:\/\/d2p6e6u75xmxt8.cloudfront.net\/13\/2021\/01\/bikefiting-michal-cerveny-2-1024x683.webp 1024w, https:\/\/d2p6e6u75xmxt8.cloudfront.net\/13\/2021\/01\/bikefiting-michal-cerveny-2-768x512.webp 768w, https:\/\/d2p6e6u75xmxt8.cloudfront.net\/13\/2021\/01\/bikefiting-michal-cerveny-2-1536x1024.webp 1536w, https:\/\/d2p6e6u75xmxt8.cloudfront.net\/13\/2021\/01\/bikefiting-michal-cerveny-2-272x182.webp 272w\" width=\"1024\" height=\"683\" sizes=\"auto, (min-width: 1200px) 300px, (min-width: 768px) 25vw, 100vw\" alt=\"bikefiting-do-sezony-s-posedem-od-profika\"\/><\/a><\/div>    <div class=\"entry-meta\">\n        <a class=\"label label-secondary post-category\" href=\"https:\/\/www.welovecycling.com\/cs\/category\/zdravi-a-trenink\/\" title=\"Zdrav\u00ed a tr\u00e9nink\">Zdrav\u00ed a tr\u00e9nink<\/a>\n    <\/div>\n    <div class=\"entry-details\">\n        <a href=\"https:\/\/www.welovecycling.com\/cs\/2021\/01\/23\/bikefiting-do-sezony-s-posedem-od-profika\/\" class='entry-title-wrapper'>\n            <h3 class=\"entry-title\"><span>Bikefiting! Do sezony s posedem od prof\u00edka<\/span><\/h3>\n        <\/a>\n    <\/div>\n    <\/article>\n<\/div>\n<p>P\u0159i jak\u00e9koli \u00faprav\u011b posedu v\u0161ak nezapome\u0148te na z\u00e1kladn\u00ed pravidlo \u2013 nedejte na prvn\u00ed dojem a nechte t\u011blo p\u0159ivyknout. Ka\u017ed\u00e1 zm\u011bna za\u017eit\u00e9ho nastaven\u00ed kola v prvn\u00edm okam\u017eiku p\u016fsob\u00ed nep\u0159irozen\u011b, by\u0165 je provedena spr\u00e1vn\u00fdm sm\u011brem. Po\u010dkejte alespo\u0148 jednu dv\u011b vyj\u00ed\u017e\u010fky, ne\u017e za\u010dnete nastaven\u00ed polohy sedla a \u0159\u00edd\u00edtek znovu upravovat.<\/p>\n","protected":false},"excerpt":{"rendered":"<p>Abychom si cyklistiku dokonale u\u017eili, je zapot\u0159eb\u00ed upravit vz\u00e1jemnou pozici sedla, ped\u00e1l\u016f a \u0159\u00edd\u00edtek tak, aby umo\u017e\u0148ovala efektivn\u00ed \u0161lap\u00e1n\u00ed, nep\u0159et\u011b\u017eovala [&hellip;]<\/p>\n","protected":false},"author":138,"featured_media":11406,"comment_status":"open","ping_status":"open","sticky":false,"template":"","format":"standard","meta":{"footnotes":""},"categories":[15],"tags":[1691,126,1701,56,1700,9,67],"global-categories":[411],"class_list":["post-13286","post","type-post","status-publish","format-standard","has-post-thumbnail","hentry","category-rady-tipy","tag-bikefitting","tag-cyklistika","tag-domaci-bikefitting","tag-horska-cyklistika","tag-nastaveni-kola","tag-silnicni-cyklistika","tag-zdravi-a-trenink","global-categories-cycling"],"yoast_head":"<!-- This site is optimized with the Yoast SEO Premium plugin v25.3 (Yoast SEO v25.9) - https:\/\/yoast.com\/wordpress\/plugins\/seo\/ -->\n<title>Kolo nen\u00ed sk\u0159ipec: z\u00e1kladn\u00ed nastaven\u00ed posedu | \u0160koda We Love Cycling - \u010cesk\u00e1 republika<\/title>\n<meta name=\"description\" content=\"Jak dos\u00e1hnout sv\u00e9pomoc\u00ed ide\u00e1ln\u00edho nastaven\u00ed kola, abychom si cyklistiku dokonale u\u017eili a \u0161lap\u00e1n\u00ed do ped\u00e1l\u016f bylo efektivn\u00ed?\" \/>\n<meta name=\"robots\" content=\"index, follow, max-snippet:-1, max-image-preview:large, max-video-preview:-1\" \/>\n<link rel=\"canonical\" href=\"https:\/\/www.welovecycling.com\/cs\/2021\/06\/18\/kolo-neni-skripec-zakladni-nastaveni-posedu\/\" \/>\n<meta property=\"og:locale\" content=\"cs_CZ\" \/>\n<meta property=\"og:type\" content=\"article\" \/>\n<meta property=\"og:title\" content=\"Kolo nen\u00ed sk\u0159ipec: z\u00e1kladn\u00ed nastaven\u00ed posedu\" \/>\n<meta property=\"og:description\" content=\"Jak dos\u00e1hnout sv\u00e9pomoc\u00ed ide\u00e1ln\u00edho nastaven\u00ed kola, abychom si cyklistiku dokonale u\u017eili a \u0161lap\u00e1n\u00ed do ped\u00e1l\u016f bylo efektivn\u00ed?\" \/>\n<meta property=\"og:url\" content=\"https:\/\/www.welovecycling.com\/cs\/2021\/06\/18\/kolo-neni-skripec-zakladni-nastaveni-posedu\/\" \/>\n<meta property=\"og:site_name\" content=\"\u0160koda We Love Cycling - \u010cesk\u00e1 republika\" \/>\n<meta property=\"article:published_time\" content=\"2021-06-18T16:00:38+00:00\" \/>\n<meta property=\"article:modified_time\" content=\"2021-06-20T15:51:48+00:00\" \/>\n<meta property=\"og:image\" content=\"https:\/\/d2p6e6u75xmxt8.cloudfront.net\/13\/2021\/01\/bikefiting-michal-cerveny-4.webp\" \/>\n\t<meta property=\"og:image:width\" content=\"1600\" \/>\n\t<meta property=\"og:image:height\" content=\"1067\" \/>\n\t<meta property=\"og:image:type\" content=\"image\/webp\" \/>\n<meta name=\"author\" content=\"radekmalina\" \/>\n<meta name=\"twitter:card\" content=\"summary_large_image\" \/>\n<meta name=\"twitter:label1\" content=\"Written by\" \/>\n\t<meta name=\"twitter:data1\" content=\"Kry\u0161tof Kopic\" \/>\n\t<meta name=\"twitter:label2\" content=\"Est. reading time\" \/>\n\t<meta name=\"twitter:data2\" content=\"5\" \/>\n<script type=\"application\/ld+json\" class=\"yoast-schema-graph\">{\"@context\":\"https:\/\/schema.org\",\"@graph\":[{\"@type\":\"WebPage\",\"@id\":\"https:\/\/www.welovecycling.com\/cs\/2021\/06\/18\/kolo-neni-skripec-zakladni-nastaveni-posedu\/\",\"url\":\"https:\/\/www.welovecycling.com\/cs\/2021\/06\/18\/kolo-neni-skripec-zakladni-nastaveni-posedu\/\",\"name\":\"Kolo nen\u00ed sk\u0159ipec: z\u00e1kladn\u00ed nastaven\u00ed posedu | \u0160koda We Love Cycling - \u010cesk\u00e1 republika\",\"isPartOf\":{\"@id\":\"https:\/\/www.welovecycling.com\/cs\/#website\"},\"primaryImageOfPage\":{\"@id\":\"https:\/\/www.welovecycling.com\/cs\/2021\/06\/18\/kolo-neni-skripec-zakladni-nastaveni-posedu\/#primaryimage\"},\"image\":{\"@id\":\"https:\/\/www.welovecycling.com\/cs\/2021\/06\/18\/kolo-neni-skripec-zakladni-nastaveni-posedu\/#primaryimage\"},\"thumbnailUrl\":\"https:\/\/d2p6e6u75xmxt8.cloudfront.net\/13\/2021\/01\/bikefiting-michal-cerveny-4.webp\",\"datePublished\":\"2021-06-18T16:00:38+00:00\",\"dateModified\":\"2021-06-20T15:51:48+00:00\",\"author\":{\"@id\":\"https:\/\/www.welovecycling.com\/cs\/#\/schema\/person\/d9eeb0a378f3a7e4a6d12d2b536b04b8\"},\"description\":\"Jak dos\u00e1hnout sv\u00e9pomoc\u00ed ide\u00e1ln\u00edho nastaven\u00ed kola, abychom si cyklistiku dokonale u\u017eili a \u0161lap\u00e1n\u00ed do ped\u00e1l\u016f bylo efektivn\u00ed?\",\"inLanguage\":\"cs\",\"potentialAction\":[{\"@type\":\"ReadAction\",\"target\":[\"https:\/\/www.welovecycling.com\/cs\/2021\/06\/18\/kolo-neni-skripec-zakladni-nastaveni-posedu\/\"]}]},{\"@type\":\"ImageObject\",\"inLanguage\":\"cs\",\"@id\":\"https:\/\/www.welovecycling.com\/cs\/2021\/06\/18\/kolo-neni-skripec-zakladni-nastaveni-posedu\/#primaryimage\",\"url\":\"https:\/\/d2p6e6u75xmxt8.cloudfront.net\/13\/2021\/01\/bikefiting-michal-cerveny-4.webp\",\"contentUrl\":\"https:\/\/d2p6e6u75xmxt8.cloudfront.net\/13\/2021\/01\/bikefiting-michal-cerveny-4.webp\",\"width\":1600,\"height\":1067,\"caption\":\"Bikefiting je skv\u011blou mo\u017enost\u00ed, jak posunout v\u00fdkonnost. V zim\u011b je na n\u011bj ide\u00e1lni doba. Foto: Michal \u010cerven\u00fd\"},{\"@type\":\"WebSite\",\"@id\":\"https:\/\/www.welovecycling.com\/cs\/#website\",\"url\":\"https:\/\/www.welovecycling.com\/cs\/\",\"name\":\"\u0160koda We Love Cycling - \u010cesk\u00e1 republika\",\"description\":\"WeLoveCycling.cz je online magaz\u00edn, kter\u00fd v\u00e1m pravideln\u011b p\u0159in\u00e1\u0161\u00ed rady a tipy, zaj\u00edmav\u00e9 \u010dl\u00e1nky, videa a jedine\u010dn\u00e9 report\u00e1\u017ee ze sv\u011bta cyklistiky.\",\"potentialAction\":[{\"@type\":\"SearchAction\",\"target\":{\"@type\":\"EntryPoint\",\"urlTemplate\":\"https:\/\/www.welovecycling.com\/cs\/?s={search_term_string}\"},\"query-input\":{\"@type\":\"PropertyValueSpecification\",\"valueRequired\":true,\"valueName\":\"search_term_string\"}}],\"inLanguage\":\"cs\"},{\"@type\":\"Person\",\"@id\":\"https:\/\/www.welovecycling.com\/cs\/#\/schema\/person\/d9eeb0a378f3a7e4a6d12d2b536b04b8\",\"name\":\"radekmalina\",\"image\":{\"@type\":\"ImageObject\",\"inLanguage\":\"cs\",\"@id\":\"https:\/\/www.welovecycling.com\/cs\/#\/schema\/person\/image\/\",\"url\":\"https:\/\/secure.gravatar.com\/avatar\/66994b632cb8c39a46b9f54afa3ae07201b678d32a54275b6f1c9ffec356bfc0?s=96&d=mm&r=g\",\"contentUrl\":\"https:\/\/secure.gravatar.com\/avatar\/66994b632cb8c39a46b9f54afa3ae07201b678d32a54275b6f1c9ffec356bfc0?s=96&d=mm&r=g\",\"caption\":\"radekmalina\"},\"url\":\"https:\/\/www.welovecycling.com\/cs\/author\/radekmalina\/\"}]}<\/script>\n<!-- \/ Yoast SEO Premium plugin. -->","yoast_head_json":{"title":"Kolo nen\u00ed sk\u0159ipec: z\u00e1kladn\u00ed nastaven\u00ed posedu | \u0160koda We Love Cycling - \u010cesk\u00e1 republika","description":"Jak dos\u00e1hnout sv\u00e9pomoc\u00ed ide\u00e1ln\u00edho nastaven\u00ed kola, abychom si cyklistiku dokonale u\u017eili a \u0161lap\u00e1n\u00ed do ped\u00e1l\u016f bylo efektivn\u00ed?","robots":{"index":"index","follow":"follow","max-snippet":"max-snippet:-1","max-image-preview":"max-image-preview:large","max-video-preview":"max-video-preview:-1"},"canonical":"https:\/\/www.welovecycling.com\/cs\/2021\/06\/18\/kolo-neni-skripec-zakladni-nastaveni-posedu\/","og_locale":"cs_CZ","og_type":"article","og_title":"Kolo nen\u00ed sk\u0159ipec: z\u00e1kladn\u00ed nastaven\u00ed posedu","og_description":"Jak dos\u00e1hnout sv\u00e9pomoc\u00ed ide\u00e1ln\u00edho nastaven\u00ed kola, abychom si cyklistiku dokonale u\u017eili a \u0161lap\u00e1n\u00ed do ped\u00e1l\u016f bylo efektivn\u00ed?","og_url":"https:\/\/www.welovecycling.com\/cs\/2021\/06\/18\/kolo-neni-skripec-zakladni-nastaveni-posedu\/","og_site_name":"\u0160koda We Love Cycling - \u010cesk\u00e1 republika","article_published_time":"2021-06-18T16:00:38+00:00","article_modified_time":"2021-06-20T15:51:48+00:00","og_image":[{"width":1600,"height":1067,"url":"https:\/\/d2p6e6u75xmxt8.cloudfront.net\/13\/2021\/01\/bikefiting-michal-cerveny-4.webp","type":"image\/webp"}],"author":"radekmalina","twitter_card":"summary_large_image","twitter_misc":{"Written by":"Kry\u0161tof Kopic","Est. reading time":"5"},"schema":{"@context":"https:\/\/schema.org","@graph":[{"@type":"WebPage","@id":"https:\/\/www.welovecycling.com\/cs\/2021\/06\/18\/kolo-neni-skripec-zakladni-nastaveni-posedu\/","url":"https:\/\/www.welovecycling.com\/cs\/2021\/06\/18\/kolo-neni-skripec-zakladni-nastaveni-posedu\/","name":"Kolo nen\u00ed sk\u0159ipec: z\u00e1kladn\u00ed nastaven\u00ed posedu | \u0160koda We Love Cycling - \u010cesk\u00e1 republika","isPartOf":{"@id":"https:\/\/www.welovecycling.com\/cs\/#website"},"primaryImageOfPage":{"@id":"https:\/\/www.welovecycling.com\/cs\/2021\/06\/18\/kolo-neni-skripec-zakladni-nastaveni-posedu\/#primaryimage"},"image":{"@id":"https:\/\/www.welovecycling.com\/cs\/2021\/06\/18\/kolo-neni-skripec-zakladni-nastaveni-posedu\/#primaryimage"},"thumbnailUrl":"https:\/\/d2p6e6u75xmxt8.cloudfront.net\/13\/2021\/01\/bikefiting-michal-cerveny-4.webp","datePublished":"2021-06-18T16:00:38+00:00","dateModified":"2021-06-20T15:51:48+00:00","author":{"@id":"https:\/\/www.welovecycling.com\/cs\/#\/schema\/person\/d9eeb0a378f3a7e4a6d12d2b536b04b8"},"description":"Jak dos\u00e1hnout sv\u00e9pomoc\u00ed ide\u00e1ln\u00edho nastaven\u00ed kola, abychom si cyklistiku dokonale u\u017eili a \u0161lap\u00e1n\u00ed do ped\u00e1l\u016f bylo efektivn\u00ed?","inLanguage":"cs","potentialAction":[{"@type":"ReadAction","target":["https:\/\/www.welovecycling.com\/cs\/2021\/06\/18\/kolo-neni-skripec-zakladni-nastaveni-posedu\/"]}]},{"@type":"ImageObject","inLanguage":"cs","@id":"https:\/\/www.welovecycling.com\/cs\/2021\/06\/18\/kolo-neni-skripec-zakladni-nastaveni-posedu\/#primaryimage","url":"https:\/\/d2p6e6u75xmxt8.cloudfront.net\/13\/2021\/01\/bikefiting-michal-cerveny-4.webp","contentUrl":"https:\/\/d2p6e6u75xmxt8.cloudfront.net\/13\/2021\/01\/bikefiting-michal-cerveny-4.webp","width":1600,"height":1067,"caption":"Bikefiting je skv\u011blou mo\u017enost\u00ed, jak posunout v\u00fdkonnost. V zim\u011b je na n\u011bj ide\u00e1lni doba. Foto: Michal \u010cerven\u00fd"},{"@type":"WebSite","@id":"https:\/\/www.welovecycling.com\/cs\/#website","url":"https:\/\/www.welovecycling.com\/cs\/","name":"\u0160koda We Love Cycling - \u010cesk\u00e1 republika","description":"WeLoveCycling.cz je online magaz\u00edn, kter\u00fd v\u00e1m pravideln\u011b p\u0159in\u00e1\u0161\u00ed rady a tipy, zaj\u00edmav\u00e9 \u010dl\u00e1nky, videa a jedine\u010dn\u00e9 report\u00e1\u017ee ze sv\u011bta cyklistiky.","potentialAction":[{"@type":"SearchAction","target":{"@type":"EntryPoint","urlTemplate":"https:\/\/www.welovecycling.com\/cs\/?s={search_term_string}"},"query-input":{"@type":"PropertyValueSpecification","valueRequired":true,"valueName":"search_term_string"}}],"inLanguage":"cs"},{"@type":"Person","@id":"https:\/\/www.welovecycling.com\/cs\/#\/schema\/person\/d9eeb0a378f3a7e4a6d12d2b536b04b8","name":"radekmalina","image":{"@type":"ImageObject","inLanguage":"cs","@id":"https:\/\/www.welovecycling.com\/cs\/#\/schema\/person\/image\/","url":"https:\/\/secure.gravatar.com\/avatar\/66994b632cb8c39a46b9f54afa3ae07201b678d32a54275b6f1c9ffec356bfc0?s=96&d=mm&r=g","contentUrl":"https:\/\/secure.gravatar.com\/avatar\/66994b632cb8c39a46b9f54afa3ae07201b678d32a54275b6f1c9ffec356bfc0?s=96&d=mm&r=g","caption":"radekmalina"},"url":"https:\/\/www.welovecycling.com\/cs\/author\/radekmalina\/"}]}},"_links":{"self":[{"href":"https:\/\/www.welovecycling.com\/cs\/wp-json\/wp\/v2\/posts\/13286","targetHints":{"allow":["GET"]}}],"collection":[{"href":"https:\/\/www.welovecycling.com\/cs\/wp-json\/wp\/v2\/posts"}],"about":[{"href":"https:\/\/www.welovecycling.com\/cs\/wp-json\/wp\/v2\/types\/post"}],"author":[{"embeddable":true,"href":"https:\/\/www.welovecycling.com\/cs\/wp-json\/wp\/v2\/users\/138"}],"replies":[{"embeddable":true,"href":"https:\/\/www.welovecycling.com\/cs\/wp-json\/wp\/v2\/comments?post=13286"}],"version-history":[{"count":2,"href":"https:\/\/www.welovecycling.com\/cs\/wp-json\/wp\/v2\/posts\/13286\/revisions"}],"predecessor-version":[{"id":13295,"href":"https:\/\/www.welovecycling.com\/cs\/wp-json\/wp\/v2\/posts\/13286\/revisions\/13295"}],"wp:featuredmedia":[{"embeddable":true,"href":"https:\/\/www.welovecycling.com\/cs\/wp-json\/wp\/v2\/media\/11406"}],"wp:attachment":[{"href":"https:\/\/www.welovecycling.com\/cs\/wp-json\/wp\/v2\/media?parent=13286"}],"wp:term":[{"taxonomy":"category","embeddable":true,"href":"https:\/\/www.welovecycling.com\/cs\/wp-json\/wp\/v2\/categories?post=13286"},{"taxonomy":"post_tag","embeddable":true,"href":"https:\/\/www.welovecycling.com\/cs\/wp-json\/wp\/v2\/tags?post=13286"},{"taxonomy":"global-categories","embeddable":true,"href":"https:\/\/www.welovecycling.com\/cs\/wp-json\/wp\/v2\/global-categories?post=13286"}],"curies":[{"name":"wp","href":"https:\/\/api.w.org\/{rel}","templated":true}]}}