{"id":13086,"date":"2021-06-01T10:00:19","date_gmt":"2021-06-01T08:00:19","guid":{"rendered":"https:\/\/www.welovecycling.com\/cs\/?p=13086"},"modified":"2021-06-01T10:32:17","modified_gmt":"2021-06-01T08:32:17","slug":"luigi-posledni-aneb-kdyz-ruzova-zcerna","status":"publish","type":"post","link":"https:\/\/www.welovecycling.com\/cs\/2021\/06\/01\/luigi-posledni-aneb-kdyz-ruzova-zcerna\/","title":{"rendered":"Luigi posledn\u00ed aneb kdy\u017e r\u016f\u017eov\u00e1 z\u010dern\u00e1. Giro ud\u011blovalo i maglia nera"},"content":{"rendered":"<p><strong>Egan Bernal v r\u016f\u017eov\u00e9m dresu, neboli maglia rosa, p\u00f3zuj\u00edc\u00ed p\u0159ed mil\u00e1nskou katedr\u00e1lou. Ty sn\u00edmky, kdy\u017e se kolumbijsk\u00fd cyklista stal v ned\u011bli v\u00edt\u011bzem sto \u010dtvrt\u00e9ho ro\u010dn\u00edku Giro d\u00b4Italia oblet\u011bly sv\u011bt. Ale te\u010f sly\u0161te p\u0159\u00edb\u011bh o maglia nera, dresu barvy \u010dern\u00e9, kter\u00fd se v \u0161esti ro\u010dn\u00edc\u00edch Gira mezi lety 1946 a 1951 ud\u011bloval mu\u017ei na \u00fapln\u011b posledn\u00ed pozici v\u00fdsledk\u016f. Vezl ho tenkr\u00e1t i Luigi Malabrocca, mo\u017en\u00e1 nejhor\u0161\u00ed z\u00e1vodn\u00edk v historii italsk\u00e9 Grand Tour.<\/strong><\/p>\n<p>V p\u00e1tek 10. \u010dervna 1949, vysoko v hor\u00e1ch mezi Cuneem a Pinerolem vrcholil duel mezi Faustem Coppim a Ginem Bartalim o v\u00edt\u011bzstv\u00ed v 32. ro\u010dn\u00edku Gira. Byla to krut\u00e1 pou\u0165 p\u0159es vr\u0161ky hor, o n\u00ed\u017e po\u0159adatelsk\u00fd den\u00edk La Gazzetta dello Sport napsal, \u017ee bude cyklist\u016fm l\u00e1mat nohy. Do toho ps\u00ed po\u010das\u00ed, mokr\u00e9 a mraziv\u00e9.)<\/p>\n<h2><strong>Fausto Coppi \u00fato\u010dil, na chvostu vl\u00e1dlo \u0161ne\u010d\u00ed tempo<\/strong><\/h2>\n<p>Pro Fausta to byl slavn\u00fd den, kdy\u017e se utrhl z hlavn\u00edho pole a vypravil se s\u00e1m ukusovat jeden po druh\u00e9m zb\u00fdvaj\u00edc\u00edch 190 kilometr\u016f. S\u00e1m se \u0161kr\u00e1bal do svah\u016f francouzsk\u00e9ho Izoardu a na nejbli\u017e\u0161\u00edho pron\u00e1sledovatele v c\u00edli \u010dekal 20 minut. Ten den se vr\u00e1til do tou\u017een\u00e9ho maglia rosa a po tomto dni u\u017e o kone\u010dn\u00e9m v\u00fdsledku nikdo nepochyboval. T\u0159et\u00ed celkov\u00e9 prvenstv\u00ed z\u00edsk\u00e1valo jasn\u00e9 kontury.<\/p>\n<div class=\"shortcode-ys-post-pinup\"><article class=\"loop-simple post-12749 post type-post status-publish format-standard has-post-thumbnail hentry category-silnicni-cyklistika tag-bradley-wiggins tag-cyklistika tag-frantisek-rabon tag-giro tag-giro-ditalia tag-giro-di-italia-2021 tag-jan-hirt tag-maglia-rosa tag-mark-cavendish tag-silnicni-cyklistika tag-tony-martin global-categories-cycling\" data-postid=\"12749\" role=\"article\" data-post-id=\"12749\" data-word-count=\"978\" data-headline-length=\"105\" data-category=\"Silni\u010dn\u00ed cyklistika\" data-global-category=\"Cycling\" data-author=\"Jan Kr\u016fta\" data-published=\"2021-05-09T07:00:30+02:00\" data-published-day=\"Sunday\">\n    <div class=\"entry-thumbnail article-thumbnail\" content=\"https:\/\/d2p6e6u75xmxt8.cloudfront.net\/13\/2021\/05\/rabon-brychta-DSC_1384-150x150.webp\"><a href=\"https:\/\/www.welovecycling.com\/cs\/2021\/05\/09\/frantisek-rabon-vzpomina-jak-na-etnu-tlacil-cavendishe-giro-me-omamilo-hned-pri-prvnim-startu\/\" class=\"image-holder\" target=\"_self\"><img decoding=\"async\" loading=\"lazy\" class=\"\" src=\"https:\/\/d2p6e6u75xmxt8.cloudfront.net\/13\/2021\/05\/rabon-brychta-DSC_1384-1024x686.webp\" srcset=\"https:\/\/d2p6e6u75xmxt8.cloudfront.net\/13\/2021\/05\/rabon-brychta-DSC_1384.webp 2000w, https:\/\/d2p6e6u75xmxt8.cloudfront.net\/13\/2021\/05\/rabon-brychta-DSC_1384-300x201.webp 300w, https:\/\/d2p6e6u75xmxt8.cloudfront.net\/13\/2021\/05\/rabon-brychta-DSC_1384-1024x686.webp 1024w, https:\/\/d2p6e6u75xmxt8.cloudfront.net\/13\/2021\/05\/rabon-brychta-DSC_1384-768x514.webp 768w, https:\/\/d2p6e6u75xmxt8.cloudfront.net\/13\/2021\/05\/rabon-brychta-DSC_1384-1536x1028.webp 1536w, https:\/\/d2p6e6u75xmxt8.cloudfront.net\/13\/2021\/05\/rabon-brychta-DSC_1384-1920x1285.webp 1920w, https:\/\/d2p6e6u75xmxt8.cloudfront.net\/13\/2021\/05\/rabon-brychta-DSC_1384-272x182.webp 272w, https:\/\/d2p6e6u75xmxt8.cloudfront.net\/13\/2021\/05\/rabon-brychta-DSC_1384-1920x1285.webp 1920w\" width=\"1024\" height=\"686\" sizes=\"auto, (min-width: 1200px) 300px, (min-width: 768px) 25vw, 100vw\" alt=\"frantisek-rabon-vzpomina-jak-na-etnu-tlacil-cavendishe-giro-me-omamilo-hned-pri-prvnim-startu\"\/><\/a><\/div>    <div class=\"entry-meta\">\n        <a class=\"label label-secondary post-category\" href=\"https:\/\/www.welovecycling.com\/cs\/category\/silnicni-cyklistika\/\" title=\"Silni\u010dn\u00ed cyklistika\">Silni\u010dn\u00ed cyklistika<\/a>\n    <\/div>\n    <div class=\"entry-details\">\n        <a href=\"https:\/\/www.welovecycling.com\/cs\/2021\/05\/09\/frantisek-rabon-vzpomina-jak-na-etnu-tlacil-cavendishe-giro-me-omamilo-hned-pri-prvnim-startu\/\" class='entry-title-wrapper'>\n            <h3 class=\"entry-title\"><span>Franti\u0161ek Rabo\u0148 vzpom\u00edn\u00e1, jak na Etnu tla\u010dil Cavendishe: Giro m\u011b om\u00e1milo hned p\u0159i prvn\u00edm startu!<\/span><\/h3>\n        <\/a>\n    <\/div>\n    <\/article>\n<\/div>\n<p>Daleko, p\u0159edaleko za Coppiho z\u00e1dy, prob\u00edhal duel jin\u00e9ho osam\u011bl\u00e9ho z\u00e1vodn\u00edka. Souboj se sebou sam\u00fdm. Mnoho hodin za italsk\u00fdm suver\u00e9nem se z\u00e1m\u011brn\u011b \u0161ne\u010d\u00edm tempem do kopc\u016f dr\u00e1pal Luigi Malabrocca. Jenom\u017ee nejel si pro ostudu, nositel \u010dern\u00e9ho trikotu si mo\u017en\u00e1 nepochopiteln\u011b u\u017e\u00edval obdiv italsk\u00e9ho publika. A taky po\u0159adatel\u016f, proto\u017ee l\u00eddr sout\u011b\u017ee (ve skute\u010dnosti nejv\u011bt\u0161\u00ed \u201el\u016fzr\u201c) inkasoval prize money a dost\u00e1val na konci ka\u017ed\u00e9 etapy j\u00eddlo i pit\u00ed. Bitva o \u201etriumf\u201c tak byla mo\u017en\u00e1 stejn\u011b vyhrocen\u00e1 jako ta na opa\u010dn\u00e9m konci pelotonu.<\/p>\n<p>Abychom se ale nepochopili \u0161patn\u011b \u2013 Malabrocca nebyl v\u016fbec \u0161patn\u00fdm z\u00e1vodn\u00edkem, v\u017edy\u0165 se dvakr\u00e1t stal n\u00e1rodn\u00edm \u0161ampionem v cyklokrosu, taky vyhr\u00e1l silni\u010dn\u00ed etapy Kolem Chorvatska a Slovinska. A p\u0159ece se m\u011bl st\u00e1t nejhor\u0161\u00edm.<\/p>\n<h2><strong>Malabrocca? Nemocn\u00fd a tragick\u00fd&#8230;<\/strong><\/h2>\n<p>Jako by mu ten titul byl p\u0159edur\u010den osudem, proto\u017ee \u201emala\u201c vych\u00e1z\u00ed z italsk\u00e9ho malato neboli nemocn\u00fd, a brocca je zase ozv\u011bnou slova brocco, kter\u00e9 popisuje n\u011bkoho, kdo je v n\u011b\u010dem opravdu tragick\u00fd. Tohle jm\u00e9no se tedy zd\u00e1lo b\u00fdt ide\u00e1ln\u00ed pro toho, kdo chce b\u00fdt v n\u011b\u010dem nejhor\u0161\u00ed.<\/p>\n<p>Malabrocca \u201evyhr\u00e1l\u201c maglia nera p\u0159i jeho premi\u00e9\u0159e v roce 1946, \u00fasp\u011b\u0161n\u011b ho dal\u0161\u00ed rok obh\u00e1jil a odstartoval t\u00edm kult. Lid\u00e9 ochotn\u011b z\u016fst\u00e1vali v c\u00edli hodiny po dojezdu favorit\u016f, aby pozdravili sv\u00e9ho posledn\u00edho hrdinu.<\/p>\n<p>A ten ke sv\u00e9 roli p\u0159istupoval odpov\u011bdn\u011b. Loudal se na chvostu pelotonu. \u010casto se zastavil v kav\u00e1rn\u011b na espresso a jak se traduje, tyhle zast\u00e1vky se mnohdy prot\u00e1hly dlouh\u00fdm ob\u011bdem s fanou\u0161ky a\u017e do odpoledne. A t\u00edm d\u00e1l vzr\u016fstala Malabroccova obliba postaven\u00e1 na jeho divn\u00e9m jm\u00e9nu a komicky hrozn\u00fdch v\u00fdkonech. A\u0165 \u017eije posled\u0148\u00e1k, volali na n\u011bj, kdy\u017e se \u0161inul kolem.<\/p>\n<figure id=\"attachment_13092\" aria-describedby=\"caption-attachment-13092\" style=\"width: 1080px\" class=\"wp-caption alignnone\"><a href=\"https:\/\/d2p6e6u75xmxt8.cloudfront.net\/13\/2021\/06\/minali-riccardo.jpg\"><img loading=\"lazy\" decoding=\"async\" class=\"size-full wp-image-13092\" src=\"https:\/\/d2p6e6u75xmxt8.cloudfront.net\/13\/2021\/06\/minali-riccardo.jpg\" alt=\"Riccardo Minali byl pomysln\u00fdm majitelem maglia nera p\u0159i Giru 2021. Foto: instagram Riccardo Minali\" width=\"1080\" height=\"1080\" \/><\/a><figcaption id=\"caption-attachment-13092\" class=\"wp-caption-text\"><em>Riccardo Minali byl pomysln\u00fdm majitelem maglia nera p\u0159i Giru 2021. Foto: instagram Riccardo Minali<\/em><\/figcaption><\/figure>\n<p>Netrvalo dlouho, kdy se ze z\u00e1visti k jeho pozici za\u010dala objevovat konkurence a v roce 1949 si Sante Carollo za\u010dal na temn\u00fd dres brousit zuby. A t\u00edm odstartovala cyklistick\u00e1 fra\u0161ka, absurdn\u00ed divadlo, kdy dva rivalov\u00e9 bojovali loket na loket tak pomalu, jak jen mohli, a jejich duel It\u00e1lii pohltil.<\/p>\n<p>Tu jeden, tu druh\u00fd se schoval v k\u0159ov\u00ed. Jindy zase ve stodole, aby se druh\u00fd domn\u00edval, \u017ee jeho sok je kdesi daleko vp\u0159edu. Malabrocca se jednoho dne schoval v n\u00e1dr\u017ei s vodou u jak\u00e9hosi sedl\u00e1ka a ten se ptal: Co tu pro r\u00e1ny bo\u017e\u00ed d\u011bl\u00e1te? \u201eCo?\u201c odv\u011btil Malabrocca. \u201eZ\u00e1vod\u00edm na Giru.\u201c Ale pro\u010d v m\u00e9 n\u00e1dr\u017ei? podivoval se statk\u00e1\u0159.<\/p>\n<h2><strong>Zesm\u011b\u0161\u0148ujete \u0161ampiony, vy\u010d\u00edtali jim<\/strong><\/h2>\n<p>Tento festival prokrastinace trval cel\u00e9 t\u0159i t\u00fddny Gira a nakonec se z prvenstv\u00ed radoval Carollo, kter\u00e9mu trvalo skoro o deset hodin v\u00edc ne\u017e v\u00edt\u011bzn\u00e9mu Coppimu, ne\u017e se proloudal do c\u00edle. Malabrocca na p\u0159edposledn\u00edm m\u00edst\u011b byl o dv\u011b hodiny rychlej\u0161\u00ed.<\/p>\n<div class=\"shortcode-ys-post-pinup\"><article class=\"loop-simple post-13053 post type-post status-publish format-standard has-post-thumbnail hentry category-silnicni-cyklistika tag-cyklistika tag-francesco-camusso tag-giro-ditalia-2021 tag-giro-ditalia tag-giro-di-italia-2021 tag-learco-guerra tag-maglia-rosa tag-ruzovy-dres tag-silnicni-cyklistika global-categories-cycling\" data-postid=\"13053\" role=\"article\" data-post-id=\"13053\" data-word-count=\"498\" data-headline-length=\"68\" data-category=\"Silni\u010dn\u00ed cyklistika\" data-global-category=\"Cycling\" data-author=\"Marek Novotn\u00fd\" data-published=\"2021-05-27T07:00:34+02:00\" data-published-day=\"Thursday\">\n    <div class=\"entry-thumbnail article-thumbnail\" content=\"https:\/\/d2p6e6u75xmxt8.cloudfront.net\/13\/2020\/10\/Tao-Geoghegan-Hart-giro-1-1-150x150.webp\"><a href=\"https:\/\/www.welovecycling.com\/cs\/2021\/05\/27\/devadesatiny-maglia-rosa-za-vsim-hledej-papir-mussolini-zuril\/\" class=\"image-holder\" target=\"_self\"><img decoding=\"async\" loading=\"lazy\" class=\"\" src=\"https:\/\/d2p6e6u75xmxt8.cloudfront.net\/13\/2020\/10\/Tao-Geoghegan-Hart-giro-1-1-1024x384.webp\" srcset=\"https:\/\/d2p6e6u75xmxt8.cloudfront.net\/13\/2020\/10\/Tao-Geoghegan-Hart-giro-1-1.webp 1600w, https:\/\/d2p6e6u75xmxt8.cloudfront.net\/13\/2020\/10\/Tao-Geoghegan-Hart-giro-1-1-300x113.webp 300w, https:\/\/d2p6e6u75xmxt8.cloudfront.net\/13\/2020\/10\/Tao-Geoghegan-Hart-giro-1-1-1024x384.webp 1024w, https:\/\/d2p6e6u75xmxt8.cloudfront.net\/13\/2020\/10\/Tao-Geoghegan-Hart-giro-1-1-768x288.webp 768w, https:\/\/d2p6e6u75xmxt8.cloudfront.net\/13\/2020\/10\/Tao-Geoghegan-Hart-giro-1-1-1536x576.webp 1536w\" width=\"1024\" height=\"384\" sizes=\"auto, (min-width: 1200px) 534px, (min-width: 768px) 45vw, 100vw\" alt=\"devadesatiny-maglia-rosa-za-vsim-hledej-papir-mussolini-zuril\"\/><\/a><\/div>    <div class=\"entry-meta\">\n        <a class=\"label label-secondary post-category\" href=\"https:\/\/www.welovecycling.com\/cs\/category\/silnicni-cyklistika\/\" title=\"Silni\u010dn\u00ed cyklistika\">Silni\u010dn\u00ed cyklistika<\/a>\n    <\/div>\n    <div class=\"entry-details\">\n        <a href=\"https:\/\/www.welovecycling.com\/cs\/2021\/05\/27\/devadesatiny-maglia-rosa-za-vsim-hledej-papir-mussolini-zuril\/\" class='entry-title-wrapper'>\n            <h3 class=\"entry-title\"><span>Devades\u00e1tiny Maglia rosa. Za v\u0161\u00edm hledej pap\u00edr, Mussolini zu\u0159il<\/span><\/h3>\n        <\/a>\n    <\/div>\n    <\/article>\n<\/div>\n<p>Historie maglia nera se p\u0159estala ps\u00e1t dva roky pot\u00e9, kdy si z\u00e1vodn\u00edci st\u011b\u017eovali, \u017ee sout\u011b\u017e zesm\u011b\u0161\u0148uje v\u00fdkony t\u011bch, co opravdu p\u0159ijeli na Giro z\u00e1vodit. V roce 2008 p\u0159i\u0161el pokus o revival v duchu \u010derven\u00e9 lucerny roky ud\u011blovan\u00e9 na Tour de France. Ale z\u00e1vodn\u00edci to odm\u00edtli jako ur\u00e1\u017eku.<\/p>\n<p>Proto\u017ee cyklistika je p\u0159eci o v\u00edt\u011bzstv\u00edch. A v\u00edt\u011bzstv\u00ed jsou cyklistika. My te\u010f t\u0159i t\u00fddny \u010dekali na jm\u00e9no v\u00edt\u011bze leto\u0161n\u00edho Gira, kter\u00fd ale nem\u011bl kdy se cestou k c\u00edli zastavit s fanou\u0161ky na \u0161\u00e1lek espressa \u010dern\u00e9ho, jako b\u00fdvala kdysi maglia nera.<\/p>\n","protected":false},"excerpt":{"rendered":"<p>Egan Bernal v r\u016f\u017eov\u00e9m dresu, neboli maglia rosa, p\u00f3zuj\u00edc\u00ed p\u0159ed mil\u00e1nskou katedr\u00e1lou. Ty sn\u00edmky, kdy\u017e se kolumbijsk\u00fd cyklista stal v [&hellip;]<\/p>\n","protected":false},"author":138,"featured_media":13091,"comment_status":"open","ping_status":"open","sticky":false,"template":"","format":"standard","meta":{"footnotes":""},"categories":[10],"tags":[103,970,1645,1609,52,1670,1669,904,1672,1671],"global-categories":[411],"class_list":["post-13086","post","type-post","status-publish","format-standard","has-post-thumbnail","hentry","category-silnicni-cyklistika","tag-egan-bernal","tag-fausto-coppi","tag-giro-2021","tag-giro-ditalia-2021","tag-giro-di-italia","tag-luigi-malabrocca","tag-maglia-nera","tag-maglia-rosa","tag-riccardo-minali","tag-sante-carollo","global-categories-cycling"],"yoast_head":"<!-- This site is optimized with the Yoast SEO Premium plugin v25.3 (Yoast SEO v25.9) - https:\/\/yoast.com\/wordpress\/plugins\/seo\/ -->\n<title>Luigi posledn\u00ed aneb kdy\u017e r\u016f\u017eov\u00e1 z\u010dern\u00e1. Giro ud\u011blovalo i maglia nera | \u0160koda We Love Cycling - \u010cesk\u00e1 republika<\/title>\n<meta name=\"description\" content=\"Sly\u0161te p\u0159\u00edb\u011bh o maglia nera, dresu barvy \u010dern\u00e9, kter\u00fd se v \u0161esti ro\u010dn\u00edc\u00edch Gira mezi lety 1946 a 1951 ud\u011bloval mu\u017ei na posledn\u00ed pozici.\" \/>\n<meta name=\"robots\" content=\"index, follow, max-snippet:-1, max-image-preview:large, max-video-preview:-1\" \/>\n<link rel=\"canonical\" href=\"https:\/\/www.welovecycling.com\/cs\/2021\/06\/01\/luigi-posledni-aneb-kdyz-ruzova-zcerna\/\" \/>\n<meta property=\"og:locale\" content=\"cs_CZ\" \/>\n<meta property=\"og:type\" content=\"article\" \/>\n<meta property=\"og:title\" content=\"Luigi posledn\u00ed aneb kdy\u017e r\u016f\u017eov\u00e1 z\u010dern\u00e1. Giro ud\u011blovalo i maglia nera\" \/>\n<meta property=\"og:description\" content=\"Sly\u0161te p\u0159\u00edb\u011bh o maglia nera, dresu barvy \u010dern\u00e9, kter\u00fd se v \u0161esti ro\u010dn\u00edc\u00edch Gira mezi lety 1946 a 1951 ud\u011bloval mu\u017ei na posledn\u00ed pozici.\" \/>\n<meta property=\"og:url\" content=\"https:\/\/www.welovecycling.com\/cs\/2021\/06\/01\/luigi-posledni-aneb-kdyz-ruzova-zcerna\/\" \/>\n<meta property=\"og:site_name\" content=\"\u0160koda We Love Cycling - \u010cesk\u00e1 republika\" \/>\n<meta property=\"article:published_time\" content=\"2021-06-01T08:00:19+00:00\" \/>\n<meta property=\"article:modified_time\" content=\"2021-06-01T08:32:17+00:00\" \/>\n<meta property=\"og:image\" content=\"https:\/\/d2p6e6u75xmxt8.cloudfront.net\/13\/2021\/06\/minali-profimedia-0613263159.webp\" \/>\n\t<meta property=\"og:image:width\" content=\"1800\" \/>\n\t<meta property=\"og:image:height\" content=\"1200\" \/>\n\t<meta property=\"og:image:type\" content=\"image\/webp\" \/>\n<meta name=\"author\" content=\"radekmalina\" \/>\n<meta name=\"twitter:card\" content=\"summary_large_image\" \/>\n<meta name=\"twitter:label1\" content=\"Written by\" \/>\n\t<meta name=\"twitter:data1\" content=\"Marek Novotn\u00fd\" \/>\n\t<meta name=\"twitter:label2\" content=\"Est. reading time\" \/>\n\t<meta name=\"twitter:data2\" content=\"5\" \/>\n<script type=\"application\/ld+json\" class=\"yoast-schema-graph\">{\"@context\":\"https:\/\/schema.org\",\"@graph\":[{\"@type\":\"WebPage\",\"@id\":\"https:\/\/www.welovecycling.com\/cs\/2021\/06\/01\/luigi-posledni-aneb-kdyz-ruzova-zcerna\/\",\"url\":\"https:\/\/www.welovecycling.com\/cs\/2021\/06\/01\/luigi-posledni-aneb-kdyz-ruzova-zcerna\/\",\"name\":\"Luigi posledn\u00ed aneb kdy\u017e r\u016f\u017eov\u00e1 z\u010dern\u00e1. Giro ud\u011blovalo i maglia nera | \u0160koda We Love Cycling - \u010cesk\u00e1 republika\",\"isPartOf\":{\"@id\":\"https:\/\/www.welovecycling.com\/cs\/#website\"},\"primaryImageOfPage\":{\"@id\":\"https:\/\/www.welovecycling.com\/cs\/2021\/06\/01\/luigi-posledni-aneb-kdyz-ruzova-zcerna\/#primaryimage\"},\"image\":{\"@id\":\"https:\/\/www.welovecycling.com\/cs\/2021\/06\/01\/luigi-posledni-aneb-kdyz-ruzova-zcerna\/#primaryimage\"},\"thumbnailUrl\":\"https:\/\/d2p6e6u75xmxt8.cloudfront.net\/13\/2021\/06\/minali-profimedia-0613263159.webp\",\"datePublished\":\"2021-06-01T08:00:19+00:00\",\"dateModified\":\"2021-06-01T08:32:17+00:00\",\"author\":{\"@id\":\"https:\/\/www.welovecycling.com\/cs\/#\/schema\/person\/d9eeb0a378f3a7e4a6d12d2b536b04b8\"},\"description\":\"Sly\u0161te p\u0159\u00edb\u011bh o maglia nera, dresu barvy \u010dern\u00e9, kter\u00fd se v \u0161esti ro\u010dn\u00edc\u00edch Gira mezi lety 1946 a 1951 ud\u011bloval mu\u017ei na posledn\u00ed pozici.\",\"inLanguage\":\"cs\",\"potentialAction\":[{\"@type\":\"ReadAction\",\"target\":[\"https:\/\/www.welovecycling.com\/cs\/2021\/06\/01\/luigi-posledni-aneb-kdyz-ruzova-zcerna\/\"]}]},{\"@type\":\"ImageObject\",\"inLanguage\":\"cs\",\"@id\":\"https:\/\/www.welovecycling.com\/cs\/2021\/06\/01\/luigi-posledni-aneb-kdyz-ruzova-zcerna\/#primaryimage\",\"url\":\"https:\/\/d2p6e6u75xmxt8.cloudfront.net\/13\/2021\/06\/minali-profimedia-0613263159.webp\",\"contentUrl\":\"https:\/\/d2p6e6u75xmxt8.cloudfront.net\/13\/2021\/06\/minali-profimedia-0613263159.webp\",\"width\":1800,\"height\":1200},{\"@type\":\"WebSite\",\"@id\":\"https:\/\/www.welovecycling.com\/cs\/#website\",\"url\":\"https:\/\/www.welovecycling.com\/cs\/\",\"name\":\"\u0160koda We Love Cycling - \u010cesk\u00e1 republika\",\"description\":\"WeLoveCycling.cz je online magaz\u00edn, kter\u00fd v\u00e1m pravideln\u011b p\u0159in\u00e1\u0161\u00ed rady a tipy, zaj\u00edmav\u00e9 \u010dl\u00e1nky, videa a jedine\u010dn\u00e9 report\u00e1\u017ee ze sv\u011bta cyklistiky.\",\"potentialAction\":[{\"@type\":\"SearchAction\",\"target\":{\"@type\":\"EntryPoint\",\"urlTemplate\":\"https:\/\/www.welovecycling.com\/cs\/?s={search_term_string}\"},\"query-input\":{\"@type\":\"PropertyValueSpecification\",\"valueRequired\":true,\"valueName\":\"search_term_string\"}}],\"inLanguage\":\"cs\"},{\"@type\":\"Person\",\"@id\":\"https:\/\/www.welovecycling.com\/cs\/#\/schema\/person\/d9eeb0a378f3a7e4a6d12d2b536b04b8\",\"name\":\"radekmalina\",\"image\":{\"@type\":\"ImageObject\",\"inLanguage\":\"cs\",\"@id\":\"https:\/\/www.welovecycling.com\/cs\/#\/schema\/person\/image\/\",\"url\":\"https:\/\/secure.gravatar.com\/avatar\/66994b632cb8c39a46b9f54afa3ae07201b678d32a54275b6f1c9ffec356bfc0?s=96&d=mm&r=g\",\"contentUrl\":\"https:\/\/secure.gravatar.com\/avatar\/66994b632cb8c39a46b9f54afa3ae07201b678d32a54275b6f1c9ffec356bfc0?s=96&d=mm&r=g\",\"caption\":\"radekmalina\"},\"url\":\"https:\/\/www.welovecycling.com\/cs\/author\/radekmalina\/\"}]}<\/script>\n<!-- \/ Yoast SEO Premium plugin. -->","yoast_head_json":{"title":"Luigi posledn\u00ed aneb kdy\u017e r\u016f\u017eov\u00e1 z\u010dern\u00e1. Giro ud\u011blovalo i maglia nera | \u0160koda We Love Cycling - \u010cesk\u00e1 republika","description":"Sly\u0161te p\u0159\u00edb\u011bh o maglia nera, dresu barvy \u010dern\u00e9, kter\u00fd se v \u0161esti ro\u010dn\u00edc\u00edch Gira mezi lety 1946 a 1951 ud\u011bloval mu\u017ei na posledn\u00ed pozici.","robots":{"index":"index","follow":"follow","max-snippet":"max-snippet:-1","max-image-preview":"max-image-preview:large","max-video-preview":"max-video-preview:-1"},"canonical":"https:\/\/www.welovecycling.com\/cs\/2021\/06\/01\/luigi-posledni-aneb-kdyz-ruzova-zcerna\/","og_locale":"cs_CZ","og_type":"article","og_title":"Luigi posledn\u00ed aneb kdy\u017e r\u016f\u017eov\u00e1 z\u010dern\u00e1. Giro ud\u011blovalo i maglia nera","og_description":"Sly\u0161te p\u0159\u00edb\u011bh o maglia nera, dresu barvy \u010dern\u00e9, kter\u00fd se v \u0161esti ro\u010dn\u00edc\u00edch Gira mezi lety 1946 a 1951 ud\u011bloval mu\u017ei na posledn\u00ed pozici.","og_url":"https:\/\/www.welovecycling.com\/cs\/2021\/06\/01\/luigi-posledni-aneb-kdyz-ruzova-zcerna\/","og_site_name":"\u0160koda We Love Cycling - \u010cesk\u00e1 republika","article_published_time":"2021-06-01T08:00:19+00:00","article_modified_time":"2021-06-01T08:32:17+00:00","og_image":[{"width":1800,"height":1200,"url":"https:\/\/d2p6e6u75xmxt8.cloudfront.net\/13\/2021\/06\/minali-profimedia-0613263159.webp","type":"image\/webp"}],"author":"radekmalina","twitter_card":"summary_large_image","twitter_misc":{"Written by":"Marek Novotn\u00fd","Est. reading time":"5"},"schema":{"@context":"https:\/\/schema.org","@graph":[{"@type":"WebPage","@id":"https:\/\/www.welovecycling.com\/cs\/2021\/06\/01\/luigi-posledni-aneb-kdyz-ruzova-zcerna\/","url":"https:\/\/www.welovecycling.com\/cs\/2021\/06\/01\/luigi-posledni-aneb-kdyz-ruzova-zcerna\/","name":"Luigi posledn\u00ed aneb kdy\u017e r\u016f\u017eov\u00e1 z\u010dern\u00e1. Giro ud\u011blovalo i maglia nera | \u0160koda We Love Cycling - \u010cesk\u00e1 republika","isPartOf":{"@id":"https:\/\/www.welovecycling.com\/cs\/#website"},"primaryImageOfPage":{"@id":"https:\/\/www.welovecycling.com\/cs\/2021\/06\/01\/luigi-posledni-aneb-kdyz-ruzova-zcerna\/#primaryimage"},"image":{"@id":"https:\/\/www.welovecycling.com\/cs\/2021\/06\/01\/luigi-posledni-aneb-kdyz-ruzova-zcerna\/#primaryimage"},"thumbnailUrl":"https:\/\/d2p6e6u75xmxt8.cloudfront.net\/13\/2021\/06\/minali-profimedia-0613263159.webp","datePublished":"2021-06-01T08:00:19+00:00","dateModified":"2021-06-01T08:32:17+00:00","author":{"@id":"https:\/\/www.welovecycling.com\/cs\/#\/schema\/person\/d9eeb0a378f3a7e4a6d12d2b536b04b8"},"description":"Sly\u0161te p\u0159\u00edb\u011bh o maglia nera, dresu barvy \u010dern\u00e9, kter\u00fd se v \u0161esti ro\u010dn\u00edc\u00edch Gira mezi lety 1946 a 1951 ud\u011bloval mu\u017ei na posledn\u00ed pozici.","inLanguage":"cs","potentialAction":[{"@type":"ReadAction","target":["https:\/\/www.welovecycling.com\/cs\/2021\/06\/01\/luigi-posledni-aneb-kdyz-ruzova-zcerna\/"]}]},{"@type":"ImageObject","inLanguage":"cs","@id":"https:\/\/www.welovecycling.com\/cs\/2021\/06\/01\/luigi-posledni-aneb-kdyz-ruzova-zcerna\/#primaryimage","url":"https:\/\/d2p6e6u75xmxt8.cloudfront.net\/13\/2021\/06\/minali-profimedia-0613263159.webp","contentUrl":"https:\/\/d2p6e6u75xmxt8.cloudfront.net\/13\/2021\/06\/minali-profimedia-0613263159.webp","width":1800,"height":1200},{"@type":"WebSite","@id":"https:\/\/www.welovecycling.com\/cs\/#website","url":"https:\/\/www.welovecycling.com\/cs\/","name":"\u0160koda We Love Cycling - \u010cesk\u00e1 republika","description":"WeLoveCycling.cz je online magaz\u00edn, kter\u00fd v\u00e1m pravideln\u011b p\u0159in\u00e1\u0161\u00ed rady a tipy, zaj\u00edmav\u00e9 \u010dl\u00e1nky, videa a jedine\u010dn\u00e9 report\u00e1\u017ee ze sv\u011bta cyklistiky.","potentialAction":[{"@type":"SearchAction","target":{"@type":"EntryPoint","urlTemplate":"https:\/\/www.welovecycling.com\/cs\/?s={search_term_string}"},"query-input":{"@type":"PropertyValueSpecification","valueRequired":true,"valueName":"search_term_string"}}],"inLanguage":"cs"},{"@type":"Person","@id":"https:\/\/www.welovecycling.com\/cs\/#\/schema\/person\/d9eeb0a378f3a7e4a6d12d2b536b04b8","name":"radekmalina","image":{"@type":"ImageObject","inLanguage":"cs","@id":"https:\/\/www.welovecycling.com\/cs\/#\/schema\/person\/image\/","url":"https:\/\/secure.gravatar.com\/avatar\/66994b632cb8c39a46b9f54afa3ae07201b678d32a54275b6f1c9ffec356bfc0?s=96&d=mm&r=g","contentUrl":"https:\/\/secure.gravatar.com\/avatar\/66994b632cb8c39a46b9f54afa3ae07201b678d32a54275b6f1c9ffec356bfc0?s=96&d=mm&r=g","caption":"radekmalina"},"url":"https:\/\/www.welovecycling.com\/cs\/author\/radekmalina\/"}]}},"_links":{"self":[{"href":"https:\/\/www.welovecycling.com\/cs\/wp-json\/wp\/v2\/posts\/13086","targetHints":{"allow":["GET"]}}],"collection":[{"href":"https:\/\/www.welovecycling.com\/cs\/wp-json\/wp\/v2\/posts"}],"about":[{"href":"https:\/\/www.welovecycling.com\/cs\/wp-json\/wp\/v2\/types\/post"}],"author":[{"embeddable":true,"href":"https:\/\/www.welovecycling.com\/cs\/wp-json\/wp\/v2\/users\/138"}],"replies":[{"embeddable":true,"href":"https:\/\/www.welovecycling.com\/cs\/wp-json\/wp\/v2\/comments?post=13086"}],"version-history":[{"count":2,"href":"https:\/\/www.welovecycling.com\/cs\/wp-json\/wp\/v2\/posts\/13086\/revisions"}],"predecessor-version":[{"id":13096,"href":"https:\/\/www.welovecycling.com\/cs\/wp-json\/wp\/v2\/posts\/13086\/revisions\/13096"}],"wp:featuredmedia":[{"embeddable":true,"href":"https:\/\/www.welovecycling.com\/cs\/wp-json\/wp\/v2\/media\/13091"}],"wp:attachment":[{"href":"https:\/\/www.welovecycling.com\/cs\/wp-json\/wp\/v2\/media?parent=13086"}],"wp:term":[{"taxonomy":"category","embeddable":true,"href":"https:\/\/www.welovecycling.com\/cs\/wp-json\/wp\/v2\/categories?post=13086"},{"taxonomy":"post_tag","embeddable":true,"href":"https:\/\/www.welovecycling.com\/cs\/wp-json\/wp\/v2\/tags?post=13086"},{"taxonomy":"global-categories","embeddable":true,"href":"https:\/\/www.welovecycling.com\/cs\/wp-json\/wp\/v2\/global-categories?post=13086"}],"curies":[{"name":"wp","href":"https:\/\/api.w.org\/{rel}","templated":true}]}}