{"id":13072,"date":"2021-06-02T09:00:25","date_gmt":"2021-06-02T07:00:25","guid":{"rendered":"https:\/\/www.welovecycling.com\/cs\/?p=13072"},"modified":"2021-06-01T23:26:53","modified_gmt":"2021-06-01T21:26:53","slug":"alena-zarybnicka-nemam-rada-kopce-pritom-ziju-v-krkonosich-a-miluju-alpy","status":"publish","type":"post","link":"https:\/\/www.welovecycling.com\/cs\/2021\/06\/02\/alena-zarybnicka-nemam-rada-kopce-pritom-ziju-v-krkonosich-a-miluju-alpy\/","title":{"rendered":"Alena Z\u00e1rybnick\u00e1: Nem\u00e1m r\u00e1da kopce, p\u0159itom \u017eiju v Krkono\u0161\u00edch a miluju Alpy"},"content":{"rendered":"<p><strong>Miluje hory. K\u00a0tomu propadla cyklistice a skialpov\u00e9mu ly\u017eov\u00e1n\u00ed. V\u00a0p\u0159\u00edpad\u011b kola by se l\u00e1ska k\u00a0horsk\u00fdm \u0161t\u00edt\u016fm mohla zd\u00e1t jako neslu\u010diteln\u00e1. Ale jednapades\u00e1tilet\u00e1 moder\u00e1torka Alena Z\u00e1rybnick\u00e1 p\u0159esto t\u00e9m\u011b\u0159 ka\u017edou volnou chvilku tr\u00e1v\u00ed pohybem. B\u011bhem letn\u00edch m\u011bs\u00edc\u016f v\u00a0sedle biku. A vyr\u00e1\u017e\u00ed i mimo \u010desk\u00e9 teritorium. V\u0161ak tak vydala knihu Alpami na kole.<\/strong><\/p>\n<h2><strong>Vydala jste publikaci Alpami na kole. Co bylo motivac\u00ed k jej\u00edmu seps\u00e1n\u00ed?<\/strong><\/h2>\n<p>\u017de i \u010dlov\u011bk jako j\u00e1 m\u016f\u017ee v hor\u00e1ch na kole za\u017e\u00edvat neuv\u011b\u0159itelnou euforii. I ve zn\u00e1m\u00fdch horsk\u00fdch st\u0159edisc\u00edch jsou trasy, na nich\u017e b\u011bhem dne nepotk\u00e1te nikoho. Navzdory boomu cyklistiky \u2013 bik\u016f i elektrokol \u2013 se najdou m\u00edsta, kter\u00e1 si u\u017eijete sami a v klidu. A\u0165 u\u017e jsou to v\u011bhlasn\u00e1 \u201ezimoviska\u201c, kter\u00e1 maj\u00ed sv\u00e9 utajen\u00e9 perli\u010dky nebo lokality m\u00e9n\u011b zn\u00e1m\u00e9, bikery objevovan\u00e9 postupn\u011b. A co hlavn\u011b \u2013 v\u0161echno se to i bez n\u00e1ro\u010dn\u00e9ho tr\u00e9ninku zvl\u00e1dnout d\u00e1. Jen je t\u0159eba vyrazit t\u0159eba o chvilku d\u0159\u00edv a nechat si v\u00edc \u010dasu, aby se \u010dlov\u011bk nemusel tak \u0161tv\u00e1t.<\/p>\n<h2><strong>Co v\u0161echno kniha obsahuje?<\/strong><\/h2>\n<p>Jedn\u00e1 se o cesty za posledn\u00edch dvan\u00e1ct let. Pro\u010d jsem to v\u0161echno dala do kupy? Cht\u011bla jsem \u0159\u00edct, \u017ee se kola v\u00a0Alp\u00e1ch nen\u00ed t\u0159eba b\u00e1t. V\u0161ude se najdou trasy i pro n\u00e1s v\u011bkem zral\u00e9, a ne zcela sportovn\u00ed typy. Ale co je pro \u010dten\u00e1\u0159e d\u016fle\u017eit\u00e9, aspo\u0148 si mysl\u00edm, ka\u017edou trasu si m\u016f\u017eete pomoc\u00ed QR-k\u00f3du nahr\u00e1t do navigace \u010di chytr\u00e9ho telefonu. A to z\u00e1sadn\u011b usnadn\u00ed orientaci na cest\u011b. Zabloud\u00edte-li, navede v\u00e1s mobil \u010di navigace na spr\u00e1vnou cestu, chcete-li si trasu d\u016fkladn\u011b studovat p\u0159edem, m\u016f\u017eete si ji v\u00a0mapov\u00fdch aplikac\u00edch prohl\u00ed\u017eet a t\u0159eba i doladit podle sv\u00e9ho. Zkr\u00e1tka sta\u010d\u00ed jen p\u00e1r kliknut\u00ed a sv\u00e9ho navig\u00e1tora a pr\u016fvodce si povezete s\u00a0sebou.<\/p>\n<figure id=\"attachment_13071\" aria-describedby=\"caption-attachment-13071\" style=\"width: 1920px\" class=\"wp-caption alignnone\"><a href=\"https:\/\/d2p6e6u75xmxt8.cloudfront.net\/13\/2021\/05\/zarybnicka-scaled.jpg\"><img loading=\"lazy\" decoding=\"async\" class=\"size-extra-large wp-image-13071\" src=\"https:\/\/d2p6e6u75xmxt8.cloudfront.net\/13\/2021\/05\/zarybnicka-1920x1440.jpg\" alt=\"Alena Z\u00e1rybnick\u00e1 v sedle kola, kter\u00e9 je jej\u00ed obrovskou v\u00e1\u0161n\u00ed. \" width=\"1920\" height=\"1440\" \/><\/a><figcaption id=\"caption-attachment-13071\" class=\"wp-caption-text\"><em>Alena Z\u00e1rybnick\u00e1 v sedle kola, kter\u00e9 je jej\u00ed obrovskou v\u00e1\u0161n\u00ed.<\/em><\/figcaption><\/figure>\n<h2><strong>Da\u0159\u00ed se skloubit cyklistiku s pracovn\u00edm vyt\u00ed\u017een\u00edm a psan\u00edm knih?<\/strong><\/h2>\n<p>Kdy\u017e jsem knihu dokon\u010dovala, vl\u00e1dla za okny par\u00e1dn\u00ed zima, hory byly pr\u00e1zdn\u00e9 a j\u00e1 ob\u010das up\u0159\u00edmn\u011b litovala, \u017ee nem\u00e1m \u010das vyb\u011bhnout ven na skialp. Kdy\u017e se \u0159e\u0161ila v\u00fdsledn\u00e1 podoba, grafika, QR-k\u00f3dy a dal\u0161\u00ed detaily, bylo to venku na ly\u017ee i na kolo \u2013 tedy je\u0161t\u011b v\u00edc l\u00e1kadel najednou. Zkou\u0161ela jsem st\u0159\u00eddat v\u00a0krat\u0161\u00edch intervalech pohyb a pr\u00e1ci \u2013 to se moc neosv\u011bd\u010dilo. K\u00a0tomu moje milovan\u00e9 po\u010das\u00ed v\u00a0televizi, rozhlas\u2026 Moc jsem toho nenaspala. Ale zase \u010dlov\u011bk nem\u00e1 \u010das p\u0159em\u00fd\u0161let o hloupostech. A zbyte\u010dn\u011b \u0159e\u0161it to, co se stejn\u011b vy\u0159e\u0161\u00ed samo\u2026<\/p>\n<div class=\"shortcode-ys-post-pinup\"><article class=\"loop-simple post-12308 post type-post status-publish format-standard has-post-thumbnail hentry category-silnicni-cyklistika tag-cyklistika tag-jan-ullrich tag-jiri-zenisek tag-silnicni-cyklistika tag-t-mobile tag-tomas-konecny tag-tufo-prostejov tag-zdravi-a-trenink global-categories-cycling\" data-postid=\"12308\" role=\"article\" data-post-id=\"12308\" data-word-count=\"1565\" data-headline-length=\"92\" data-category=\"Silni\u010dn\u00ed cyklistika\" data-global-category=\"Cycling\" data-author=\"Jan Kr\u016fta\" data-published=\"2021-04-10T13:00:04+02:00\" data-published-day=\"Saturday\">\n    <div class=\"entry-thumbnail article-thumbnail\" content=\"https:\/\/d2p6e6u75xmxt8.cloudfront.net\/13\/2021\/04\/konecny-michal-cerveny-150x150.webp\"><a href=\"https:\/\/www.welovecycling.com\/cs\/2021\/04\/10\/tomas-konecny-nebylo-to-tak-ze-vsichni-povinne-neco-museli-brat\/\" class=\"image-holder\" target=\"_self\"><img decoding=\"async\" loading=\"lazy\" class=\"\" src=\"https:\/\/d2p6e6u75xmxt8.cloudfront.net\/13\/2021\/04\/konecny-michal-cerveny-1024x683.webp\" srcset=\"https:\/\/d2p6e6u75xmxt8.cloudfront.net\/13\/2021\/04\/konecny-michal-cerveny.webp 1600w, https:\/\/d2p6e6u75xmxt8.cloudfront.net\/13\/2021\/04\/konecny-michal-cerveny-300x200.webp 300w, https:\/\/d2p6e6u75xmxt8.cloudfront.net\/13\/2021\/04\/konecny-michal-cerveny-1024x683.webp 1024w, https:\/\/d2p6e6u75xmxt8.cloudfront.net\/13\/2021\/04\/konecny-michal-cerveny-768x512.webp 768w, https:\/\/d2p6e6u75xmxt8.cloudfront.net\/13\/2021\/04\/konecny-michal-cerveny-1536x1024.webp 1536w, https:\/\/d2p6e6u75xmxt8.cloudfront.net\/13\/2021\/04\/konecny-michal-cerveny-272x182.webp 272w\" width=\"1024\" height=\"683\" sizes=\"auto, (min-width: 1200px) 300px, (min-width: 768px) 25vw, 100vw\" alt=\"tomas-konecny-nebylo-to-tak-ze-vsichni-povinne-neco-museli-brat\"\/><\/a><\/div>    <div class=\"entry-meta\">\n        <a class=\"label label-secondary post-category\" href=\"https:\/\/www.welovecycling.com\/cs\/category\/silnicni-cyklistika\/\" title=\"Silni\u010dn\u00ed cyklistika\">Silni\u010dn\u00ed cyklistika<\/a>\n    <\/div>\n    <div class=\"entry-details\">\n        <a href=\"https:\/\/www.welovecycling.com\/cs\/2021\/04\/10\/tomas-konecny-nebylo-to-tak-ze-vsichni-povinne-neco-museli-brat\/\" class='entry-title-wrapper'>\n            <h3 class=\"entry-title\"><span>Tom\u00e1\u0161 Kone\u010dn\u00fd: K dopingu nikdo nikoho nenutil. J\u00e1 se na sebe m\u016f\u017eu do zrcadla pod\u00edvat<\/span><\/h3>\n        <\/a>\n    <\/div>\n    <\/article>\n<\/div>\n<h2><strong>Hl\u00edd\u00e1te jako meteorolo\u017eka n\u011bjakou teplotn\u00ed hranici, kdy u\u017e na kolo nesednete?<\/strong><\/h2>\n<p>Sp\u00ed\u0161 se boj\u00edm vedra. Ale t\u0159eba ve Slovinsku jsem sama sebe p\u0159ekvapila, co vlastn\u011b je\u0161t\u011b snesu \u2013 jen je t\u0159eba prost\u011b jet a nezastavovat. Vliv v\u011btru a rychlost j\u00edzdy na pocitovou teplotu je empiricky prov\u011b\u0159en\u00fd fakt, nikoliv jen such\u00fd fyzik\u00e1ln\u00ed vzore\u010dek. A se zimou se d\u00e1 pracovat! N\u00e1vleky na boty vyhod\u00edm z batohu jen na p\u00e1r m\u011bs\u00edc\u016f, p\u00e9\u0159ovku nech\u00e1v\u00e1m v\u011bt\u0161inou i p\u0159es l\u00e9to. P\u0159eci jen na ka\u017ed\u00fdch 100 v\u00fd\u0161kov\u00fdch metr\u016f je to p\u016fl a\u017e stupe\u0148 v teplot\u011b dol\u016f, tak\u017ee pro\u010d se t\u0159\u00e1st zimou cestou z kopce, kdy\u017e t\u011bch p\u00e1r deka pe\u0159\u00ed batoh uveze.<\/p>\n<h2><strong>M\u00e1te rad\u0161i horsk\u00e9 kolo nebo silni\u010dn\u00ed?<\/strong><\/h2>\n<p>Ur\u010dit\u011b hor\u00e1ka. Vratk\u00e9 a smekav\u00e9 silni\u010dky \u2013 to nen\u00ed nic pro m\u011b. Pot\u0159ebuji stabilitu. A\u017e si \u0159\u00edk\u00e1m, jestli pomalu nezraji ke t\u0159\u00edkolce! A tady u n\u00e1s v Krkono\u0161\u00edch, v\u00a0kraji kopcovit\u00e9m a \u0161otolinov\u00e9m, se m\u016f\u017eu aspo\u0148 vymlouvat, \u017ee tu nejsou vhodn\u00e9 trasy. I kdy\u017e t\u0159eba tradi\u010dn\u00ed \u0160pindlerovka \u2013 to je zdej\u0161\u00ed silni\u010d\u00e1\u0159sk\u00e1 klasika. Ale kdy\u017e se chcete vr\u00e1tit dol\u016f jinudy? To u\u017e chce horsk\u00e9 kolo.<\/p>\n<p><a href=\"https:\/\/d2p6e6u75xmxt8.cloudfront.net\/13\/2021\/05\/zarybnicka-5-scaled.jpg\"><img loading=\"lazy\" decoding=\"async\" class=\"alignnone size-extra-large wp-image-13070\" src=\"https:\/\/d2p6e6u75xmxt8.cloudfront.net\/13\/2021\/05\/zarybnicka-5-1920x1259.jpg\" alt=\"\" width=\"1920\" height=\"1259\" \/><\/a><\/p>\n<h2><strong>Bydl\u00edte ve \u0160pindlerov\u011b Ml\u00fdn\u011b, kam v\u00a0bl\u00edzkosti domova r\u00e1da jezd\u00edte na kole?<\/strong><\/h2>\n<p>Z\u00e1le\u017e\u00ed na ro\u010dn\u00edm obdob\u00ed. B\u011bhem \u010dasn\u00e9ho jara je tady u n\u00e1s ve \u0160pindlu profr\u00e9zovan\u00e1 jen pr\u00e1v\u011b ta cesta do Slezsk\u00e9ho sedla na \u0160pindlerovku. Postupn\u011b se d\u00e1 jezdit po n\u00ed\u017ee polo\u017een\u00fdch traverzov\u00fdch cest\u00e1ch, kter\u00e9 vedou k chat\u00e1m. A jako posledn\u00ed b\u00fdv\u00e1 pr\u016fjezdn\u00fd t\u0159eba Labsk\u00fd d\u016fl nebo \u00fadol\u00ed B\u00edl\u00e9ho Labe. Letos se tam nedalo bez sn\u011bhu v tretr\u00e1ch projet ani v polovin\u011b kv\u011btna. Pr\u00e1v\u011b tady po okol\u00ed \u0160pindlu to m\u00e1m nejrad\u011bji \u2013 je to prost\u011b nejbl\u00ed\u017e a m\u016f\u017eu vyrazit \u010dist\u011b podle toho, kolik m\u00e1m \u010dasu. Rovinek si tady moc neu\u017eijeme \u2013 a to jsme vlastn\u011b taky sou\u010d\u00e1st \u201ePolab\u00ed\u201c. Ale samoz\u0159ejm\u011b, sta\u010d\u00ed sjet dol\u016f do Vrchlab\u00ed a nab\u00edz\u00ed se spousta cest \u2013 v\u00fd\u0161lapy jsou tam ale daleko krat\u0161\u00ed. Je ot\u00e1zkou vkusu, jestli se n\u011bkdo rad\u011bji \u201ehoupe\u201c po 50 a\u017e 100metrov\u00fdch kope\u010dc\u00edch nebo si sp\u00ed\u0161 d\u00e1 jeden dlouh\u00fd v\u00fdjezd a sjezd. Oboj\u00ed je mo\u017en\u00e9.<\/p>\n<h2><strong>Kter\u00e9 dal\u0161\u00ed cyklistick\u00e9 regiony m\u00e1te r\u00e1da?<\/strong><\/h2>\n<p>Nem\u00e1m r\u00e1da kopce, p\u0159itom \u017eiji v Krkono\u0161\u00edch a miluju Alpy. Tak\u017ee tro\u0161ku schizofrenie! Zkou\u0161\u00edm naj\u00edt panoramata za m\u00e1lo \u00fasil\u00ed. A \u017ee jsou! T\u0159eba nad Livignem. Z Arnogy k jezer\u016fm Cancano a San Giacomo di Fraele. Je to 45 kilometr\u016f s p\u0159ev\u00fd\u0161en\u00edm n\u011bco p\u0159es 350 metr\u016f a v\u00fdhledy nejen na Bormio a okoln\u00ed t\u0159\u00edtis\u00edcovky, ale t\u0159eba i na Ortler a Cevedale. Kousek je to na Stelvio \u2013 kdyby se n\u011bkdo nudil. Ale obecn\u011b, Ji\u017en\u00ed Tyrolsko, Tyrolsko, \u0160v\u00fdcarsko\u2026. Nen\u00ed v Alp\u00e1ch m\u00edsto, kam bych necht\u011bla jet! Jen na to m\u00edt \u010das, teda aspo\u0148 trochu v\u00edc \u010dasu.<\/p>\n<h2><strong>Kolik kilometr\u016f vlastn\u011b ro\u010dn\u011b najezd\u00edte?<\/strong><\/h2>\n<p>V\u016fbec netu\u0161\u00edm! Nevedu si \u017e\u00e1dn\u00fd p\u0159ehled. Tady v\u00a0kopc\u00edch bychom to m\u011bli br\u00e1t sp\u00ed\u0161 na v\u00fd\u0161kov\u00e9 metry, ne? Pravda, ob\u010das na m\u011b n\u011bjak\u00e1 statistika vypadne z\u00a0hodinek \u010di na Strav\u011b. Ale nijak se s\u00a0t\u00edm ani nestresuji ani nemotivuji. Ve v\u0161ech t\u011bchto \u00fadaj\u00edch mi chyb\u00ed to pro m\u011b nejd\u016fle\u017eit\u011bj\u0161\u00ed\u2026 Jak\u00fdsi koeficient radosti. Zohled\u0148oval by panoramata, spolujezdce, ob\u010derstven\u00ed, v\u016fli vyjet, i kdy\u017e se \u010dlov\u011bku nechce\u2026. V\u0161emo\u017en\u00e9 aplikace se m\u011b sice po zaznamen\u00e1n\u00ed trasy na n\u011bjak\u00fd pocit ptaj\u00ed, ale ten vyjad\u0159uje, jak se c\u00edt\u00edm po tr\u00e9ninku a hl\u00edd\u00e1, abychom se nep\u0159etr\u00e9novali a nedo\u0161lo k\u00a0celkov\u00e9mu vy\u010derp\u00e1n\u00ed. Jen\u017ee j\u00e1 si pod pojmem \u201epocit\u201c p\u0159edstavuji \u00fapln\u011b n\u011bco jin\u00e9ho. Nejsem sportovec!<\/p>\n<figure id=\"attachment_13067\" aria-describedby=\"caption-attachment-13067\" style=\"width: 1920px\" class=\"wp-caption alignnone\"><a href=\"https:\/\/d2p6e6u75xmxt8.cloudfront.net\/13\/2021\/05\/zarybnicka-2-scaled.jpg\"><img loading=\"lazy\" decoding=\"async\" class=\"size-extra-large wp-image-13067\" src=\"https:\/\/d2p6e6u75xmxt8.cloudfront.net\/13\/2021\/05\/zarybnicka-2-1920x1280.jpg\" alt=\"Alena Z\u00e1rybnick\u00e1\" width=\"1920\" height=\"1280\" \/><\/a><figcaption id=\"caption-attachment-13067\" class=\"wp-caption-text\"><em>Alena Z\u00e1rybnick\u00e1 si zamilovala pozn\u00e1v\u00e1n\u00ed alpsk\u00fdch masiv\u016f v sedle kola.<\/em><\/figcaption><\/figure>\n<h2><strong>Vybav\u00ed se v\u00e1m, kdy <\/strong><strong>jste<\/strong><strong> s cyklistikou za\u010dala? <\/strong><\/h2>\n<p>Tat\u00ednek se pokou\u0161el nau\u010dit m\u011b jezdit na kole hned, jak to \u0161lo, jako malou holku. Pamatujete si, jak se k zadn\u00edmu kolu p\u0159id\u011bl\u00e1vala takov\u00e1 ta pomocn\u00e1 kole\u010dka? Ani nev\u00edm, jak se jim vlastn\u011b \u0159\u00edkalo. Postupn\u011b se dala zvedat, st\u00e1vala se men\u0161\u00ed oporou, a\u017e jednou nebylo pot\u0159eba je pou\u017e\u00edvat. Na tenhle moment si pamatuji naprosto jasn\u011b.<\/p>\n<div class=\"shortcode-ys-post-pinup\"><article class=\"loop-simple post-12693 post type-post status-publish format-standard has-post-thumbnail hentry category-https-www-welovecycling-com-cs-category-zabava tag-amanda-cokerova tag-bobby-root tag-christoph-strasser tag-craig-cannon tag-ctyriadvacetihodinovka tag-cyklisticke-rekordy tag-cyklistika tag-daniel-polman tag-everesting tag-horska-cyklistika tag-ian-walker tag-kurt-searvogel tag-mark-beaumont tag-rekordy tag-silnicni-cyklistika tag-stanislav-verstovsek tag-trenink tag-victor-campenaerts tag-vittoria-bussiova global-categories-cycling\" data-postid=\"12693\" role=\"article\" data-post-id=\"12693\" data-word-count=\"538\" data-headline-length=\"83\" data-category=\"Z\u00c1BAVA\" data-global-category=\"Cycling\" data-author=\"Adam Bouda\" data-published=\"2021-05-14T12:00:44+02:00\" data-published-day=\"Friday\">\n    <div class=\"entry-thumbnail article-thumbnail\" content=\"https:\/\/d2p6e6u75xmxt8.cloudfront.net\/13\/2020\/11\/Indurain-pinarello-profimedia-0397932073-150x150.webp\"><a href=\"https:\/\/www.welovecycling.com\/cs\/2021\/05\/14\/neuveritelne-cyklisticke-rekordy-nejrychlejsi-nejdelsi-nejsilenejsi\/\" class=\"image-holder\" target=\"_self\"><img decoding=\"async\" loading=\"lazy\" class=\"\" src=\"https:\/\/d2p6e6u75xmxt8.cloudfront.net\/13\/2020\/11\/Indurain-pinarello-profimedia-0397932073-1024x656.webp\" srcset=\"https:\/\/d2p6e6u75xmxt8.cloudfront.net\/13\/2020\/11\/Indurain-pinarello-profimedia-0397932073.webp 1800w, https:\/\/d2p6e6u75xmxt8.cloudfront.net\/13\/2020\/11\/Indurain-pinarello-profimedia-0397932073-300x192.webp 300w, https:\/\/d2p6e6u75xmxt8.cloudfront.net\/13\/2020\/11\/Indurain-pinarello-profimedia-0397932073-1024x656.webp 1024w, https:\/\/d2p6e6u75xmxt8.cloudfront.net\/13\/2020\/11\/Indurain-pinarello-profimedia-0397932073-768x492.webp 768w, https:\/\/d2p6e6u75xmxt8.cloudfront.net\/13\/2020\/11\/Indurain-pinarello-profimedia-0397932073-1536x984.webp 1536w\" width=\"1024\" height=\"656\" sizes=\"auto, (min-width: 1200px) 312px, (min-width: 768px) 26vw, 100vw\" alt=\"neuveritelne-cyklisticke-rekordy-nejrychlejsi-nejdelsi-nejsilenejsi\"\/><\/a><\/div>    <div class=\"entry-meta\">\n        <a class=\"label label-secondary post-category\" href=\"https:\/\/www.welovecycling.com\/cs\/category\/https-www-welovecycling-com-cs-category-zabava\/\" title=\"Z\u00c1BAVA\">Z\u00c1BAVA<\/a>\n    <\/div>\n    <div class=\"entry-details\">\n        <a href=\"https:\/\/www.welovecycling.com\/cs\/2021\/05\/14\/neuveritelne-cyklisticke-rekordy-nejrychlejsi-nejdelsi-nejsilenejsi\/\" class='entry-title-wrapper'>\n            <h3 class=\"entry-title\"><span>Neuv\u011b\u0159iteln\u00e9 cyklistick\u00e9 rekordy: nejrychlej\u0161\u00ed, nejdel\u0161\u00ed, nej\u0161\u00edlen\u011bj\u0161\u00ed<\/span><\/h3>\n        <\/a>\n    <\/div>\n    <\/article>\n<\/div>\n<h2><strong>Vzpom\u00edn\u00e1te r\u00e1da na n\u011bjak\u00e9 kolo?<\/strong><\/h2>\n<p>Jako prvn\u00ed m\u011b napadlo kolo, na kter\u00e9 vzpom\u00edn\u00e1m nerada. P\u0159esto\u017ee bylo vysn\u011bn\u00e9 a dlouho jsem na n\u011bj \u010dekala: st\u0159\u00edbrn\u00e1 skl\u00e1da\u010dka Eska. Dlouho jsem si ho p\u0159\u00e1la! Pak jsem si jednou \u0161patn\u011b zaklapla ten skl\u00e1dac\u00ed mechanismus, najela na obrubn\u00edk a dala si na budku\u2026 Od t\u00e9 doby jsem si ten mechanismus dost hl\u00eddala. Opravdu r\u00e1da vzpom\u00edn\u00e1m na prvn\u00ed po\u0159\u00e1dn\u00e9 kolo \u2013 na prvn\u00ed celop\u00e9ro! To byl posun \u2013 z\u00a0trabanta do me\u010f\u00e1ku!<\/p>\n<p><strong>Alena Z\u00e1rybnick\u00e1<\/strong><\/p>\n<p>Poch\u00e1z\u00ed z Prahy, ale l\u00e1ska k hor\u00e1m ji p\u0159im\u011bla \u017e\u00edt v Krkono\u0161\u00edch. Vystudovala Katedru fyziky atmosf\u00e9ry Matematicko-fyzik\u00e1ln\u00ed fakulty Univerzity Karlovy v Praze a od roku 1996 pracuje v \u010cesk\u00e9 televizi jako meteorolo\u017eka, moder\u00e1torka a dramaturgyn\u011b. Od roku 2015 moderuje v \u010cesk\u00e9m rozhlase po\u0159ad Z\u00e1lety Aleny Z\u00e1rybnick\u00e9. Pod\u00edlela se tak\u00e9 na nat\u00e1\u010den\u00ed seri\u00e1lu Na skialpech p\u0159es hory.<\/p>\n","protected":false},"excerpt":{"rendered":"<p>Miluje hory. K\u00a0tomu propadla cyklistice a skialpov\u00e9mu ly\u017eov\u00e1n\u00ed. V\u00a0p\u0159\u00edpad\u011b kola by se l\u00e1ska k\u00a0horsk\u00fdm \u0161t\u00edt\u016fm mohla zd\u00e1t jako neslu\u010diteln\u00e1. Ale [&hellip;]<\/p>\n","protected":false},"author":138,"featured_media":13069,"comment_status":"open","ping_status":"open","sticky":false,"template":"","format":"standard","meta":{"footnotes":""},"categories":[5],"tags":[1664,1666,1665,126,56,1440,27,28,43],"global-categories":[411],"class_list":["post-13072","post","type-post","status-publish","format-standard","has-post-thumbnail","hentry","category-zeny","tag-alena-zarybnicka","tag-alpami-na-kole","tag-alpy","tag-cyklistika","tag-horska-cyklistika","tag-krkonose","tag-trenink","tag-zdravi","tag-zeny","global-categories-cycling"],"yoast_head":"<!-- This site is optimized with the Yoast SEO Premium plugin v25.3 (Yoast SEO v25.9) - https:\/\/yoast.com\/wordpress\/plugins\/seo\/ -->\n<title>Alena Z\u00e1rybnick\u00e1: Nem\u00e1m r\u00e1da kopce, p\u0159itom \u017eiju v Krkono\u0161\u00edch a miluju Alpy | \u0160koda We Love Cycling - \u010cesk\u00e1 republika<\/title>\n<meta name=\"description\" content=\"Alena Z\u00e1rybnick\u00e1 miluje hory. A sna\u017e\u00ed se je pozn\u00e1vat v sedle kola. Nyn\u00ed vydala knihu, kde ukazuje, \u017ee nen\u00ed d\u016fvod se b\u00e1t ani alpsk\u00fdch \u0161t\u00edt\u016f.\" \/>\n<meta name=\"robots\" content=\"index, follow, max-snippet:-1, max-image-preview:large, max-video-preview:-1\" \/>\n<link rel=\"canonical\" href=\"https:\/\/www.welovecycling.com\/cs\/2021\/06\/02\/alena-zarybnicka-nemam-rada-kopce-pritom-ziju-v-krkonosich-a-miluju-alpy\/\" \/>\n<meta property=\"og:locale\" content=\"cs_CZ\" \/>\n<meta property=\"og:type\" content=\"article\" \/>\n<meta property=\"og:title\" content=\"Alena Z\u00e1rybnick\u00e1: Nem\u00e1m r\u00e1da kopce, p\u0159itom \u017eiju v Krkono\u0161\u00edch a miluju Alpy\" \/>\n<meta property=\"og:description\" content=\"Alena Z\u00e1rybnick\u00e1 miluje hory. A sna\u017e\u00ed se je pozn\u00e1vat v sedle kola. Nyn\u00ed vydala knihu, kde ukazuje, \u017ee nen\u00ed d\u016fvod se b\u00e1t ani alpsk\u00fdch \u0161t\u00edt\u016f.\" \/>\n<meta property=\"og:url\" content=\"https:\/\/www.welovecycling.com\/cs\/2021\/06\/02\/alena-zarybnicka-nemam-rada-kopce-pritom-ziju-v-krkonosich-a-miluju-alpy\/\" \/>\n<meta property=\"og:site_name\" content=\"\u0160koda We Love Cycling - \u010cesk\u00e1 republika\" \/>\n<meta property=\"article:published_time\" content=\"2021-06-02T07:00:25+00:00\" \/>\n<meta property=\"og:image\" content=\"https:\/\/d2p6e6u75xmxt8.cloudfront.net\/13\/2021\/05\/zarybnicka-4-scaled.webp\" \/>\n\t<meta property=\"og:image:width\" content=\"2560\" \/>\n\t<meta property=\"og:image:height\" content=\"1636\" \/>\n\t<meta property=\"og:image:type\" content=\"image\/webp\" \/>\n<meta name=\"author\" content=\"radekmalina\" \/>\n<meta name=\"twitter:card\" content=\"summary_large_image\" \/>\n<meta name=\"twitter:label1\" content=\"Written by\" \/>\n\t<meta name=\"twitter:data1\" content=\"Adam Bouda\" \/>\n\t<meta name=\"twitter:label2\" content=\"Est. reading time\" \/>\n\t<meta name=\"twitter:data2\" content=\"6\" \/>\n<script type=\"application\/ld+json\" class=\"yoast-schema-graph\">{\"@context\":\"https:\/\/schema.org\",\"@graph\":[{\"@type\":\"WebPage\",\"@id\":\"https:\/\/www.welovecycling.com\/cs\/2021\/06\/02\/alena-zarybnicka-nemam-rada-kopce-pritom-ziju-v-krkonosich-a-miluju-alpy\/\",\"url\":\"https:\/\/www.welovecycling.com\/cs\/2021\/06\/02\/alena-zarybnicka-nemam-rada-kopce-pritom-ziju-v-krkonosich-a-miluju-alpy\/\",\"name\":\"Alena Z\u00e1rybnick\u00e1: Nem\u00e1m r\u00e1da kopce, p\u0159itom \u017eiju v Krkono\u0161\u00edch a miluju Alpy | \u0160koda We Love Cycling - \u010cesk\u00e1 republika\",\"isPartOf\":{\"@id\":\"https:\/\/www.welovecycling.com\/cs\/#website\"},\"primaryImageOfPage\":{\"@id\":\"https:\/\/www.welovecycling.com\/cs\/2021\/06\/02\/alena-zarybnicka-nemam-rada-kopce-pritom-ziju-v-krkonosich-a-miluju-alpy\/#primaryimage\"},\"image\":{\"@id\":\"https:\/\/www.welovecycling.com\/cs\/2021\/06\/02\/alena-zarybnicka-nemam-rada-kopce-pritom-ziju-v-krkonosich-a-miluju-alpy\/#primaryimage\"},\"thumbnailUrl\":\"https:\/\/d2p6e6u75xmxt8.cloudfront.net\/13\/2021\/05\/zarybnicka-4-scaled.webp\",\"datePublished\":\"2021-06-02T07:00:25+00:00\",\"author\":{\"@id\":\"https:\/\/www.welovecycling.com\/cs\/#\/schema\/person\/d9eeb0a378f3a7e4a6d12d2b536b04b8\"},\"description\":\"Alena Z\u00e1rybnick\u00e1 miluje hory. A sna\u017e\u00ed se je pozn\u00e1vat v sedle kola. Nyn\u00ed vydala knihu, kde ukazuje, \u017ee nen\u00ed d\u016fvod se b\u00e1t ani alpsk\u00fdch \u0161t\u00edt\u016f.\",\"inLanguage\":\"cs\",\"potentialAction\":[{\"@type\":\"ReadAction\",\"target\":[\"https:\/\/www.welovecycling.com\/cs\/2021\/06\/02\/alena-zarybnicka-nemam-rada-kopce-pritom-ziju-v-krkonosich-a-miluju-alpy\/\"]}]},{\"@type\":\"ImageObject\",\"inLanguage\":\"cs\",\"@id\":\"https:\/\/www.welovecycling.com\/cs\/2021\/06\/02\/alena-zarybnicka-nemam-rada-kopce-pritom-ziju-v-krkonosich-a-miluju-alpy\/#primaryimage\",\"url\":\"https:\/\/d2p6e6u75xmxt8.cloudfront.net\/13\/2021\/05\/zarybnicka-4-scaled.webp\",\"contentUrl\":\"https:\/\/d2p6e6u75xmxt8.cloudfront.net\/13\/2021\/05\/zarybnicka-4-scaled.webp\",\"width\":2560,\"height\":1636},{\"@type\":\"WebSite\",\"@id\":\"https:\/\/www.welovecycling.com\/cs\/#website\",\"url\":\"https:\/\/www.welovecycling.com\/cs\/\",\"name\":\"\u0160koda We Love Cycling - \u010cesk\u00e1 republika\",\"description\":\"WeLoveCycling.cz je online magaz\u00edn, kter\u00fd v\u00e1m pravideln\u011b p\u0159in\u00e1\u0161\u00ed rady a tipy, zaj\u00edmav\u00e9 \u010dl\u00e1nky, videa a jedine\u010dn\u00e9 report\u00e1\u017ee ze sv\u011bta cyklistiky.\",\"potentialAction\":[{\"@type\":\"SearchAction\",\"target\":{\"@type\":\"EntryPoint\",\"urlTemplate\":\"https:\/\/www.welovecycling.com\/cs\/?s={search_term_string}\"},\"query-input\":{\"@type\":\"PropertyValueSpecification\",\"valueRequired\":true,\"valueName\":\"search_term_string\"}}],\"inLanguage\":\"cs\"},{\"@type\":\"Person\",\"@id\":\"https:\/\/www.welovecycling.com\/cs\/#\/schema\/person\/d9eeb0a378f3a7e4a6d12d2b536b04b8\",\"name\":\"radekmalina\",\"image\":{\"@type\":\"ImageObject\",\"inLanguage\":\"cs\",\"@id\":\"https:\/\/www.welovecycling.com\/cs\/#\/schema\/person\/image\/\",\"url\":\"https:\/\/secure.gravatar.com\/avatar\/66994b632cb8c39a46b9f54afa3ae07201b678d32a54275b6f1c9ffec356bfc0?s=96&d=mm&r=g\",\"contentUrl\":\"https:\/\/secure.gravatar.com\/avatar\/66994b632cb8c39a46b9f54afa3ae07201b678d32a54275b6f1c9ffec356bfc0?s=96&d=mm&r=g\",\"caption\":\"radekmalina\"},\"url\":\"https:\/\/www.welovecycling.com\/cs\/author\/radekmalina\/\"}]}<\/script>\n<!-- \/ Yoast SEO Premium plugin. -->","yoast_head_json":{"title":"Alena Z\u00e1rybnick\u00e1: Nem\u00e1m r\u00e1da kopce, p\u0159itom \u017eiju v Krkono\u0161\u00edch a miluju Alpy | \u0160koda We Love Cycling - \u010cesk\u00e1 republika","description":"Alena Z\u00e1rybnick\u00e1 miluje hory. A sna\u017e\u00ed se je pozn\u00e1vat v sedle kola. Nyn\u00ed vydala knihu, kde ukazuje, \u017ee nen\u00ed d\u016fvod se b\u00e1t ani alpsk\u00fdch \u0161t\u00edt\u016f.","robots":{"index":"index","follow":"follow","max-snippet":"max-snippet:-1","max-image-preview":"max-image-preview:large","max-video-preview":"max-video-preview:-1"},"canonical":"https:\/\/www.welovecycling.com\/cs\/2021\/06\/02\/alena-zarybnicka-nemam-rada-kopce-pritom-ziju-v-krkonosich-a-miluju-alpy\/","og_locale":"cs_CZ","og_type":"article","og_title":"Alena Z\u00e1rybnick\u00e1: Nem\u00e1m r\u00e1da kopce, p\u0159itom \u017eiju v Krkono\u0161\u00edch a miluju Alpy","og_description":"Alena Z\u00e1rybnick\u00e1 miluje hory. A sna\u017e\u00ed se je pozn\u00e1vat v sedle kola. Nyn\u00ed vydala knihu, kde ukazuje, \u017ee nen\u00ed d\u016fvod se b\u00e1t ani alpsk\u00fdch \u0161t\u00edt\u016f.","og_url":"https:\/\/www.welovecycling.com\/cs\/2021\/06\/02\/alena-zarybnicka-nemam-rada-kopce-pritom-ziju-v-krkonosich-a-miluju-alpy\/","og_site_name":"\u0160koda We Love Cycling - \u010cesk\u00e1 republika","article_published_time":"2021-06-02T07:00:25+00:00","og_image":[{"width":2560,"height":1636,"url":"https:\/\/d2p6e6u75xmxt8.cloudfront.net\/13\/2021\/05\/zarybnicka-4-scaled.webp","type":"image\/webp"}],"author":"radekmalina","twitter_card":"summary_large_image","twitter_misc":{"Written by":"Adam Bouda","Est. reading time":"6"},"schema":{"@context":"https:\/\/schema.org","@graph":[{"@type":"WebPage","@id":"https:\/\/www.welovecycling.com\/cs\/2021\/06\/02\/alena-zarybnicka-nemam-rada-kopce-pritom-ziju-v-krkonosich-a-miluju-alpy\/","url":"https:\/\/www.welovecycling.com\/cs\/2021\/06\/02\/alena-zarybnicka-nemam-rada-kopce-pritom-ziju-v-krkonosich-a-miluju-alpy\/","name":"Alena Z\u00e1rybnick\u00e1: Nem\u00e1m r\u00e1da kopce, p\u0159itom \u017eiju v Krkono\u0161\u00edch a miluju Alpy | \u0160koda We Love Cycling - \u010cesk\u00e1 republika","isPartOf":{"@id":"https:\/\/www.welovecycling.com\/cs\/#website"},"primaryImageOfPage":{"@id":"https:\/\/www.welovecycling.com\/cs\/2021\/06\/02\/alena-zarybnicka-nemam-rada-kopce-pritom-ziju-v-krkonosich-a-miluju-alpy\/#primaryimage"},"image":{"@id":"https:\/\/www.welovecycling.com\/cs\/2021\/06\/02\/alena-zarybnicka-nemam-rada-kopce-pritom-ziju-v-krkonosich-a-miluju-alpy\/#primaryimage"},"thumbnailUrl":"https:\/\/d2p6e6u75xmxt8.cloudfront.net\/13\/2021\/05\/zarybnicka-4-scaled.webp","datePublished":"2021-06-02T07:00:25+00:00","author":{"@id":"https:\/\/www.welovecycling.com\/cs\/#\/schema\/person\/d9eeb0a378f3a7e4a6d12d2b536b04b8"},"description":"Alena Z\u00e1rybnick\u00e1 miluje hory. A sna\u017e\u00ed se je pozn\u00e1vat v sedle kola. Nyn\u00ed vydala knihu, kde ukazuje, \u017ee nen\u00ed d\u016fvod se b\u00e1t ani alpsk\u00fdch \u0161t\u00edt\u016f.","inLanguage":"cs","potentialAction":[{"@type":"ReadAction","target":["https:\/\/www.welovecycling.com\/cs\/2021\/06\/02\/alena-zarybnicka-nemam-rada-kopce-pritom-ziju-v-krkonosich-a-miluju-alpy\/"]}]},{"@type":"ImageObject","inLanguage":"cs","@id":"https:\/\/www.welovecycling.com\/cs\/2021\/06\/02\/alena-zarybnicka-nemam-rada-kopce-pritom-ziju-v-krkonosich-a-miluju-alpy\/#primaryimage","url":"https:\/\/d2p6e6u75xmxt8.cloudfront.net\/13\/2021\/05\/zarybnicka-4-scaled.webp","contentUrl":"https:\/\/d2p6e6u75xmxt8.cloudfront.net\/13\/2021\/05\/zarybnicka-4-scaled.webp","width":2560,"height":1636},{"@type":"WebSite","@id":"https:\/\/www.welovecycling.com\/cs\/#website","url":"https:\/\/www.welovecycling.com\/cs\/","name":"\u0160koda We Love Cycling - \u010cesk\u00e1 republika","description":"WeLoveCycling.cz je online magaz\u00edn, kter\u00fd v\u00e1m pravideln\u011b p\u0159in\u00e1\u0161\u00ed rady a tipy, zaj\u00edmav\u00e9 \u010dl\u00e1nky, videa a jedine\u010dn\u00e9 report\u00e1\u017ee ze sv\u011bta cyklistiky.","potentialAction":[{"@type":"SearchAction","target":{"@type":"EntryPoint","urlTemplate":"https:\/\/www.welovecycling.com\/cs\/?s={search_term_string}"},"query-input":{"@type":"PropertyValueSpecification","valueRequired":true,"valueName":"search_term_string"}}],"inLanguage":"cs"},{"@type":"Person","@id":"https:\/\/www.welovecycling.com\/cs\/#\/schema\/person\/d9eeb0a378f3a7e4a6d12d2b536b04b8","name":"radekmalina","image":{"@type":"ImageObject","inLanguage":"cs","@id":"https:\/\/www.welovecycling.com\/cs\/#\/schema\/person\/image\/","url":"https:\/\/secure.gravatar.com\/avatar\/66994b632cb8c39a46b9f54afa3ae07201b678d32a54275b6f1c9ffec356bfc0?s=96&d=mm&r=g","contentUrl":"https:\/\/secure.gravatar.com\/avatar\/66994b632cb8c39a46b9f54afa3ae07201b678d32a54275b6f1c9ffec356bfc0?s=96&d=mm&r=g","caption":"radekmalina"},"url":"https:\/\/www.welovecycling.com\/cs\/author\/radekmalina\/"}]}},"_links":{"self":[{"href":"https:\/\/www.welovecycling.com\/cs\/wp-json\/wp\/v2\/posts\/13072","targetHints":{"allow":["GET"]}}],"collection":[{"href":"https:\/\/www.welovecycling.com\/cs\/wp-json\/wp\/v2\/posts"}],"about":[{"href":"https:\/\/www.welovecycling.com\/cs\/wp-json\/wp\/v2\/types\/post"}],"author":[{"embeddable":true,"href":"https:\/\/www.welovecycling.com\/cs\/wp-json\/wp\/v2\/users\/138"}],"replies":[{"embeddable":true,"href":"https:\/\/www.welovecycling.com\/cs\/wp-json\/wp\/v2\/comments?post=13072"}],"version-history":[{"count":2,"href":"https:\/\/www.welovecycling.com\/cs\/wp-json\/wp\/v2\/posts\/13072\/revisions"}],"predecessor-version":[{"id":13098,"href":"https:\/\/www.welovecycling.com\/cs\/wp-json\/wp\/v2\/posts\/13072\/revisions\/13098"}],"wp:featuredmedia":[{"embeddable":true,"href":"https:\/\/www.welovecycling.com\/cs\/wp-json\/wp\/v2\/media\/13069"}],"wp:attachment":[{"href":"https:\/\/www.welovecycling.com\/cs\/wp-json\/wp\/v2\/media?parent=13072"}],"wp:term":[{"taxonomy":"category","embeddable":true,"href":"https:\/\/www.welovecycling.com\/cs\/wp-json\/wp\/v2\/categories?post=13072"},{"taxonomy":"post_tag","embeddable":true,"href":"https:\/\/www.welovecycling.com\/cs\/wp-json\/wp\/v2\/tags?post=13072"},{"taxonomy":"global-categories","embeddable":true,"href":"https:\/\/www.welovecycling.com\/cs\/wp-json\/wp\/v2\/global-categories?post=13072"}],"curies":[{"name":"wp","href":"https:\/\/api.w.org\/{rel}","templated":true}]}}