{"id":12749,"date":"2021-05-09T07:00:30","date_gmt":"2021-05-09T05:00:30","guid":{"rendered":"https:\/\/www.welovecycling.com\/cs\/?p=12749"},"modified":"2021-05-08T23:51:25","modified_gmt":"2021-05-08T21:51:25","slug":"frantisek-rabon-vzpomina-jak-na-etnu-tlacil-cavendishe-giro-me-omamilo-hned-pri-prvnim-startu","status":"publish","type":"post","link":"https:\/\/www.welovecycling.com\/cs\/2021\/05\/09\/frantisek-rabon-vzpomina-jak-na-etnu-tlacil-cavendishe-giro-me-omamilo-hned-pri-prvnim-startu\/","title":{"rendered":"Franti\u0161ek Rabo\u0148 vzpom\u00edn\u00e1, jak na Etnu tla\u010dil Cavendishe: Giro m\u011b om\u00e1milo hned p\u0159i prvn\u00edm startu!"},"content":{"rendered":"<p><strong>Celkem sedmkr\u00e1t startoval b\u00fdval\u00fd profesion\u00e1ln\u00ed cyklista Franti\u0161ek Rabo\u0148 na Grand Tour, z toho hned p\u011btkr\u00e1t absolvoval Giro di Italia.\u00a0 V\u00a0dres\u016f gigant\u016f tehdej\u0161\u00ed doby, t\u00fdm\u016f T-Mobile nebo HTC- Columbia. Po boku hv\u011bzd prvn\u00ed velikosti kalibru Cavendishe, Ullricha, Wigginse, Gon\u010dara a dal\u0161\u00edch.<\/strong><\/p>\n<p>I kdy\u017e si italskou Grand Tour \u010dasto protrp\u011bl, proto\u017ee jeho \u00fakolem bylo hlavn\u011b pom\u00e1hat, v\u017edy se na start r\u00e1d vracel. \u201ePoka\u017ed\u00e9, kdy\u017e jsem dojel do c\u00edle, byl jsem tak vy\u0159\u00edzen\u00fd, \u017ee jsem si \u0159\u00edkal: U\u017e nikdy. Ale po t\u0159ech dnech doma jsem v\u011bd\u011bl, \u017ee se chci vr\u00e1tit. Je to z\u00e1vod, kter\u00fd mi p\u0159irostl k srdci. Kdy\u017e jsme se za\u010dali bavit o pl\u00e1nech a mo\u017en\u00e9m kalend\u00e1\u0159i na sezonu, v\u017edycky jsem si s\u00e1m \u0159ekl o Giro,\u201c \u0159\u00edk\u00e1 Franti\u0161ek Rabo\u0148 p\u0159ed ned\u011bln\u00edm startem 104. ro\u010dn\u00edku.<\/p>\n<h2><strong>Co se v\u00e1m vybav\u00ed, kdy\u017e se \u0159ekne Giro di Italia?<\/strong><\/h2>\n<p>Je toho spousta. T\u0159eba hned moje prvn\u00ed Giro. P\u0159i\u0161el jsem do T-Mobilu, bylo mi dvaadvacet a hned jsem jel Giro, i kdy\u017e jsem se do nominace dostal a\u017e na posledn\u00ed chv\u00edli. Sestava byla pln\u00e1 hv\u011bzd. Kdy\u017e to \u0159eknu blb\u011b, byli to pro m\u011b kluci, kter\u00e9 jsem znal hlavn\u011b z\u00a0plak\u00e1t\u016f\u2026 A najednou jsem s\u00a0nimi st\u00e1l na startu. To Giro jel tenkr\u00e1t Ullrich, Rogers, Gon\u010dar, v\u0161echno mist\u0159i sv\u011bta v\u00a0\u010dasovce. No a s\u00a0Gon\u010darem m\u011b dali na pokoj: nejmlad\u0161\u00ed a nejstar\u0161\u00ed. Ale hned zkraje jsme zajeli dob\u0159e t\u00fdmovou \u010dasovku, kdy\u017e jsme prohr\u00e1li jen o vte\u0159inu s\u00a0CSC. J\u00e1 jsem ji zvl\u00e1dl tenkr\u00e1t v\u00fdborn\u011b, a nav\u00edc si po n\u00ed obl\u00e9kl m\u016fj spolubydl\u00edc\u00ed Gon\u010dar r\u016f\u017eov\u00fd dres l\u00eddra, tak\u017ee jsem m\u011bl na pokoji maglia rosa.<\/p>\n<figure id=\"attachment_12783\" aria-describedby=\"caption-attachment-12783\" style=\"width: 1920px\" class=\"wp-caption alignnone\"><a href=\"https:\/\/d2p6e6u75xmxt8.cloudfront.net\/13\/2021\/05\/Rabon-BrychtaJan_CP_CSC_TK_Praha_20180323_100813_DSC_9131.jpg\"><img loading=\"lazy\" decoding=\"async\" class=\"size-extra-large wp-image-12783\" src=\"https:\/\/d2p6e6u75xmxt8.cloudfront.net\/13\/2021\/05\/Rabon-BrychtaJan_CP_CSC_TK_Praha_20180323_100813_DSC_9131-1920x1278.jpg\" alt=\"Franti\u0161ek Rabo\u0148, b\u00fdval\u00fd profesion\u00e1l, nyn\u00ed ve slu\u017eb\u00e1ch firmy Kalas. Foto: Jan Brychta (3x)\" width=\"1920\" height=\"1278\" \/><\/a><figcaption id=\"caption-attachment-12783\" class=\"wp-caption-text\"><em>Franti\u0161ek Rabo\u0148, b\u00fdval\u00fd profesion\u00e1l, nyn\u00ed ve slu\u017eb\u00e1ch firmy Kalas. Foto: Jan Brychta (3x)<\/em><\/figcaption><\/figure>\n<h2><strong>\u0158ada lid\u00ed tvrd\u00ed, \u017ee je Giro nejkr\u00e1sn\u011bj\u0161\u00ed Grand Tour. Podepsal byste tohle tvrzen\u00ed?<\/strong><\/h2>\n<p>J\u00e1 si ho zamiloval hned ten prvn\u00ed rok. Italov\u00e9 jsou do cyklistiky bl\u00e1zni, \u017eije t\u00edm cel\u00fd n\u00e1rod. Kamkoliv jsme p\u0159ijeli, c\u00edtil jsem obrovsk\u00fd z\u00e1jem lid\u00ed. J\u00e1 byl pro n\u011b n\u011bjak\u00fd nezn\u00e1m\u00fd Franta Rabo\u0148, ale stejn\u011b se se mnou cht\u011bli fotit. A\u0165 to byli fanou\u0161ci nebo t\u0159eba person\u00e1l v\u00a0hotelu. Za\u017eil jsem si na vlastn\u00ed k\u016f\u017ei, jac\u00ed jsou tifosi, jak to v\u0161ichni pro\u017e\u00edvaj\u00ed. Atmosf\u00e9ra Gira je neopakovateln\u00e1. K\u00a0tomu ta jejich kultura, j\u00eddlo, r\u016f\u017eov\u00e9 noviny, kter\u00e9 z\u00e1vod sponzoruj\u00ed. V\u0161echno to do sebe hezky zapad\u00e1. D\u00e1 se \u0159\u00edct, \u017ee m\u011b Giro u\u017e prvn\u00ed rok om\u00e1milo a jel jsem ho t\u0159ikr\u00e1t za sebou. I kdy\u017e m\u011b to mo\u017en\u00e1 st\u00e1lo ze za\u010d\u00e1tku \u00fa\u010dast na Tour, proto\u017ee u mlad\u00e9ho z\u00e1vodn\u00edka bylo nemysliteln\u00e9, \u017ee byl jel dvojboj Giro, Tour.<\/p>\n<div class=\"shortcode-ys-post-pinup\"><article class=\"loop-simple post-12308 post type-post status-publish format-standard has-post-thumbnail hentry category-silnicni-cyklistika tag-cyklistika tag-jan-ullrich tag-jiri-zenisek tag-silnicni-cyklistika tag-t-mobile tag-tomas-konecny tag-tufo-prostejov tag-zdravi-a-trenink global-categories-cycling\" data-postid=\"12308\" role=\"article\" data-post-id=\"12308\" data-word-count=\"1565\" data-headline-length=\"92\" data-category=\"Silni\u010dn\u00ed cyklistika\" data-global-category=\"Cycling\" data-author=\"Jan Kr\u016fta\" data-published=\"2021-04-10T13:00:04+02:00\" data-published-day=\"Saturday\">\n    <div class=\"entry-thumbnail article-thumbnail\" content=\"https:\/\/d2p6e6u75xmxt8.cloudfront.net\/13\/2021\/04\/konecny-michal-cerveny-150x150.webp\"><a href=\"https:\/\/www.welovecycling.com\/cs\/2021\/04\/10\/tomas-konecny-nebylo-to-tak-ze-vsichni-povinne-neco-museli-brat\/\" class=\"image-holder\" target=\"_self\"><img decoding=\"async\" loading=\"lazy\" class=\"\" src=\"https:\/\/d2p6e6u75xmxt8.cloudfront.net\/13\/2021\/04\/konecny-michal-cerveny-1024x683.webp\" srcset=\"https:\/\/d2p6e6u75xmxt8.cloudfront.net\/13\/2021\/04\/konecny-michal-cerveny.webp 1600w, https:\/\/d2p6e6u75xmxt8.cloudfront.net\/13\/2021\/04\/konecny-michal-cerveny-300x200.webp 300w, https:\/\/d2p6e6u75xmxt8.cloudfront.net\/13\/2021\/04\/konecny-michal-cerveny-1024x683.webp 1024w, https:\/\/d2p6e6u75xmxt8.cloudfront.net\/13\/2021\/04\/konecny-michal-cerveny-768x512.webp 768w, https:\/\/d2p6e6u75xmxt8.cloudfront.net\/13\/2021\/04\/konecny-michal-cerveny-1536x1024.webp 1536w, https:\/\/d2p6e6u75xmxt8.cloudfront.net\/13\/2021\/04\/konecny-michal-cerveny-272x182.webp 272w\" width=\"1024\" height=\"683\" sizes=\"auto, (min-width: 1200px) 300px, (min-width: 768px) 25vw, 100vw\" alt=\"tomas-konecny-nebylo-to-tak-ze-vsichni-povinne-neco-museli-brat\"\/><\/a><\/div>    <div class=\"entry-meta\">\n        <a class=\"label label-secondary post-category\" href=\"https:\/\/www.welovecycling.com\/cs\/category\/silnicni-cyklistika\/\" title=\"Silni\u010dn\u00ed cyklistika\">Silni\u010dn\u00ed cyklistika<\/a>\n    <\/div>\n    <div class=\"entry-details\">\n        <a href=\"https:\/\/www.welovecycling.com\/cs\/2021\/04\/10\/tomas-konecny-nebylo-to-tak-ze-vsichni-povinne-neco-museli-brat\/\" class='entry-title-wrapper'>\n            <h3 class=\"entry-title\"><span>Tom\u00e1\u0161 Kone\u010dn\u00fd: K dopingu nikdo nikoho nenutil. J\u00e1 se na sebe m\u016f\u017eu do zrcadla pod\u00edvat<\/span><\/h3>\n        <\/a>\n    <\/div>\n    <\/article>\n<\/div>\n<h2><strong>Vybavuj\u00ed se v\u00e1m vzpom\u00ednky na Giro dodnes?<\/strong><\/h2>\n<p>Spousta. R\u016f\u017eov\u00fd dres jsme m\u011bli i v\u00a0roce 20011, kdy ho na p\u00e1r dn\u00ed obl\u00e9kl Ital Pinotti a j\u00e1 pro n\u011bj hodn\u011b tahal na \u0161pici. Chodil za mnou, stra\u0161n\u011b mi d\u011bkoval. V\u00a0roce 2008 jsme zase m\u011bli dream team \u010dasovk\u00e1\u0159\u016f, sprinter\u016f a rozj\u00ed\u017ed\u011b\u010d\u016f: Cavendish, Greipel, Tony Martin, Wiggins, Pinotti, Hansen\u2026 Semkli jsme se a odj\u00ed\u017ed\u011bli jsme dom\u016f se \u010dty\u0159mi vyhran\u00fdmi etapami\u2026 Byly to kr\u00e1sn\u00e9 chv\u00edle a dodnes m\u00e1m doma v\u00a0pracovn\u011b vystaveny n\u011bkter\u00e9 v\u011bci z\u00a0Gira. V\u0161ech p\u011bt roadbook\u016f, kter\u00e9 z\u00e1vodn\u00edci ka\u017ed\u00fd rok dost\u00e1vaj\u00ed. A je tam i r\u016f\u017eov\u00fd dres.<\/p>\n<figure id=\"attachment_12766\" aria-describedby=\"caption-attachment-12766\" style=\"width: 1800px\" class=\"wp-caption alignnone\"><a href=\"https:\/\/d2p6e6u75xmxt8.cloudfront.net\/13\/2021\/05\/rabon-profimedia-0093724126.jpg\"><img loading=\"lazy\" decoding=\"async\" class=\"size-full wp-image-12766\" src=\"https:\/\/d2p6e6u75xmxt8.cloudfront.net\/13\/2021\/05\/rabon-profimedia-0093724126.jpg\" alt=\"Franti\u0161ek Rabo\u0148 p\u0159i \u010dasovce na italsk\u00e9m Giru v roce 2011.\" width=\"1800\" height=\"1200\" \/><\/a><figcaption id=\"caption-attachment-12766\" class=\"wp-caption-text\">Franti\u0161ek Rabo\u0148 v dresu formace HTC HighRoad p\u0159i \u010dasovce na italsk\u00e9m Giru v roce 2011.<\/figcaption><\/figure>\n<h2><strong>Jak jste p\u0159i\u0161el k\u00a0maglia rosa?<\/strong><\/h2>\n<p>Kdy\u017e jsme b\u011bhem m\u00e9ho posledn\u00edho Gira v roce 2011 vyhr\u00e1li hned na za\u010d\u00e1tku v Tur\u00edn\u011b t\u00fdmovou \u010dasovku, Cavendish \u0161el dal\u0161\u00ed den do r\u016f\u017eov\u00e9ho a od po\u0159adatel\u016f za\u0159\u00eddil r\u016f\u017eov\u00e9 dresy pro cel\u00fd t\u00fdm jako d\u00e1rek. Dodnes ho m\u00e1m schovan\u00fd. D\u00e1 se \u0159\u00edct, \u017ee na tom sv\u00e9m p\u00e1t\u00e9m Giru u\u017e jsem byl celkem maz\u00e1k. Bylo dohodnuto, \u017ee kdy\u017e pojedeme t\u00fdmovou \u010dasovku na v\u00edt\u011bzstv\u00ed, projede c\u00edlem prvn\u00ed Pinotti jako Ital. Ale veden\u00ed t\u00fdmu \u0159eklo, \u017ee kdyby on m\u011bl defekt nebo se mu n\u011bco stalo, tak protnu tu p\u00e1sku jako prvn\u00ed j\u00e1. Toho jsem si v\u00e1\u017eil. Teoreticky jsem mohl j\u00edt do r\u016f\u017eov\u00e9ho j\u00e1\u2026 Jak \u0159\u00edk\u00e1m, vzpom\u00ednek je spousta a dodnes na Giro ned\u00e1m dopustit. Ka\u017ed\u00fd rok ho sleduju, m\u00e1m k n\u011bmu osobn\u011bj\u0161\u00ed vztah.<\/p>\n<h2><strong>Taky se \u0159\u00edk\u00e1, \u017ee je Giro z t\u011bch t\u0159\u00ed Grand Tour nejt\u011b\u017e\u0161\u00ed.<\/strong><\/h2>\n<p>Nikdy jsem nejel Tour de France, tak\u017ee to \u00fapln\u011b nem\u016f\u017eu srovn\u00e1vat, ale v\u011bt\u0161inu kopc\u016f z Tour jsem t\u0159eba absolvoval p\u0159i Dauphin\u00e9, tak\u017ee je zn\u00e1m. Na Giru jsou ty etapy \u010dasto extr\u00e9mn\u011b dlouh\u00e9 a n\u00e1ro\u010dn\u00e9. Tour je nejt\u011b\u017e\u0161\u00ed v tom, \u017ee v\u0161ichni p\u0159ijedou extr\u00e9mn\u011b p\u0159ipraveni. Giro t\u0159eba n\u011bkte\u0159\u00ed sprinte\u0159i m\u016f\u017eou br\u00e1t jako p\u0159\u00edpravu k Tour a po deseti dnech ho zabal\u00ed. Ale kdy\u017e se vr\u00e1t\u00edm k t\u00e9 n\u00e1ro\u010dnosti, tak mi kopce na Giru p\u0159ipadaj\u00ed asi nejtvrd\u0161\u00ed a jsou prud\u0161\u00ed ne\u017e francouzsk\u00e9.<\/p>\n<h2><strong>Jak\u00e9 stoup\u00e1n\u00ed je podle v\u00e1s v\u016fbec nejt\u011b\u017e\u0161\u00ed?<\/strong><\/h2>\n<p>Vylo\u017een\u011b jedno asi nem\u00e1m. N\u011bkdo \u0159\u00edk\u00e1 Zoncolan. Je prudk\u00fd, ale ne tak dlouh\u00fd. J\u00e1 ho za\u017eil dvakr\u00e1t. Jednou jsme ho jeli po 130 kilometrech, tak\u017ee ke stoup\u00e1n\u00ed p\u0159ijel \u010dlov\u011bk relativn\u011b odpo\u010dat\u00fd. Ale jednou tam kon\u010dila etapa a po 210 kilometrech n\u011bkte\u0159\u00ed kluci tla\u010dili kolo a \u0161li p\u011b\u0161ky. Ukrutn\u00e1 st\u011bna je Passo Giau nebo Gavia, kter\u00e1 se jezd\u00ed ze dvou stran. P\u0159ijede\u0161 pod kopec a vid\u00ed\u0161 ceduli, \u017ee na vrchol je to 27,3 kilometr\u016f. A v\u00ed\u0161, \u017ee t\u011b \u010dek\u00e1 t\u0159eba osmdes\u00e1t minut tot\u00e1ln\u00ed peklo.<\/p>\n<figure id=\"attachment_12781\" aria-describedby=\"caption-attachment-12781\" style=\"width: 1920px\" class=\"wp-caption alignnone\"><a href=\"https:\/\/d2p6e6u75xmxt8.cloudfront.net\/13\/2021\/05\/rabon-BrychtaJan_MCR_Puchov_120621_183614_DSC_4756.jpg\"><img loading=\"lazy\" decoding=\"async\" class=\"size-extra-large wp-image-12781\" src=\"https:\/\/d2p6e6u75xmxt8.cloudfront.net\/13\/2021\/05\/rabon-BrychtaJan_MCR_Puchov_120621_183614_DSC_4756-1920x1275.jpg\" alt=\"Franti\u0161ek Rabo\u0148 v dresu tehdej\u0161\u00edho t\u00fdmu Quick Step. Foto: Jan Brychta\" width=\"1920\" height=\"1275\" \/><\/a><figcaption id=\"caption-attachment-12781\" class=\"wp-caption-text\"><em>Franti\u0161ek Rabo\u0148 v dresu tehdej\u0161\u00edho t\u00fdmu Omega Pharma Quick Step.<\/em><\/figcaption><\/figure>\n<h2><strong>Asi je to taky jin\u00e9, kdy\u017e je \u010dlov\u011bk domestikem a tah\u00e1 u\u017e t\u0159eba od za\u010d\u00e1tku etapy.<\/strong><\/h2>\n<p>To stoprocentn\u011b. Kdy\u017e jsme m\u011bli t\u0159eba Greipela s Cavendishem, tak jsme ty sprintersk\u00e9 etapy vyhr\u00e1vali o parn\u00edk. Ostatn\u00ed to vid\u011bli a kdy\u017e byl n\u011bjak\u00fd \u00fanik, necht\u011bli n\u00e1m pom\u00e1hat to sj\u00ed\u017ed\u011bt, proto\u017ee v\u011bd\u011bli, \u017ee asi stejn\u011b nevyhraj\u00ed. Tak\u017ee sou\u010dinnost t\u00fdm\u016f, kter\u00e9 m\u011bly sprintery, moc nebyla. N\u00e1s domestiky to st\u00e1lo spoustu sil. Ob\u010das jsem si v\u0161e vy\u017eral, prvn\u00edch deset dn\u00ed jsem na silnici pomalu nechal \u017eivot a p\u0159i\u0161ly hory\u2026 No a tam ti borci na celkov\u00e9 po\u0159ad\u00ed, jako t\u0159eba Nibali, Basso nebo Di Luca, kte\u0159\u00ed do t\u00e9 doby relativn\u011b \u0161et\u0159ili s\u00edly, za\u010dali neskute\u010dn\u011b z\u00e1vodit a my jako domestici trp\u011bli. Kdy\u017e je \u010dlov\u011bk popraven\u00fd a m\u00e1 jet 220 kilometr\u016f p\u0159es t\u0159i passa, je to \u0161\u00edlen\u00fd. \u010casto jsem nev\u011bd\u011bl, \u010d\u00ed jsem\u2026<\/p>\n<div class=\"shortcode-ys-post-pinup\"><article class=\"loop-simple post-11750 post type-post status-publish format-standard has-post-thumbnail hentry category-silnicni-cyklistika tag-cyklistika tag-equipo-kern-pharma tag-etoile-de-besseges tag-silnicni-cyklistika tag-spanelsko tag-trenink tag-vojtech-repa global-categories-cycling\" data-postid=\"11750\" role=\"article\" data-post-id=\"11750\" data-word-count=\"938\" data-headline-length=\"94\" data-category=\"Silni\u010dn\u00ed cyklistika\" data-global-category=\"Cycling\" data-author=\"Jan Kr\u016fta\" data-published=\"2021-02-21T08:00:47+02:00\" data-published-day=\"Sunday\">\n    <div class=\"entry-thumbnail article-thumbnail\" content=\"https:\/\/d2p6e6u75xmxt8.cloudfront.net\/13\/2021\/02\/vojtech-Repa-profimedia-0378019381-150x150.webp\"><a href=\"https:\/\/www.welovecycling.com\/cs\/2021\/02\/21\/vojtech-repa-prestupem-do-spanelska-se-mi-splnil-sen-chci-se-zde-ucit-zivotu-cyklisty\/\" class=\"image-holder\" target=\"_self\"><img decoding=\"async\" loading=\"lazy\" class=\"\" src=\"https:\/\/d2p6e6u75xmxt8.cloudfront.net\/13\/2021\/02\/vojtech-Repa-profimedia-0378019381-1024x682.webp\" srcset=\"https:\/\/d2p6e6u75xmxt8.cloudfront.net\/13\/2021\/02\/vojtech-Repa-profimedia-0378019381.webp 1800w, https:\/\/d2p6e6u75xmxt8.cloudfront.net\/13\/2021\/02\/vojtech-Repa-profimedia-0378019381-300x200.webp 300w, https:\/\/d2p6e6u75xmxt8.cloudfront.net\/13\/2021\/02\/vojtech-Repa-profimedia-0378019381-1024x682.webp 1024w, https:\/\/d2p6e6u75xmxt8.cloudfront.net\/13\/2021\/02\/vojtech-Repa-profimedia-0378019381-768x512.webp 768w, https:\/\/d2p6e6u75xmxt8.cloudfront.net\/13\/2021\/02\/vojtech-Repa-profimedia-0378019381-1536x1023.webp 1536w, https:\/\/d2p6e6u75xmxt8.cloudfront.net\/13\/2021\/02\/vojtech-Repa-profimedia-0378019381-272x182.webp 272w\" width=\"1024\" height=\"682\" sizes=\"auto, (min-width: 1200px) 300px, (min-width: 768px) 25vw, 100vw\" alt=\"vojtech-repa-prestupem-do-spanelska-se-mi-splnil-sen-chci-se-zde-ucit-zivotu-cyklisty\"\/><\/a><\/div>    <div class=\"entry-meta\">\n        <a class=\"label label-secondary post-category\" href=\"https:\/\/www.welovecycling.com\/cs\/category\/silnicni-cyklistika\/\" title=\"Silni\u010dn\u00ed cyklistika\">Silni\u010dn\u00ed cyklistika<\/a>\n    <\/div>\n    <div class=\"entry-details\">\n        <a href=\"https:\/\/www.welovecycling.com\/cs\/2021\/02\/21\/vojtech-repa-prestupem-do-spanelska-se-mi-splnil-sen-chci-se-zde-ucit-zivotu-cyklisty\/\" class='entry-title-wrapper'>\n            <h3 class=\"entry-title\"><span>Vojt\u011bch \u0158epa: P\u0159estupem do \u0160pan\u011blska se mi splnil sen. Chci se zde u\u010dit \u017eivotu cyklisty<\/span><\/h3>\n        <\/a>\n    <\/div>\n    <\/article>\n<\/div>\n<h2><strong>Musel jste je\u0161t\u011b hl\u00eddat sprintery, aby nechytli v\u00a0hor\u00e1ch limit?<\/strong><\/h2>\n<p>No pr\u00e1v\u011b, o to bylo v\u0161e t\u011b\u017e\u0161\u00ed a hor\u0161\u00ed. Pamatuji si t\u0159eba na Giro, kdy\u017e v roce 2011 zav\u00edtalo na Sic\u00edlii a jelo se na Etnu. Cavendish i Renshaw m\u011bli zrovna den blbec a odpadli hned na za\u010d\u00e1tku. J\u00e1 tam s nimi z\u016fstal a do c\u00edle bylo necel\u00fdch 130 kilometr\u016f. Ten kopec se jel dvakr\u00e1t, bojovali jsme o limit. Tla\u010dil jsem je nahoru, nebo se m\u011b dr\u017eeli za sedlovku a kapsy u dresu. Nevylezli mi z h\u00e1ku, na tu Etnu jsem je fakt dostrkal. Po\u0159\u00e1d jsem do vys\u00edla\u010dky sly\u0161el: Mus\u00ed\u0161, mus\u00ed\u0161, mus\u00ed\u0161&#8230;<\/p>\n<h2><strong>A stihli jste dojet v p\u0159edepsan\u00e9m \u010dase?<\/strong><\/h2>\n<p>O dvacet vte\u0159in! J\u00e1 byl vy\u0159\u00edzen\u00fd, Cavendish po projet\u00ed c\u00edlem spadl z kola. Kdy\u017e se asi po p\u011bti minut\u00e1ch ze zem\u011b zvedl a dozv\u011bd\u011bl se, \u017ee jsme to stihli, sko\u010dil mi radost\u00ed kolem krku. Pak dok\u00e1zal vyhr\u00e1t dv\u011b etapy\u2026 M\u011b to tak popravilo, \u017ee jsem v 15. etap\u011b musel odstoupit. Skoro m\u011b museli sundat z kola, proto\u017ee jsem Giro cht\u011bl za ka\u017edou cenu dojet\u2026 Tohle bylo jedin\u00e9 Giro, kter\u00e9 jsem nedokon\u010dil.\u00a0 V roce 2008 jsem zase takhle strkal Cavendishe na Mortirolo spolu s Wigginsem a Tony Martinem. Docela dobr\u00e1 spole\u010dnost domestik\u016f. Ale kdy\u017e se s t\u011bmi lidmi \u010dlov\u011bk potk\u00e1 po letech n\u011bkde na z\u00e1vodech, sami p\u0159ijdou a jsou r\u00e1di, \u017ee m\u011b vid\u00ed. A\u0165 je to Cavendish nebo Wiggins. Mysl\u00edm, \u017ee kdy\u017e se takhle potk\u00e1me i v devades\u00e1ti, budeme sice koktat, ale vzpom\u00ednky z\u016fstanou.<\/p>\n<figure id=\"attachment_12765\" aria-describedby=\"caption-attachment-12765\" style=\"width: 1402px\" class=\"wp-caption alignnone\"><a href=\"https:\/\/d2p6e6u75xmxt8.cloudfront.net\/13\/2021\/05\/rabon-profimedia-0029767236-1.jpg\"><img loading=\"lazy\" decoding=\"async\" class=\"size-full wp-image-12765\" src=\"https:\/\/d2p6e6u75xmxt8.cloudfront.net\/13\/2021\/05\/rabon-profimedia-0029767236-1.jpg\" alt=\"Franti\u0161ek Rabo\u0148 (vlevo) p\u0159ij\u00edm\u00e1 pod\u011bkov\u00e1n\u00ed za odvedenou pr\u00e1ci od Marka Cavendishe po jedn\u00e9 z v\u00edt\u011bzn\u00fdch etap. Foto: profimedia\" width=\"1402\" height=\"1800\" \/><\/a><figcaption id=\"caption-attachment-12765\" class=\"wp-caption-text\"><em>Franti\u0161ek Rabo\u0148 (vlevo) p\u0159ij\u00edm\u00e1 pod\u011bkov\u00e1n\u00ed za odvedenou pr\u00e1ci od Marka Cavendishe po jedn\u00e9 z v\u00edt\u011bzn\u00fdch etap. Foto: profimedia<\/em><\/figcaption><\/figure>\n<h2><strong>Kdy\u017e se dostaneme k\u00a0leto\u0161n\u00edmu Giru, kdo je ve va\u0161ich o\u010d\u00edch nejv\u011bt\u0161\u00ed favorit?<\/strong><\/h2>\n<p>Vloni se do posledn\u00ed chv\u00edle p\u0159etahovali o v\u00edt\u011bzstv\u00ed Hart s Hindleym a up\u0159\u00edmn\u011b: kdo to \u010dekal? Mlad\u00ed jdou hodn\u011b dop\u0159edu a podle m\u011b je to otev\u0159en\u00e9. Jasn\u011b, je tu Bernal, ot\u00e1zkou je, co ta jeho z\u00e1da, kter\u00e1 ho limituj\u00ed u\u017e dva roky. Vydr\u017e\u00ed? Favoritem je i Yates. Ot\u00e1zkou je Nibali, kter\u00fd po zlomen\u00e9m z\u00e1p\u011bst\u00ed asi o v\u00edt\u011bzstv\u00ed nepojede. Jsem zv\u011bdav na ty mlad\u00e9: Hindleyho, Almeidu i na Evenepoela. V jeho p\u0159\u00edpad\u011b mi to p\u0159ijde tot\u00e1ln\u00ed hazard, \u017ee ho tam v\u016fbec nominovali. Dlouho po t\u00e9 lo\u0148sk\u00e9 nehodn\u011b na Lombardii nez\u00e1vodil a \u017ee jeho prvn\u00edm z\u00e1vodem roku bude Giro, to moc nech\u00e1pu. Ale asi to cht\u011bj\u00ed zkusit a kdyby ho n\u011bco bolelo, odstoup\u00ed.<\/p>\n<div class=\"shortcode-ys-post-pinup\"><article class=\"loop-simple post-12669 post type-post status-publish format-standard has-post-thumbnail hentry category-silnicni-cyklistika tag-deceuninck-quick-step tag-giro tag-giro-ditalia-2021 tag-giro-di-italia tag-giro-di-italia-2021 tag-jan-hirt tag-monte-zoncolan tag-passo-giau tag-passo-pordoi tag-vincenzo-nibali tag-zdenek-stybar global-categories-cycling\" data-postid=\"12669\" role=\"article\" data-post-id=\"12669\" data-word-count=\"586\" data-headline-length=\"97\" data-category=\"Silni\u010dn\u00ed cyklistika\" data-global-category=\"Cycling\" data-author=\"Jan Kr\u016fta\" data-published=\"2021-05-06T07:00:58+02:00\" data-published-day=\"Thursday\">\n    <div class=\"entry-thumbnail article-thumbnail\" content=\"https:\/\/d2p6e6u75xmxt8.cloudfront.net\/13\/2020\/10\/Tao-Geoghegan-Hart-giro-1-150x150.webp\"><a href=\"https:\/\/www.welovecycling.com\/cs\/2021\/05\/06\/sedm-duvodu-proc-sledovat-giro-horske-peklo-navrat-zraloka-a-bitva-do-posledni-casovky\/\" class=\"image-holder\" target=\"_self\"><img decoding=\"async\" loading=\"lazy\" class=\"\" src=\"https:\/\/d2p6e6u75xmxt8.cloudfront.net\/13\/2020\/10\/Tao-Geoghegan-Hart-giro-1-1024x384.webp\" srcset=\"https:\/\/d2p6e6u75xmxt8.cloudfront.net\/13\/2020\/10\/Tao-Geoghegan-Hart-giro-1.webp 1600w, https:\/\/d2p6e6u75xmxt8.cloudfront.net\/13\/2020\/10\/Tao-Geoghegan-Hart-giro-1-300x113.webp 300w, https:\/\/d2p6e6u75xmxt8.cloudfront.net\/13\/2020\/10\/Tao-Geoghegan-Hart-giro-1-1024x384.webp 1024w, https:\/\/d2p6e6u75xmxt8.cloudfront.net\/13\/2020\/10\/Tao-Geoghegan-Hart-giro-1-768x288.webp 768w, https:\/\/d2p6e6u75xmxt8.cloudfront.net\/13\/2020\/10\/Tao-Geoghegan-Hart-giro-1-1536x576.webp 1536w\" width=\"1024\" height=\"384\" sizes=\"auto, (min-width: 1200px) 534px, (min-width: 768px) 45vw, 100vw\" alt=\"sedm-duvodu-proc-sledovat-giro-horske-peklo-navrat-zraloka-a-bitva-do-posledni-casovky\"\/><\/a><\/div>    <div class=\"entry-meta\">\n        <a class=\"label label-secondary post-category\" href=\"https:\/\/www.welovecycling.com\/cs\/category\/silnicni-cyklistika\/\" title=\"Silni\u010dn\u00ed cyklistika\">Silni\u010dn\u00ed cyklistika<\/a>\n    <\/div>\n    <div class=\"entry-details\">\n        <a href=\"https:\/\/www.welovecycling.com\/cs\/2021\/05\/06\/sedm-duvodu-proc-sledovat-giro-horske-peklo-navrat-zraloka-a-bitva-do-posledni-casovky\/\" class='entry-title-wrapper'>\n            <h3 class=\"entry-title\"><span>Sedm d\u016fvod\u016f, pro\u010d sledovat Giro? Horsk\u00e9 peklo, n\u00e1vrat \u017draloka a bitva do posledn\u00ed \u010dasovky<\/span><\/h3>\n        <\/a>\n    <\/div>\n    <\/article>\n<\/div>\n<h2><strong>Jak vid\u00edte \u0161ance Jana Hirta? Nechal se sly\u0161et, \u017ee p\u0159ed Girem nen\u00ed zrovna v\u00a0optim\u00e1ln\u00edm rozpolo\u017een\u00ed a v\u00a0nov\u00e9m t\u00fdmu Wanty-Gobert se moc dob\u0159e nec\u00edt\u00ed.<\/strong><\/h2>\n<p>J\u00e1 p\u0159esn\u011b nev\u00edm, jak to Honza m\u00e1. N\u011bjak\u00e9 informace se ke mn\u011b donesly, ale nezn\u00e1m detaily. Ale jestli opravdu nem\u00e1 motivaci, tak to moc nech\u00e1pu. Podepsal na dva roky do World Tour, ur\u010dit\u011b za dobr\u00e9 pen\u00edze, je l\u00eddrem na Giro a nem\u00e1 motivaci? Jestli to tak je, co\u017e v\u00ed asi jen Honza, pak tomu nerozum\u00edm. Proto\u017ee je to z\u00e1vodn\u00edk v\u00a0nejlep\u0161\u00edch letech, je l\u00eddrem na Giro a m\u011bl by z\u00a0toho logicky cht\u00edt vyt\u0159\u00edskat maximum.<\/p>\n","protected":false},"excerpt":{"rendered":"<p>Celkem sedmkr\u00e1t startoval b\u00fdval\u00fd profesion\u00e1ln\u00ed cyklista Franti\u0161ek Rabo\u0148 na Grand Tour, z toho hned p\u011btkr\u00e1t absolvoval Giro di Italia.\u00a0 V\u00a0dres\u016f [&hellip;]<\/p>\n","protected":false},"author":138,"featured_media":12779,"comment_status":"open","ping_status":"open","sticky":false,"template":"","format":"standard","meta":{"footnotes":""},"categories":[10],"tags":[896,126,1087,51,161,1610,215,904,361,9,1363],"global-categories":[411],"class_list":["post-12749","post","type-post","status-publish","format-standard","has-post-thumbnail","hentry","category-silnicni-cyklistika","tag-bradley-wiggins","tag-cyklistika","tag-frantisek-rabon","tag-giro","tag-giro-ditalia","tag-giro-di-italia-2021","tag-jan-hirt","tag-maglia-rosa","tag-mark-cavendish","tag-silnicni-cyklistika","tag-tony-martin","global-categories-cycling"],"yoast_head":"<!-- This site is optimized with the Yoast SEO Premium plugin v25.3 (Yoast SEO v25.9) - https:\/\/yoast.com\/wordpress\/plugins\/seo\/ -->\n<title>Franti\u0161ek Rabo\u0148 vzpom\u00edn\u00e1, jak na Etnu tla\u010dil Cavendishe: Giro m\u011b om\u00e1milo hned p\u0159i prvn\u00edm startu! | \u0160koda We Love Cycling - \u010cesk\u00e1 republika<\/title>\n<meta name=\"description\" content=\"Sedmkr\u00e1t startoval Franti\u0161ek Rabo\u0148 na Grand Tour, hned p\u011btkr\u00e1t absolvoval Giro di Italia. Jak vzpom\u00edn\u00e1 na Cavendishe \u010di Wigginse?\" \/>\n<meta name=\"robots\" content=\"index, follow, max-snippet:-1, max-image-preview:large, max-video-preview:-1\" \/>\n<link rel=\"canonical\" href=\"https:\/\/www.welovecycling.com\/cs\/2021\/05\/09\/frantisek-rabon-vzpomina-jak-na-etnu-tlacil-cavendishe-giro-me-omamilo-hned-pri-prvnim-startu\/\" \/>\n<meta property=\"og:locale\" content=\"cs_CZ\" \/>\n<meta property=\"og:type\" content=\"article\" \/>\n<meta property=\"og:title\" content=\"Franti\u0161ek Rabo\u0148 vzpom\u00edn\u00e1, jak na Etnu tla\u010dil Cavendishe: Giro m\u011b om\u00e1milo hned p\u0159i prvn\u00edm startu!\" \/>\n<meta property=\"og:description\" content=\"Sedmkr\u00e1t startoval Franti\u0161ek Rabo\u0148 na Grand Tour, hned p\u011btkr\u00e1t absolvoval Giro di Italia. Jak vzpom\u00edn\u00e1 na Cavendishe \u010di Wigginse?\" \/>\n<meta property=\"og:url\" content=\"https:\/\/www.welovecycling.com\/cs\/2021\/05\/09\/frantisek-rabon-vzpomina-jak-na-etnu-tlacil-cavendishe-giro-me-omamilo-hned-pri-prvnim-startu\/\" \/>\n<meta property=\"og:site_name\" content=\"\u0160koda We Love Cycling - \u010cesk\u00e1 republika\" \/>\n<meta property=\"article:published_time\" content=\"2021-05-09T05:00:30+00:00\" \/>\n<meta property=\"og:image\" content=\"https:\/\/d2p6e6u75xmxt8.cloudfront.net\/13\/2021\/05\/rabon-brychta-DSC_1384.webp\" \/>\n\t<meta property=\"og:image:width\" content=\"2000\" \/>\n\t<meta property=\"og:image:height\" content=\"1339\" \/>\n\t<meta property=\"og:image:type\" content=\"image\/webp\" \/>\n<meta name=\"author\" content=\"radekmalina\" \/>\n<meta name=\"twitter:card\" content=\"summary_large_image\" \/>\n<meta name=\"twitter:label1\" content=\"Written by\" \/>\n\t<meta name=\"twitter:data1\" content=\"Jan Kr\u016fta\" \/>\n\t<meta name=\"twitter:label2\" content=\"Est. reading time\" \/>\n\t<meta name=\"twitter:data2\" content=\"5\" \/>\n<script type=\"application\/ld+json\" class=\"yoast-schema-graph\">{\"@context\":\"https:\/\/schema.org\",\"@graph\":[{\"@type\":\"WebPage\",\"@id\":\"https:\/\/www.welovecycling.com\/cs\/2021\/05\/09\/frantisek-rabon-vzpomina-jak-na-etnu-tlacil-cavendishe-giro-me-omamilo-hned-pri-prvnim-startu\/\",\"url\":\"https:\/\/www.welovecycling.com\/cs\/2021\/05\/09\/frantisek-rabon-vzpomina-jak-na-etnu-tlacil-cavendishe-giro-me-omamilo-hned-pri-prvnim-startu\/\",\"name\":\"Franti\u0161ek Rabo\u0148 vzpom\u00edn\u00e1, jak na Etnu tla\u010dil Cavendishe: Giro m\u011b om\u00e1milo hned p\u0159i prvn\u00edm startu! | \u0160koda We Love Cycling - \u010cesk\u00e1 republika\",\"isPartOf\":{\"@id\":\"https:\/\/www.welovecycling.com\/cs\/#website\"},\"primaryImageOfPage\":{\"@id\":\"https:\/\/www.welovecycling.com\/cs\/2021\/05\/09\/frantisek-rabon-vzpomina-jak-na-etnu-tlacil-cavendishe-giro-me-omamilo-hned-pri-prvnim-startu\/#primaryimage\"},\"image\":{\"@id\":\"https:\/\/www.welovecycling.com\/cs\/2021\/05\/09\/frantisek-rabon-vzpomina-jak-na-etnu-tlacil-cavendishe-giro-me-omamilo-hned-pri-prvnim-startu\/#primaryimage\"},\"thumbnailUrl\":\"https:\/\/d2p6e6u75xmxt8.cloudfront.net\/13\/2021\/05\/rabon-brychta-DSC_1384.webp\",\"datePublished\":\"2021-05-09T05:00:30+00:00\",\"author\":{\"@id\":\"https:\/\/www.welovecycling.com\/cs\/#\/schema\/person\/d9eeb0a378f3a7e4a6d12d2b536b04b8\"},\"description\":\"Sedmkr\u00e1t startoval Franti\u0161ek Rabo\u0148 na Grand Tour, hned p\u011btkr\u00e1t absolvoval Giro di Italia. Jak vzpom\u00edn\u00e1 na Cavendishe \u010di Wigginse?\",\"inLanguage\":\"cs\",\"potentialAction\":[{\"@type\":\"ReadAction\",\"target\":[\"https:\/\/www.welovecycling.com\/cs\/2021\/05\/09\/frantisek-rabon-vzpomina-jak-na-etnu-tlacil-cavendishe-giro-me-omamilo-hned-pri-prvnim-startu\/\"]}]},{\"@type\":\"ImageObject\",\"inLanguage\":\"cs\",\"@id\":\"https:\/\/www.welovecycling.com\/cs\/2021\/05\/09\/frantisek-rabon-vzpomina-jak-na-etnu-tlacil-cavendishe-giro-me-omamilo-hned-pri-prvnim-startu\/#primaryimage\",\"url\":\"https:\/\/d2p6e6u75xmxt8.cloudfront.net\/13\/2021\/05\/rabon-brychta-DSC_1384.webp\",\"contentUrl\":\"https:\/\/d2p6e6u75xmxt8.cloudfront.net\/13\/2021\/05\/rabon-brychta-DSC_1384.webp\",\"width\":2000,\"height\":1339},{\"@type\":\"WebSite\",\"@id\":\"https:\/\/www.welovecycling.com\/cs\/#website\",\"url\":\"https:\/\/www.welovecycling.com\/cs\/\",\"name\":\"\u0160koda We Love Cycling - \u010cesk\u00e1 republika\",\"description\":\"WeLoveCycling.cz je online magaz\u00edn, kter\u00fd v\u00e1m pravideln\u011b p\u0159in\u00e1\u0161\u00ed rady a tipy, zaj\u00edmav\u00e9 \u010dl\u00e1nky, videa a jedine\u010dn\u00e9 report\u00e1\u017ee ze sv\u011bta cyklistiky.\",\"potentialAction\":[{\"@type\":\"SearchAction\",\"target\":{\"@type\":\"EntryPoint\",\"urlTemplate\":\"https:\/\/www.welovecycling.com\/cs\/?s={search_term_string}\"},\"query-input\":{\"@type\":\"PropertyValueSpecification\",\"valueRequired\":true,\"valueName\":\"search_term_string\"}}],\"inLanguage\":\"cs\"},{\"@type\":\"Person\",\"@id\":\"https:\/\/www.welovecycling.com\/cs\/#\/schema\/person\/d9eeb0a378f3a7e4a6d12d2b536b04b8\",\"name\":\"radekmalina\",\"image\":{\"@type\":\"ImageObject\",\"inLanguage\":\"cs\",\"@id\":\"https:\/\/www.welovecycling.com\/cs\/#\/schema\/person\/image\/\",\"url\":\"https:\/\/secure.gravatar.com\/avatar\/66994b632cb8c39a46b9f54afa3ae07201b678d32a54275b6f1c9ffec356bfc0?s=96&d=mm&r=g\",\"contentUrl\":\"https:\/\/secure.gravatar.com\/avatar\/66994b632cb8c39a46b9f54afa3ae07201b678d32a54275b6f1c9ffec356bfc0?s=96&d=mm&r=g\",\"caption\":\"radekmalina\"},\"url\":\"https:\/\/www.welovecycling.com\/cs\/author\/radekmalina\/\"}]}<\/script>\n<!-- \/ Yoast SEO Premium plugin. -->","yoast_head_json":{"title":"Franti\u0161ek Rabo\u0148 vzpom\u00edn\u00e1, jak na Etnu tla\u010dil Cavendishe: Giro m\u011b om\u00e1milo hned p\u0159i prvn\u00edm startu! | \u0160koda We Love Cycling - \u010cesk\u00e1 republika","description":"Sedmkr\u00e1t startoval Franti\u0161ek Rabo\u0148 na Grand Tour, hned p\u011btkr\u00e1t absolvoval Giro di Italia. Jak vzpom\u00edn\u00e1 na Cavendishe \u010di Wigginse?","robots":{"index":"index","follow":"follow","max-snippet":"max-snippet:-1","max-image-preview":"max-image-preview:large","max-video-preview":"max-video-preview:-1"},"canonical":"https:\/\/www.welovecycling.com\/cs\/2021\/05\/09\/frantisek-rabon-vzpomina-jak-na-etnu-tlacil-cavendishe-giro-me-omamilo-hned-pri-prvnim-startu\/","og_locale":"cs_CZ","og_type":"article","og_title":"Franti\u0161ek Rabo\u0148 vzpom\u00edn\u00e1, jak na Etnu tla\u010dil Cavendishe: Giro m\u011b om\u00e1milo hned p\u0159i prvn\u00edm startu!","og_description":"Sedmkr\u00e1t startoval Franti\u0161ek Rabo\u0148 na Grand Tour, hned p\u011btkr\u00e1t absolvoval Giro di Italia. Jak vzpom\u00edn\u00e1 na Cavendishe \u010di Wigginse?","og_url":"https:\/\/www.welovecycling.com\/cs\/2021\/05\/09\/frantisek-rabon-vzpomina-jak-na-etnu-tlacil-cavendishe-giro-me-omamilo-hned-pri-prvnim-startu\/","og_site_name":"\u0160koda We Love Cycling - \u010cesk\u00e1 republika","article_published_time":"2021-05-09T05:00:30+00:00","og_image":[{"width":2000,"height":1339,"url":"https:\/\/d2p6e6u75xmxt8.cloudfront.net\/13\/2021\/05\/rabon-brychta-DSC_1384.webp","type":"image\/webp"}],"author":"radekmalina","twitter_card":"summary_large_image","twitter_misc":{"Written by":"Jan Kr\u016fta","Est. reading time":"5"},"schema":{"@context":"https:\/\/schema.org","@graph":[{"@type":"WebPage","@id":"https:\/\/www.welovecycling.com\/cs\/2021\/05\/09\/frantisek-rabon-vzpomina-jak-na-etnu-tlacil-cavendishe-giro-me-omamilo-hned-pri-prvnim-startu\/","url":"https:\/\/www.welovecycling.com\/cs\/2021\/05\/09\/frantisek-rabon-vzpomina-jak-na-etnu-tlacil-cavendishe-giro-me-omamilo-hned-pri-prvnim-startu\/","name":"Franti\u0161ek Rabo\u0148 vzpom\u00edn\u00e1, jak na Etnu tla\u010dil Cavendishe: Giro m\u011b om\u00e1milo hned p\u0159i prvn\u00edm startu! | \u0160koda We Love Cycling - \u010cesk\u00e1 republika","isPartOf":{"@id":"https:\/\/www.welovecycling.com\/cs\/#website"},"primaryImageOfPage":{"@id":"https:\/\/www.welovecycling.com\/cs\/2021\/05\/09\/frantisek-rabon-vzpomina-jak-na-etnu-tlacil-cavendishe-giro-me-omamilo-hned-pri-prvnim-startu\/#primaryimage"},"image":{"@id":"https:\/\/www.welovecycling.com\/cs\/2021\/05\/09\/frantisek-rabon-vzpomina-jak-na-etnu-tlacil-cavendishe-giro-me-omamilo-hned-pri-prvnim-startu\/#primaryimage"},"thumbnailUrl":"https:\/\/d2p6e6u75xmxt8.cloudfront.net\/13\/2021\/05\/rabon-brychta-DSC_1384.webp","datePublished":"2021-05-09T05:00:30+00:00","author":{"@id":"https:\/\/www.welovecycling.com\/cs\/#\/schema\/person\/d9eeb0a378f3a7e4a6d12d2b536b04b8"},"description":"Sedmkr\u00e1t startoval Franti\u0161ek Rabo\u0148 na Grand Tour, hned p\u011btkr\u00e1t absolvoval Giro di Italia. Jak vzpom\u00edn\u00e1 na Cavendishe \u010di Wigginse?","inLanguage":"cs","potentialAction":[{"@type":"ReadAction","target":["https:\/\/www.welovecycling.com\/cs\/2021\/05\/09\/frantisek-rabon-vzpomina-jak-na-etnu-tlacil-cavendishe-giro-me-omamilo-hned-pri-prvnim-startu\/"]}]},{"@type":"ImageObject","inLanguage":"cs","@id":"https:\/\/www.welovecycling.com\/cs\/2021\/05\/09\/frantisek-rabon-vzpomina-jak-na-etnu-tlacil-cavendishe-giro-me-omamilo-hned-pri-prvnim-startu\/#primaryimage","url":"https:\/\/d2p6e6u75xmxt8.cloudfront.net\/13\/2021\/05\/rabon-brychta-DSC_1384.webp","contentUrl":"https:\/\/d2p6e6u75xmxt8.cloudfront.net\/13\/2021\/05\/rabon-brychta-DSC_1384.webp","width":2000,"height":1339},{"@type":"WebSite","@id":"https:\/\/www.welovecycling.com\/cs\/#website","url":"https:\/\/www.welovecycling.com\/cs\/","name":"\u0160koda We Love Cycling - \u010cesk\u00e1 republika","description":"WeLoveCycling.cz je online magaz\u00edn, kter\u00fd v\u00e1m pravideln\u011b p\u0159in\u00e1\u0161\u00ed rady a tipy, zaj\u00edmav\u00e9 \u010dl\u00e1nky, videa a jedine\u010dn\u00e9 report\u00e1\u017ee ze sv\u011bta cyklistiky.","potentialAction":[{"@type":"SearchAction","target":{"@type":"EntryPoint","urlTemplate":"https:\/\/www.welovecycling.com\/cs\/?s={search_term_string}"},"query-input":{"@type":"PropertyValueSpecification","valueRequired":true,"valueName":"search_term_string"}}],"inLanguage":"cs"},{"@type":"Person","@id":"https:\/\/www.welovecycling.com\/cs\/#\/schema\/person\/d9eeb0a378f3a7e4a6d12d2b536b04b8","name":"radekmalina","image":{"@type":"ImageObject","inLanguage":"cs","@id":"https:\/\/www.welovecycling.com\/cs\/#\/schema\/person\/image\/","url":"https:\/\/secure.gravatar.com\/avatar\/66994b632cb8c39a46b9f54afa3ae07201b678d32a54275b6f1c9ffec356bfc0?s=96&d=mm&r=g","contentUrl":"https:\/\/secure.gravatar.com\/avatar\/66994b632cb8c39a46b9f54afa3ae07201b678d32a54275b6f1c9ffec356bfc0?s=96&d=mm&r=g","caption":"radekmalina"},"url":"https:\/\/www.welovecycling.com\/cs\/author\/radekmalina\/"}]}},"_links":{"self":[{"href":"https:\/\/www.welovecycling.com\/cs\/wp-json\/wp\/v2\/posts\/12749","targetHints":{"allow":["GET"]}}],"collection":[{"href":"https:\/\/www.welovecycling.com\/cs\/wp-json\/wp\/v2\/posts"}],"about":[{"href":"https:\/\/www.welovecycling.com\/cs\/wp-json\/wp\/v2\/types\/post"}],"author":[{"embeddable":true,"href":"https:\/\/www.welovecycling.com\/cs\/wp-json\/wp\/v2\/users\/138"}],"replies":[{"embeddable":true,"href":"https:\/\/www.welovecycling.com\/cs\/wp-json\/wp\/v2\/comments?post=12749"}],"version-history":[{"count":2,"href":"https:\/\/www.welovecycling.com\/cs\/wp-json\/wp\/v2\/posts\/12749\/revisions"}],"predecessor-version":[{"id":12786,"href":"https:\/\/www.welovecycling.com\/cs\/wp-json\/wp\/v2\/posts\/12749\/revisions\/12786"}],"wp:featuredmedia":[{"embeddable":true,"href":"https:\/\/www.welovecycling.com\/cs\/wp-json\/wp\/v2\/media\/12779"}],"wp:attachment":[{"href":"https:\/\/www.welovecycling.com\/cs\/wp-json\/wp\/v2\/media?parent=12749"}],"wp:term":[{"taxonomy":"category","embeddable":true,"href":"https:\/\/www.welovecycling.com\/cs\/wp-json\/wp\/v2\/categories?post=12749"},{"taxonomy":"post_tag","embeddable":true,"href":"https:\/\/www.welovecycling.com\/cs\/wp-json\/wp\/v2\/tags?post=12749"},{"taxonomy":"global-categories","embeddable":true,"href":"https:\/\/www.welovecycling.com\/cs\/wp-json\/wp\/v2\/global-categories?post=12749"}],"curies":[{"name":"wp","href":"https:\/\/api.w.org\/{rel}","templated":true}]}}