{"id":12693,"date":"2021-05-14T12:00:44","date_gmt":"2021-05-14T10:00:44","guid":{"rendered":"https:\/\/www.welovecycling.com\/cs\/?p=12693"},"modified":"2021-05-13T22:58:00","modified_gmt":"2021-05-13T20:58:00","slug":"neuveritelne-cyklisticke-rekordy-nejrychlejsi-nejdelsi-nejsilenejsi","status":"publish","type":"post","link":"https:\/\/www.welovecycling.com\/cs\/2021\/05\/14\/neuveritelne-cyklisticke-rekordy-nejrychlejsi-nejdelsi-nejsilenejsi\/","title":{"rendered":"Neuv\u011b\u0159iteln\u00e9 cyklistick\u00e9 rekordy: nejrychlej\u0161\u00ed, nejdel\u0161\u00ed, nej\u0161\u00edlen\u011bj\u0161\u00ed"},"content":{"rendered":"<p><strong>Od chv\u00edle, co bylo vynalezeno kolo, jsou cyklist\u00e9 posedl\u00ed rekordy. Od hodinovky na dr\u00e1ze, kter\u00e1 se oded\u00e1vna pova\u017euje za uk\u00e1zku etalon z\u00e1vodn\u00edkovy kvality, p\u0159es j\u00edzdu kolem sv\u011bta po nejrychlej\u0161\u00ed a nejdel\u0161\u00ed v\u00fdkony, p\u0159i kter\u00fdch je t\u0159eba dos\u00e1hnout fyzick\u00fdch i psychick\u00fdch limit\u016f.<\/strong><\/p>\n<h2><strong>Hodinovka<\/strong><\/h2>\n<p>\u010casto je i dnes ozna\u010dov\u00e1na za ultim\u00e1tn\u00ed a nejpresti\u017en\u011bj\u0161\u00ed cyklistickou v\u00fdzvu, v n\u00ed\u017e jde zkr\u00e1tka o to, kdo na cyklistick\u00e9m velodromu dok\u00e1\u017ee za hodinu ujet nejv\u00edce kilometr\u016f. Prvn\u00ed rekord byl stanoven u\u017e v roce 1876 vzd\u00e1lenost\u00ed 26,508 km. V dubnu 2019 (pot\u00e9, co cyklistick\u00e1 federace uvolnila pravidla ohledn\u011b stroj\u016f a posed\u016f a p\u0159il\u00e1kala t\u00edm z\u00e1jem nejlep\u0161\u00edch \u010dasovk\u00e1\u0159\u016f planety) nastavil sou\u010dasn\u00e9 maximum 55,089 km belgick\u00fd profesion\u00e1l Victor Campenaerts.<\/p>\n<figure id=\"attachment_12707\" aria-describedby=\"caption-attachment-12707\" style=\"width: 1800px\" class=\"wp-caption alignnone\"><a href=\"https:\/\/d2p6e6u75xmxt8.cloudfront.net\/13\/2021\/05\/campenaerts-profimedia-0483350014.jpg\"><img loading=\"lazy\" decoding=\"async\" class=\"size-full wp-image-12707\" src=\"https:\/\/d2p6e6u75xmxt8.cloudfront.net\/13\/2021\/05\/campenaerts-profimedia-0483350014.jpg\" alt=\"Victor Campenaerts\" width=\"1800\" height=\"1198\" \/><\/a><figcaption id=\"caption-attachment-12707\" class=\"wp-caption-text\"><em>Victor Campenaerts, belgick\u00fd profesion\u00e1l, dr\u017e\u00ed v\u00fdkonem 55,089 kilometr\u016f rekord v hodinovce. Foto: profimedia (4x)<\/em><\/figcaption><\/figure>\n<p>Od t\u00e9 doby se k poko\u0159en\u00ed rekordu p\u0159ihl\u00e1sili \u010dty\u0159i dobyvatel\u00e9, ale ani jeden neusp\u011bl, p\u0159i\u010dem\u017e nejbl\u00ed\u017ee se dostal hned ten prvn\u00ed \u2013 D\u00e1n Martin Toft Madsen (53,975 km). Jak\u00fdkoliv v\u00e1\u017en\u00fd pokus se mus\u00ed uskute\u010dnit ve vysok\u00e9 nadmo\u0159sk\u00e9 v\u00fd\u0161ce, kde je ni\u017e\u0161\u00ed hustota vzduchu a tedy ni\u017e\u0161\u00ed odpor. Ostatn\u011b i Campenaerts krou\u017eil na velodromu v mexick\u00e9m Aguascalientes p\u0159es 2000 metr\u016f nad mo\u0159em. \u017densk\u00fd rekord ze stejn\u00e9ho m\u00edsta dr\u017e\u00ed od z\u00e1\u0159\u00ed 2018 matemati\u010dka Vittoria Bussiov\u00e1 (48,007 km).<\/p>\n<h2><strong>Nap\u0159\u00ed\u010d Evropou<\/strong><\/h2>\n<p>Jestli\u017ee tabulky rekord\u016f v t\u011bch nejobvyklej\u0161\u00edch discipl\u00edn\u00e1ch u\u017e byly obsazeny, musely cyklist\u00e9 vym\u00fd\u0161let nov\u00e9 a nov\u00e9 \u0161\u00edlenosti, aby m\u011bli nad\u011bji na sv\u016fj kousek sl\u00e1vy. A tak se Ian Walker, profesor z University of Bath, vydal z nejsevern\u011bj\u0161\u00edho bodu v Norsku na \u0161pi\u010dku Evropy ve \u0160pan\u011blsku \u2013 vzd\u00e1lenost 6759 km ujel za 16 dn\u016f, 20 hodin a 59 minut.<\/p>\n<h2><strong>Nejv\u00edce kilometr\u016f za rok<\/strong><\/h2>\n<p>Toto byla obdivovan\u00e1 v\u00fdzva ve 30. letech minul\u00e9ho stolet\u00ed. Rekord Tommyho Godwina se v roce 1939 zastavil na \u00factyhodn\u00e9 hodnot\u011b 120 805 km. Ust\u00e1l to a\u017e do roku 2016, kdy Ameri\u010dan Kurt Searvogel na kole prosed\u011bl 122 432 km, co\u017e p\u0159edstavuje pr\u016fm\u011brnou denn\u00ed porci tak\u0159ka 335 km. A pak se zjevila 23let\u00e1 Amanda Cokerov\u00e1, kter\u00e1 za den polkla pr\u016fm\u011brn\u011b dokonce 381 km, kdy\u017e se v kv\u011btnu 2016 vydala zni\u010dit Searvogel\u016fv rekord.<\/p>\n<div class=\"shortcode-ys-post-pinup\"><article class=\"loop-simple post-12308 post type-post status-publish format-standard has-post-thumbnail hentry category-silnicni-cyklistika tag-cyklistika tag-jan-ullrich tag-jiri-zenisek tag-silnicni-cyklistika tag-t-mobile tag-tomas-konecny tag-tufo-prostejov tag-zdravi-a-trenink global-categories-cycling\" data-postid=\"12308\" role=\"article\" data-post-id=\"12308\" data-word-count=\"1565\" data-headline-length=\"92\" data-category=\"Silni\u010dn\u00ed cyklistika\" data-global-category=\"Cycling\" data-author=\"Jan Kr\u016fta\" data-published=\"2021-04-10T13:00:04+02:00\" data-published-day=\"Saturday\">\n    <div class=\"entry-thumbnail article-thumbnail\" content=\"https:\/\/d2p6e6u75xmxt8.cloudfront.net\/13\/2021\/04\/konecny-michal-cerveny-150x150.webp\"><a href=\"https:\/\/www.welovecycling.com\/cs\/2021\/04\/10\/tomas-konecny-nebylo-to-tak-ze-vsichni-povinne-neco-museli-brat\/\" class=\"image-holder\" target=\"_self\"><img decoding=\"async\" loading=\"lazy\" class=\"\" src=\"https:\/\/d2p6e6u75xmxt8.cloudfront.net\/13\/2021\/04\/konecny-michal-cerveny-1024x683.webp\" srcset=\"https:\/\/d2p6e6u75xmxt8.cloudfront.net\/13\/2021\/04\/konecny-michal-cerveny.webp 1600w, https:\/\/d2p6e6u75xmxt8.cloudfront.net\/13\/2021\/04\/konecny-michal-cerveny-300x200.webp 300w, https:\/\/d2p6e6u75xmxt8.cloudfront.net\/13\/2021\/04\/konecny-michal-cerveny-1024x683.webp 1024w, https:\/\/d2p6e6u75xmxt8.cloudfront.net\/13\/2021\/04\/konecny-michal-cerveny-768x512.webp 768w, https:\/\/d2p6e6u75xmxt8.cloudfront.net\/13\/2021\/04\/konecny-michal-cerveny-1536x1024.webp 1536w, https:\/\/d2p6e6u75xmxt8.cloudfront.net\/13\/2021\/04\/konecny-michal-cerveny-272x182.webp 272w\" width=\"1024\" height=\"683\" sizes=\"auto, (min-width: 1200px) 300px, (min-width: 768px) 25vw, 100vw\" alt=\"tomas-konecny-nebylo-to-tak-ze-vsichni-povinne-neco-museli-brat\"\/><\/a><\/div>    <div class=\"entry-meta\">\n        <a class=\"label label-secondary post-category\" href=\"https:\/\/www.welovecycling.com\/cs\/category\/silnicni-cyklistika\/\" title=\"Silni\u010dn\u00ed cyklistika\">Silni\u010dn\u00ed cyklistika<\/a>\n    <\/div>\n    <div class=\"entry-details\">\n        <a href=\"https:\/\/www.welovecycling.com\/cs\/2021\/04\/10\/tomas-konecny-nebylo-to-tak-ze-vsichni-povinne-neco-museli-brat\/\" class='entry-title-wrapper'>\n            <h3 class=\"entry-title\"><span>Tom\u00e1\u0161 Kone\u010dn\u00fd: K dopingu nikdo nikoho nenutil. J\u00e1 se na sebe m\u016f\u017eu do zrcadla pod\u00edvat<\/span><\/h3>\n        <\/a>\n    <\/div>\n    <\/article>\n<\/div>\n<p>\u017densk\u00fd rekord p\u0159ekonala v \u0159\u00e1du m\u011bs\u00edc\u016f a absolutn\u00ed v\u00fdkon ve chv\u00edli, kdy j\u00ed do konce 365denn\u00ed lh\u016fty zb\u00fdvalo 40 dn\u016f. Jej\u00ed konto se zastavilo na hodnot\u011b 139 325 km. Ale ne\u017e aby se zastavila k zaslou\u017een\u00e9mu odpo\u010dinku, vydala se za novou v\u00fdzvou \u2013 nejrychleji ujet\u00fdch 100 000 mil neboli 160 934 km. Trvalo j\u00ed to 423 dn\u016f. Co je tohle za lidi&#8230;<\/p>\n<h2><strong>Nejv\u011bt\u0161\u00ed p\u0159ev\u00fd\u0161en\u00ed za 48 hodin<\/strong><\/h2>\n<p>Everesting neboli opakovan\u011b na jednom kopci stoupat nahoru a zase sjet dol\u016f, a tak vyjet co nejrychleji do v\u00fd\u0161ky 8848 metr\u016f se zvl\u00e1\u0161\u0165 v dob\u011b korony stalo l\u00e1kavou z\u00e1le\u017eitost\u00ed. Ale postavit si p\u0159ed sebe \u00fakol \u201evyjet co nejv\u00fd\u0161 za 48 hodin\u201c u\u017e mus\u00ed zna\u010dit odvahu, proto\u017ee po t\u011bchto dvou dnech v\u00e1s budou nohy bolet pekeln\u011b. T\u00edm hrdinou se stal Ameri\u010dan Craig Cannon z Kalifornie, kter\u00fd v srpnu 2015 nastoupal 29 623 metr\u016f. Tak\u017ee t\u0159ikr\u00e1t na Everest a je\u0161t\u011b kousek.<\/p>\n<h2><strong>Nap\u0159\u00ed\u010d Amerikou<\/strong><\/h2>\n<p>Tahle zkratka je mezi cyklistick\u00fdmi vytrvalci pojmem. RAAM alias Race Across America je v\u0161eobecn\u011b pova\u017eov\u00e1n za jeden z nejt\u011b\u017e\u0161\u00edch cyklistick\u00fdch z\u00e1vod\u016f. Je del\u0161\u00ed ne\u017e Tour de France. Bezm\u00e1la 5000 kilometr\u016f ze z\u00e1padn\u00edho na v\u00fdchodn\u00ed pob\u0159e\u017e\u00ed USA ujel nejrychleji \u0161estin\u00e1sobn\u00fd v\u00edt\u011bz Christoph Strasser v roce 2014 (7 dn\u016f, 15 hodin a 56 minut, pr\u016fm\u011brn\u00e1 rychlost 26,4 km\/h). \u010cesk\u00fdm rekordmanem je Daniel Polman (10 dn\u016f, 19 hodin a 47 minut).<\/p>\n<figure id=\"attachment_12708\" aria-describedby=\"caption-attachment-12708\" style=\"width: 1800px\" class=\"wp-caption alignnone\"><a href=\"https:\/\/d2p6e6u75xmxt8.cloudfront.net\/13\/2021\/05\/Christoph-Strasser-rofimedia-0232904686.jpg\"><img loading=\"lazy\" decoding=\"async\" class=\"size-full wp-image-12708\" src=\"https:\/\/d2p6e6u75xmxt8.cloudfront.net\/13\/2021\/05\/Christoph-Strasser-rofimedia-0232904686.jpg\" alt=\"Christoph-Strasser\" width=\"1800\" height=\"1197\" \/><\/a><figcaption id=\"caption-attachment-12708\" class=\"wp-caption-text\"><em>Christoph Strasser, rakousk\u00fd cyklista, je dr\u017eitelem hned n\u011bkolika sv\u011btov\u00fdch rekord\u016f.<\/em><\/figcaption><\/figure>\n<h2><strong>\u010cty\u0159iadvacetihodinovka<\/strong><\/h2>\n<p>S \u0161\u00edlen\u00fdm Raku\u0161\u00e1kem se poj\u00ed i dal\u0161\u00ed rekord \u2013 nejvy\u0161\u0161\u00ed po\u010det kilometr\u016f ujet\u00fdch za 24 hodin. Na velodromu ve \u0160v\u00fdcarsku krou\u017eil cel\u00fd den a ujel 941,873 km neboli 3767 okruh\u016f na 250metrov\u00e9m ov\u00e1lu v Grenchenu. Odstartoval v jednu po poledni a o den pozd\u011bji zastavil s pr\u016fm\u011brnou rychlost\u00ed 39,42 km\/h. Rekord na 24 hodin venku dr\u017e\u00ed Slovinec Stanislav Verstov\u0161ek, kter\u00fd v \u0159\u00edjnu 2020 ujel 914 km.<\/p>\n<div class=\"shortcode-ys-post-pinup\"><article class=\"loop-simple post-12697 post type-post status-publish format-standard has-post-thumbnail hentry category-rady-tipy tag-cyklistika tag-everest-challenge tag-everesting tag-marketa-peggy-marvanova tag-pavel-paloncy tag-silnicni-cyklistika tag-trenink global-categories-cycling\" data-postid=\"12697\" role=\"article\" data-post-id=\"12697\" data-word-count=\"346\" data-headline-length=\"60\" data-category=\"Rady &amp; tipy\" data-global-category=\"Cycling\" data-author=\"Marek Novotn\u00fd\" data-published=\"2021-05-07T07:00:42+02:00\" data-published-day=\"Friday\">\n    <div class=\"entry-thumbnail article-thumbnail\" content=\"https:\/\/d2p6e6u75xmxt8.cloudfront.net\/13\/2021\/05\/everesting-2-150x150.webp\"><a href=\"https:\/\/www.welovecycling.com\/cs\/2021\/05\/07\/jak-na-everesting-vic-nez-vaha-rozhoduje-pohodlny-posed\/\" class=\"image-holder\" target=\"_self\"><img decoding=\"async\" loading=\"lazy\" class=\"\" src=\"https:\/\/d2p6e6u75xmxt8.cloudfront.net\/13\/2021\/05\/everesting-2-1024x1024.webp\" srcset=\"https:\/\/d2p6e6u75xmxt8.cloudfront.net\/13\/2021\/05\/everesting-2.webp 1080w, https:\/\/d2p6e6u75xmxt8.cloudfront.net\/13\/2021\/05\/everesting-2-300x300.webp 300w, https:\/\/d2p6e6u75xmxt8.cloudfront.net\/13\/2021\/05\/everesting-2-1024x1024.webp 1024w, https:\/\/d2p6e6u75xmxt8.cloudfront.net\/13\/2021\/05\/everesting-2-150x150.webp 150w, https:\/\/d2p6e6u75xmxt8.cloudfront.net\/13\/2021\/05\/everesting-2-768x768.webp 768w\" width=\"1024\" height=\"1024\" sizes=\"auto, (min-width: 1200px) 300px, (min-width: 768px) 25vw, 100vw\" alt=\"jak-na-everesting-vic-nez-vaha-rozhoduje-pohodlny-posed\"\/><\/a><\/div>    <div class=\"entry-meta\">\n        <a class=\"label label-secondary post-category\" href=\"https:\/\/www.welovecycling.com\/cs\/category\/rady-tipy\/\" title=\"Rady &amp; tipy\">Rady &amp; tipy<\/a>\n    <\/div>\n    <div class=\"entry-details\">\n        <a href=\"https:\/\/www.welovecycling.com\/cs\/2021\/05\/07\/jak-na-everesting-vic-nez-vaha-rozhoduje-pohodlny-posed\/\" class='entry-title-wrapper'>\n            <h3 class=\"entry-title\"><span>Jak na Everesting? V\u00edc ne\u017e v\u00e1ha rozhoduje pohodln\u00fd posed<\/span><\/h3>\n        <\/a>\n    <\/div>\n    <\/article>\n<\/div>\n<h2><strong>Kolem sv\u011bta<\/strong><\/h2>\n<p>Na kole kolem planety? To u\u017e je opravu velk\u00e9! N\u011bkdo si chce Zemi prost\u011b objet, ale n\u011bkte\u0159\u00ed p\u0159i tom soupe\u0159\u00ed s \u010dasem. Mark Beaumont v z\u00e1\u0159\u00ed 2017 tuhle trasu s asistenc\u00ed ujel za 79 dn\u016f a uznala mu to i Guinnessova kniha rekord\u016f. Ta n\u011bkolikr\u00e1t m\u011bnila pravidla. Podle t\u011bch nejnov\u011bj\u0161\u00edch je nutn\u00e1 minim\u00e1ln\u00ed vzd\u00e1lenost 29 000 km a hodiny se nezastavuj\u00ed p\u0159i \u010dek\u00e1n\u00ed na trajekt \u010di letadlo.<\/p>\n<figure id=\"attachment_12709\" aria-describedby=\"caption-attachment-12709\" style=\"width: 1800px\" class=\"wp-caption alignnone\"><a href=\"https:\/\/d2p6e6u75xmxt8.cloudfront.net\/13\/2021\/05\/Mark-Beaumont-profimedia-0227233526.jpg\"><img loading=\"lazy\" decoding=\"async\" class=\"size-full wp-image-12709\" src=\"https:\/\/d2p6e6u75xmxt8.cloudfront.net\/13\/2021\/05\/Mark-Beaumont-profimedia-0227233526.jpg\" alt=\"Mark Beaumont\" width=\"1800\" height=\"1199\" \/><\/a><figcaption id=\"caption-attachment-12709\" class=\"wp-caption-text\"><em>Mark Beaumont objel zem\u011bkouli na kole n\u011bkolikr\u00e1t. Postupn\u011b vylep\u0161oval vlastn\u00ed sv\u011btov\u00fd rekord a\u017e se dostal na 79 dn\u016f.<\/em><\/figcaption><\/figure>\n<h2><strong>Nejrychleji po zadn\u00edm<\/strong><\/h2>\n<p>Peter Sagan um\u00ed sv\u00e9 kolo postavit na zadn\u00ed i ve stoup\u00e1n\u00ed, ale tohle? Nejrychlej\u0161\u00ed j\u00edzdu po zadn\u00edm kole p\u0159edvedla MTB legena Bobby Root v roce 2001. Ale bylo za t\u00edm trochu asistence, proto\u017ee se nejd\u0159\u00edv rozjel v z\u00e1v\u011bt\u0159\u00ed za autem a rychlost 138 km\/h vydr\u017eel jen 9,75 metru.<\/p>\n<h2><strong>Minuta na trena\u017e\u00e9ru<\/strong><\/h2>\n<p>A je\u0161t\u011b jeden \u0161\u00edlen\u00fd po\u010din. Asi byste si nikdy nemysleli, \u017ee rekordy se budou trhat doma na trena\u017e\u00e9rech. Ale v roce 2009 se Miguel Angel Castro rozhodl, \u017ee pro\u010d ne. Za minutu ujel 2,04 km. Jen si to zkuste! Vlastn\u00ed rekord p\u0159ekonal \u0161est let nato, kdy zvl\u00e1dl dokonce 3,06 km. Svoji pr\u016fm\u011brnou rychlost tak vytla\u010dil na neuv\u011b\u0159iteln\u00fdch 183 km\/h.<\/p>\n","protected":false},"excerpt":{"rendered":"<p>Od chv\u00edle, co bylo vynalezeno kolo, jsou cyklist\u00e9 posedl\u00ed rekordy. Od hodinovky na dr\u00e1ze, kter\u00e1 se oded\u00e1vna pova\u017euje za uk\u00e1zku [&hellip;]<\/p>\n","protected":false},"author":138,"featured_media":10807,"comment_status":"open","ping_status":"open","sticky":false,"template":"","format":"standard","meta":{"footnotes":""},"categories":[660],"tags":[1620,1614,1616,1619,1376,1618,126,876,920,56,1622,1621,1615,1613,9,1617,27,1623,1624],"global-categories":[411],"class_list":["post-12693","post","type-post","status-publish","format-standard","has-post-thumbnail","hentry","category-https-www-welovecycling-com-cs-category-zabava","tag-amanda-cokerova","tag-bobby-root","tag-christoph-strasser","tag-craig-cannon","tag-ctyriadvacetihodinovka","tag-cyklisticke-rekordy","tag-cyklistika","tag-daniel-polman","tag-everesting","tag-horska-cyklistika","tag-ian-walker","tag-kurt-searvogel","tag-mark-beaumont","tag-rekordy","tag-silnicni-cyklistika","tag-stanislav-verstovsek","tag-trenink","tag-victor-campenaerts","tag-vittoria-bussiova","global-categories-cycling"],"yoast_head":"<!-- This site is optimized with the Yoast SEO Premium plugin v25.3 (Yoast SEO v25.9) - https:\/\/yoast.com\/wordpress\/plugins\/seo\/ -->\n<title>Neuv\u011b\u0159iteln\u00e9 cyklistick\u00e9 rekordy: nejrychlej\u0161\u00ed, nejdel\u0161\u00ed, nej\u0161\u00edlen\u011bj\u0161\u00ed | \u0160koda We Love Cycling - \u010cesk\u00e1 republika<\/title>\n<meta name=\"description\" content=\"Od chv\u00edle, co bylo vynalezeno kolo, jsou cyklist\u00e9 posedl\u00ed rekordy. Jak zn\u00ed nejrychlej\u0161\u00ed a nejdel\u0161\u00ed v\u00fdkony, p\u0159i nich\u017e se hledaj\u00ed lidsk\u00e9 limity?\" \/>\n<meta name=\"robots\" content=\"index, follow, max-snippet:-1, max-image-preview:large, max-video-preview:-1\" \/>\n<link rel=\"canonical\" href=\"https:\/\/www.welovecycling.com\/cs\/2021\/05\/14\/neuveritelne-cyklisticke-rekordy-nejrychlejsi-nejdelsi-nejsilenejsi\/\" \/>\n<meta property=\"og:locale\" content=\"cs_CZ\" \/>\n<meta property=\"og:type\" content=\"article\" \/>\n<meta property=\"og:title\" content=\"Neuv\u011b\u0159iteln\u00e9 cyklistick\u00e9 rekordy: nejrychlej\u0161\u00ed, nejdel\u0161\u00ed, nej\u0161\u00edlen\u011bj\u0161\u00ed\" \/>\n<meta property=\"og:description\" content=\"Od chv\u00edle, co bylo vynalezeno kolo, jsou cyklist\u00e9 posedl\u00ed rekordy. Jak zn\u00ed nejrychlej\u0161\u00ed a nejdel\u0161\u00ed v\u00fdkony, p\u0159i nich\u017e se hledaj\u00ed lidsk\u00e9 limity?\" \/>\n<meta property=\"og:url\" content=\"https:\/\/www.welovecycling.com\/cs\/2021\/05\/14\/neuveritelne-cyklisticke-rekordy-nejrychlejsi-nejdelsi-nejsilenejsi\/\" \/>\n<meta property=\"og:site_name\" content=\"\u0160koda We Love Cycling - \u010cesk\u00e1 republika\" \/>\n<meta property=\"article:published_time\" content=\"2021-05-14T10:00:44+00:00\" \/>\n<meta property=\"og:image\" content=\"https:\/\/d2p6e6u75xmxt8.cloudfront.net\/13\/2020\/11\/Indurain-pinarello-profimedia-0397932073.webp\" \/>\n\t<meta property=\"og:image:width\" content=\"1800\" \/>\n\t<meta property=\"og:image:height\" content=\"1153\" \/>\n\t<meta property=\"og:image:type\" content=\"image\/webp\" \/>\n<meta name=\"author\" content=\"radekmalina\" \/>\n<meta name=\"twitter:card\" content=\"summary_large_image\" \/>\n<meta name=\"twitter:label1\" content=\"Written by\" \/>\n\t<meta name=\"twitter:data1\" content=\"Marek Novotn\u00fd\" \/>\n\t<meta name=\"twitter:label2\" content=\"Est. reading time\" \/>\n\t<meta name=\"twitter:data2\" content=\"5\" \/>\n<script type=\"application\/ld+json\" class=\"yoast-schema-graph\">{\"@context\":\"https:\/\/schema.org\",\"@graph\":[{\"@type\":\"WebPage\",\"@id\":\"https:\/\/www.welovecycling.com\/cs\/2021\/05\/14\/neuveritelne-cyklisticke-rekordy-nejrychlejsi-nejdelsi-nejsilenejsi\/\",\"url\":\"https:\/\/www.welovecycling.com\/cs\/2021\/05\/14\/neuveritelne-cyklisticke-rekordy-nejrychlejsi-nejdelsi-nejsilenejsi\/\",\"name\":\"Neuv\u011b\u0159iteln\u00e9 cyklistick\u00e9 rekordy: nejrychlej\u0161\u00ed, nejdel\u0161\u00ed, nej\u0161\u00edlen\u011bj\u0161\u00ed | \u0160koda We Love Cycling - \u010cesk\u00e1 republika\",\"isPartOf\":{\"@id\":\"https:\/\/www.welovecycling.com\/cs\/#website\"},\"primaryImageOfPage\":{\"@id\":\"https:\/\/www.welovecycling.com\/cs\/2021\/05\/14\/neuveritelne-cyklisticke-rekordy-nejrychlejsi-nejdelsi-nejsilenejsi\/#primaryimage\"},\"image\":{\"@id\":\"https:\/\/www.welovecycling.com\/cs\/2021\/05\/14\/neuveritelne-cyklisticke-rekordy-nejrychlejsi-nejdelsi-nejsilenejsi\/#primaryimage\"},\"thumbnailUrl\":\"https:\/\/d2p6e6u75xmxt8.cloudfront.net\/13\/2020\/11\/Indurain-pinarello-profimedia-0397932073.webp\",\"datePublished\":\"2021-05-14T10:00:44+00:00\",\"author\":{\"@id\":\"https:\/\/www.welovecycling.com\/cs\/#\/schema\/person\/d9eeb0a378f3a7e4a6d12d2b536b04b8\"},\"description\":\"Od chv\u00edle, co bylo vynalezeno kolo, jsou cyklist\u00e9 posedl\u00ed rekordy. Jak zn\u00ed nejrychlej\u0161\u00ed a nejdel\u0161\u00ed v\u00fdkony, p\u0159i nich\u017e se hledaj\u00ed lidsk\u00e9 limity?\",\"inLanguage\":\"cs\",\"potentialAction\":[{\"@type\":\"ReadAction\",\"target\":[\"https:\/\/www.welovecycling.com\/cs\/2021\/05\/14\/neuveritelne-cyklisticke-rekordy-nejrychlejsi-nejdelsi-nejsilenejsi\/\"]}]},{\"@type\":\"ImageObject\",\"inLanguage\":\"cs\",\"@id\":\"https:\/\/www.welovecycling.com\/cs\/2021\/05\/14\/neuveritelne-cyklisticke-rekordy-nejrychlejsi-nejdelsi-nejsilenejsi\/#primaryimage\",\"url\":\"https:\/\/d2p6e6u75xmxt8.cloudfront.net\/13\/2020\/11\/Indurain-pinarello-profimedia-0397932073.webp\",\"contentUrl\":\"https:\/\/d2p6e6u75xmxt8.cloudfront.net\/13\/2020\/11\/Indurain-pinarello-profimedia-0397932073.webp\",\"width\":1800,\"height\":1153,\"caption\":\"Speci\u00e1l, na n\u011bm\u017e v roce 1994 Miguel Indurain vytvo\u0159il rekord v hodinovce. Foto: profimedia\"},{\"@type\":\"WebSite\",\"@id\":\"https:\/\/www.welovecycling.com\/cs\/#website\",\"url\":\"https:\/\/www.welovecycling.com\/cs\/\",\"name\":\"\u0160koda We Love Cycling - \u010cesk\u00e1 republika\",\"description\":\"WeLoveCycling.cz je online magaz\u00edn, kter\u00fd v\u00e1m pravideln\u011b p\u0159in\u00e1\u0161\u00ed rady a tipy, zaj\u00edmav\u00e9 \u010dl\u00e1nky, videa a jedine\u010dn\u00e9 report\u00e1\u017ee ze sv\u011bta cyklistiky.\",\"potentialAction\":[{\"@type\":\"SearchAction\",\"target\":{\"@type\":\"EntryPoint\",\"urlTemplate\":\"https:\/\/www.welovecycling.com\/cs\/?s={search_term_string}\"},\"query-input\":{\"@type\":\"PropertyValueSpecification\",\"valueRequired\":true,\"valueName\":\"search_term_string\"}}],\"inLanguage\":\"cs\"},{\"@type\":\"Person\",\"@id\":\"https:\/\/www.welovecycling.com\/cs\/#\/schema\/person\/d9eeb0a378f3a7e4a6d12d2b536b04b8\",\"name\":\"radekmalina\",\"image\":{\"@type\":\"ImageObject\",\"inLanguage\":\"cs\",\"@id\":\"https:\/\/www.welovecycling.com\/cs\/#\/schema\/person\/image\/\",\"url\":\"https:\/\/secure.gravatar.com\/avatar\/66994b632cb8c39a46b9f54afa3ae07201b678d32a54275b6f1c9ffec356bfc0?s=96&d=mm&r=g\",\"contentUrl\":\"https:\/\/secure.gravatar.com\/avatar\/66994b632cb8c39a46b9f54afa3ae07201b678d32a54275b6f1c9ffec356bfc0?s=96&d=mm&r=g\",\"caption\":\"radekmalina\"},\"url\":\"https:\/\/www.welovecycling.com\/cs\/author\/radekmalina\/\"}]}<\/script>\n<!-- \/ Yoast SEO Premium plugin. -->","yoast_head_json":{"title":"Neuv\u011b\u0159iteln\u00e9 cyklistick\u00e9 rekordy: nejrychlej\u0161\u00ed, nejdel\u0161\u00ed, nej\u0161\u00edlen\u011bj\u0161\u00ed | \u0160koda We Love Cycling - \u010cesk\u00e1 republika","description":"Od chv\u00edle, co bylo vynalezeno kolo, jsou cyklist\u00e9 posedl\u00ed rekordy. Jak zn\u00ed nejrychlej\u0161\u00ed a nejdel\u0161\u00ed v\u00fdkony, p\u0159i nich\u017e se hledaj\u00ed lidsk\u00e9 limity?","robots":{"index":"index","follow":"follow","max-snippet":"max-snippet:-1","max-image-preview":"max-image-preview:large","max-video-preview":"max-video-preview:-1"},"canonical":"https:\/\/www.welovecycling.com\/cs\/2021\/05\/14\/neuveritelne-cyklisticke-rekordy-nejrychlejsi-nejdelsi-nejsilenejsi\/","og_locale":"cs_CZ","og_type":"article","og_title":"Neuv\u011b\u0159iteln\u00e9 cyklistick\u00e9 rekordy: nejrychlej\u0161\u00ed, nejdel\u0161\u00ed, nej\u0161\u00edlen\u011bj\u0161\u00ed","og_description":"Od chv\u00edle, co bylo vynalezeno kolo, jsou cyklist\u00e9 posedl\u00ed rekordy. Jak zn\u00ed nejrychlej\u0161\u00ed a nejdel\u0161\u00ed v\u00fdkony, p\u0159i nich\u017e se hledaj\u00ed lidsk\u00e9 limity?","og_url":"https:\/\/www.welovecycling.com\/cs\/2021\/05\/14\/neuveritelne-cyklisticke-rekordy-nejrychlejsi-nejdelsi-nejsilenejsi\/","og_site_name":"\u0160koda We Love Cycling - \u010cesk\u00e1 republika","article_published_time":"2021-05-14T10:00:44+00:00","og_image":[{"width":1800,"height":1153,"url":"https:\/\/d2p6e6u75xmxt8.cloudfront.net\/13\/2020\/11\/Indurain-pinarello-profimedia-0397932073.webp","type":"image\/webp"}],"author":"radekmalina","twitter_card":"summary_large_image","twitter_misc":{"Written by":"Marek Novotn\u00fd","Est. reading time":"5"},"schema":{"@context":"https:\/\/schema.org","@graph":[{"@type":"WebPage","@id":"https:\/\/www.welovecycling.com\/cs\/2021\/05\/14\/neuveritelne-cyklisticke-rekordy-nejrychlejsi-nejdelsi-nejsilenejsi\/","url":"https:\/\/www.welovecycling.com\/cs\/2021\/05\/14\/neuveritelne-cyklisticke-rekordy-nejrychlejsi-nejdelsi-nejsilenejsi\/","name":"Neuv\u011b\u0159iteln\u00e9 cyklistick\u00e9 rekordy: nejrychlej\u0161\u00ed, nejdel\u0161\u00ed, nej\u0161\u00edlen\u011bj\u0161\u00ed | \u0160koda We Love Cycling - \u010cesk\u00e1 republika","isPartOf":{"@id":"https:\/\/www.welovecycling.com\/cs\/#website"},"primaryImageOfPage":{"@id":"https:\/\/www.welovecycling.com\/cs\/2021\/05\/14\/neuveritelne-cyklisticke-rekordy-nejrychlejsi-nejdelsi-nejsilenejsi\/#primaryimage"},"image":{"@id":"https:\/\/www.welovecycling.com\/cs\/2021\/05\/14\/neuveritelne-cyklisticke-rekordy-nejrychlejsi-nejdelsi-nejsilenejsi\/#primaryimage"},"thumbnailUrl":"https:\/\/d2p6e6u75xmxt8.cloudfront.net\/13\/2020\/11\/Indurain-pinarello-profimedia-0397932073.webp","datePublished":"2021-05-14T10:00:44+00:00","author":{"@id":"https:\/\/www.welovecycling.com\/cs\/#\/schema\/person\/d9eeb0a378f3a7e4a6d12d2b536b04b8"},"description":"Od chv\u00edle, co bylo vynalezeno kolo, jsou cyklist\u00e9 posedl\u00ed rekordy. Jak zn\u00ed nejrychlej\u0161\u00ed a nejdel\u0161\u00ed v\u00fdkony, p\u0159i nich\u017e se hledaj\u00ed lidsk\u00e9 limity?","inLanguage":"cs","potentialAction":[{"@type":"ReadAction","target":["https:\/\/www.welovecycling.com\/cs\/2021\/05\/14\/neuveritelne-cyklisticke-rekordy-nejrychlejsi-nejdelsi-nejsilenejsi\/"]}]},{"@type":"ImageObject","inLanguage":"cs","@id":"https:\/\/www.welovecycling.com\/cs\/2021\/05\/14\/neuveritelne-cyklisticke-rekordy-nejrychlejsi-nejdelsi-nejsilenejsi\/#primaryimage","url":"https:\/\/d2p6e6u75xmxt8.cloudfront.net\/13\/2020\/11\/Indurain-pinarello-profimedia-0397932073.webp","contentUrl":"https:\/\/d2p6e6u75xmxt8.cloudfront.net\/13\/2020\/11\/Indurain-pinarello-profimedia-0397932073.webp","width":1800,"height":1153,"caption":"Speci\u00e1l, na n\u011bm\u017e v roce 1994 Miguel Indurain vytvo\u0159il rekord v hodinovce. Foto: profimedia"},{"@type":"WebSite","@id":"https:\/\/www.welovecycling.com\/cs\/#website","url":"https:\/\/www.welovecycling.com\/cs\/","name":"\u0160koda We Love Cycling - \u010cesk\u00e1 republika","description":"WeLoveCycling.cz je online magaz\u00edn, kter\u00fd v\u00e1m pravideln\u011b p\u0159in\u00e1\u0161\u00ed rady a tipy, zaj\u00edmav\u00e9 \u010dl\u00e1nky, videa a jedine\u010dn\u00e9 report\u00e1\u017ee ze sv\u011bta cyklistiky.","potentialAction":[{"@type":"SearchAction","target":{"@type":"EntryPoint","urlTemplate":"https:\/\/www.welovecycling.com\/cs\/?s={search_term_string}"},"query-input":{"@type":"PropertyValueSpecification","valueRequired":true,"valueName":"search_term_string"}}],"inLanguage":"cs"},{"@type":"Person","@id":"https:\/\/www.welovecycling.com\/cs\/#\/schema\/person\/d9eeb0a378f3a7e4a6d12d2b536b04b8","name":"radekmalina","image":{"@type":"ImageObject","inLanguage":"cs","@id":"https:\/\/www.welovecycling.com\/cs\/#\/schema\/person\/image\/","url":"https:\/\/secure.gravatar.com\/avatar\/66994b632cb8c39a46b9f54afa3ae07201b678d32a54275b6f1c9ffec356bfc0?s=96&d=mm&r=g","contentUrl":"https:\/\/secure.gravatar.com\/avatar\/66994b632cb8c39a46b9f54afa3ae07201b678d32a54275b6f1c9ffec356bfc0?s=96&d=mm&r=g","caption":"radekmalina"},"url":"https:\/\/www.welovecycling.com\/cs\/author\/radekmalina\/"}]}},"_links":{"self":[{"href":"https:\/\/www.welovecycling.com\/cs\/wp-json\/wp\/v2\/posts\/12693","targetHints":{"allow":["GET"]}}],"collection":[{"href":"https:\/\/www.welovecycling.com\/cs\/wp-json\/wp\/v2\/posts"}],"about":[{"href":"https:\/\/www.welovecycling.com\/cs\/wp-json\/wp\/v2\/types\/post"}],"author":[{"embeddable":true,"href":"https:\/\/www.welovecycling.com\/cs\/wp-json\/wp\/v2\/users\/138"}],"replies":[{"embeddable":true,"href":"https:\/\/www.welovecycling.com\/cs\/wp-json\/wp\/v2\/comments?post=12693"}],"version-history":[{"count":2,"href":"https:\/\/www.welovecycling.com\/cs\/wp-json\/wp\/v2\/posts\/12693\/revisions"}],"predecessor-version":[{"id":12858,"href":"https:\/\/www.welovecycling.com\/cs\/wp-json\/wp\/v2\/posts\/12693\/revisions\/12858"}],"wp:featuredmedia":[{"embeddable":true,"href":"https:\/\/www.welovecycling.com\/cs\/wp-json\/wp\/v2\/media\/10807"}],"wp:attachment":[{"href":"https:\/\/www.welovecycling.com\/cs\/wp-json\/wp\/v2\/media?parent=12693"}],"wp:term":[{"taxonomy":"category","embeddable":true,"href":"https:\/\/www.welovecycling.com\/cs\/wp-json\/wp\/v2\/categories?post=12693"},{"taxonomy":"post_tag","embeddable":true,"href":"https:\/\/www.welovecycling.com\/cs\/wp-json\/wp\/v2\/tags?post=12693"},{"taxonomy":"global-categories","embeddable":true,"href":"https:\/\/www.welovecycling.com\/cs\/wp-json\/wp\/v2\/global-categories?post=12693"}],"curies":[{"name":"wp","href":"https:\/\/api.w.org\/{rel}","templated":true}]}}