{"id":12200,"date":"2021-04-02T12:01:11","date_gmt":"2021-04-02T10:01:11","guid":{"rendered":"https:\/\/www.welovecycling.com\/cs\/?p=12200"},"modified":"2021-04-04T08:53:46","modified_gmt":"2021-04-04T06:53:46","slug":"svet-kol-komentatora-eurosportu-top-pet-prestupu-world-tour","status":"publish","type":"post","link":"https:\/\/www.welovecycling.com\/cs\/2021\/04\/02\/svet-kol-komentatora-eurosportu-top-pet-prestupu-world-tour\/","title":{"rendered":"Sv\u011bt kol koment\u00e1tora Eurosportu: Top p\u011bt p\u0159estup\u016f World Tour"},"content":{"rendered":"<p><strong>Jakkoliv byla posledn\u00ed cyklistick\u00e1 sezona poznamen\u00e1na pandemi\u00ed koronaviru, p\u0159estupov\u00fd trh ve World Tour nezamrznul. N\u011bkter\u00e9 transfery jako v p\u0159\u00edpad\u011b Chrise Frooma byly p\u0159edem avizovan\u00e9, jin\u00e9 naprosto ne\u010dekan\u00e9 a \u0161okuj\u00edc\u00ed, co\u017e dokazuje p\u0159evl\u00e9k\u00e1n\u00ed dresu v p\u0159\u00edpad\u011b objevu sezony Marca Hirschiho. Jak vypad\u00e1 top p\u011bt p\u0159estup\u016f elitn\u00ed cyklistick\u00e9 sc\u00e9ny?<\/strong><\/p>\n<h2><strong>Chris Froome: z Ineosu do Israel Start-Up Nation<\/strong><\/h2>\n<p>\u010cty\u0159n\u00e1sobn\u00fd v\u00edt\u011bz Tour de France opou\u0161t\u00ed sv\u016fj mate\u0159sk\u00fd t\u00fdm Sky (Ineos) s vidinou p\u00e1teho triumfu na Star\u00e9 d\u00e1m\u011b. Po \u017eivotu nebezpe\u010dn\u00e9 hav\u00e1rii z Dauphin\u00e9 2019 je z\u00e1zrak, \u017ee se britsk\u00fd z\u00e1vodn\u00edk v p\u011btat\u0159iceti letech vrac\u00ed k profesion\u00e1ln\u00edmu sportu. Ambice na historick\u00fd p\u00e1t\u00fd triumf na nejpresti\u017en\u011bj\u0161\u00edm z\u00e1vod\u011b sv\u011bta v\u0161ak Froome neskr\u00fdv\u00e1 a dokonce se najde t\u00fdm, kter\u00fd ho v tomto sna\u017een\u00ed podpo\u0159\u00ed a zaplat\u00ed.<\/p>\n<figure id=\"attachment_11301\" aria-describedby=\"caption-attachment-11301\" style=\"width: 1080px\" class=\"wp-caption alignnone\"><a href=\"https:\/\/d2p6e6u75xmxt8.cloudfront.net\/13\/2021\/01\/froome-israel-start-up.jpg\"><img loading=\"lazy\" decoding=\"async\" class=\"size-full wp-image-11301\" src=\"https:\/\/d2p6e6u75xmxt8.cloudfront.net\/13\/2021\/01\/froome-israel-start-up.jpg\" alt=\"Chris Froome v barv\u00e1ch nov\u00e9ho t\u00fdmu\" width=\"1080\" height=\"826\" \/><\/a><figcaption id=\"caption-attachment-11301\" class=\"wp-caption-text\"><em>Chris Froome v barv\u00e1ch nov\u00e9ho t\u00fdmu Israel StartUp Nation.<\/em><\/figcaption><\/figure>\n<p>Sestava Israel Start-Up Nation veden\u00e1 finsk\u00fdm mana\u017eerem Carlstr\u00f6mem podepisuje s Froomem ro\u010dn\u00ed smlouvu s garanc\u00ed pozice l\u00eddra na Tour. Finan\u010dn\u00ed pozad\u00ed kontraktu odhaleno pochopiteln\u011b nen\u00ed. Nejde tak stoprocentn\u011b \u0159\u00edct, jestli se od t\u00fdmu jedn\u00e1 o drah\u00fd obchod s velmi nejist\u00fdm v\u00fdnosem nebo v\u00fdhodn\u00fd marketingov\u00fd tah, kter\u00fd dostane t\u00fdm v b\u00edlo-modr\u00fdch dresech do st\u0159edu pozornosti v nejsledovan\u011bj\u0161\u00edm obdob\u00ed cyklistick\u00e9 sezony. Kondice Frooma je podle lo\u0148sk\u00e9, covidem-19 pok\u0159iven\u00e9 sezony velkou nezn\u00e1mou a ani prvn\u00ed etap\u00e1ky leto\u0161n\u00edho roku nenasv\u011bd\u010duj\u00ed tomu (47. m\u00edsto UAE Tour, 87. m\u00edsto Kolem Katal\u00e1nska), \u017ee by ke\u0148sk\u00fd rod\u00e1k mohl konkurovat nastupuj\u00edc\u00ed generaci veden\u00e9 lo\u0148sk\u00fdm v\u00edt\u011bzem Tour Tadejem Poga\u010darem.<\/p>\n<div class=\"shortcode-ys-post-pinup\"><article class=\"loop-simple post-12027 post type-post status-publish format-standard has-post-thumbnail hentry category-silnicni-cyklistika tag-cesky-svaz-cyklistiky tag-cyklistika tag-design tag-horska-cyklistika tag-jiri-karasek tag-logo tag-silnicni-cyklistika global-categories-cycling\" data-postid=\"12027\" role=\"article\" data-post-id=\"12027\" data-word-count=\"524\" data-headline-length=\"91\" data-category=\"Silni\u010dn\u00ed cyklistika\" data-global-category=\"Cycling\" data-author=\"Radek Malina\" data-published=\"2021-03-21T10:30:24+02:00\" data-published-day=\"Sunday\">\n    <div class=\"entry-thumbnail article-thumbnail\" content=\"https:\/\/d2p6e6u75xmxt8.cloudfront.net\/13\/2021\/03\/CSC-prezentace-loga-pro-CT-V32-150x150.webp\"><a href=\"https:\/\/www.welovecycling.com\/cs\/2021\/03\/21\/cesky-svaz-cyklistiky-zmenil-logo-je-nadcasove-vysvetluje-designer-jiri-karasek\/\" class=\"image-holder\" target=\"_self\"><img decoding=\"async\" loading=\"lazy\" class=\"\" src=\"https:\/\/d2p6e6u75xmxt8.cloudfront.net\/13\/2021\/03\/CSC-prezentace-loga-pro-CT-V32-1024x576.webp\" srcset=\"https:\/\/d2p6e6u75xmxt8.cloudfront.net\/13\/2021\/03\/CSC-prezentace-loga-pro-CT-V32.webp 1920w, https:\/\/d2p6e6u75xmxt8.cloudfront.net\/13\/2021\/03\/CSC-prezentace-loga-pro-CT-V32-300x169.webp 300w, https:\/\/d2p6e6u75xmxt8.cloudfront.net\/13\/2021\/03\/CSC-prezentace-loga-pro-CT-V32-1024x576.webp 1024w, https:\/\/d2p6e6u75xmxt8.cloudfront.net\/13\/2021\/03\/CSC-prezentace-loga-pro-CT-V32-768x432.webp 768w, https:\/\/d2p6e6u75xmxt8.cloudfront.net\/13\/2021\/03\/CSC-prezentace-loga-pro-CT-V32-1536x864.webp 1536w\" width=\"1024\" height=\"576\" sizes=\"auto, (min-width: 1200px) 356px, (min-width: 768px) 30vw, 100vw\" alt=\"cesky-svaz-cyklistiky-zmenil-logo-je-nadcasove-vysvetluje-designer-jiri-karasek\"\/><\/a><\/div>    <div class=\"entry-meta\">\n        <a class=\"label label-secondary post-category\" href=\"https:\/\/www.welovecycling.com\/cs\/category\/silnicni-cyklistika\/\" title=\"Silni\u010dn\u00ed cyklistika\">Silni\u010dn\u00ed cyklistika<\/a>\n    <\/div>\n    <div class=\"entry-details\">\n        <a href=\"https:\/\/www.welovecycling.com\/cs\/2021\/03\/21\/cesky-svaz-cyklistiky-zmenil-logo-je-nadcasove-vysvetluje-designer-jiri-karasek\/\" class='entry-title-wrapper'>\n            <h3 class=\"entry-title\"><span>\u010cesk\u00fd svaz cyklistiky zm\u011bnil logo. Je nad\u010dasov\u00e9, vysv\u011btluje design\u00e9r Ji\u0159\u00ed Kar\u00e1sek<\/span><\/h3>\n        <\/a>\n    <\/div>\n    <\/article>\n<\/div>\n<p>Froome se v t\u00fdmu neop\u0159e o tak silnou podporu jako ve Sky. Israel Start-Up Nation vedle ke\u0148sk\u00e9ho rod\u00e1ka podepsal siln\u00e9 vrcha\u0159e jako je Kana\u010fan Woods nebo Ital de Marchi, zku\u0161en\u00e9ho univerz\u00e1la z JAR Impeyho a dal\u0161\u00edch \u0161est nov\u00fdch z\u00e1vodn\u00edku. T\u0159i v\u00fd\u0161e jmenovan\u00ed v\u0161ak nejsou jen respektovan\u00fdmi profesion\u00e1ly, ale i z\u00e1vodn\u00edci, kte\u0159\u00ed um\u00ed vyhr\u00e1vat. Otev\u00edr\u00e1 si tak t\u00fdm i\u00a0 zadn\u00ed vr\u00e1tka pro p\u0159\u00edpad, \u017ee se Froomovi Tour nepoda\u0159\u00ed a pojede se pro etapy? To uk\u00e1\u017ee a\u017e z\u00e1vod samotn\u00fd. V ka\u017ed\u00e9m p\u0159\u00edpad\u011b oce\u0148me Froomeho odvahu j\u00edt s k\u016f\u017e\u00ed na trh a vsadit pov\u011bst ve chv\u00edli, kdy opravdu nemus\u00ed nikomu nic dokazovat a m\u016f\u017ee spokojen\u011b ukon\u010dit kari\u00e9ru s \u0161esti triumfy z Grand Tour a dal\u0161\u00ed dlouhou \u0159adou \u00fasp\u011bch\u016f na kont\u011b.<\/p>\n<h2><strong>Marc Hirschi: ze Sunwebu do UAE Emirates<\/strong><\/h2>\n<p>Ne\u010dekan\u00fd p\u0159estup jednoho z nejtalentovan\u011bj\u0161\u00edch z\u00e1vodn\u00edk\u016f sou\u010dasnosti p\u0159ich\u00e1z\u00ed a\u017e po dojet\u00ed lo\u0148sk\u00e9 sezony. Zpr\u00e1va o odchodu dvaadvacetilet\u00e9ho \u0160v\u00fdcara ze Sunwebu (sou\u010dasn\u00e9 st\u00e1je DSM) do t\u00fdmu UAE Emirates d\u00e1v\u00e1 tu\u0161it, \u017ee v Sunwebu je n\u011bco \u0161patn\u011b. Hirschiho p\u0159\u00edpad navazuje na zvl\u00e1\u0161tn\u00ed odchod\u00a0 v\u00edt\u011bze Gira Dumoulina z t\u00e9to n\u011bmecko-holandsk\u00e9 struktury.<\/p>\n<figure id=\"attachment_9926\" aria-describedby=\"caption-attachment-9926\" style=\"width: 720px\" class=\"wp-caption alignnone\"><a href=\"https:\/\/d2p6e6u75xmxt8.cloudfront.net\/13\/2020\/09\/hirschi.jpg\"><img loading=\"lazy\" decoding=\"async\" class=\"size-full wp-image-9926\" src=\"https:\/\/d2p6e6u75xmxt8.cloudfront.net\/13\/2020\/09\/hirschi.jpg\" alt=\"Marc Hirschi s trofej\u00ed pro nejv\u011bt\u0161\u00edho bojovn\u00edka Tour de France 2020. Foto: instagram\" width=\"720\" height=\"720\" \/><\/a><figcaption id=\"caption-attachment-9926\" class=\"wp-caption-text\"><em>Marc Hirschi s trofej\u00ed pro nejv\u011bt\u0161\u00edho bojovn\u00edka Tour de France 2020 v dresu Sunwebu. Foto: instagram<\/em><\/figcaption><\/figure>\n<p>Indicie nazna\u010duj\u00ed, \u017ee Hirschiho agent celkem pochopiteln\u011b po\u017eadoval pro v\u00edt\u011bze Valonsk\u00e9ho \u0161\u00edpu, etapy na Tour a medailisty z MS vy\u0161\u0161\u00ed plat. Mana\u017eer t\u00fdmu Iwan Spekenbrink je v t\u011bchto jedn\u00e1n\u00edch viditeln\u011b velmi striktn\u00ed. S Hirschim rad\u011bji rozv\u00e1\u017ee smlouvu, n\u011b\u017e aby za objev lo\u0148sk\u00e9 sezony s velkou perspektivou p\u0159iplatil. Na jednu stranu je jedn\u00e1n\u00ed t\u00fdmu, kter\u00fd byl v\u017edy schopen vyhr\u00e1vat s mlad\u00fdmi a celkem nezn\u00e1m\u00fdmi z\u00e1vodn\u00edky, sympatick\u00fd. Prost\u011b se dr\u017e\u00ed sv\u00e9 strategie a jsou sv\u00e9mu sm\u011bru ochotni ob\u011btovat i jistotu v\u00edt\u011bzstv\u00ed.<\/p>\n<p>Nen\u00ed to v\u0161ak zbyte\u010dn\u00e1 nafoukanost a risk s budoucnost\u00ed t\u00fdmu? V\u017edy\u0165 jeho vrstevn\u00edci Poga\u010dar a Bernal dostali ve sv\u00fdch t\u00fdmech i p\u011btiletou jistotu! Pro rod\u00e1ka z Bernu je p\u0159estup do UAE bezpochyby finan\u010dn\u011b v\u00fdhodn\u00fd, nav\u00edc podepisuje kontrakt na t\u0159i roky a spolu s Poga\u010darem bude l\u00eddrem pro ardensk\u00e9 klasiky v Belgii. Ve fin\u00e1le si tak v\u0161ichni p\u0159i\u0161li na sv\u00e9. Pokud v\u0161ak bude Hirschi pokra\u010dovat v nastaven\u00e9m tempu a p\u0159ijdou dal\u0161\u00ed v\u00edt\u011bzstv\u00ed bude v DSM trochu ho\u0159kosti, kterou u\u0161et\u0159en\u00e1 Eura nevykoup\u00ed.<\/p>\n<h2><strong>Greg van Avermaet: z CCC do Ag2R Citr\u00f6en<\/strong><\/h2>\n<p>Ag2R Citr\u00f6en je dal\u0161\u00edm p\u0159\u00edpadem t\u00fdmu, kter\u00fd ot\u00e1\u010d\u00ed o sto osmdes\u00e1t stup\u0148\u016f. Z typicky vrcha\u0159sk\u00e9 sestavy se st\u00e1v\u00e1 t\u00fdm zam\u011b\u0159en\u00fd na jednor\u00e1zov\u00e9 z\u00e1vody a etapy na Grand Tour. L\u00eddrem zm\u011bny je pro dal\u0161\u00ed t\u0159i roky Belgi\u010dan Greg van Avermaet. V\u00edt\u011bz Pa\u0159\u00ed\u017e-Roubaix 2017 podepisuje v p\u011btat\u0159iceti letech dlouhodob\u00fd kontrakt. V t\u00fdmu se setk\u00e1v\u00e1 se sv\u00fdm \u010dast\u00fdm tr\u00e9ninkov\u00fdm partnerem Oliverem Naesenem, z anga\u017em\u00e1 v CCC si s sebou bere loaj\u00e1ln\u00edho domestika Michela Sch\u00e4ra. T\u00fdmovou s\u00edlu na ur\u010dit\u00e9 jednor\u00e1zovky podpo\u0159\u00ed i p\u0159\u00edchod Lucembur\u010dana Jungelese. Pr\u00e1v\u011b takhle vypad\u00e1 nab\u00eddka, kter\u00e1 se neodm\u00edt\u00e1.<\/p>\n<figure id=\"attachment_12203\" aria-describedby=\"caption-attachment-12203\" style=\"width: 1920px\" class=\"wp-caption alignnone\"><a href=\"https:\/\/d2p6e6u75xmxt8.cloudfront.net\/13\/2021\/04\/Greg-van-avermaet-E3-klasika-stybar-van-der-poel.jpg\"><img loading=\"lazy\" decoding=\"async\" class=\"size-extra-large wp-image-12203\" src=\"https:\/\/d2p6e6u75xmxt8.cloudfront.net\/13\/2021\/04\/Greg-van-avermaet-E3-klasika-stybar-van-der-poel-1920x1280.jpg\" alt=\"Greg van Avermaet t\u00e1hne skupinu p\u0159i klasice E3 Harelbeke. Tim de Waele\/Getty Images)\" width=\"1920\" height=\"1280\" \/><\/a><figcaption id=\"caption-attachment-12203\" class=\"wp-caption-text\"><em>Greg van Avermaet t\u00e1hne skupinu p\u0159i klasice E3 Harelbeke. Foto: Ag2R Citr\u00f6en\/Tim de Waele\/Getty Images<\/em><\/figcaption><\/figure>\n<p>T\u00fdm s v\u00edce ne\u017e dvacetiletou histori\u00ed v profipelotonu si s p\u0159\u00edchodem nov\u00e9ho sponzora, automobilky Citr\u00f6en, evidentn\u011b finan\u010dn\u011b v\u00fdrazn\u011b polep\u0161il. Je pravda, \u017ee po odchodu dlouholet\u00e9ho l\u00eddra pro Grand Tour Romaina Bardeta i dal\u0161\u00edho talentovan\u00e9ho vrcha\u0159e Latoura musela v rozpo\u010dtu z\u016fstat eura nav\u00edc, ale i tak jsou zm\u011bny v t\u00fdmu masivn\u00ed a drah\u00e9.<\/p>\n<p>Francouzsk\u00fd t\u00fdm veden\u00fd Belgi\u010dany je v\u0161ak skoro protimluv a je pot\u0159eba ocenit odvahu mana\u017eera Ag2R Lavenuho, se kterou se do prom\u011bny t\u00fdmu pustil. Francouzsk\u00e1 ve\u0159ejnost toti\u017e velmi r\u00e1da vid\u00ed z\u00e1vodit a v\u00edt\u011bzit\u00a0 krajany. V sou\u010dasn\u00e9 cyklistice je v\u0161ak tento vlasteneck\u00fd model p\u0159e\u017eit\u00fd a nefunk\u010dn\u00ed. Pokud ale nebudou v\u00fdsledky, Lavenu bude muset s hlavou na \u0161palek.<\/p>\n<h2><strong>Adam Yates: z BikeExchange do Ineosu<\/strong><\/h2>\n<p>Dlouho odol\u00e1vali brit\u0161t\u00ed brat\u0159i Yatesov\u00e9 nab\u00eddk\u00e1m sv\u00e9ho dom\u00e1c\u00edho Ineosu. D\u0159\u00edv\u011bj\u0161\u00ed Sky cht\u011bl Simona i Adama u\u017e od junior\u016f, kdy oba dva ukazovali talent v dr\u00e1hov\u00e9 cyklistice. Na tuto sezonu se da\u0159\u00ed ulovit alespo\u0148 Adama. Podle tvrd\u00fdch dat historicky toho m\u00e9n\u011b \u00fasp\u011b\u0161n\u00e9ho. Brat\u0159i se tak rozch\u00e1z\u00ed po sedmi sezon\u00e1ch v australsk\u00e9 struktu\u0159e Mitchelton-Scott (dnes BikeExchange).<\/p>\n<div class=\"shortcode-ys-post-pinup\"><article class=\"loop-simple post-11750 post type-post status-publish format-standard has-post-thumbnail hentry category-silnicni-cyklistika tag-cyklistika tag-equipo-kern-pharma tag-etoile-de-besseges tag-silnicni-cyklistika tag-spanelsko tag-trenink tag-vojtech-repa global-categories-cycling\" data-postid=\"11750\" role=\"article\" data-post-id=\"11750\" data-word-count=\"938\" data-headline-length=\"94\" data-category=\"Silni\u010dn\u00ed cyklistika\" data-global-category=\"Cycling\" data-author=\"Jan Kr\u016fta\" data-published=\"2021-02-21T08:00:47+02:00\" data-published-day=\"Sunday\">\n    <div class=\"entry-thumbnail article-thumbnail\" content=\"https:\/\/d2p6e6u75xmxt8.cloudfront.net\/13\/2021\/02\/vojtech-Repa-profimedia-0378019381-150x150.webp\"><a href=\"https:\/\/www.welovecycling.com\/cs\/2021\/02\/21\/vojtech-repa-prestupem-do-spanelska-se-mi-splnil-sen-chci-se-zde-ucit-zivotu-cyklisty\/\" class=\"image-holder\" target=\"_self\"><img decoding=\"async\" loading=\"lazy\" class=\"\" src=\"https:\/\/d2p6e6u75xmxt8.cloudfront.net\/13\/2021\/02\/vojtech-Repa-profimedia-0378019381-1024x682.webp\" srcset=\"https:\/\/d2p6e6u75xmxt8.cloudfront.net\/13\/2021\/02\/vojtech-Repa-profimedia-0378019381.webp 1800w, https:\/\/d2p6e6u75xmxt8.cloudfront.net\/13\/2021\/02\/vojtech-Repa-profimedia-0378019381-300x200.webp 300w, https:\/\/d2p6e6u75xmxt8.cloudfront.net\/13\/2021\/02\/vojtech-Repa-profimedia-0378019381-1024x682.webp 1024w, https:\/\/d2p6e6u75xmxt8.cloudfront.net\/13\/2021\/02\/vojtech-Repa-profimedia-0378019381-768x512.webp 768w, https:\/\/d2p6e6u75xmxt8.cloudfront.net\/13\/2021\/02\/vojtech-Repa-profimedia-0378019381-1536x1023.webp 1536w, https:\/\/d2p6e6u75xmxt8.cloudfront.net\/13\/2021\/02\/vojtech-Repa-profimedia-0378019381-272x182.webp 272w\" width=\"1024\" height=\"682\" sizes=\"auto, (min-width: 1200px) 300px, (min-width: 768px) 25vw, 100vw\" alt=\"vojtech-repa-prestupem-do-spanelska-se-mi-splnil-sen-chci-se-zde-ucit-zivotu-cyklisty\"\/><\/a><\/div>    <div class=\"entry-meta\">\n        <a class=\"label label-secondary post-category\" href=\"https:\/\/www.welovecycling.com\/cs\/category\/silnicni-cyklistika\/\" title=\"Silni\u010dn\u00ed cyklistika\">Silni\u010dn\u00ed cyklistika<\/a>\n    <\/div>\n    <div class=\"entry-details\">\n        <a href=\"https:\/\/www.welovecycling.com\/cs\/2021\/02\/21\/vojtech-repa-prestupem-do-spanelska-se-mi-splnil-sen-chci-se-zde-ucit-zivotu-cyklisty\/\" class='entry-title-wrapper'>\n            <h3 class=\"entry-title\"><span>Vojt\u011bch \u0158epa: P\u0159estupem do \u0160pan\u011blska se mi splnil sen. Chci se zde u\u010dit \u017eivotu cyklisty<\/span><\/h3>\n        <\/a>\n    <\/div>\n    <\/article>\n<\/div>\n<p>A\u010dkoliv pouto dvoj\u010dat b\u00fdv\u00e1 velmi siln\u00e9, nezd\u00e1 se, \u017ee by odlou\u010den\u00ed od Simona m\u011blo na v\u00fdkony Adama n\u011bjak\u00fd vliv. Letos u\u017e z\u00edskal druh\u00e9 m\u00edsto na UAE Tour a vyhr\u00e1l Okolo Katal\u00e1nska. O pozici l\u00eddra v na\u0161lapan\u00e9 sestav\u011b Ineosu, kam p\u0159ich\u00e1zi t\u0159eba i minul\u00fd rok t\u0159et\u00ed z Tour de France Richie Porte, si tak \u0159ekl dost d\u016frazn\u011b. Po\u0159\u00e1d v\u0161ak mluv\u00edme o t\u00fdmu s Bernalem, Carapazem nebo Thomasem ve sv\u00e9m st\u0159edu. Bude v t\u00e9to konkurenci Adam Yates l\u00eddrem na jedn\u00e9 ze t\u0159\u00ed Grand Tours? Nem\u011bl si rad\u011bji vybrat n\u011bjak\u00e9 pohodln\u011bj\u0161\u00ed m\u00edsto s jistou pozic\u00ed l\u00eddra? Pr\u00e1v\u011b posledn\u00ed v\u00fdsledky Adama Yatese dokazuj\u00ed, \u017ee ne.<\/p>\n<p>Jeho nejlep\u0161\u00edm um\u00edst\u011bn\u00edm na Grand Tour je st\u00e1le \u010dtvrt\u00e9 m\u00edsto z Tour de France 2016. P\u0159ed p\u011bti lety! Nab\u00eddka od Ineosu byla jist\u011b finan\u010dn\u011b v\u00fdhodn\u00e1. Je\u0161t\u011b cenn\u011bj\u0161\u00ed v\u0161ak m\u016f\u017ee b\u00fdt nov\u00e1 motivace a pr\u00e1v\u011b ono vysoce konkuren\u010dn\u00ed prost\u0159ed\u00ed v t\u00fdmu, kter\u00e9 donut\u00ed osmadvacetilet\u00e9ho Brita dostat ze sebe maximum.<\/p>\n<h2><strong>Josef \u010cern\u00fd: z CCC do Deceuninck Quick Step<\/strong><\/h2>\n<p>V\u00edt\u011bz 19. etapy lo\u0148sk\u00e9ho Gira di Italia si musel po rozpadu sestavy CCC hledat nov\u00e9 m\u00edsto v profipelotonu. I kdy\u017e je smlouva s formac\u00ed Deceuninck Quick Step pouze ro\u010dn\u00ed, mluv\u00edme o velik\u00e9 \u0161anci prosadit se v jednom z nejlep\u0161\u00edch t\u00fdm\u016f sv\u011bta, do kter\u00e9ho \u010cern\u00fd se sv\u00fdm tempa\u0159sk\u00fdm naturelem perfektn\u011b zapad\u00e1. Dvojn\u00e1sobn\u00fd mistr \u010cR v \u010dasovce m\u016f\u017ee b\u00fdt pou\u017e\u00edv\u00e1n na jak\u00fdkoliv z\u00e1vod sezony jako domestik a sv\u00e9 \u0161ance se chopil pr\u00e1v\u011b v boji s \u010dasem, co\u017e se mu ji\u017e povedlo 8. m\u00edstem v \u010dasovce na leto\u0161n\u00edm Katal\u00e1nsku.<\/p>\n<figure id=\"attachment_12206\" aria-describedby=\"caption-attachment-12206\" style=\"width: 899px\" class=\"wp-caption alignnone\"><a href=\"https:\/\/d2p6e6u75xmxt8.cloudfront.net\/13\/2021\/04\/josef-cerny.jpg\"><img loading=\"lazy\" decoding=\"async\" class=\"size-full wp-image-12206\" src=\"https:\/\/d2p6e6u75xmxt8.cloudfront.net\/13\/2021\/04\/josef-cerny.jpg\" alt=\"Josef \u010cern\u00fd v barv\u00e1ch Deceuninck Quick Step. Foto: Deceuninck Quick Step\/Wout Beel\" width=\"899\" height=\"899\" \/><\/a><figcaption id=\"caption-attachment-12206\" class=\"wp-caption-text\"><em>Josef \u010cern\u00fd v barv\u00e1ch Deceuninck Quick Step. Foto: Deceuninck Quick Step\/Wout Beel<\/em><\/figcaption><\/figure>\n<p>Cesta Josefa \u010cern\u00e9ho do presti\u017en\u00ed World Tour nebyla kr\u00e1tk\u00e1 ani jednoduch\u00e1. U\u017e v devaten\u00e1cti letech odch\u00e1z\u00ed do druhodivizn\u00edho polsk\u00e9ho t\u00fdmu CCC, kde tr\u00e1v\u00ed \u010dty\u0159i roky. Jen\u017ee \u00fasp\u011bchy se nedostavuj\u00ed, a tak se vrac\u00ed do \u010desk\u00e9 st\u00e1je Elkov-Author, kter\u00e1 se \u0159ad\u00ed do divize t\u0159et\u00ed. Tady v\u0161ak restartuje kari\u00e9ru. Po \u0159ad\u011b v\u00edt\u011bzstv\u00ed se op\u011bt domluv\u00ed s mana\u017eery CCC, tentokr\u00e1t v\u0161ak u\u017e prvodivizn\u00ed sestavy World Tour.<\/p>\n<p>Jeho \u00fasp\u011bch je v\u00fdsledkem tvrd\u00e9 pr\u00e1ce posledn\u00edch \u010dty\u0159 let, kdy \u010cern\u00fd dok\u00e1zal vyu\u017e\u00edt potenci\u00e1l a potvrdil, \u017ee talent bez d\u0159iny nesta\u010d\u00ed. I proto po n\u011bm sah\u00e1 mana\u017eer Quick Stepu Lef\u00e9vre. Loaj\u00e1ln\u00ed, poslu\u0161n\u00fd a bezprobl\u00e9mov\u00fd pracant, kter\u00e9ho pot\u0159ebuje ka\u017ed\u00fd t\u00fdm. Pokud \u010cern\u00fd svou pov\u011bst Lef\u00e9vremu potvrd\u00ed, m\u016f\u017ee se ve sv\u00fdch 27ti letech jist\u011b t\u011b\u0161it na prodlou\u017een\u00ed smlouvy i na dal\u0161\u00ed roky.<\/p>\n","protected":false},"excerpt":{"rendered":"<p>Jakkoliv byla posledn\u00ed cyklistick\u00e1 sezona poznamen\u00e1na pandemi\u00ed koronaviru, p\u0159estupov\u00fd trh ve World Tour nezamrznul. N\u011bkter\u00e9 transfery jako v p\u0159\u00edpad\u011b Chrise [&hellip;]<\/p>\n","protected":false},"author":138,"featured_media":11300,"comment_status":"open","ping_status":"open","sticky":false,"template":"","format":"standard","meta":{"footnotes":""},"categories":[10],"tags":[1550,1551,19,126,90,864,1237,912,216,1256,579,9,275],"global-categories":[411],"class_list":["post-12200","post","type-post","status-publish","format-standard","has-post-thumbnail","hentry","category-silnicni-cyklistika","tag-adam-yates","tag-ag2r-citroen","tag-chris-froome","tag-cyklistika","tag-deceuninck-quick-step","tag-greg-van-avermaet","tag-ineos-grenadiers","tag-israel-start-up-nation","tag-josef-cerny","tag-marc-hirschi","tag-prestupy","tag-silnicni-cyklistika","tag-world-tour","global-categories-cycling"],"yoast_head":"<!-- This site is optimized with the Yoast SEO Premium plugin v25.3 (Yoast SEO v25.9) - https:\/\/yoast.com\/wordpress\/plugins\/seo\/ -->\n<title>Sv\u011bt kol koment\u00e1tora Eurosportu: Top p\u011bt p\u0159estup\u016f World Tour | \u0160koda We Love Cycling - \u010cesk\u00e1 republika<\/title>\n<meta name=\"description\" content=\"A\u010d byla sezona poznamen\u00e1na pandemi\u00ed koronaviru, p\u0159estupov\u00fd trh ve World Tour nezamrznul. Jak vypad\u00e1 to p\u011bt p\u0159estup\u016f elitn\u00ed cyklistick\u00e9 sc\u00e9ny?\" \/>\n<meta name=\"robots\" content=\"index, follow, max-snippet:-1, max-image-preview:large, max-video-preview:-1\" \/>\n<link rel=\"canonical\" href=\"https:\/\/www.welovecycling.com\/cs\/2021\/04\/02\/svet-kol-komentatora-eurosportu-top-pet-prestupu-world-tour\/\" \/>\n<meta property=\"og:locale\" content=\"cs_CZ\" \/>\n<meta property=\"og:type\" content=\"article\" \/>\n<meta property=\"og:title\" content=\"Sv\u011bt kol koment\u00e1tora Eurosportu: Top p\u011bt p\u0159estup\u016f World Tour\" \/>\n<meta property=\"og:description\" content=\"A\u010d byla sezona poznamen\u00e1na pandemi\u00ed koronaviru, p\u0159estupov\u00fd trh ve World Tour nezamrznul. Jak vypad\u00e1 to p\u011bt p\u0159estup\u016f elitn\u00ed cyklistick\u00e9 sc\u00e9ny?\" \/>\n<meta property=\"og:url\" content=\"https:\/\/www.welovecycling.com\/cs\/2021\/04\/02\/svet-kol-komentatora-eurosportu-top-pet-prestupu-world-tour\/\" \/>\n<meta property=\"og:site_name\" content=\"\u0160koda We Love Cycling - \u010cesk\u00e1 republika\" \/>\n<meta property=\"article:published_time\" content=\"2021-04-02T10:01:11+00:00\" \/>\n<meta property=\"article:modified_time\" content=\"2021-04-04T06:53:46+00:00\" \/>\n<meta property=\"og:image\" content=\"https:\/\/d2p6e6u75xmxt8.cloudfront.net\/13\/2021\/01\/froome-israel-start-up-2.webp\" \/>\n\t<meta property=\"og:image:width\" content=\"1080\" \/>\n\t<meta property=\"og:image:height\" content=\"729\" \/>\n\t<meta property=\"og:image:type\" content=\"image\/webp\" \/>\n<meta name=\"author\" content=\"radekmalina\" \/>\n<meta name=\"twitter:card\" content=\"summary_large_image\" \/>\n<meta name=\"twitter:label1\" content=\"Written by\" \/>\n\t<meta name=\"twitter:data1\" content=\"Jan Kr\u016fta\" \/>\n\t<meta name=\"twitter:label2\" content=\"Est. reading time\" \/>\n\t<meta name=\"twitter:data2\" content=\"5\" \/>\n<script type=\"application\/ld+json\" class=\"yoast-schema-graph\">{\"@context\":\"https:\/\/schema.org\",\"@graph\":[{\"@type\":\"WebPage\",\"@id\":\"https:\/\/www.welovecycling.com\/cs\/2021\/04\/02\/svet-kol-komentatora-eurosportu-top-pet-prestupu-world-tour\/\",\"url\":\"https:\/\/www.welovecycling.com\/cs\/2021\/04\/02\/svet-kol-komentatora-eurosportu-top-pet-prestupu-world-tour\/\",\"name\":\"Sv\u011bt kol koment\u00e1tora Eurosportu: Top p\u011bt p\u0159estup\u016f World Tour | \u0160koda We Love Cycling - \u010cesk\u00e1 republika\",\"isPartOf\":{\"@id\":\"https:\/\/www.welovecycling.com\/cs\/#website\"},\"primaryImageOfPage\":{\"@id\":\"https:\/\/www.welovecycling.com\/cs\/2021\/04\/02\/svet-kol-komentatora-eurosportu-top-pet-prestupu-world-tour\/#primaryimage\"},\"image\":{\"@id\":\"https:\/\/www.welovecycling.com\/cs\/2021\/04\/02\/svet-kol-komentatora-eurosportu-top-pet-prestupu-world-tour\/#primaryimage\"},\"thumbnailUrl\":\"https:\/\/d2p6e6u75xmxt8.cloudfront.net\/13\/2021\/01\/froome-israel-start-up-2.webp\",\"datePublished\":\"2021-04-02T10:01:11+00:00\",\"dateModified\":\"2021-04-04T06:53:46+00:00\",\"author\":{\"@id\":\"https:\/\/www.welovecycling.com\/cs\/#\/schema\/person\/d9eeb0a378f3a7e4a6d12d2b536b04b8\"},\"description\":\"A\u010d byla sezona poznamen\u00e1na pandemi\u00ed koronaviru, p\u0159estupov\u00fd trh ve World Tour nezamrznul. Jak vypad\u00e1 to p\u011bt p\u0159estup\u016f elitn\u00ed cyklistick\u00e9 sc\u00e9ny?\",\"inLanguage\":\"cs\",\"potentialAction\":[{\"@type\":\"ReadAction\",\"target\":[\"https:\/\/www.welovecycling.com\/cs\/2021\/04\/02\/svet-kol-komentatora-eurosportu-top-pet-prestupu-world-tour\/\"]}]},{\"@type\":\"ImageObject\",\"inLanguage\":\"cs\",\"@id\":\"https:\/\/www.welovecycling.com\/cs\/2021\/04\/02\/svet-kol-komentatora-eurosportu-top-pet-prestupu-world-tour\/#primaryimage\",\"url\":\"https:\/\/d2p6e6u75xmxt8.cloudfront.net\/13\/2021\/01\/froome-israel-start-up-2.webp\",\"contentUrl\":\"https:\/\/d2p6e6u75xmxt8.cloudfront.net\/13\/2021\/01\/froome-israel-start-up-2.webp\",\"width\":1080,\"height\":729,\"caption\":\"Chris Froome v dresu Israel Start-Up Nation b\u011bhem tr\u00e9ninkov\u00e9 vyj\u00ed\u017e\u010fky. Foto: Israel Start-Up Nation\"},{\"@type\":\"WebSite\",\"@id\":\"https:\/\/www.welovecycling.com\/cs\/#website\",\"url\":\"https:\/\/www.welovecycling.com\/cs\/\",\"name\":\"\u0160koda We Love Cycling - \u010cesk\u00e1 republika\",\"description\":\"WeLoveCycling.cz je online magaz\u00edn, kter\u00fd v\u00e1m pravideln\u011b p\u0159in\u00e1\u0161\u00ed rady a tipy, zaj\u00edmav\u00e9 \u010dl\u00e1nky, videa a jedine\u010dn\u00e9 report\u00e1\u017ee ze sv\u011bta cyklistiky.\",\"potentialAction\":[{\"@type\":\"SearchAction\",\"target\":{\"@type\":\"EntryPoint\",\"urlTemplate\":\"https:\/\/www.welovecycling.com\/cs\/?s={search_term_string}\"},\"query-input\":{\"@type\":\"PropertyValueSpecification\",\"valueRequired\":true,\"valueName\":\"search_term_string\"}}],\"inLanguage\":\"cs\"},{\"@type\":\"Person\",\"@id\":\"https:\/\/www.welovecycling.com\/cs\/#\/schema\/person\/d9eeb0a378f3a7e4a6d12d2b536b04b8\",\"name\":\"radekmalina\",\"image\":{\"@type\":\"ImageObject\",\"inLanguage\":\"cs\",\"@id\":\"https:\/\/www.welovecycling.com\/cs\/#\/schema\/person\/image\/\",\"url\":\"https:\/\/secure.gravatar.com\/avatar\/66994b632cb8c39a46b9f54afa3ae07201b678d32a54275b6f1c9ffec356bfc0?s=96&d=mm&r=g\",\"contentUrl\":\"https:\/\/secure.gravatar.com\/avatar\/66994b632cb8c39a46b9f54afa3ae07201b678d32a54275b6f1c9ffec356bfc0?s=96&d=mm&r=g\",\"caption\":\"radekmalina\"},\"url\":\"https:\/\/www.welovecycling.com\/cs\/author\/radekmalina\/\"}]}<\/script>\n<!-- \/ Yoast SEO Premium plugin. -->","yoast_head_json":{"title":"Sv\u011bt kol koment\u00e1tora Eurosportu: Top p\u011bt p\u0159estup\u016f World Tour | \u0160koda We Love Cycling - \u010cesk\u00e1 republika","description":"A\u010d byla sezona poznamen\u00e1na pandemi\u00ed koronaviru, p\u0159estupov\u00fd trh ve World Tour nezamrznul. Jak vypad\u00e1 to p\u011bt p\u0159estup\u016f elitn\u00ed cyklistick\u00e9 sc\u00e9ny?","robots":{"index":"index","follow":"follow","max-snippet":"max-snippet:-1","max-image-preview":"max-image-preview:large","max-video-preview":"max-video-preview:-1"},"canonical":"https:\/\/www.welovecycling.com\/cs\/2021\/04\/02\/svet-kol-komentatora-eurosportu-top-pet-prestupu-world-tour\/","og_locale":"cs_CZ","og_type":"article","og_title":"Sv\u011bt kol koment\u00e1tora Eurosportu: Top p\u011bt p\u0159estup\u016f World Tour","og_description":"A\u010d byla sezona poznamen\u00e1na pandemi\u00ed koronaviru, p\u0159estupov\u00fd trh ve World Tour nezamrznul. Jak vypad\u00e1 to p\u011bt p\u0159estup\u016f elitn\u00ed cyklistick\u00e9 sc\u00e9ny?","og_url":"https:\/\/www.welovecycling.com\/cs\/2021\/04\/02\/svet-kol-komentatora-eurosportu-top-pet-prestupu-world-tour\/","og_site_name":"\u0160koda We Love Cycling - \u010cesk\u00e1 republika","article_published_time":"2021-04-02T10:01:11+00:00","article_modified_time":"2021-04-04T06:53:46+00:00","og_image":[{"width":1080,"height":729,"url":"https:\/\/d2p6e6u75xmxt8.cloudfront.net\/13\/2021\/01\/froome-israel-start-up-2.webp","type":"image\/webp"}],"author":"radekmalina","twitter_card":"summary_large_image","twitter_misc":{"Written by":"Jan Kr\u016fta","Est. reading time":"5"},"schema":{"@context":"https:\/\/schema.org","@graph":[{"@type":"WebPage","@id":"https:\/\/www.welovecycling.com\/cs\/2021\/04\/02\/svet-kol-komentatora-eurosportu-top-pet-prestupu-world-tour\/","url":"https:\/\/www.welovecycling.com\/cs\/2021\/04\/02\/svet-kol-komentatora-eurosportu-top-pet-prestupu-world-tour\/","name":"Sv\u011bt kol koment\u00e1tora Eurosportu: Top p\u011bt p\u0159estup\u016f World Tour | \u0160koda We Love Cycling - \u010cesk\u00e1 republika","isPartOf":{"@id":"https:\/\/www.welovecycling.com\/cs\/#website"},"primaryImageOfPage":{"@id":"https:\/\/www.welovecycling.com\/cs\/2021\/04\/02\/svet-kol-komentatora-eurosportu-top-pet-prestupu-world-tour\/#primaryimage"},"image":{"@id":"https:\/\/www.welovecycling.com\/cs\/2021\/04\/02\/svet-kol-komentatora-eurosportu-top-pet-prestupu-world-tour\/#primaryimage"},"thumbnailUrl":"https:\/\/d2p6e6u75xmxt8.cloudfront.net\/13\/2021\/01\/froome-israel-start-up-2.webp","datePublished":"2021-04-02T10:01:11+00:00","dateModified":"2021-04-04T06:53:46+00:00","author":{"@id":"https:\/\/www.welovecycling.com\/cs\/#\/schema\/person\/d9eeb0a378f3a7e4a6d12d2b536b04b8"},"description":"A\u010d byla sezona poznamen\u00e1na pandemi\u00ed koronaviru, p\u0159estupov\u00fd trh ve World Tour nezamrznul. Jak vypad\u00e1 to p\u011bt p\u0159estup\u016f elitn\u00ed cyklistick\u00e9 sc\u00e9ny?","inLanguage":"cs","potentialAction":[{"@type":"ReadAction","target":["https:\/\/www.welovecycling.com\/cs\/2021\/04\/02\/svet-kol-komentatora-eurosportu-top-pet-prestupu-world-tour\/"]}]},{"@type":"ImageObject","inLanguage":"cs","@id":"https:\/\/www.welovecycling.com\/cs\/2021\/04\/02\/svet-kol-komentatora-eurosportu-top-pet-prestupu-world-tour\/#primaryimage","url":"https:\/\/d2p6e6u75xmxt8.cloudfront.net\/13\/2021\/01\/froome-israel-start-up-2.webp","contentUrl":"https:\/\/d2p6e6u75xmxt8.cloudfront.net\/13\/2021\/01\/froome-israel-start-up-2.webp","width":1080,"height":729,"caption":"Chris Froome v dresu Israel Start-Up Nation b\u011bhem tr\u00e9ninkov\u00e9 vyj\u00ed\u017e\u010fky. Foto: Israel Start-Up Nation"},{"@type":"WebSite","@id":"https:\/\/www.welovecycling.com\/cs\/#website","url":"https:\/\/www.welovecycling.com\/cs\/","name":"\u0160koda We Love Cycling - \u010cesk\u00e1 republika","description":"WeLoveCycling.cz je online magaz\u00edn, kter\u00fd v\u00e1m pravideln\u011b p\u0159in\u00e1\u0161\u00ed rady a tipy, zaj\u00edmav\u00e9 \u010dl\u00e1nky, videa a jedine\u010dn\u00e9 report\u00e1\u017ee ze sv\u011bta cyklistiky.","potentialAction":[{"@type":"SearchAction","target":{"@type":"EntryPoint","urlTemplate":"https:\/\/www.welovecycling.com\/cs\/?s={search_term_string}"},"query-input":{"@type":"PropertyValueSpecification","valueRequired":true,"valueName":"search_term_string"}}],"inLanguage":"cs"},{"@type":"Person","@id":"https:\/\/www.welovecycling.com\/cs\/#\/schema\/person\/d9eeb0a378f3a7e4a6d12d2b536b04b8","name":"radekmalina","image":{"@type":"ImageObject","inLanguage":"cs","@id":"https:\/\/www.welovecycling.com\/cs\/#\/schema\/person\/image\/","url":"https:\/\/secure.gravatar.com\/avatar\/66994b632cb8c39a46b9f54afa3ae07201b678d32a54275b6f1c9ffec356bfc0?s=96&d=mm&r=g","contentUrl":"https:\/\/secure.gravatar.com\/avatar\/66994b632cb8c39a46b9f54afa3ae07201b678d32a54275b6f1c9ffec356bfc0?s=96&d=mm&r=g","caption":"radekmalina"},"url":"https:\/\/www.welovecycling.com\/cs\/author\/radekmalina\/"}]}},"_links":{"self":[{"href":"https:\/\/www.welovecycling.com\/cs\/wp-json\/wp\/v2\/posts\/12200","targetHints":{"allow":["GET"]}}],"collection":[{"href":"https:\/\/www.welovecycling.com\/cs\/wp-json\/wp\/v2\/posts"}],"about":[{"href":"https:\/\/www.welovecycling.com\/cs\/wp-json\/wp\/v2\/types\/post"}],"author":[{"embeddable":true,"href":"https:\/\/www.welovecycling.com\/cs\/wp-json\/wp\/v2\/users\/138"}],"replies":[{"embeddable":true,"href":"https:\/\/www.welovecycling.com\/cs\/wp-json\/wp\/v2\/comments?post=12200"}],"version-history":[{"count":2,"href":"https:\/\/www.welovecycling.com\/cs\/wp-json\/wp\/v2\/posts\/12200\/revisions"}],"predecessor-version":[{"id":12234,"href":"https:\/\/www.welovecycling.com\/cs\/wp-json\/wp\/v2\/posts\/12200\/revisions\/12234"}],"wp:featuredmedia":[{"embeddable":true,"href":"https:\/\/www.welovecycling.com\/cs\/wp-json\/wp\/v2\/media\/11300"}],"wp:attachment":[{"href":"https:\/\/www.welovecycling.com\/cs\/wp-json\/wp\/v2\/media?parent=12200"}],"wp:term":[{"taxonomy":"category","embeddable":true,"href":"https:\/\/www.welovecycling.com\/cs\/wp-json\/wp\/v2\/categories?post=12200"},{"taxonomy":"post_tag","embeddable":true,"href":"https:\/\/www.welovecycling.com\/cs\/wp-json\/wp\/v2\/tags?post=12200"},{"taxonomy":"global-categories","embeddable":true,"href":"https:\/\/www.welovecycling.com\/cs\/wp-json\/wp\/v2\/global-categories?post=12200"}],"curies":[{"name":"wp","href":"https:\/\/api.w.org\/{rel}","templated":true}]}}