{"id":12027,"date":"2021-03-21T10:30:24","date_gmt":"2021-03-21T08:30:24","guid":{"rendered":"https:\/\/www.welovecycling.com\/cs\/?p=12027"},"modified":"2021-03-20T23:24:55","modified_gmt":"2021-03-20T21:24:55","slug":"cesky-svaz-cyklistiky-zmenil-logo-je-nadcasove-vysvetluje-designer-jiri-karasek","status":"publish","type":"post","link":"https:\/\/www.welovecycling.com\/cs\/2021\/03\/21\/cesky-svaz-cyklistiky-zmenil-logo-je-nadcasove-vysvetluje-designer-jiri-karasek\/","title":{"rendered":"\u010cesk\u00fd svaz cyklistiky zm\u011bnil logo. Je nad\u010dasov\u00e9, vysv\u011btluje design\u00e9r Ji\u0159\u00ed Kar\u00e1sek"},"content":{"rendered":"<p><strong>Dostal volnost, ale dr\u017eel se tradice. Vyu\u017eil historick\u00fd motiv, ale v\u00a0modern\u00ed podob\u011b. Design\u00e9r Ji\u0159\u00ed Kar\u00e1sek p\u0159ipravoval n\u00e1vrh nov\u00e9ho loga \u010cesk\u00e9ho svazu cyklistiky. \u201eC\u00edlem bylo, aby zna\u010dka byla nad\u010dasov\u00e1 a m\u011bla trval\u00fd charakter,\u201c vysv\u011btluje mu\u017e, pod jeho\u017e logem budou \u010de\u0161t\u00ed cyklisti\u010dt\u00ed reprezentanti startovat i na olympijsk\u00fdch hr\u00e1ch v\u00a0Tokiu.<\/strong><\/p>\n<h2><strong>Prozrad\u00edte p\u0159\u00edb\u011bh zrodu nov\u00e9ho loga \u010cesk\u00e9ho svazu cyklistiky?<\/strong><\/h2>\n<p>Jsem fanou\u0161ek cyklistiky, jde o jeden z\u00a0m\u00fdch nejobl\u00edben\u011bj\u0161\u00edch sport\u016f. P\u0159i\u0161lo mi smutn\u00e9, \u017ee se tak skv\u011bl\u00e1 sportovn\u00ed discipl\u00edna reprezentuje jinak, ne\u017e by bylo v\u00a0sou\u010dasnosti vhodn\u00e9. Vizu\u00e1ln\u00ed komunikace mi p\u0159i\u0161la rozt\u0159\u00ed\u0161t\u011bn\u00e1. Ve h\u0159e byly dv\u011b varianty. Jedna se op\u00edrala o p\u016fvodn\u00ed zna\u010dku v\u00a0podob\u011b erbu s\u00a0p\u00edsmeny \u010cSC. Jen\u017ee jsem m\u011bl dojem, \u017ee v\u00a0dan\u00e9 podob\u011b je pro kohokoliv z\u00a0prost\u0159ed\u00ed mimo cyklistiku snadno nahraditeln\u00e1. A pak p\u0159i\u0161el n\u00e1pad ud\u011blat logo tro\u0161ku abstraktn\u011b. Vyu\u017e\u00edt siluetu jezdce, kter\u00fd byl u\u017e v\u00a0d\u00e1vn\u00e9m historick\u00e9m logu. Jen jsem v\u0161e unifikoval pro v\u0161echny cyklistick\u00e9 discipl\u00edny, aby zna\u010dka \u010cSC nebyla spjat\u00e1 vylo\u017een\u011b se silni\u010dn\u00ed discipl\u00ednou.<\/p>\n<figure id=\"attachment_12035\" aria-describedby=\"caption-attachment-12035\" style=\"width: 1112px\" class=\"wp-caption alignnone\"><a href=\"https:\/\/d2p6e6u75xmxt8.cloudfront.net\/13\/2021\/03\/cesky-svaz-cyklistiky-logo-nove-vlajka.PNG.png\"><img loading=\"lazy\" decoding=\"async\" class=\"size-full wp-image-12035\" src=\"https:\/\/d2p6e6u75xmxt8.cloudfront.net\/13\/2021\/03\/cesky-svaz-cyklistiky-logo-nove-vlajka.PNG.png\" alt=\"\u010cesk\u00fd svaz cyklistiky zm\u011bnil logo. Jeho autorem je design\u00e9r Ji\u0159\u00ed Kar\u00e1sek. \" width=\"1112\" height=\"571\" \/><\/a><figcaption id=\"caption-attachment-12035\" class=\"wp-caption-text\"><em>\u010cesk\u00fd svaz cyklistiky zm\u011bnil logo. Jeho autorem je design\u00e9r Ji\u0159\u00ed Kar\u00e1sek.<\/em><\/figcaption><\/figure>\n<h2><strong>Volba nakonec padla na siluetu cyklisty. Kvitoval jste rozhodnut\u00ed?<\/strong><\/h2>\n<p>Ano. Mysl\u00edm, \u017ee jde o srozumiteln\u011bj\u0161\u00ed zna\u010dku. Symbol jezdce na kole z\u00a0jednoduch\u00fdch prvk\u016f. Ud\u011blal jsem si re\u0161er\u0161i, u n\u00e1s i v\u00a0zahrani\u010d\u00ed. Cht\u011bl jsem se zorientovat v\u00a0r\u00e1mci mezin\u00e1rodn\u00ed konkurence, abych se n\u011b\u010demu nep\u0159ibl\u00ed\u017eil. A samoz\u0159ejm\u011b n\u011bkde \u010dlov\u011bk m\u016f\u017ee objevit i inspiraci. Ka\u017edop\u00e1dn\u011b podobn\u00fd koncept jsem nikde neobjevil.<\/p>\n<div class=\"shortcode-ys-post-pinup\"><article class=\"loop-simple post-11996 post type-post status-publish format-standard has-post-thumbnail hentry category-zeny tag-bezpecnost tag-burgos-alimenta tag-cyklistika tag-silnicni-cyklistika tag-tereza-neumanova tag-trenink tag-zdravi-a-trenink tag-zeny global-categories-cycling\" data-postid=\"11996\" role=\"article\" data-post-id=\"11996\" data-word-count=\"544\" data-headline-length=\"60\" data-category=\"\u017deny\" data-global-category=\"Cycling\" data-author=\"Radek Malina\" data-published=\"2021-03-16T15:00:46+02:00\" data-published-day=\"Tuesday\">\n    <div class=\"entry-thumbnail article-thumbnail\" content=\"https:\/\/d2p6e6u75xmxt8.cloudfront.net\/13\/2021\/03\/neumanova-selfie-150x150.webp\"><a href=\"https:\/\/www.welovecycling.com\/cs\/2021\/03\/16\/tereza-neumanova-bez-helmy-a-blikacky-nejedu-ani-na-kavu\/\" class=\"image-holder\" target=\"_self\"><img decoding=\"async\" loading=\"lazy\" class=\"\" src=\"https:\/\/d2p6e6u75xmxt8.cloudfront.net\/13\/2021\/03\/neumanova-selfie-1024x683.webp\" srcset=\"https:\/\/d2p6e6u75xmxt8.cloudfront.net\/13\/2021\/03\/neumanova-selfie.webp 1173w, https:\/\/d2p6e6u75xmxt8.cloudfront.net\/13\/2021\/03\/neumanova-selfie-300x200.webp 300w, https:\/\/d2p6e6u75xmxt8.cloudfront.net\/13\/2021\/03\/neumanova-selfie-1024x683.webp 1024w, https:\/\/d2p6e6u75xmxt8.cloudfront.net\/13\/2021\/03\/neumanova-selfie-768x512.webp 768w, https:\/\/d2p6e6u75xmxt8.cloudfront.net\/13\/2021\/03\/neumanova-selfie-272x182.webp 272w\" width=\"1024\" height=\"683\" sizes=\"auto, (min-width: 1200px) 300px, (min-width: 768px) 25vw, 100vw\" alt=\"tereza-neumanova-bez-helmy-a-blikacky-nejedu-ani-na-kavu\"\/><\/a><\/div>    <div class=\"entry-meta\">\n        <a class=\"label label-secondary post-category\" href=\"https:\/\/www.welovecycling.com\/cs\/category\/zeny\/\" title=\"\u017deny\">\u017deny<\/a>\n    <\/div>\n    <div class=\"entry-details\">\n        <a href=\"https:\/\/www.welovecycling.com\/cs\/2021\/03\/16\/tereza-neumanova-bez-helmy-a-blikacky-nejedu-ani-na-kavu\/\" class='entry-title-wrapper'>\n            <h3 class=\"entry-title\"><span>Tereza Neumanov\u00e1: Bez helmy a blika\u010dky nejedu ani na k\u00e1vu<\/span><\/h3>\n        <\/a>\n    <\/div>\n    <\/article>\n<\/div>\n<h2><strong>Veden\u00ed \u010cesk\u00e9ho svazu cyklistiky m\u011blo konkr\u00e9tn\u00ed po\u017eadavky, nebo jste dostal \u00faplnou volnost?<\/strong><\/h2>\n<p>Jedin\u00fd po\u017eadavek svazu sm\u011b\u0159oval k\u00a0zachov\u00e1n\u00ed barevnosti, kter\u00e1 je dlouhou dobu i na dresech. S\u00a0t\u00edm jsem nem\u011bl probl\u00e9m, jen jsem v\u0161e tro\u0161ku aktualizoval a v\u00a0r\u00e1mci loga vyu\u017eil jin\u00e9 t\u00f3ny.<\/p>\n<figure id=\"attachment_12036\" aria-describedby=\"caption-attachment-12036\" style=\"width: 1088px\" class=\"wp-caption alignnone\"><a href=\"https:\/\/d2p6e6u75xmxt8.cloudfront.net\/13\/2021\/03\/cesky-svaz-cyklistiky-logo-skoda.PNG.png\"><img loading=\"lazy\" decoding=\"async\" class=\"size-full wp-image-12036\" src=\"https:\/\/d2p6e6u75xmxt8.cloudfront.net\/13\/2021\/03\/cesky-svaz-cyklistiky-logo-skoda.PNG.png\" alt=\"\u010cesk\u00fd svaz cyklistiky a jeho nov\u00e9 logo vytvo\u0159en\u00e9 design\u00e9rem Ji\u0159\u00edm Kar\u00e1skem.\" width=\"1088\" height=\"561\" \/><\/a><figcaption id=\"caption-attachment-12036\" class=\"wp-caption-text\">\u010cesk\u00fd svaz cyklistiky a jeho nov\u00e9 logo vytvo\u0159en\u00e9 design\u00e9rem Ji\u0159\u00edm Kar\u00e1skem.<\/figcaption><\/figure>\n<h2><strong>Kdy\u017e vezmete prvn\u00ed n\u00e1pad a\u017e po odevzd\u00e1n\u00ed n\u00e1vrh\u016f, jak dlouho jste na vytvo\u0159en\u00ed loga pracoval?<\/strong><\/h2>\n<p>Nejsem typ, kter\u00fd by sedal rovnou k\u00a0po\u010d\u00edta\u010di. Po proveden\u00ed re\u0161er\u0161e nejprve skicuji na pap\u00edr. N\u011bkdy prvn\u00ed n\u00e1pad p\u0159ijde rychle a je spr\u00e1vn\u00fd, ale jindy se t\u0159eba \u010dlov\u011bk vyd\u00e1 po slep\u00e9 cest\u011b. Nicm\u00e9n\u011b i takov\u00e9 je t\u0159eba prob\u00e1dat. V\u00a0p\u0159\u00edpad\u011b loga pro \u010cesk\u00fd svaz cyklistiky se jednalo p\u0159ibli\u017en\u011b o m\u011bs\u00ed\u010dn\u00ed pr\u00e1ci.<\/p>\n<div class=\"shortcode-ys-post-pinup\"><article class=\"loop-simple post-12019 post type-post status-publish format-standard has-post-thumbnail hentry category-silnicni-cyklistika tag-covid-19 tag-cyklistika tag-letape-czech-republic-by-le-tour-de-france tag-silnicni-cyklistika tag-tour-de-france global-categories-cycling\" data-postid=\"12019\" role=\"article\" data-post-id=\"12019\" data-word-count=\"477\" data-headline-length=\"71\" data-category=\"Silni\u010dn\u00ed cyklistika\" data-global-category=\"Cycling\" data-author=\"Adam Bouda\" data-published=\"2021-03-17T15:00:01+02:00\" data-published-day=\"Wednesday\">\n    <div class=\"entry-thumbnail article-thumbnail\" content=\"https:\/\/d2p6e6u75xmxt8.cloudfront.net\/13\/2021\/02\/E5A5172-scaled-150x150.webp\"><a href=\"https:\/\/www.welovecycling.com\/cs\/2021\/03\/17\/letape-czech-republic-ve-hre-je-kvuli-covidu-19-novy-termin\/\" class=\"image-holder\" target=\"_self\"><img decoding=\"async\" loading=\"lazy\" class=\"\" src=\"https:\/\/d2p6e6u75xmxt8.cloudfront.net\/13\/2021\/02\/E5A5172-scaled-1024x683.webp\" srcset=\"https:\/\/d2p6e6u75xmxt8.cloudfront.net\/13\/2021\/02\/E5A5172-scaled.webp 2560w, https:\/\/d2p6e6u75xmxt8.cloudfront.net\/13\/2021\/02\/E5A5172-scaled-300x200.webp 300w, https:\/\/d2p6e6u75xmxt8.cloudfront.net\/13\/2021\/02\/E5A5172-scaled-1024x683.webp 1024w, https:\/\/d2p6e6u75xmxt8.cloudfront.net\/13\/2021\/02\/E5A5172-scaled-768x512.webp 768w, https:\/\/d2p6e6u75xmxt8.cloudfront.net\/13\/2021\/02\/E5A5172-scaled-1536x1024.webp 1536w, https:\/\/d2p6e6u75xmxt8.cloudfront.net\/13\/2021\/02\/E5A5172-scaled-2048x1366.webp 2048w, https:\/\/d2p6e6u75xmxt8.cloudfront.net\/13\/2021\/02\/E5A5172-scaled-1920x1280.webp 1920w, https:\/\/d2p6e6u75xmxt8.cloudfront.net\/13\/2021\/02\/E5A5172-scaled-272x182.webp 272w, https:\/\/d2p6e6u75xmxt8.cloudfront.net\/13\/2021\/02\/E5A5172-scaled-1920x1280.webp 1920w\" width=\"1024\" height=\"683\" sizes=\"auto, (min-width: 1200px) 300px, (min-width: 768px) 25vw, 100vw\" alt=\"letape-czech-republic-ve-hre-je-kvuli-covidu-19-novy-termin\"\/><\/a><\/div>    <div class=\"entry-meta\">\n        <a class=\"label label-secondary post-category\" href=\"https:\/\/www.welovecycling.com\/cs\/category\/silnicni-cyklistika\/\" title=\"Silni\u010dn\u00ed cyklistika\">Silni\u010dn\u00ed cyklistika<\/a>\n    <\/div>\n    <div class=\"entry-details\">\n        <a href=\"https:\/\/www.welovecycling.com\/cs\/2021\/03\/17\/letape-czech-republic-ve-hre-je-kvuli-covidu-19-novy-termin\/\" class='entry-title-wrapper'>\n            <h3 class=\"entry-title\"><span>L&#8217;Etape Czech Republic: ve h\u0159e je kv\u016fli covidu-19 nov\u00fd term\u00edn<\/span><\/h3>\n        <\/a>\n    <\/div>\n    <\/article>\n<\/div>\n<h2><strong>Pod\u00edlel jste se na \u0159ad\u011b projekt\u016f, v\u00a0mnoha p\u0159\u00edpadech mezin\u00e1rodn\u00edch. P\u0159edstavovalo pro v\u00e1s vytvo\u0159en\u00ed loga pro tuzemsk\u00fd cyklistick\u00fd svaz presti\u017e?<\/strong><\/h2>\n<p>Rozhodn\u011b. Nesm\u00edrn\u011b si pr\u00e1ce pro svaz v\u00e1\u017e\u00edm a byl jsem r\u00e1d za d\u016fv\u011bru, j\u00ed\u017e se mi dostalo. Podle m\u00e9ho si jak\u00e1koliv instituce zastupuj\u00edc\u00ed sportovce zaslou\u017e\u00ed zna\u010dku, kter\u00e1 je skute\u010dn\u011b reprezentativn\u00ed. A p\u0159esn\u011b v\u00a0tom duchu jsem p\u0159istupoval k\u00a0vytvo\u0159en\u00ed loga. Cht\u011bl jsem, aby logo stoprocentn\u011b fungovalo v\u00a0dlouhodob\u00e9m horizontu, m\u011blo trval\u00fd charakter a bylo nad\u010dasov\u00e9. A obst\u00e1lo v\u00a0mezin\u00e1rodn\u00ed konkurenci. P\u0159edstava, \u017ee se objev\u00ed na mistrovstv\u00ed sv\u011bta \u010di olympijsk\u00fdch hr\u00e1ch je \u00fachvatn\u00e1.<\/p>\n<figure id=\"attachment_12028\" aria-describedby=\"caption-attachment-12028\" style=\"width: 960px\" class=\"wp-caption alignnone\"><a href=\"https:\/\/d2p6e6u75xmxt8.cloudfront.net\/13\/2021\/03\/Jiri-Karasek-profile-2.jpg\"><img loading=\"lazy\" decoding=\"async\" class=\"size-full wp-image-12028\" src=\"https:\/\/d2p6e6u75xmxt8.cloudfront.net\/13\/2021\/03\/Jiri-Karasek-profile-2.jpg\" alt=\"Ji\u0159\u00ed Kar\u00e1sek, autor nov\u00e9ho loga \u010cesk\u00e9ho svazu cyklistiky. \" width=\"960\" height=\"976\" \/><\/a><figcaption id=\"caption-attachment-12028\" class=\"wp-caption-text\"><em>Design\u00e9r Ji\u0159\u00ed Kar\u00e1sek, autor nov\u00e9ho loga \u010cesk\u00e9ho svazu cyklistiky.<\/em><\/figcaption><\/figure>\n<h2><strong>Jste s\u00e1m aktivn\u00ed cyklista? Je pro vytv\u00e1\u0159en\u00ed loga pro ur\u010ditou c\u00edlovou skupinu v\u00fdhodou, pokud je s\u00a0n\u00ed autor spojen\u00fd?<\/strong><\/h2>\n<p>Jezd\u00edm takov\u00e9 polovi\u010dn\u00ed enduro. Ale ne\u00fa\u010dastn\u00edm se aktivit z\u00e1vodn\u00edho typu. Jsem klasick\u00fd hobby cyklista. Nepou\u0161t\u00edm se do ni\u010deho n\u00e1ro\u010dn\u00e9ho. Projedu se hodinu, hodinu a p\u016fl lesem a vy\u010dist\u00edm si hlavu. P\u00e1rkr\u00e1t jsem otestoval silni\u010dn\u00ed kolo a p\u0159\u00e1tel\u00e9 m\u011b p\u0159emlouvaj\u00ed, abych p\u0159esedlal na tuhle discipl\u00ednu. Ale j\u00e1 m\u00e1m bl\u00ed\u017ee sp\u00ed\u0161e k\u00a0discipl\u00edn\u00e1m jako je enduro nebo sjezd. Ur\u010dit\u011b nejsem typ, kter\u00fd prosed\u00ed hodiny u sledov\u00e1n\u00ed etapy Tour de France. Ale prost\u0159ednictv\u00edm soci\u00e1ln\u00edch s\u00edt\u00ed mi neute\u010de \u017e\u00e1dn\u00e1 podstatn\u00e1 zpr\u00e1va.<\/p>\n<div class=\"shortcode-ys-post-pinup\"><article class=\"loop-simple post-7569 post type-post status-publish format-standard has-post-thumbnail hentry category-horska-cyklistika category-pumptrack category-https-www-welovecycling-com-cs-category-zabava tag-bmx tag-fourcross tag-michal-marosi tag-pumptrack global-categories-cycling\" data-postid=\"7569\" role=\"article\" data-post-id=\"7569\" data-word-count=\"827\" data-headline-length=\"79\" data-category=\"Horsk\u00e1 cyklistika\" data-global-category=\"Cycling\" data-author=\"Jan Kr\u016fta\" data-published=\"2020-06-07T09:07:10+02:00\" data-published-day=\"Sunday\">\n    <div class=\"entry-thumbnail article-thumbnail\" content=\"https:\/\/d2p6e6u75xmxt8.cloudfront.net\/13\/2020\/06\/Maro\u0161i-Michal-WLC-3-150x150.webp\"><a href=\"https:\/\/www.welovecycling.com\/cs\/2020\/06\/07\/michal-marosi-nikdy-jsem-nebyl-ukazkovy-sportovec-ale-spis-zlobivy-kluk\/\" class=\"image-holder\" target=\"_self\"><img decoding=\"async\" loading=\"lazy\" class=\"\" src=\"https:\/\/d2p6e6u75xmxt8.cloudfront.net\/13\/2020\/06\/Maro\u0161i-Michal-WLC-3-1024x683.webp\" srcset=\"https:\/\/d2p6e6u75xmxt8.cloudfront.net\/13\/2020\/06\/Maro\u0161i-Michal-WLC-3.webp 1600w, https:\/\/d2p6e6u75xmxt8.cloudfront.net\/13\/2020\/06\/Maro\u0161i-Michal-WLC-3-300x200.webp 300w, https:\/\/d2p6e6u75xmxt8.cloudfront.net\/13\/2020\/06\/Maro\u0161i-Michal-WLC-3-1024x683.webp 1024w, https:\/\/d2p6e6u75xmxt8.cloudfront.net\/13\/2020\/06\/Maro\u0161i-Michal-WLC-3-768x512.webp 768w, https:\/\/d2p6e6u75xmxt8.cloudfront.net\/13\/2020\/06\/Maro\u0161i-Michal-WLC-3-1536x1024.webp 1536w, https:\/\/d2p6e6u75xmxt8.cloudfront.net\/13\/2020\/06\/Maro\u0161i-Michal-WLC-3-272x182.webp 272w\" width=\"1024\" height=\"683\" sizes=\"auto, (min-width: 1200px) 300px, (min-width: 768px) 25vw, 100vw\" alt=\"michal-marosi-nikdy-jsem-nebyl-ukazkovy-sportovec-ale-spis-zlobivy-kluk\"\/><\/a><\/div>    <div class=\"entry-meta\">\n        <a class=\"label label-secondary post-category\" href=\"https:\/\/www.welovecycling.com\/cs\/category\/horska-cyklistika\/\" title=\"Horsk\u00e1 cyklistika\">Horsk\u00e1 cyklistika<\/a>\n    <\/div>\n    <div class=\"entry-details\">\n        <a href=\"https:\/\/www.welovecycling.com\/cs\/2020\/06\/07\/michal-marosi-nikdy-jsem-nebyl-ukazkovy-sportovec-ale-spis-zlobivy-kluk\/\" class='entry-title-wrapper'>\n            <h3 class=\"entry-title\"><span>Michal Maro\u0161i: Nikdy jsem nebyl uk\u00e1zkov\u00fd sportovec, ale sp\u00ed\u0161 zlobiv\u00fd kluk<\/span><\/h3>\n        <\/a>\n    <\/div>\n    <\/article>\n<\/div>\n<h3><span style=\"color: #3366ff;\"><strong><em><span style=\"color: #000000;\">Nov\u00e9 logo \u010cesk\u00e9ho svazu cyklistiky<\/span><\/em><\/strong><\/span><\/h3>\n<p><span style=\"color: #000000;\"><em>Symbol je postaven na jednoduch\u00e9m principu komponov\u00e1n\u00ed kruh\u016f, kter\u00e9 dohromady tvo\u0159\u00ed sch\u00e9matickou siluetu jezdce v z\u00e1v\u011bre\u010dn\u00e9m sprintu. \u010cerven\u00fd bod &#8211; hlava cyklisty, symbolizuje zap\u00e1len\u00ed do sportu a touhu po v\u00edt\u011bzstv\u00ed, dal\u0161\u00ed dva azurov\u00e9 body p\u0159edstavuj\u00ed t\u011blo jezdce a z\u00e1rove\u0148 jde o v\u00fdznamn\u00e1 pohybov\u00e1 centra a zb\u00fdvaj\u00edc\u00ed dva tmav\u011b\u00a0modr\u00e9 kruhy vykresluj\u00ed kolo. Barevnost respektuje zaveden\u00fd k\u00f3d, dlouhodob\u011b u\u017e\u00edvan\u00fd v \u010desk\u00e9 cyklistick\u00e9 reprezentaci.<\/em><\/span><\/p>\n<p><a href=\"https:\/\/d2p6e6u75xmxt8.cloudfront.net\/13\/2021\/03\/cesky-svaz-cyklistiky-logo.PNG.png\"><img loading=\"lazy\" decoding=\"async\" class=\"alignnone size-full wp-image-12037\" src=\"https:\/\/d2p6e6u75xmxt8.cloudfront.net\/13\/2021\/03\/cesky-svaz-cyklistiky-logo.PNG.png\" alt=\"\" width=\"1100\" height=\"517\" \/><\/a><\/p>\n<p><span style=\"color: #000000;\"><em>Nov\u00e1 zna\u010dka \u010cesk\u00e9ho svazu cyklistiky odkazuje na p\u016fvodn\u00ed historickou podobu, kdy byla sou\u010d\u00e1st\u00ed symbolu\u00a0silueta silni\u010dn\u00edho cyklisty. V sou\u010dasn\u00e9 dob\u011b je silni\u010dn\u00ed cyklistika sice dominantn\u00ed discipl\u00ednou, nicm\u00e9n\u011b ostatn\u00ed discipl\u00edny na sebe strh\u00e1vaj\u00ed \u010d\u00edm d\u00e1l v\u011bt\u0161\u00ed d\u00edl pozornosti. Proto je sou\u010dasn\u00fd symbol zna\u010dky \u010cSC mnohem univerz\u00e1ln\u011bj\u0161\u00ed a sv\u00fdm charakterem m\u016f\u017ee snadno zastoupit v\u0161echny druhy cyklistiky.<\/em><\/span><\/p>\n","protected":false},"excerpt":{"rendered":"<p>Dostal volnost, ale dr\u017eel se tradice. Vyu\u017eil historick\u00fd motiv, ale v\u00a0modern\u00ed podob\u011b. Design\u00e9r Ji\u0159\u00ed Kar\u00e1sek p\u0159ipravoval n\u00e1vrh nov\u00e9ho loga \u010cesk\u00e9ho [&hellip;]<\/p>\n","protected":false},"author":138,"featured_media":12007,"comment_status":"open","ping_status":"open","sticky":false,"template":"","format":"standard","meta":{"footnotes":""},"categories":[10],"tags":[1506,126,1508,56,1509,1507,9],"global-categories":[411],"class_list":["post-12027","post","type-post","status-publish","format-standard","has-post-thumbnail","hentry","category-silnicni-cyklistika","tag-cesky-svaz-cyklistiky","tag-cyklistika","tag-design","tag-horska-cyklistika","tag-jiri-karasek","tag-logo","tag-silnicni-cyklistika","global-categories-cycling"],"yoast_head":"<!-- This site is optimized with the Yoast SEO Premium plugin v25.3 (Yoast SEO v25.9) - https:\/\/yoast.com\/wordpress\/plugins\/seo\/ -->\n<title>\u010cesk\u00fd svaz cyklistiky zm\u011bnil logo. Je nad\u010dasov\u00e9, vysv\u011btluje design\u00e9r Ji\u0159\u00ed Kar\u00e1sek | \u0160koda We Love Cycling - \u010cesk\u00e1 republika<\/title>\n<meta name=\"description\" content=\"\u010cesk\u00fd svaz cyklistiky zm\u011bnil logo. Autorem je design\u00e9r Ji\u0159\u00ed Kar\u00e1sek. Jak se nov\u00e1 zna\u010dka rodila a co p\u0159esn\u011b symbolizuje?\" \/>\n<meta name=\"robots\" content=\"index, follow, max-snippet:-1, max-image-preview:large, max-video-preview:-1\" \/>\n<link rel=\"canonical\" href=\"https:\/\/www.welovecycling.com\/cs\/2021\/03\/21\/cesky-svaz-cyklistiky-zmenil-logo-je-nadcasove-vysvetluje-designer-jiri-karasek\/\" \/>\n<meta property=\"og:locale\" content=\"cs_CZ\" \/>\n<meta property=\"og:type\" content=\"article\" \/>\n<meta property=\"og:title\" content=\"\u010cesk\u00fd svaz cyklistiky zm\u011bnil logo. Je nad\u010dasov\u00e9, vysv\u011btluje design\u00e9r Ji\u0159\u00ed Kar\u00e1sek\" \/>\n<meta property=\"og:description\" content=\"\u010cesk\u00fd svaz cyklistiky zm\u011bnil logo. Autorem je design\u00e9r Ji\u0159\u00ed Kar\u00e1sek. Jak se nov\u00e1 zna\u010dka rodila a co p\u0159esn\u011b symbolizuje?\" \/>\n<meta property=\"og:url\" content=\"https:\/\/www.welovecycling.com\/cs\/2021\/03\/21\/cesky-svaz-cyklistiky-zmenil-logo-je-nadcasove-vysvetluje-designer-jiri-karasek\/\" \/>\n<meta property=\"og:site_name\" content=\"\u0160koda We Love Cycling - \u010cesk\u00e1 republika\" \/>\n<meta property=\"article:published_time\" content=\"2021-03-21T08:30:24+00:00\" \/>\n<meta property=\"og:image\" content=\"https:\/\/d2p6e6u75xmxt8.cloudfront.net\/13\/2021\/03\/CSC-prezentace-loga-pro-CT-V32.webp\" \/>\n\t<meta property=\"og:image:width\" content=\"1920\" \/>\n\t<meta property=\"og:image:height\" content=\"1080\" \/>\n\t<meta property=\"og:image:type\" content=\"image\/webp\" \/>\n<meta name=\"author\" content=\"radekmalina\" \/>\n<meta name=\"twitter:card\" content=\"summary_large_image\" \/>\n<meta name=\"twitter:label1\" content=\"Written by\" \/>\n\t<meta name=\"twitter:data1\" content=\"Jan Kr\u016fta\" \/>\n\t<meta name=\"twitter:label2\" content=\"Est. reading time\" \/>\n\t<meta name=\"twitter:data2\" content=\"9\" \/>\n<script type=\"application\/ld+json\" class=\"yoast-schema-graph\">{\"@context\":\"https:\/\/schema.org\",\"@graph\":[{\"@type\":\"WebPage\",\"@id\":\"https:\/\/www.welovecycling.com\/cs\/2021\/03\/21\/cesky-svaz-cyklistiky-zmenil-logo-je-nadcasove-vysvetluje-designer-jiri-karasek\/\",\"url\":\"https:\/\/www.welovecycling.com\/cs\/2021\/03\/21\/cesky-svaz-cyklistiky-zmenil-logo-je-nadcasove-vysvetluje-designer-jiri-karasek\/\",\"name\":\"\u010cesk\u00fd svaz cyklistiky zm\u011bnil logo. Je nad\u010dasov\u00e9, vysv\u011btluje design\u00e9r Ji\u0159\u00ed Kar\u00e1sek | \u0160koda We Love Cycling - \u010cesk\u00e1 republika\",\"isPartOf\":{\"@id\":\"https:\/\/www.welovecycling.com\/cs\/#website\"},\"primaryImageOfPage\":{\"@id\":\"https:\/\/www.welovecycling.com\/cs\/2021\/03\/21\/cesky-svaz-cyklistiky-zmenil-logo-je-nadcasove-vysvetluje-designer-jiri-karasek\/#primaryimage\"},\"image\":{\"@id\":\"https:\/\/www.welovecycling.com\/cs\/2021\/03\/21\/cesky-svaz-cyklistiky-zmenil-logo-je-nadcasove-vysvetluje-designer-jiri-karasek\/#primaryimage\"},\"thumbnailUrl\":\"https:\/\/d2p6e6u75xmxt8.cloudfront.net\/13\/2021\/03\/CSC-prezentace-loga-pro-CT-V32.webp\",\"datePublished\":\"2021-03-21T08:30:24+00:00\",\"author\":{\"@id\":\"https:\/\/www.welovecycling.com\/cs\/#\/schema\/person\/d9eeb0a378f3a7e4a6d12d2b536b04b8\"},\"description\":\"\u010cesk\u00fd svaz cyklistiky zm\u011bnil logo. Autorem je design\u00e9r Ji\u0159\u00ed Kar\u00e1sek. Jak se nov\u00e1 zna\u010dka rodila a co p\u0159esn\u011b symbolizuje?\",\"inLanguage\":\"cs\",\"potentialAction\":[{\"@type\":\"ReadAction\",\"target\":[\"https:\/\/www.welovecycling.com\/cs\/2021\/03\/21\/cesky-svaz-cyklistiky-zmenil-logo-je-nadcasove-vysvetluje-designer-jiri-karasek\/\"]}]},{\"@type\":\"ImageObject\",\"inLanguage\":\"cs\",\"@id\":\"https:\/\/www.welovecycling.com\/cs\/2021\/03\/21\/cesky-svaz-cyklistiky-zmenil-logo-je-nadcasove-vysvetluje-designer-jiri-karasek\/#primaryimage\",\"url\":\"https:\/\/d2p6e6u75xmxt8.cloudfront.net\/13\/2021\/03\/CSC-prezentace-loga-pro-CT-V32.webp\",\"contentUrl\":\"https:\/\/d2p6e6u75xmxt8.cloudfront.net\/13\/2021\/03\/CSC-prezentace-loga-pro-CT-V32.webp\",\"width\":1920,\"height\":1080},{\"@type\":\"WebSite\",\"@id\":\"https:\/\/www.welovecycling.com\/cs\/#website\",\"url\":\"https:\/\/www.welovecycling.com\/cs\/\",\"name\":\"\u0160koda We Love Cycling - \u010cesk\u00e1 republika\",\"description\":\"WeLoveCycling.cz je online magaz\u00edn, kter\u00fd v\u00e1m pravideln\u011b p\u0159in\u00e1\u0161\u00ed rady a tipy, zaj\u00edmav\u00e9 \u010dl\u00e1nky, videa a jedine\u010dn\u00e9 report\u00e1\u017ee ze sv\u011bta cyklistiky.\",\"potentialAction\":[{\"@type\":\"SearchAction\",\"target\":{\"@type\":\"EntryPoint\",\"urlTemplate\":\"https:\/\/www.welovecycling.com\/cs\/?s={search_term_string}\"},\"query-input\":{\"@type\":\"PropertyValueSpecification\",\"valueRequired\":true,\"valueName\":\"search_term_string\"}}],\"inLanguage\":\"cs\"},{\"@type\":\"Person\",\"@id\":\"https:\/\/www.welovecycling.com\/cs\/#\/schema\/person\/d9eeb0a378f3a7e4a6d12d2b536b04b8\",\"name\":\"radekmalina\",\"image\":{\"@type\":\"ImageObject\",\"inLanguage\":\"cs\",\"@id\":\"https:\/\/www.welovecycling.com\/cs\/#\/schema\/person\/image\/\",\"url\":\"https:\/\/secure.gravatar.com\/avatar\/66994b632cb8c39a46b9f54afa3ae07201b678d32a54275b6f1c9ffec356bfc0?s=96&d=mm&r=g\",\"contentUrl\":\"https:\/\/secure.gravatar.com\/avatar\/66994b632cb8c39a46b9f54afa3ae07201b678d32a54275b6f1c9ffec356bfc0?s=96&d=mm&r=g\",\"caption\":\"radekmalina\"},\"url\":\"https:\/\/www.welovecycling.com\/cs\/author\/radekmalina\/\"}]}<\/script>\n<!-- \/ Yoast SEO Premium plugin. -->","yoast_head_json":{"title":"\u010cesk\u00fd svaz cyklistiky zm\u011bnil logo. Je nad\u010dasov\u00e9, vysv\u011btluje design\u00e9r Ji\u0159\u00ed Kar\u00e1sek | \u0160koda We Love Cycling - \u010cesk\u00e1 republika","description":"\u010cesk\u00fd svaz cyklistiky zm\u011bnil logo. Autorem je design\u00e9r Ji\u0159\u00ed Kar\u00e1sek. Jak se nov\u00e1 zna\u010dka rodila a co p\u0159esn\u011b symbolizuje?","robots":{"index":"index","follow":"follow","max-snippet":"max-snippet:-1","max-image-preview":"max-image-preview:large","max-video-preview":"max-video-preview:-1"},"canonical":"https:\/\/www.welovecycling.com\/cs\/2021\/03\/21\/cesky-svaz-cyklistiky-zmenil-logo-je-nadcasove-vysvetluje-designer-jiri-karasek\/","og_locale":"cs_CZ","og_type":"article","og_title":"\u010cesk\u00fd svaz cyklistiky zm\u011bnil logo. Je nad\u010dasov\u00e9, vysv\u011btluje design\u00e9r Ji\u0159\u00ed Kar\u00e1sek","og_description":"\u010cesk\u00fd svaz cyklistiky zm\u011bnil logo. Autorem je design\u00e9r Ji\u0159\u00ed Kar\u00e1sek. Jak se nov\u00e1 zna\u010dka rodila a co p\u0159esn\u011b symbolizuje?","og_url":"https:\/\/www.welovecycling.com\/cs\/2021\/03\/21\/cesky-svaz-cyklistiky-zmenil-logo-je-nadcasove-vysvetluje-designer-jiri-karasek\/","og_site_name":"\u0160koda We Love Cycling - \u010cesk\u00e1 republika","article_published_time":"2021-03-21T08:30:24+00:00","og_image":[{"width":1920,"height":1080,"url":"https:\/\/d2p6e6u75xmxt8.cloudfront.net\/13\/2021\/03\/CSC-prezentace-loga-pro-CT-V32.webp","type":"image\/webp"}],"author":"radekmalina","twitter_card":"summary_large_image","twitter_misc":{"Written by":"Jan Kr\u016fta","Est. reading time":"9"},"schema":{"@context":"https:\/\/schema.org","@graph":[{"@type":"WebPage","@id":"https:\/\/www.welovecycling.com\/cs\/2021\/03\/21\/cesky-svaz-cyklistiky-zmenil-logo-je-nadcasove-vysvetluje-designer-jiri-karasek\/","url":"https:\/\/www.welovecycling.com\/cs\/2021\/03\/21\/cesky-svaz-cyklistiky-zmenil-logo-je-nadcasove-vysvetluje-designer-jiri-karasek\/","name":"\u010cesk\u00fd svaz cyklistiky zm\u011bnil logo. Je nad\u010dasov\u00e9, vysv\u011btluje design\u00e9r Ji\u0159\u00ed Kar\u00e1sek | \u0160koda We Love Cycling - \u010cesk\u00e1 republika","isPartOf":{"@id":"https:\/\/www.welovecycling.com\/cs\/#website"},"primaryImageOfPage":{"@id":"https:\/\/www.welovecycling.com\/cs\/2021\/03\/21\/cesky-svaz-cyklistiky-zmenil-logo-je-nadcasove-vysvetluje-designer-jiri-karasek\/#primaryimage"},"image":{"@id":"https:\/\/www.welovecycling.com\/cs\/2021\/03\/21\/cesky-svaz-cyklistiky-zmenil-logo-je-nadcasove-vysvetluje-designer-jiri-karasek\/#primaryimage"},"thumbnailUrl":"https:\/\/d2p6e6u75xmxt8.cloudfront.net\/13\/2021\/03\/CSC-prezentace-loga-pro-CT-V32.webp","datePublished":"2021-03-21T08:30:24+00:00","author":{"@id":"https:\/\/www.welovecycling.com\/cs\/#\/schema\/person\/d9eeb0a378f3a7e4a6d12d2b536b04b8"},"description":"\u010cesk\u00fd svaz cyklistiky zm\u011bnil logo. Autorem je design\u00e9r Ji\u0159\u00ed Kar\u00e1sek. Jak se nov\u00e1 zna\u010dka rodila a co p\u0159esn\u011b symbolizuje?","inLanguage":"cs","potentialAction":[{"@type":"ReadAction","target":["https:\/\/www.welovecycling.com\/cs\/2021\/03\/21\/cesky-svaz-cyklistiky-zmenil-logo-je-nadcasove-vysvetluje-designer-jiri-karasek\/"]}]},{"@type":"ImageObject","inLanguage":"cs","@id":"https:\/\/www.welovecycling.com\/cs\/2021\/03\/21\/cesky-svaz-cyklistiky-zmenil-logo-je-nadcasove-vysvetluje-designer-jiri-karasek\/#primaryimage","url":"https:\/\/d2p6e6u75xmxt8.cloudfront.net\/13\/2021\/03\/CSC-prezentace-loga-pro-CT-V32.webp","contentUrl":"https:\/\/d2p6e6u75xmxt8.cloudfront.net\/13\/2021\/03\/CSC-prezentace-loga-pro-CT-V32.webp","width":1920,"height":1080},{"@type":"WebSite","@id":"https:\/\/www.welovecycling.com\/cs\/#website","url":"https:\/\/www.welovecycling.com\/cs\/","name":"\u0160koda We Love Cycling - \u010cesk\u00e1 republika","description":"WeLoveCycling.cz je online magaz\u00edn, kter\u00fd v\u00e1m pravideln\u011b p\u0159in\u00e1\u0161\u00ed rady a tipy, zaj\u00edmav\u00e9 \u010dl\u00e1nky, videa a jedine\u010dn\u00e9 report\u00e1\u017ee ze sv\u011bta cyklistiky.","potentialAction":[{"@type":"SearchAction","target":{"@type":"EntryPoint","urlTemplate":"https:\/\/www.welovecycling.com\/cs\/?s={search_term_string}"},"query-input":{"@type":"PropertyValueSpecification","valueRequired":true,"valueName":"search_term_string"}}],"inLanguage":"cs"},{"@type":"Person","@id":"https:\/\/www.welovecycling.com\/cs\/#\/schema\/person\/d9eeb0a378f3a7e4a6d12d2b536b04b8","name":"radekmalina","image":{"@type":"ImageObject","inLanguage":"cs","@id":"https:\/\/www.welovecycling.com\/cs\/#\/schema\/person\/image\/","url":"https:\/\/secure.gravatar.com\/avatar\/66994b632cb8c39a46b9f54afa3ae07201b678d32a54275b6f1c9ffec356bfc0?s=96&d=mm&r=g","contentUrl":"https:\/\/secure.gravatar.com\/avatar\/66994b632cb8c39a46b9f54afa3ae07201b678d32a54275b6f1c9ffec356bfc0?s=96&d=mm&r=g","caption":"radekmalina"},"url":"https:\/\/www.welovecycling.com\/cs\/author\/radekmalina\/"}]}},"_links":{"self":[{"href":"https:\/\/www.welovecycling.com\/cs\/wp-json\/wp\/v2\/posts\/12027","targetHints":{"allow":["GET"]}}],"collection":[{"href":"https:\/\/www.welovecycling.com\/cs\/wp-json\/wp\/v2\/posts"}],"about":[{"href":"https:\/\/www.welovecycling.com\/cs\/wp-json\/wp\/v2\/types\/post"}],"author":[{"embeddable":true,"href":"https:\/\/www.welovecycling.com\/cs\/wp-json\/wp\/v2\/users\/138"}],"replies":[{"embeddable":true,"href":"https:\/\/www.welovecycling.com\/cs\/wp-json\/wp\/v2\/comments?post=12027"}],"version-history":[{"count":2,"href":"https:\/\/www.welovecycling.com\/cs\/wp-json\/wp\/v2\/posts\/12027\/revisions"}],"predecessor-version":[{"id":12040,"href":"https:\/\/www.welovecycling.com\/cs\/wp-json\/wp\/v2\/posts\/12027\/revisions\/12040"}],"wp:featuredmedia":[{"embeddable":true,"href":"https:\/\/www.welovecycling.com\/cs\/wp-json\/wp\/v2\/media\/12007"}],"wp:attachment":[{"href":"https:\/\/www.welovecycling.com\/cs\/wp-json\/wp\/v2\/media?parent=12027"}],"wp:term":[{"taxonomy":"category","embeddable":true,"href":"https:\/\/www.welovecycling.com\/cs\/wp-json\/wp\/v2\/categories?post=12027"},{"taxonomy":"post_tag","embeddable":true,"href":"https:\/\/www.welovecycling.com\/cs\/wp-json\/wp\/v2\/tags?post=12027"},{"taxonomy":"global-categories","embeddable":true,"href":"https:\/\/www.welovecycling.com\/cs\/wp-json\/wp\/v2\/global-categories?post=12027"}],"curies":[{"name":"wp","href":"https:\/\/api.w.org\/{rel}","templated":true}]}}