{"id":11830,"date":"2021-03-03T21:00:03","date_gmt":"2021-03-03T19:00:03","guid":{"rendered":"https:\/\/www.welovecycling.com\/cs\/?p=11830"},"modified":"2021-03-04T20:45:09","modified_gmt":"2021-03-04T18:45:09","slug":"jak-nenechat-vyhrat-jojo-vyladte-stravu-a-nesejdete-z-cesty","status":"publish","type":"post","link":"https:\/\/www.welovecycling.com\/cs\/2021\/03\/03\/jak-nenechat-vyhrat-jojo-vyladte-stravu-a-nesejdete-z-cesty\/","title":{"rendered":"Jak nenechat vyhr\u00e1t jojo. Vyla\u010fte stravu a nesejd\u011bte z\u00a0cesty"},"content":{"rendered":"<p><strong>Stravovac\u00ed n\u00e1vyky maj\u00ed na na\u0161i kondici podobn\u00fd vliv jako tr\u00e9nink. A stejn\u011b jako m\u016f\u017eeme \u0161patn\u00fdm p\u0159\u00edstupem snadno zahodit v\u00fdsledky p\u0159\u00edpravy, lze i fauly na tal\u00ed\u0159i zni\u010dit efekty dlouh\u00e9ho procesu p\u0159i zm\u011bn\u011b diety. Jak nesej\u00edt z\u00a0t\u00e9 spr\u00e1vn\u00e9 cesty.<\/strong><\/p>\n<p>Pro n\u011bkoho nep\u0159edstavuje dodr\u017eov\u00e1n\u00ed vyty\u010den\u00e9ho stravovac\u00edho pl\u00e1nu probl\u00e9m, pro druh\u00e9ho m\u016f\u017ee b\u00fdt naopak u\u010din\u011bn\u00fdm peklem. Kde se stane nej\u010dast\u011bji chyba?<\/p>\n<p>\u201eB\u011bhem sv\u00e9 praxe jsem bohu\u017eel za\u017eil mnoho p\u0159\u00edpad\u016f, kdy nad\u0161en\u00ed nad nov\u00fdm \u017eivotn\u00edm stylem vydr\u017eelo jen p\u00e1r t\u00fddn\u016f \u010di m\u011bs\u00edc\u016f. A zjistil jsem, \u017ee snaha o lep\u0161\u00ed p\u0159\u00edstup ke stravov\u00e1n\u00ed krachuje ze \u010dty\u0159 d\u016fvod\u016f. Lid\u00e9 bu\u010f \u0161patn\u011b pl\u00e1nuj\u00ed, nastavuj\u00ed si \u0161patn\u00e9 c\u00edle, nemaj\u00ed pot\u0159ebnou podporu \u010di nev\u011bd\u00ed, jak se dostat z\u00a0prvotn\u00edch ne\u00fasp\u011bch\u016f. Proto jsem sestavil seznam tip\u016f, jak t\u011bmto negativn\u00edm efekt\u016fm zabr\u00e1nit,\u201c \u0159\u00edk\u00e1 nutri\u010dn\u00ed specialista Ji\u0159\u00ed Kalo\u010d.<\/p>\n<h2><strong>Vykro\u010dte \u00fasp\u011bchu naproti<\/strong><\/h2>\n<p>M\u00e1te jasnou p\u0159edstavu, co budete tento t\u00fdden sn\u00eddat, ob\u011bdvat, ve\u010de\u0159et a sva\u010dit? Pokud jako odpov\u011b\u010f vyp\u00e1l\u00edte neur\u010dit\u00e9 \u201e\u00fapln\u011b ne\u201c, pak jsou va\u0161e \u0161ance na vykolejen\u00ed z nastaven\u00e9ho sm\u011bru pom\u011brn\u011b vysok\u00e9. Ano, pl\u00e1n nemus\u00ed v\u017edy stoprocentn\u011b vyj\u00edt. A je d\u016fle\u017eit\u00e9 um\u011bt improvizovat. Ale je opravdu dobr\u00e9 m\u00edt pl\u00e1n.<\/p>\n<p>Pokud budete p\u0159i p\u0159\u00edprav\u011b j\u00eddla neust\u00e1le surfovat na vln\u011b improvizace, pak budete \u010delit poku\u0161en\u00ed, navrch za\u010dne z\u00edsk\u00e1vat lenost a va\u0161e snaha m\u016f\u017ee p\u0159ij\u00edt vnive\u010d.<\/p>\n<h2><strong>Objevte zdrav\u00e1 j\u00eddla, nezapome\u0148te ale na chu\u0165 <\/strong><\/h2>\n<p>Pokud to mysl\u00edte s\u00a0\u00fapravou stravovac\u00edch n\u00e1vyk\u016f v\u00e1\u017en\u011b, mus\u00edte v\u00a0prvn\u00ed \u0159ad\u011b naj\u00edt \u0161k\u00e1lu potravin a j\u00eddel, kter\u00e1 budou pasovat do va\u0161eho dietn\u00edho pl\u00e1nu.<\/p>\n<lite-youtube videoid=ILE2wK4_UjU params=\"enablejsapi=1\" style=\"background-image: url('https:\/\/i.ytimg.com\/vi_webp\/ILE2wK4_UjU\/maxresdefault.webp');\"><\/lite-youtube>\n<p>Ruku v\u00a0ruce s\u00a0t\u00edm ale mus\u00edte br\u00e1t tak\u00e9 ohled na to, aby v\u00e1m j\u00eddlo chutnalo. V\u00a0opa\u010dn\u00e9m p\u0159\u00edpad\u011b nebude va\u0161e sna\u017een\u00ed dlouhodob\u011b udr\u017eiteln\u00e9.<\/p>\n<h2><strong>Promyslete sva\u010dinky<\/strong><\/h2>\n<p>Pokud hovo\u0159\u00edme o dodr\u017eov\u00e1n\u00ed dietn\u00edho pl\u00e1nu, nem\u016f\u017eeme opomenout sva\u010diny. I nejmen\u0161\u00ed denn\u00ed j\u00eddlo toti\u017e m\u016f\u017ee va\u0161i snahu tot\u00e1ln\u011b torp\u00e9dovat.<\/p>\n<div class=\"shortcode-ys-post-pinup\"><article class=\"loop-simple post-2394 post type-post status-publish format-standard has-post-thumbnail hentry category-zdravi-a-trenink tag-gurmanska-jizda tag-svacina\" data-postid=\"2394\" role=\"article\" data-post-id=\"2394\" data-word-count=\"644\" data-headline-length=\"50\" data-category=\"Zdrav\u00ed a tr\u00e9nink\" data-author=\"Ji\u0159\u00ed Kalo\u010d\" data-published=\"2019-06-04T09:37:21+02:00\" data-published-day=\"Tuesday\">\n    <div class=\"entry-thumbnail article-thumbnail\" content=\"https:\/\/d2p6e6u75xmxt8.cloudfront.net\/13\/2019\/06\/841841851_741871874-150x150.webp\"><a href=\"https:\/\/www.welovecycling.com\/cs\/2019\/06\/04\/ctyri-tipy-na-svacinu-na-celodenni-cyklovylet\/\" class=\"image-holder\" target=\"_self\"><img decoding=\"async\" loading=\"lazy\" class=\"\" src=\"https:\/\/d2p6e6u75xmxt8.cloudfront.net\/13\/2019\/06\/841841851_741871874-1024x447.webp\" srcset=\"https:\/\/d2p6e6u75xmxt8.cloudfront.net\/13\/2019\/06\/841841851_741871874.webp 1375w, https:\/\/d2p6e6u75xmxt8.cloudfront.net\/13\/2019\/06\/841841851_741871874-300x131.webp 300w, https:\/\/d2p6e6u75xmxt8.cloudfront.net\/13\/2019\/06\/841841851_741871874-1024x447.webp 1024w, https:\/\/d2p6e6u75xmxt8.cloudfront.net\/13\/2019\/06\/841841851_741871874-768x335.webp 768w\" width=\"1024\" height=\"447\" sizes=\"auto, (min-width: 1200px) 458px, (min-width: 768px) 38vw, 100vw\" alt=\"ctyri-tipy-na-svacinu-na-celodenni-cyklovylet\"\/><\/a><\/div>    <div class=\"entry-meta\">\n        <a class=\"label label-secondary post-category\" href=\"https:\/\/www.welovecycling.com\/cs\/category\/zdravi-a-trenink\/\" title=\"Zdrav\u00ed a tr\u00e9nink\">Zdrav\u00ed a tr\u00e9nink<\/a>\n    <\/div>\n    <div class=\"entry-details\">\n        <a href=\"https:\/\/www.welovecycling.com\/cs\/2019\/06\/04\/ctyri-tipy-na-svacinu-na-celodenni-cyklovylet\/\" class='entry-title-wrapper'>\n            <h3 class=\"entry-title\"><span>\u010cty\u0159i tipy na sva\u010dinu na celodenn\u00ed cyklov\u00fdlet<\/span><\/h3>\n        <\/a>\n    <\/div>\n    <\/article>\n<\/div>\n<p>Nejpopul\u00e1rn\u011bj\u0161\u00ed zob\u00e1n\u00ed jako \u010dokol\u00e1dov\u00e9 ty\u010dinky, bonbony nebo su\u0161enky jsou toti\u017e pln\u00e9 cukr\u016f a kalori\u00ed. Podobn\u011b jako hlavn\u00ed j\u00eddla, i sva\u010diny budete muset pl\u00e1novat tak, abyste snadno doc\u00edlili zdrav\u00e9ho j\u00eddla.<\/p>\n<h2><strong>Co v\u00a0restauraci?<\/strong><\/h2>\n<p>Asi jen m\u00e1lokdo si dok\u00e1\u017ee zajistit j\u00eddlo stoprocentn\u011b z\u00a0vlastn\u00edch zdroj\u016f a ka\u017ed\u00fd se \u010das od \u010dasu stravujeme venku. Na tom nen\u00ed nic zvl\u00e1\u0161tn\u00edho, a nav\u00edc ani v\u00a0restauraci nemus\u00edte ustoupit ze sv\u00fdch stravovac\u00edch n\u00e1vyk\u016f.<\/p>\n<div class=\"shortcode-ys-post-pinup\"><article class=\"loop-simple post-11547 post type-post status-publish format-standard has-post-thumbnail hentry category-zdravi-a-trenink tag-cyklistika tag-horska-cyklistika tag-nadvaha-v-cyklistice tag-silnicni-cyklistika tag-vyziva tag-zdravi-a-trenink global-categories-cycling\" data-postid=\"11547\" role=\"article\" data-post-id=\"11547\" data-word-count=\"472\" data-headline-length=\"41\" data-category=\"Zdrav\u00ed a tr\u00e9nink\" data-global-category=\"Cycling\" data-author=\"Vojt\u011bch Ha\u010deck\u00fd\" data-published=\"2021-02-03T07:00:29+02:00\" data-published-day=\"Wednesday\">\n    <div class=\"entry-thumbnail article-thumbnail\" content=\"https:\/\/d2p6e6u75xmxt8.cloudfront.net\/13\/2021\/02\/svaly-profimedia-0306637404-150x150.webp\"><a href=\"https:\/\/www.welovecycling.com\/cs\/2021\/02\/03\/je-hubeny-cyklista-vzdy-nejrychlejsi\/\" class=\"image-holder\" target=\"_self\"><img decoding=\"async\" loading=\"lazy\" class=\"\" src=\"https:\/\/d2p6e6u75xmxt8.cloudfront.net\/13\/2021\/02\/svaly-profimedia-0306637404-1024x683.webp\" srcset=\"https:\/\/d2p6e6u75xmxt8.cloudfront.net\/13\/2021\/02\/svaly-profimedia-0306637404.webp 1800w, https:\/\/d2p6e6u75xmxt8.cloudfront.net\/13\/2021\/02\/svaly-profimedia-0306637404-300x200.webp 300w, https:\/\/d2p6e6u75xmxt8.cloudfront.net\/13\/2021\/02\/svaly-profimedia-0306637404-1024x683.webp 1024w, https:\/\/d2p6e6u75xmxt8.cloudfront.net\/13\/2021\/02\/svaly-profimedia-0306637404-768x512.webp 768w, https:\/\/d2p6e6u75xmxt8.cloudfront.net\/13\/2021\/02\/svaly-profimedia-0306637404-1536x1024.webp 1536w, https:\/\/d2p6e6u75xmxt8.cloudfront.net\/13\/2021\/02\/svaly-profimedia-0306637404-272x182.webp 272w\" width=\"1024\" height=\"683\" sizes=\"auto, (min-width: 1200px) 300px, (min-width: 768px) 25vw, 100vw\" alt=\"je-hubeny-cyklista-vzdy-nejrychlejsi\"\/><\/a><\/div>    <div class=\"entry-meta\">\n        <a class=\"label label-secondary post-category\" href=\"https:\/\/www.welovecycling.com\/cs\/category\/zdravi-a-trenink\/\" title=\"Zdrav\u00ed a tr\u00e9nink\">Zdrav\u00ed a tr\u00e9nink<\/a>\n    <\/div>\n    <div class=\"entry-details\">\n        <a href=\"https:\/\/www.welovecycling.com\/cs\/2021\/02\/03\/je-hubeny-cyklista-vzdy-nejrychlejsi\/\" class='entry-title-wrapper'>\n            <h3 class=\"entry-title\"><span>Je huben\u00fd cyklista v\u017edy nejrychlej\u0161\u00ed?<\/span><\/h3>\n        <\/a>\n    <\/div>\n    <\/article>\n<\/div>\n<p>Samoz\u0159ejm\u011b, pokud p\u016fjdete slavit narozeniny, dejte si po\u0159\u00e1dn\u011b do trumpety. V\u017edy\u0165 je to jen jednou za rok.<\/p>\n<p>Kdy\u017e ale vyraz\u00edte na pracovn\u00ed ob\u011bd nebo ve\u010de\u0159i s\u00a0partnerem, jd\u011bte do restaurace s\u00a0jasn\u00fdm pl\u00e1nem. Neobjedn\u00e1vejte si slazen\u00e9 n\u00e1poje, \u00a0dr\u017ete se j\u00eddel s\u00a0dostate\u010dnou d\u00e1vkou protein\u016f (vejce, fazole, hr\u00e1\u0161ek, s\u00fdr, maso), \u00a0p\u0159iobjednejte si sal\u00e1t, nebo zeleninovou pol\u00e9vku, &#8211; vyhn\u011bte se sma\u017een\u00fdm j\u00eddl\u016fm, dezert si d\u00e1vejte jen p\u0159i zvl\u00e1\u0161tn\u00edch p\u0159\u00edle\u017eitostech.<\/p>\n","protected":false},"excerpt":{"rendered":"<p>Stravovac\u00ed n\u00e1vyky maj\u00ed na na\u0161i kondici podobn\u00fd vliv jako tr\u00e9nink. A stejn\u011b jako m\u016f\u017eeme \u0161patn\u00fdm p\u0159\u00edstupem snadno zahodit v\u00fdsledky p\u0159\u00edpravy, [&hellip;]<\/p>\n","protected":false},"author":138,"featured_media":9768,"comment_status":"open","ping_status":"open","sticky":false,"template":"","format":"standard","meta":{"footnotes":""},"categories":[15],"tags":[126,788,56,9,27,17,28,67],"global-categories":[411],"class_list":["post-11830","post","type-post","status-publish","format-standard","has-post-thumbnail","hentry","category-rady-tipy","tag-cyklistika","tag-dieta","tag-horska-cyklistika","tag-silnicni-cyklistika","tag-trenink","tag-vyziva","tag-zdravi","tag-zdravi-a-trenink","global-categories-cycling"],"yoast_head":"<!-- This site is optimized with the Yoast SEO Premium plugin v25.3 (Yoast SEO v25.9) - https:\/\/yoast.com\/wordpress\/plugins\/seo\/ -->\n<title>Jak nenechat vyhr\u00e1t jojo. Vyla\u010fte stravu a nesejd\u011bte z\u00a0cesty | \u0160koda We Love Cycling - \u010cesk\u00e1 republika<\/title>\n<meta name=\"description\" content=\"Stravovac\u00ed n\u00e1vyky maj\u00ed na na\u0161i kondici podobn\u00fd vliv jako tr\u00e9nink. Jak se vyvarovat faul\u016f na tal\u00ed\u0159i a nesej\u00edt z\u00a0t\u00e9 spr\u00e1vn\u00e9 cesty?\" \/>\n<meta name=\"robots\" content=\"index, follow, max-snippet:-1, max-image-preview:large, max-video-preview:-1\" \/>\n<link rel=\"canonical\" href=\"https:\/\/www.welovecycling.com\/cs\/2021\/03\/03\/jak-nenechat-vyhrat-jojo-vyladte-stravu-a-nesejdete-z-cesty\/\" \/>\n<meta property=\"og:locale\" content=\"cs_CZ\" \/>\n<meta property=\"og:type\" content=\"article\" \/>\n<meta property=\"og:title\" content=\"Jak nenechat vyhr\u00e1t jojo. Vyla\u010fte stravu a nesejd\u011bte z\u00a0cesty\" \/>\n<meta property=\"og:description\" content=\"Stravovac\u00ed n\u00e1vyky maj\u00ed na na\u0161i kondici podobn\u00fd vliv jako tr\u00e9nink. Jak se vyvarovat faul\u016f na tal\u00ed\u0159i a nesej\u00edt z\u00a0t\u00e9 spr\u00e1vn\u00e9 cesty?\" \/>\n<meta property=\"og:url\" content=\"https:\/\/www.welovecycling.com\/cs\/2021\/03\/03\/jak-nenechat-vyhrat-jojo-vyladte-stravu-a-nesejdete-z-cesty\/\" \/>\n<meta property=\"og:site_name\" content=\"\u0160koda We Love Cycling - \u010cesk\u00e1 republika\" \/>\n<meta property=\"article:published_time\" content=\"2021-03-03T19:00:03+00:00\" \/>\n<meta property=\"article:modified_time\" content=\"2021-03-04T18:45:09+00:00\" \/>\n<meta property=\"og:image\" content=\"https:\/\/d2p6e6u75xmxt8.cloudfront.net\/13\/2020\/09\/wlc-bur\u00e1kov\u00e9-m\u00e1slo-j\u00eddlo.webp\" \/>\n\t<meta property=\"og:image:width\" content=\"1600\" \/>\n\t<meta property=\"og:image:height\" content=\"1067\" \/>\n\t<meta property=\"og:image:type\" content=\"image\/webp\" \/>\n<meta name=\"author\" content=\"radekmalina\" \/>\n<meta name=\"twitter:card\" content=\"summary_large_image\" \/>\n<meta name=\"twitter:label1\" content=\"Written by\" \/>\n\t<meta name=\"twitter:data1\" content=\"Vojt\u011bch Ha\u010deck\u00fd\" \/>\n\t<meta name=\"twitter:label2\" content=\"Est. reading time\" \/>\n\t<meta name=\"twitter:data2\" content=\"5\" \/>\n<script type=\"application\/ld+json\" class=\"yoast-schema-graph\">{\"@context\":\"https:\/\/schema.org\",\"@graph\":[{\"@type\":\"WebPage\",\"@id\":\"https:\/\/www.welovecycling.com\/cs\/2021\/03\/03\/jak-nenechat-vyhrat-jojo-vyladte-stravu-a-nesejdete-z-cesty\/\",\"url\":\"https:\/\/www.welovecycling.com\/cs\/2021\/03\/03\/jak-nenechat-vyhrat-jojo-vyladte-stravu-a-nesejdete-z-cesty\/\",\"name\":\"Jak nenechat vyhr\u00e1t jojo. Vyla\u010fte stravu a nesejd\u011bte z\u00a0cesty | \u0160koda We Love Cycling - \u010cesk\u00e1 republika\",\"isPartOf\":{\"@id\":\"https:\/\/www.welovecycling.com\/cs\/#website\"},\"primaryImageOfPage\":{\"@id\":\"https:\/\/www.welovecycling.com\/cs\/2021\/03\/03\/jak-nenechat-vyhrat-jojo-vyladte-stravu-a-nesejdete-z-cesty\/#primaryimage\"},\"image\":{\"@id\":\"https:\/\/www.welovecycling.com\/cs\/2021\/03\/03\/jak-nenechat-vyhrat-jojo-vyladte-stravu-a-nesejdete-z-cesty\/#primaryimage\"},\"thumbnailUrl\":\"https:\/\/d2p6e6u75xmxt8.cloudfront.net\/13\/2020\/09\/wlc-bur\u00e1kov\u00e9-m\u00e1slo-j\u00eddlo.webp\",\"datePublished\":\"2021-03-03T19:00:03+00:00\",\"dateModified\":\"2021-03-04T18:45:09+00:00\",\"author\":{\"@id\":\"https:\/\/www.welovecycling.com\/cs\/#\/schema\/person\/d9eeb0a378f3a7e4a6d12d2b536b04b8\"},\"description\":\"Stravovac\u00ed n\u00e1vyky maj\u00ed na na\u0161i kondici podobn\u00fd vliv jako tr\u00e9nink. Jak se vyvarovat faul\u016f na tal\u00ed\u0159i a nesej\u00edt z\u00a0t\u00e9 spr\u00e1vn\u00e9 cesty?\",\"inLanguage\":\"cs\",\"potentialAction\":[{\"@type\":\"ReadAction\",\"target\":[\"https:\/\/www.welovecycling.com\/cs\/2021\/03\/03\/jak-nenechat-vyhrat-jojo-vyladte-stravu-a-nesejdete-z-cesty\/\"]}]},{\"@type\":\"ImageObject\",\"inLanguage\":\"cs\",\"@id\":\"https:\/\/www.welovecycling.com\/cs\/2021\/03\/03\/jak-nenechat-vyhrat-jojo-vyladte-stravu-a-nesejdete-z-cesty\/#primaryimage\",\"url\":\"https:\/\/d2p6e6u75xmxt8.cloudfront.net\/13\/2020\/09\/wlc-bur\u00e1kov\u00e9-m\u00e1slo-j\u00eddlo.webp\",\"contentUrl\":\"https:\/\/d2p6e6u75xmxt8.cloudfront.net\/13\/2020\/09\/wlc-bur\u00e1kov\u00e9-m\u00e1slo-j\u00eddlo.webp\",\"width\":1600,\"height\":1067},{\"@type\":\"WebSite\",\"@id\":\"https:\/\/www.welovecycling.com\/cs\/#website\",\"url\":\"https:\/\/www.welovecycling.com\/cs\/\",\"name\":\"\u0160koda We Love Cycling - \u010cesk\u00e1 republika\",\"description\":\"WeLoveCycling.cz je online magaz\u00edn, kter\u00fd v\u00e1m pravideln\u011b p\u0159in\u00e1\u0161\u00ed rady a tipy, zaj\u00edmav\u00e9 \u010dl\u00e1nky, videa a jedine\u010dn\u00e9 report\u00e1\u017ee ze sv\u011bta cyklistiky.\",\"potentialAction\":[{\"@type\":\"SearchAction\",\"target\":{\"@type\":\"EntryPoint\",\"urlTemplate\":\"https:\/\/www.welovecycling.com\/cs\/?s={search_term_string}\"},\"query-input\":{\"@type\":\"PropertyValueSpecification\",\"valueRequired\":true,\"valueName\":\"search_term_string\"}}],\"inLanguage\":\"cs\"},{\"@type\":\"Person\",\"@id\":\"https:\/\/www.welovecycling.com\/cs\/#\/schema\/person\/d9eeb0a378f3a7e4a6d12d2b536b04b8\",\"name\":\"radekmalina\",\"image\":{\"@type\":\"ImageObject\",\"inLanguage\":\"cs\",\"@id\":\"https:\/\/www.welovecycling.com\/cs\/#\/schema\/person\/image\/\",\"url\":\"https:\/\/secure.gravatar.com\/avatar\/66994b632cb8c39a46b9f54afa3ae07201b678d32a54275b6f1c9ffec356bfc0?s=96&d=mm&r=g\",\"contentUrl\":\"https:\/\/secure.gravatar.com\/avatar\/66994b632cb8c39a46b9f54afa3ae07201b678d32a54275b6f1c9ffec356bfc0?s=96&d=mm&r=g\",\"caption\":\"radekmalina\"},\"url\":\"https:\/\/www.welovecycling.com\/cs\/author\/radekmalina\/\"}]}<\/script>\n<!-- \/ Yoast SEO Premium plugin. -->","yoast_head_json":{"title":"Jak nenechat vyhr\u00e1t jojo. Vyla\u010fte stravu a nesejd\u011bte z\u00a0cesty | \u0160koda We Love Cycling - \u010cesk\u00e1 republika","description":"Stravovac\u00ed n\u00e1vyky maj\u00ed na na\u0161i kondici podobn\u00fd vliv jako tr\u00e9nink. Jak se vyvarovat faul\u016f na tal\u00ed\u0159i a nesej\u00edt z\u00a0t\u00e9 spr\u00e1vn\u00e9 cesty?","robots":{"index":"index","follow":"follow","max-snippet":"max-snippet:-1","max-image-preview":"max-image-preview:large","max-video-preview":"max-video-preview:-1"},"canonical":"https:\/\/www.welovecycling.com\/cs\/2021\/03\/03\/jak-nenechat-vyhrat-jojo-vyladte-stravu-a-nesejdete-z-cesty\/","og_locale":"cs_CZ","og_type":"article","og_title":"Jak nenechat vyhr\u00e1t jojo. Vyla\u010fte stravu a nesejd\u011bte z\u00a0cesty","og_description":"Stravovac\u00ed n\u00e1vyky maj\u00ed na na\u0161i kondici podobn\u00fd vliv jako tr\u00e9nink. Jak se vyvarovat faul\u016f na tal\u00ed\u0159i a nesej\u00edt z\u00a0t\u00e9 spr\u00e1vn\u00e9 cesty?","og_url":"https:\/\/www.welovecycling.com\/cs\/2021\/03\/03\/jak-nenechat-vyhrat-jojo-vyladte-stravu-a-nesejdete-z-cesty\/","og_site_name":"\u0160koda We Love Cycling - \u010cesk\u00e1 republika","article_published_time":"2021-03-03T19:00:03+00:00","article_modified_time":"2021-03-04T18:45:09+00:00","og_image":[{"width":1600,"height":1067,"url":"https:\/\/d2p6e6u75xmxt8.cloudfront.net\/13\/2020\/09\/wlc-bur\u00e1kov\u00e9-m\u00e1slo-j\u00eddlo.webp","type":"image\/webp"}],"author":"radekmalina","twitter_card":"summary_large_image","twitter_misc":{"Written by":"Vojt\u011bch Ha\u010deck\u00fd","Est. reading time":"5"},"schema":{"@context":"https:\/\/schema.org","@graph":[{"@type":"WebPage","@id":"https:\/\/www.welovecycling.com\/cs\/2021\/03\/03\/jak-nenechat-vyhrat-jojo-vyladte-stravu-a-nesejdete-z-cesty\/","url":"https:\/\/www.welovecycling.com\/cs\/2021\/03\/03\/jak-nenechat-vyhrat-jojo-vyladte-stravu-a-nesejdete-z-cesty\/","name":"Jak nenechat vyhr\u00e1t jojo. Vyla\u010fte stravu a nesejd\u011bte z\u00a0cesty | \u0160koda We Love Cycling - \u010cesk\u00e1 republika","isPartOf":{"@id":"https:\/\/www.welovecycling.com\/cs\/#website"},"primaryImageOfPage":{"@id":"https:\/\/www.welovecycling.com\/cs\/2021\/03\/03\/jak-nenechat-vyhrat-jojo-vyladte-stravu-a-nesejdete-z-cesty\/#primaryimage"},"image":{"@id":"https:\/\/www.welovecycling.com\/cs\/2021\/03\/03\/jak-nenechat-vyhrat-jojo-vyladte-stravu-a-nesejdete-z-cesty\/#primaryimage"},"thumbnailUrl":"https:\/\/d2p6e6u75xmxt8.cloudfront.net\/13\/2020\/09\/wlc-bur\u00e1kov\u00e9-m\u00e1slo-j\u00eddlo.webp","datePublished":"2021-03-03T19:00:03+00:00","dateModified":"2021-03-04T18:45:09+00:00","author":{"@id":"https:\/\/www.welovecycling.com\/cs\/#\/schema\/person\/d9eeb0a378f3a7e4a6d12d2b536b04b8"},"description":"Stravovac\u00ed n\u00e1vyky maj\u00ed na na\u0161i kondici podobn\u00fd vliv jako tr\u00e9nink. Jak se vyvarovat faul\u016f na tal\u00ed\u0159i a nesej\u00edt z\u00a0t\u00e9 spr\u00e1vn\u00e9 cesty?","inLanguage":"cs","potentialAction":[{"@type":"ReadAction","target":["https:\/\/www.welovecycling.com\/cs\/2021\/03\/03\/jak-nenechat-vyhrat-jojo-vyladte-stravu-a-nesejdete-z-cesty\/"]}]},{"@type":"ImageObject","inLanguage":"cs","@id":"https:\/\/www.welovecycling.com\/cs\/2021\/03\/03\/jak-nenechat-vyhrat-jojo-vyladte-stravu-a-nesejdete-z-cesty\/#primaryimage","url":"https:\/\/d2p6e6u75xmxt8.cloudfront.net\/13\/2020\/09\/wlc-bur\u00e1kov\u00e9-m\u00e1slo-j\u00eddlo.webp","contentUrl":"https:\/\/d2p6e6u75xmxt8.cloudfront.net\/13\/2020\/09\/wlc-bur\u00e1kov\u00e9-m\u00e1slo-j\u00eddlo.webp","width":1600,"height":1067},{"@type":"WebSite","@id":"https:\/\/www.welovecycling.com\/cs\/#website","url":"https:\/\/www.welovecycling.com\/cs\/","name":"\u0160koda We Love Cycling - \u010cesk\u00e1 republika","description":"WeLoveCycling.cz je online magaz\u00edn, kter\u00fd v\u00e1m pravideln\u011b p\u0159in\u00e1\u0161\u00ed rady a tipy, zaj\u00edmav\u00e9 \u010dl\u00e1nky, videa a jedine\u010dn\u00e9 report\u00e1\u017ee ze sv\u011bta cyklistiky.","potentialAction":[{"@type":"SearchAction","target":{"@type":"EntryPoint","urlTemplate":"https:\/\/www.welovecycling.com\/cs\/?s={search_term_string}"},"query-input":{"@type":"PropertyValueSpecification","valueRequired":true,"valueName":"search_term_string"}}],"inLanguage":"cs"},{"@type":"Person","@id":"https:\/\/www.welovecycling.com\/cs\/#\/schema\/person\/d9eeb0a378f3a7e4a6d12d2b536b04b8","name":"radekmalina","image":{"@type":"ImageObject","inLanguage":"cs","@id":"https:\/\/www.welovecycling.com\/cs\/#\/schema\/person\/image\/","url":"https:\/\/secure.gravatar.com\/avatar\/66994b632cb8c39a46b9f54afa3ae07201b678d32a54275b6f1c9ffec356bfc0?s=96&d=mm&r=g","contentUrl":"https:\/\/secure.gravatar.com\/avatar\/66994b632cb8c39a46b9f54afa3ae07201b678d32a54275b6f1c9ffec356bfc0?s=96&d=mm&r=g","caption":"radekmalina"},"url":"https:\/\/www.welovecycling.com\/cs\/author\/radekmalina\/"}]}},"_links":{"self":[{"href":"https:\/\/www.welovecycling.com\/cs\/wp-json\/wp\/v2\/posts\/11830","targetHints":{"allow":["GET"]}}],"collection":[{"href":"https:\/\/www.welovecycling.com\/cs\/wp-json\/wp\/v2\/posts"}],"about":[{"href":"https:\/\/www.welovecycling.com\/cs\/wp-json\/wp\/v2\/types\/post"}],"author":[{"embeddable":true,"href":"https:\/\/www.welovecycling.com\/cs\/wp-json\/wp\/v2\/users\/138"}],"replies":[{"embeddable":true,"href":"https:\/\/www.welovecycling.com\/cs\/wp-json\/wp\/v2\/comments?post=11830"}],"version-history":[{"count":2,"href":"https:\/\/www.welovecycling.com\/cs\/wp-json\/wp\/v2\/posts\/11830\/revisions"}],"predecessor-version":[{"id":11837,"href":"https:\/\/www.welovecycling.com\/cs\/wp-json\/wp\/v2\/posts\/11830\/revisions\/11837"}],"wp:featuredmedia":[{"embeddable":true,"href":"https:\/\/www.welovecycling.com\/cs\/wp-json\/wp\/v2\/media\/9768"}],"wp:attachment":[{"href":"https:\/\/www.welovecycling.com\/cs\/wp-json\/wp\/v2\/media?parent=11830"}],"wp:term":[{"taxonomy":"category","embeddable":true,"href":"https:\/\/www.welovecycling.com\/cs\/wp-json\/wp\/v2\/categories?post=11830"},{"taxonomy":"post_tag","embeddable":true,"href":"https:\/\/www.welovecycling.com\/cs\/wp-json\/wp\/v2\/tags?post=11830"},{"taxonomy":"global-categories","embeddable":true,"href":"https:\/\/www.welovecycling.com\/cs\/wp-json\/wp\/v2\/global-categories?post=11830"}],"curies":[{"name":"wp","href":"https:\/\/api.w.org\/{rel}","templated":true}]}}