{"id":11668,"date":"2021-02-12T10:00:57","date_gmt":"2021-02-12T08:00:57","guid":{"rendered":"https:\/\/www.welovecycling.com\/cs\/?p=11668"},"modified":"2022-11-23T18:10:50","modified_gmt":"2022-11-23T16:10:50","slug":"pohoda-zacina-od-nohou-pet-tipu-pro-vyber-zimnich-treter","status":"publish","type":"post","link":"https:\/\/www.welovecycling.com\/cs\/2021\/02\/12\/pohoda-zacina-od-nohou-pet-tipu-pro-vyber-zimnich-treter\/","title":{"rendered":"Pohoda za\u010d\u00edn\u00e1 od nohou. P\u011bt tip\u016f pro v\u00fdb\u011br zimn\u00edch treter"},"content":{"rendered":"<p><strong>Zimn\u00ed tretry pova\u017euje v\u011bt\u0161ina za\u010d\u00ednaj\u00edc\u00edch cyklist\u016f za marnotratnost. V chladn\u011bj\u0161\u00ed \u010d\u00e1sti roku toho stejn\u011b moc nenajezd\u00ed, a pokud u\u017e na kolo vyraz\u00ed, zah\u0159eje je kombinace tepl\u00fdch pono\u017eek a n\u00e1vlek\u016f. Kdy\u017e se ov\u0161em zept\u00e1te matador\u016f pelotonu, bez jak\u00e9 \u010d\u00e1sti v\u00fdbavy si nedovedou zimn\u00ed vyj\u00ed\u017e\u010fky p\u0159edstavit, budou zateplen\u00e9 tretry jednou z prvn\u00edch odpov\u011bd\u00ed.<\/strong><\/p>\n<p>Jedin\u00fdm racion\u00e1ln\u00edm argumentem proti po\u0159\u00edzen\u00ed tohoto dopl\u0148ku je vedle \u00fabytku m\u00edsta v botn\u00edku snad jen citeln\u00e1 investice za\u010d\u00ednaj\u00edc\u00ed zhruba na t\u0159ech tis\u00edcikorun\u00e1ch. Ka\u017ed\u00fd majitel zimn\u00edch bot ale potvrd\u00ed, \u017ee to byly dob\u0159e utracen\u00e9 pen\u00edze \u2013 podobn\u011b jako u auta toti\u017e p\u0159ezouv\u00e1n\u00edm zimn\u00edho a letn\u00edho obut\u00ed rozlo\u017e\u00edte opot\u0159eben\u00ed, zde nav\u00edc bez poplatku za slu\u017eby pneuservisu. Jezdci vyzn\u00e1vaj\u00edc\u00ed zd\u00e1nliv\u011b ekonomi\u010dt\u011bj\u0161\u00ed variantu zimn\u00edch n\u00e1vlek\u016f p\u0159es klasick\u00e9 MTB tretry tak\u00e9 mus\u00ed p\u0159ipustit, \u017ee \u017eivotnost n\u00e1vlek\u016f se v ter\u00e9nu po\u010d\u00edt\u00e1 sp\u00ed\u0161e na stovky ne\u017e na tis\u00edce kilometr\u016f. Sta\u010d\u00ed p\u00e1r popob\u011bhnut\u00ed a materi\u00e1l se za\u010d\u00edn\u00e1 trhat. P\u0159i po\u0159\u00edzen\u00ed t\u0159et\u00edch \u010di \u010dtvrt\u00fdch n\u00e1vlek\u016f se zimn\u00ed tretry za\u010d\u00ednaj\u00ed vypl\u00e1cet.<\/p>\n<div class=\"shortcode-ys-post-pinup\"><article class=\"loop-simple post-11125 post type-post status-publish format-standard has-post-thumbnail hentry category-rady-tipy tag-celoodpruzeny-ram tag-full tag-hardtail tag-horska-cyklistika tag-horske-kolo tag-mtb tag-pevny-ram tag-prumer-kol tag-teleskopicka-sedlovka global-categories-cycling\" data-postid=\"11125\" role=\"article\" data-post-id=\"11125\" data-word-count=\"625\" data-headline-length=\"48\" data-category=\"Rady &amp; tipy\" data-global-category=\"Cycling\" data-author=\"Kry\u0161tof Kopic\" data-published=\"2020-12-23T07:00:24+02:00\" data-published-day=\"Wednesday\">\n    <div class=\"entry-thumbnail article-thumbnail\" content=\"https:\/\/d2p6e6u75xmxt8.cloudfront.net\/13\/2020\/10\/koda-MTB-FULL_wide_sas_7718-final-scaled-150x150.webp\"><a href=\"https:\/\/www.welovecycling.com\/cs\/2020\/12\/23\/jak-na-nakup-jizdniho-kola-zamereno-na-mtb\/\" class=\"image-holder\" target=\"_self\"><img decoding=\"async\" loading=\"lazy\" class=\"\" src=\"https:\/\/d2p6e6u75xmxt8.cloudfront.net\/13\/2020\/10\/koda-MTB-FULL_wide_sas_7718-final-scaled-1024x414.webp\" srcset=\"https:\/\/d2p6e6u75xmxt8.cloudfront.net\/13\/2020\/10\/koda-MTB-FULL_wide_sas_7718-final-scaled.webp 2560w, https:\/\/d2p6e6u75xmxt8.cloudfront.net\/13\/2020\/10\/koda-MTB-FULL_wide_sas_7718-final-scaled-300x121.webp 300w, https:\/\/d2p6e6u75xmxt8.cloudfront.net\/13\/2020\/10\/koda-MTB-FULL_wide_sas_7718-final-scaled-1024x414.webp 1024w, https:\/\/d2p6e6u75xmxt8.cloudfront.net\/13\/2020\/10\/koda-MTB-FULL_wide_sas_7718-final-scaled-768x310.webp 768w, https:\/\/d2p6e6u75xmxt8.cloudfront.net\/13\/2020\/10\/koda-MTB-FULL_wide_sas_7718-final-scaled-1536x620.webp 1536w, https:\/\/d2p6e6u75xmxt8.cloudfront.net\/13\/2020\/10\/koda-MTB-FULL_wide_sas_7718-final-scaled-2048x827.webp 2048w, https:\/\/d2p6e6u75xmxt8.cloudfront.net\/13\/2020\/10\/koda-MTB-FULL_wide_sas_7718-final-scaled-1920x776.webp 1920w, https:\/\/d2p6e6u75xmxt8.cloudfront.net\/13\/2020\/10\/koda-MTB-FULL_wide_sas_7718-final-scaled-1920x776.webp 1920w\" width=\"1024\" height=\"414\" sizes=\"auto, (min-width: 1200px) 494px, (min-width: 768px) 41vw, 100vw\" alt=\"jak-na-nakup-jizdniho-kola-zamereno-na-mtb\"\/><\/a><\/div>    <div class=\"entry-meta\">\n        <a class=\"label label-secondary post-category\" href=\"https:\/\/www.welovecycling.com\/cs\/category\/rady-tipy\/\" title=\"Rady &amp; tipy\">Rady &amp; tipy<\/a>\n    <\/div>\n    <div class=\"entry-details\">\n        <a href=\"https:\/\/www.welovecycling.com\/cs\/2020\/12\/23\/jak-na-nakup-jizdniho-kola-zamereno-na-mtb\/\" class='entry-title-wrapper'>\n            <h3 class=\"entry-title\"><span>Jak na n\u00e1kup j\u00edzdn\u00edho kola: zam\u011b\u0159eno na MTB<\/span><\/h3>\n        <\/a>\n    <\/div>\n    <\/article>\n<\/div>\n<p>Hlavn\u00ed v\u00fdhoda zimn\u00edch bot ale spo\u010d\u00edv\u00e1 v komfortu. Nejen v tom tepeln\u00e9m, kter\u00fd p\u0159in\u00e1\u0161\u00ed vylep\u0161en\u00e1 termoizolace a odolnost v\u016f\u010di vod\u011b, ale i v komfortu pou\u017e\u00edv\u00e1n\u00ed \u2013 nemus\u00edte u\u017e \u0159e\u0161it slo\u017eit\u00e9 navl\u00e9k\u00e1n\u00ed, shrnov\u00e1n\u00ed za ch\u016fze a dal\u0161\u00ed neduhy. Pokud jste se tedy rozhodli udr\u017eet kola rozto\u010den\u00e1 i v chladn\u011bj\u0161\u00ed \u010d\u00e1sti roku, zimn\u00ed tretry v\u00e1m toto obdob\u00ed zp\u0159\u00edjemn\u00ed. A z\u00e1rove\u0148 sn\u00ed\u017e\u00ed pravd\u011bpodobnost r\u016fzn\u00fdch r\u00fdmi\u010dek, kter\u00e9 na cyklisty v zim\u011b \u010d\u00edhaj\u00ed na ka\u017ed\u00e9m kilometru. P\u0159ipravili jsme p\u011bt tip\u016f, kter\u00e9 v\u00e1s provedou jejich v\u00fdb\u011brem.<\/p>\n<h2><strong>Silni\u010dn\u00ed nebo bikov\u00e9?<\/strong><\/h2>\n<p>Stejn\u011b jako u letn\u00edch treter m\u00e1te i zde na v\u00fdb\u011br mezi silni\u010dn\u00edmi a MTB modely. Pokud kola st\u0159\u00edd\u00e1te a nechcete po\u0159izovat dvoje boty, s\u00e1hn\u011bte rad\u011bji po bikov\u00fdch.<\/p>\n<figure id=\"attachment_11671\" aria-describedby=\"caption-attachment-11671\" style=\"width: 950px\" class=\"wp-caption alignnone\"><a href=\"https:\/\/d2p6e6u75xmxt8.cloudfront.net\/13\/2021\/02\/Lake-CXZ176-bota-pro-prechodne-obdobi.jpg\"><img loading=\"lazy\" decoding=\"async\" class=\"size-full wp-image-11671\" src=\"https:\/\/d2p6e6u75xmxt8.cloudfront.net\/13\/2021\/02\/Lake-CXZ176-bota-pro-prechodne-obdobi.jpg\" alt=\"Zimn\u00ed tretra pro p\u0159echodn\u00e9 obdob\u00ed.\" width=\"950\" height=\"950\" \/><\/a><figcaption id=\"caption-attachment-11671\" class=\"wp-caption-text\"><em>Zimn\u00ed tretra pro p\u0159echodn\u00e9 obdob\u00ed.<\/em><\/figcaption><\/figure>\n<p>Umo\u017e\u0148uj\u00ed pohodlnou a jistou ch\u016fzi, b\u00fdvaj\u00ed odoln\u011bj\u0161\u00ed v\u016f\u010di mechanick\u00e9mu po\u0161kozen\u00ed a efektivitu p\u0159enosu energie na ped\u00e1l v zim\u011b stejn\u011b nikdo p\u0159\u00edli\u0161 ne\u0159e\u0161\u00ed.<\/p>\n<h2><strong>Pozor na velikost!<\/strong><\/h2>\n<p>Zimn\u00ed tretry by m\u011bly sed\u011bt voln\u011bji ne\u017e letn\u00ed, aby kolem nohy vznikl voln\u00fd izola\u010dn\u00ed prostor a z\u00e1rove\u0148 nedoch\u00e1zelo k omezov\u00e1n\u00ed krevn\u00edho ob\u011bhu. V\u011bt\u0161ina v\u00fdrobc\u016f tuto skute\u010dnost zohled\u0148uje p\u0159i tvarov\u00e1n\u00ed boty a zimn\u00ed modely \u0161ij\u00ed podle \u0161ir\u0161\u00edho kopyta.<\/p>\n<div class=\"shortcode-ys-post-pinup\"><article class=\"loop-simple post-11481 post type-post status-publish format-standard has-post-thumbnail hentry category-zdravi-a-trenink tag-cyklistika tag-horska-cyklistika tag-pitny-rezim tag-silnicni-cyklistika tag-termobidon tag-termoska tag-vyziva tag-zdravi-a-trenink global-categories-cycling\" data-postid=\"11481\" role=\"article\" data-post-id=\"11481\" data-word-count=\"541\" data-headline-length=\"58\" data-category=\"Zdrav\u00ed a tr\u00e9nink\" data-global-category=\"Cycling\" data-author=\"Kry\u0161tof Kopic\" data-published=\"2021-01-29T07:00:24+02:00\" data-published-day=\"Friday\">\n    <div class=\"entry-thumbnail article-thumbnail\" content=\"https:\/\/d2p6e6u75xmxt8.cloudfront.net\/13\/2021\/01\/zimni-lahev-bidon-II-150x150.webp\"><a href=\"https:\/\/www.welovecycling.com\/cs\/2021\/01\/29\/zmrzla-voda-netece-aneb-zimni-tipy-pro-prevoz-napoje\/\" class=\"image-holder\" target=\"_self\"><img decoding=\"async\" loading=\"lazy\" class=\"\" src=\"https:\/\/d2p6e6u75xmxt8.cloudfront.net\/13\/2021\/01\/zimni-lahev-bidon-II.webp\" srcset=\"https:\/\/d2p6e6u75xmxt8.cloudfront.net\/13\/2021\/01\/zimni-lahev-bidon-II.webp 981w, https:\/\/d2p6e6u75xmxt8.cloudfront.net\/13\/2021\/01\/zimni-lahev-bidon-II-300x200.webp 300w, https:\/\/d2p6e6u75xmxt8.cloudfront.net\/13\/2021\/01\/zimni-lahev-bidon-II-768x512.webp 768w, https:\/\/d2p6e6u75xmxt8.cloudfront.net\/13\/2021\/01\/zimni-lahev-bidon-II-272x182.webp 272w\" width=\"981\" height=\"654\" sizes=\"auto, (min-width: 1200px) 300px, (min-width: 768px) 25vw, 100vw\" alt=\"zmrzla-voda-netece-aneb-zimni-tipy-pro-prevoz-napoje\"\/><\/a><\/div>    <div class=\"entry-meta\">\n        <a class=\"label label-secondary post-category\" href=\"https:\/\/www.welovecycling.com\/cs\/category\/zdravi-a-trenink\/\" title=\"Zdrav\u00ed a tr\u00e9nink\">Zdrav\u00ed a tr\u00e9nink<\/a>\n    <\/div>\n    <div class=\"entry-details\">\n        <a href=\"https:\/\/www.welovecycling.com\/cs\/2021\/01\/29\/zmrzla-voda-netece-aneb-zimni-tipy-pro-prevoz-napoje\/\" class='entry-title-wrapper'>\n            <h3 class=\"entry-title\"><span>Zmrzl\u00e1 voda nete\u010de. Aneb zimn\u00ed tipy pro p\u0159evoz n\u00e1poje<\/span><\/h3>\n        <\/a>\n    <\/div>\n    <\/article>\n<\/div>\n<p>P\u0159esto si cyklist\u00e9 n\u011bkdy kupuj\u00ed zimn\u00ed boty o p\u016fl\u010d\u00edslo a\u017e \u010d\u00edslo v\u011bt\u0161\u00ed, aby je\u0161t\u011b podpo\u0159ili izolaci a p\u0159\u00edpadn\u011b z\u00edskali rezervu pro siln\u011bj\u0161\u00ed pono\u017eku. Tento postup schvalujeme, ale op\u011bt m\u00e1 limity dan\u00e9 j\u00edzdn\u00edm stylem. Pro celodenn\u00ed v\u00fdlety na sn\u011bhu jsou povolen\u00e9 o \u010d\u00edslo v\u011bt\u0161\u00ed tretry ide\u00e1ln\u00ed, p\u0159i intenz\u00edvn\u00edm intervalov\u00e9m tr\u00e9ninku v\u00e1s mohou p\u0159iv\u00e9st k \u0161\u00edlenstv\u00ed.<\/p>\n<h2><strong>M\u011bkk\u00e9 \u010di tvrd\u00e9?<\/strong><\/h2>\n<p>I zimn\u00ed tretry m\u016f\u017eete po\u0159\u00eddit v \u201eturistick\u00e9\u201c variant\u011b s m\u011bkkou, ch\u016fzi usnad\u0148uj\u00edc\u00ed podr\u00e1\u017ekou, se sportovn\u00ed plastovou pode\u0161v\u00ed nebo v luxusn\u00edm karbonov\u00e9m proveden\u00ed. Pro b\u011b\u017en\u00e9 je\u017ed\u011bn\u00ed zvolte prost\u0159edn\u00ed variantu.<\/p>\n<figure id=\"attachment_11670\" aria-describedby=\"caption-attachment-11670\" style=\"width: 1920px\" class=\"wp-caption alignnone\"><a href=\"https:\/\/d2p6e6u75xmxt8.cloudfront.net\/13\/2021\/02\/bontrager_JFW_vyssi-trida-zimni-tretry.jpg\"><img loading=\"lazy\" decoding=\"async\" class=\"size-full wp-image-11670\" src=\"https:\/\/d2p6e6u75xmxt8.cloudfront.net\/13\/2021\/02\/bontrager_JFW_vyssi-trida-zimni-tretry.jpg\" alt=\"Vy\u0161\u0161\u00ed t\u0159\u00eddu zimn\u00ed tretry p\u0159edstavuje varianta od spole\u010dnosti Bontrager.\" width=\"1920\" height=\"1440\" \/><\/a><figcaption id=\"caption-attachment-11670\" class=\"wp-caption-text\"><em>Vy\u0161\u0161\u00ed t\u0159\u00eddu zimn\u00ed tretry p\u0159edstavuje varianta od spole\u010dnosti Bontrager.<\/em><\/figcaption><\/figure>\n<p>Pod m\u011bkkou pode\u0161v\u00ed m\u016f\u017eete p\u0159i del\u0161\u00ed intenzivn\u00ed j\u00edzd\u011b nep\u0159\u00edjemn\u011b c\u00edtit tlak ped\u00e1l\u016f, karbonov\u00e9 boty jsou zase zbyte\u010dn\u011b drah\u00e9 a jejich p\u0159\u00ednos ocen\u00ed opravdu a\u017e v\u00fdkonnostn\u00ed jezdci, pro ostatn\u00ed m\u016f\u017ee b\u00fdt p\u0159\u00edli\u0161 tvrd\u00e1 zimn\u00ed bota a\u017e kontraproduktivn\u00ed. Kvalitn\u00ed plastov\u00e1 pode\u0161ev tedy p\u0159edstavuje rozumn\u00fd kompromis.<\/p>\n<h2><strong>Hlavn\u011b snadno!<\/strong><\/h2>\n<p>Chlopn\u011b, man\u017eety, tkani\u010dky, such\u00e9 zipy, p\u0159ezky, strunov\u00e9 mechanizmy&#8230; Nen\u00ed snadn\u00e9 vymyslet zap\u00edn\u00e1n\u00ed tak, aby bota dob\u0159e dr\u017eela na noze a z\u00e1rove\u0148 odol\u00e1vala vod\u011b. Mezi jednotliv\u00fdmi produkty jsou tedy velk\u00e9 rozd\u00edly v tom, jak pohodln\u011b vklouzne noha dovnit\u0159 a jak snadno a jist\u011b je n\u00e1sledn\u011b zafixov\u00e1na.<\/p>\n<div class=\"shortcode-ys-post-pinup\"><article class=\"loop-simple post-11295 post type-post status-publish format-standard has-post-thumbnail hentry category-rady-tipy category-silnicni-cyklistika tag-cyklistika tag-cyklistika-pro-deti tag-detske-kolo tag-horska-cyklistika tag-jak-na-nakup-kola tag-nakup-detskeho-kola tag-silnicni-cyklistika global-categories-cycling\" data-postid=\"11295\" role=\"article\" data-post-id=\"11295\" data-word-count=\"639\" data-headline-length=\"51\" data-category=\"Rady &amp; tipy\" data-global-category=\"Cycling\" data-author=\"Kry\u0161tof Kopic\" data-published=\"2021-01-11T07:00:53+02:00\" data-published-day=\"Monday\">\n    <div class=\"entry-thumbnail article-thumbnail\" content=\"https:\/\/d2p6e6u75xmxt8.cloudfront.net\/13\/2020\/10\/skoda-d\u011btsk\u00e9-kolo-dres-scaled-150x150.webp\"><a href=\"https:\/\/www.welovecycling.com\/cs\/2021\/01\/11\/jak-na-nakup-jizdniho-kola-vybirame-pro-deti\/\" class=\"image-holder\" target=\"_self\"><img decoding=\"async\" loading=\"lazy\" class=\"\" src=\"https:\/\/d2p6e6u75xmxt8.cloudfront.net\/13\/2020\/10\/skoda-d\u011btsk\u00e9-kolo-dres-scaled-1024x683.webp\" srcset=\"https:\/\/d2p6e6u75xmxt8.cloudfront.net\/13\/2020\/10\/skoda-d\u011btsk\u00e9-kolo-dres-scaled.webp 2560w, https:\/\/d2p6e6u75xmxt8.cloudfront.net\/13\/2020\/10\/skoda-d\u011btsk\u00e9-kolo-dres-scaled-300x200.webp 300w, https:\/\/d2p6e6u75xmxt8.cloudfront.net\/13\/2020\/10\/skoda-d\u011btsk\u00e9-kolo-dres-scaled-1024x683.webp 1024w, https:\/\/d2p6e6u75xmxt8.cloudfront.net\/13\/2020\/10\/skoda-d\u011btsk\u00e9-kolo-dres-scaled-768x512.webp 768w, https:\/\/d2p6e6u75xmxt8.cloudfront.net\/13\/2020\/10\/skoda-d\u011btsk\u00e9-kolo-dres-scaled-1536x1024.webp 1536w, https:\/\/d2p6e6u75xmxt8.cloudfront.net\/13\/2020\/10\/skoda-d\u011btsk\u00e9-kolo-dres-scaled-2048x1366.webp 2048w, https:\/\/d2p6e6u75xmxt8.cloudfront.net\/13\/2020\/10\/skoda-d\u011btsk\u00e9-kolo-dres-scaled-1920x1280.webp 1920w, https:\/\/d2p6e6u75xmxt8.cloudfront.net\/13\/2020\/10\/skoda-d\u011btsk\u00e9-kolo-dres-scaled-272x182.webp 272w, https:\/\/d2p6e6u75xmxt8.cloudfront.net\/13\/2020\/10\/skoda-d\u011btsk\u00e9-kolo-dres-scaled-1920x1280.webp 1920w\" width=\"1024\" height=\"683\" sizes=\"auto, (min-width: 1200px) 300px, (min-width: 768px) 25vw, 100vw\" alt=\"jak-na-nakup-jizdniho-kola-vybirame-pro-deti\"\/><\/a><\/div>    <div class=\"entry-meta\">\n        <a class=\"label label-secondary post-category\" href=\"https:\/\/www.welovecycling.com\/cs\/category\/rady-tipy\/\" title=\"Rady &amp; tipy\">Rady &amp; tipy<\/a>\n    <\/div>\n    <div class=\"entry-details\">\n        <a href=\"https:\/\/www.welovecycling.com\/cs\/2021\/01\/11\/jak-na-nakup-jizdniho-kola-vybirame-pro-deti\/\" class='entry-title-wrapper'>\n            <h3 class=\"entry-title\"><span>Jak na n\u00e1kup j\u00edzdn\u00edho kola: vyb\u00edr\u00e1me pro d\u011bti<\/span><\/h3>\n        <\/a>\n    <\/div>\n    <\/article>\n<\/div>\n<p>Doporu\u010dujeme vyzkou\u0161et! V bod\u011b o u\u017eitn\u00e9m komfortu mus\u00edme zm\u00ednit tak\u00e9 snadnost \u00fadr\u017eby. Tady jsou ve v\u00fdhod\u011b modely s hladk\u00fdm celistv\u00fdm \u201epogumovan\u00fdm\u201c svr\u0161kem, na n\u011bm\u017e neulp\u00edv\u00e1 bl\u00e1to. A kdy\u017e u\u017e se to stane, snadno jej opl\u00e1chnete nap\u0159\u00edklad hadic\u00ed.<\/p>\n<h2><strong>Teplej\u0161\u00ed v\u017edy lep\u0161\u00ed?<\/strong><\/h2>\n<p>N\u011bkter\u00e9 zimn\u00ed tretry vypadaj\u00ed jako letn\u00ed boty, pouze bez ventila\u010dn\u00edch otvor\u016f a s m\u00edrn\u011b vy\u0161\u0161\u00edm st\u0159ihem okolo kotn\u00edku, jin\u00e9 p\u0159ipom\u00ednaj\u00ed v\u00fdbavu pol\u00e1rn\u00edk\u016f. P\u0159i celodenn\u00edch v\u00fdprav\u00e1ch na snowbiku nen\u00ed nad \u010d\u00edm hloubat, cht\u011bjte ty nejteplej\u0161\u00ed.<\/p>\n<figure id=\"attachment_11672\" aria-describedby=\"caption-attachment-11672\" style=\"width: 1000px\" class=\"wp-caption alignnone\"><a href=\"https:\/\/d2p6e6u75xmxt8.cloudfront.net\/13\/2021\/02\/northwave_himalaya_drtice_mrazu.jpg\"><img loading=\"lazy\" decoding=\"async\" class=\"size-full wp-image-11672\" src=\"https:\/\/d2p6e6u75xmxt8.cloudfront.net\/13\/2021\/02\/northwave_himalaya_drtice_mrazu.jpg\" alt=\"Zimn\u00ed tretry od zna\u010dky Northwave p\u0159edstavuj\u00ed top variantu zimn\u00ed v\u00fdbavy. \" width=\"1000\" height=\"1000\" \/><\/a><figcaption id=\"caption-attachment-11672\" class=\"wp-caption-text\"><em>Zimn\u00ed tretry od zna\u010dky Northwave p\u0159edstavuj\u00ed top variantu zimn\u00ed v\u00fdbavy.<\/em><\/figcaption><\/figure>\n<p>Pro krat\u0161\u00ed vyj\u00ed\u017e\u010fky v m\u00edrn\u00fdch zim\u00e1ch posledn\u00edch let m\u016f\u017ee b\u00fdt prakti\u010dt\u011bj\u0161\u00ed men\u0161\u00ed \u010di st\u0159edn\u00ed \u00farove\u0148 zateplen\u00ed. Boty pak m\u016f\u017eete vyu\u017e\u00edvat t\u00e9m\u011b\u0159 celoro\u010dn\u011b, t\u0159eba kdy\u017e pr\u0161\u00ed a nechcete si ni\u010dit sv\u00e9 \u201esv\u00e1te\u010dn\u00ed\u201c z\u00e1vodn\u00ed st\u0159ev\u00edce.<\/p>\n","protected":false},"excerpt":{"rendered":"<p>Zimn\u00ed tretry pova\u017euje v\u011bt\u0161ina za\u010d\u00ednaj\u00edc\u00edch cyklist\u016f za marnotratnost. V chladn\u011bj\u0161\u00ed \u010d\u00e1sti roku toho stejn\u011b moc nenajezd\u00ed, a pokud u\u017e na [&hellip;]<\/p>\n","protected":false},"author":137,"featured_media":11674,"comment_status":"open","ping_status":"open","sticky":false,"template":"","format":"standard","meta":{"footnotes":""},"categories":[2704,15],"tags":[126,56,9,27,67,1465],"global-categories":[411],"class_list":["post-11668","post","type-post","status-publish","format-standard","has-post-thumbnail","hentry","category-zima2022","category-rady-tipy","tag-cyklistika","tag-horska-cyklistika","tag-silnicni-cyklistika","tag-trenink","tag-zdravi-a-trenink","tag-zimni-tretry","global-categories-cycling"],"yoast_head":"<!-- This site is optimized with the Yoast SEO Premium plugin v25.3 (Yoast SEO v25.9) - https:\/\/yoast.com\/wordpress\/plugins\/seo\/ -->\n<title>Pohoda za\u010d\u00edn\u00e1 od nohou. P\u011bt tip\u016f pro v\u00fdb\u011br zimn\u00edch treter | \u0160koda We Love Cycling - \u010cesk\u00e1 republika<\/title>\n<meta name=\"robots\" content=\"index, follow, max-snippet:-1, max-image-preview:large, max-video-preview:-1\" \/>\n<link rel=\"canonical\" href=\"https:\/\/www.welovecycling.com\/cs\/2021\/02\/12\/pohoda-zacina-od-nohou-pet-tipu-pro-vyber-zimnich-treter\/\" \/>\n<meta property=\"og:locale\" content=\"cs_CZ\" \/>\n<meta property=\"og:type\" content=\"article\" \/>\n<meta property=\"og:title\" content=\"Pohoda za\u010d\u00edn\u00e1 od nohou. P\u011bt tip\u016f pro v\u00fdb\u011br zimn\u00edch treter\" \/>\n<meta property=\"og:description\" content=\"Zimn\u00ed tretry pova\u017euje v\u011bt\u0161ina za\u010d\u00ednaj\u00edc\u00edch cyklist\u016f za marnotratnost. V chladn\u011bj\u0161\u00ed \u010d\u00e1sti roku toho stejn\u011b moc nenajezd\u00ed, a pokud u\u017e na [&hellip;]\" \/>\n<meta property=\"og:url\" content=\"https:\/\/www.welovecycling.com\/cs\/2021\/02\/12\/pohoda-zacina-od-nohou-pet-tipu-pro-vyber-zimnich-treter\/\" \/>\n<meta property=\"og:site_name\" content=\"\u0160koda We Love Cycling - \u010cesk\u00e1 republika\" \/>\n<meta property=\"article:published_time\" content=\"2021-02-12T08:00:57+00:00\" \/>\n<meta property=\"article:modified_time\" content=\"2022-11-23T16:10:50+00:00\" \/>\n<meta property=\"og:image\" content=\"https:\/\/d2p6e6u75xmxt8.cloudfront.net\/13\/2021\/02\/shimanoSH-MW501_ekonomicka_varianta3.webp\" \/>\n\t<meta property=\"og:image:width\" content=\"1200\" \/>\n\t<meta property=\"og:image:height\" content=\"1200\" \/>\n\t<meta property=\"og:image:type\" content=\"image\/webp\" \/>\n<meta name=\"author\" content=\"bartosek\" \/>\n<meta name=\"twitter:card\" content=\"summary_large_image\" \/>\n<meta name=\"twitter:label1\" content=\"Written by\" \/>\n\t<meta name=\"twitter:data1\" content=\"Kry\u0161tof Kopic\" \/>\n\t<meta name=\"twitter:label2\" content=\"Est. reading time\" \/>\n\t<meta name=\"twitter:data2\" content=\"6\" \/>\n<script type=\"application\/ld+json\" class=\"yoast-schema-graph\">{\"@context\":\"https:\/\/schema.org\",\"@graph\":[{\"@type\":\"WebPage\",\"@id\":\"https:\/\/www.welovecycling.com\/cs\/2021\/02\/12\/pohoda-zacina-od-nohou-pet-tipu-pro-vyber-zimnich-treter\/\",\"url\":\"https:\/\/www.welovecycling.com\/cs\/2021\/02\/12\/pohoda-zacina-od-nohou-pet-tipu-pro-vyber-zimnich-treter\/\",\"name\":\"Pohoda za\u010d\u00edn\u00e1 od nohou. P\u011bt tip\u016f pro v\u00fdb\u011br zimn\u00edch treter | \u0160koda We Love Cycling - \u010cesk\u00e1 republika\",\"isPartOf\":{\"@id\":\"https:\/\/www.welovecycling.com\/cs\/#website\"},\"primaryImageOfPage\":{\"@id\":\"https:\/\/www.welovecycling.com\/cs\/2021\/02\/12\/pohoda-zacina-od-nohou-pet-tipu-pro-vyber-zimnich-treter\/#primaryimage\"},\"image\":{\"@id\":\"https:\/\/www.welovecycling.com\/cs\/2021\/02\/12\/pohoda-zacina-od-nohou-pet-tipu-pro-vyber-zimnich-treter\/#primaryimage\"},\"thumbnailUrl\":\"https:\/\/d2p6e6u75xmxt8.cloudfront.net\/13\/2021\/02\/shimanoSH-MW501_ekonomicka_varianta3.webp\",\"datePublished\":\"2021-02-12T08:00:57+00:00\",\"dateModified\":\"2022-11-23T16:10:50+00:00\",\"author\":{\"@id\":\"https:\/\/www.welovecycling.com\/cs\/#\/schema\/person\/e1c6405fe3725f2ffb5db320c875ea31\"},\"inLanguage\":\"cs\",\"potentialAction\":[{\"@type\":\"ReadAction\",\"target\":[\"https:\/\/www.welovecycling.com\/cs\/2021\/02\/12\/pohoda-zacina-od-nohou-pet-tipu-pro-vyber-zimnich-treter\/\"]}]},{\"@type\":\"ImageObject\",\"inLanguage\":\"cs\",\"@id\":\"https:\/\/www.welovecycling.com\/cs\/2021\/02\/12\/pohoda-zacina-od-nohou-pet-tipu-pro-vyber-zimnich-treter\/#primaryimage\",\"url\":\"https:\/\/d2p6e6u75xmxt8.cloudfront.net\/13\/2021\/02\/shimanoSH-MW501_ekonomicka_varianta3.webp\",\"contentUrl\":\"https:\/\/d2p6e6u75xmxt8.cloudfront.net\/13\/2021\/02\/shimanoSH-MW501_ekonomicka_varianta3.webp\",\"width\":1200,\"height\":1200},{\"@type\":\"WebSite\",\"@id\":\"https:\/\/www.welovecycling.com\/cs\/#website\",\"url\":\"https:\/\/www.welovecycling.com\/cs\/\",\"name\":\"\u0160koda We Love Cycling - \u010cesk\u00e1 republika\",\"description\":\"WeLoveCycling.cz je online magaz\u00edn, kter\u00fd v\u00e1m pravideln\u011b p\u0159in\u00e1\u0161\u00ed rady a tipy, zaj\u00edmav\u00e9 \u010dl\u00e1nky, videa a jedine\u010dn\u00e9 report\u00e1\u017ee ze sv\u011bta cyklistiky.\",\"potentialAction\":[{\"@type\":\"SearchAction\",\"target\":{\"@type\":\"EntryPoint\",\"urlTemplate\":\"https:\/\/www.welovecycling.com\/cs\/?s={search_term_string}\"},\"query-input\":{\"@type\":\"PropertyValueSpecification\",\"valueRequired\":true,\"valueName\":\"search_term_string\"}}],\"inLanguage\":\"cs\"},{\"@type\":\"Person\",\"@id\":\"https:\/\/www.welovecycling.com\/cs\/#\/schema\/person\/e1c6405fe3725f2ffb5db320c875ea31\",\"name\":\"bartosek\",\"image\":{\"@type\":\"ImageObject\",\"inLanguage\":\"cs\",\"@id\":\"https:\/\/www.welovecycling.com\/cs\/#\/schema\/person\/image\/\",\"url\":\"https:\/\/secure.gravatar.com\/avatar\/0e88996c3e5788daece0439a835b6439c171a42e3978ec00cfb1913dd71bef33?s=96&d=mm&r=g\",\"contentUrl\":\"https:\/\/secure.gravatar.com\/avatar\/0e88996c3e5788daece0439a835b6439c171a42e3978ec00cfb1913dd71bef33?s=96&d=mm&r=g\",\"caption\":\"bartosek\"},\"url\":\"https:\/\/www.welovecycling.com\/cs\/author\/bartosek\/\"}]}<\/script>\n<!-- \/ Yoast SEO Premium plugin. -->","yoast_head_json":{"title":"Pohoda za\u010d\u00edn\u00e1 od nohou. P\u011bt tip\u016f pro v\u00fdb\u011br zimn\u00edch treter | \u0160koda We Love Cycling - \u010cesk\u00e1 republika","robots":{"index":"index","follow":"follow","max-snippet":"max-snippet:-1","max-image-preview":"max-image-preview:large","max-video-preview":"max-video-preview:-1"},"canonical":"https:\/\/www.welovecycling.com\/cs\/2021\/02\/12\/pohoda-zacina-od-nohou-pet-tipu-pro-vyber-zimnich-treter\/","og_locale":"cs_CZ","og_type":"article","og_title":"Pohoda za\u010d\u00edn\u00e1 od nohou. P\u011bt tip\u016f pro v\u00fdb\u011br zimn\u00edch treter","og_description":"Zimn\u00ed tretry pova\u017euje v\u011bt\u0161ina za\u010d\u00ednaj\u00edc\u00edch cyklist\u016f za marnotratnost. V chladn\u011bj\u0161\u00ed \u010d\u00e1sti roku toho stejn\u011b moc nenajezd\u00ed, a pokud u\u017e na [&hellip;]","og_url":"https:\/\/www.welovecycling.com\/cs\/2021\/02\/12\/pohoda-zacina-od-nohou-pet-tipu-pro-vyber-zimnich-treter\/","og_site_name":"\u0160koda We Love Cycling - \u010cesk\u00e1 republika","article_published_time":"2021-02-12T08:00:57+00:00","article_modified_time":"2022-11-23T16:10:50+00:00","og_image":[{"width":1200,"height":1200,"url":"https:\/\/d2p6e6u75xmxt8.cloudfront.net\/13\/2021\/02\/shimanoSH-MW501_ekonomicka_varianta3.webp","type":"image\/webp"}],"author":"bartosek","twitter_card":"summary_large_image","twitter_misc":{"Written by":"Kry\u0161tof Kopic","Est. reading time":"6"},"schema":{"@context":"https:\/\/schema.org","@graph":[{"@type":"WebPage","@id":"https:\/\/www.welovecycling.com\/cs\/2021\/02\/12\/pohoda-zacina-od-nohou-pet-tipu-pro-vyber-zimnich-treter\/","url":"https:\/\/www.welovecycling.com\/cs\/2021\/02\/12\/pohoda-zacina-od-nohou-pet-tipu-pro-vyber-zimnich-treter\/","name":"Pohoda za\u010d\u00edn\u00e1 od nohou. P\u011bt tip\u016f pro v\u00fdb\u011br zimn\u00edch treter | \u0160koda We Love Cycling - \u010cesk\u00e1 republika","isPartOf":{"@id":"https:\/\/www.welovecycling.com\/cs\/#website"},"primaryImageOfPage":{"@id":"https:\/\/www.welovecycling.com\/cs\/2021\/02\/12\/pohoda-zacina-od-nohou-pet-tipu-pro-vyber-zimnich-treter\/#primaryimage"},"image":{"@id":"https:\/\/www.welovecycling.com\/cs\/2021\/02\/12\/pohoda-zacina-od-nohou-pet-tipu-pro-vyber-zimnich-treter\/#primaryimage"},"thumbnailUrl":"https:\/\/d2p6e6u75xmxt8.cloudfront.net\/13\/2021\/02\/shimanoSH-MW501_ekonomicka_varianta3.webp","datePublished":"2021-02-12T08:00:57+00:00","dateModified":"2022-11-23T16:10:50+00:00","author":{"@id":"https:\/\/www.welovecycling.com\/cs\/#\/schema\/person\/e1c6405fe3725f2ffb5db320c875ea31"},"inLanguage":"cs","potentialAction":[{"@type":"ReadAction","target":["https:\/\/www.welovecycling.com\/cs\/2021\/02\/12\/pohoda-zacina-od-nohou-pet-tipu-pro-vyber-zimnich-treter\/"]}]},{"@type":"ImageObject","inLanguage":"cs","@id":"https:\/\/www.welovecycling.com\/cs\/2021\/02\/12\/pohoda-zacina-od-nohou-pet-tipu-pro-vyber-zimnich-treter\/#primaryimage","url":"https:\/\/d2p6e6u75xmxt8.cloudfront.net\/13\/2021\/02\/shimanoSH-MW501_ekonomicka_varianta3.webp","contentUrl":"https:\/\/d2p6e6u75xmxt8.cloudfront.net\/13\/2021\/02\/shimanoSH-MW501_ekonomicka_varianta3.webp","width":1200,"height":1200},{"@type":"WebSite","@id":"https:\/\/www.welovecycling.com\/cs\/#website","url":"https:\/\/www.welovecycling.com\/cs\/","name":"\u0160koda We Love Cycling - \u010cesk\u00e1 republika","description":"WeLoveCycling.cz je online magaz\u00edn, kter\u00fd v\u00e1m pravideln\u011b p\u0159in\u00e1\u0161\u00ed rady a tipy, zaj\u00edmav\u00e9 \u010dl\u00e1nky, videa a jedine\u010dn\u00e9 report\u00e1\u017ee ze sv\u011bta cyklistiky.","potentialAction":[{"@type":"SearchAction","target":{"@type":"EntryPoint","urlTemplate":"https:\/\/www.welovecycling.com\/cs\/?s={search_term_string}"},"query-input":{"@type":"PropertyValueSpecification","valueRequired":true,"valueName":"search_term_string"}}],"inLanguage":"cs"},{"@type":"Person","@id":"https:\/\/www.welovecycling.com\/cs\/#\/schema\/person\/e1c6405fe3725f2ffb5db320c875ea31","name":"bartosek","image":{"@type":"ImageObject","inLanguage":"cs","@id":"https:\/\/www.welovecycling.com\/cs\/#\/schema\/person\/image\/","url":"https:\/\/secure.gravatar.com\/avatar\/0e88996c3e5788daece0439a835b6439c171a42e3978ec00cfb1913dd71bef33?s=96&d=mm&r=g","contentUrl":"https:\/\/secure.gravatar.com\/avatar\/0e88996c3e5788daece0439a835b6439c171a42e3978ec00cfb1913dd71bef33?s=96&d=mm&r=g","caption":"bartosek"},"url":"https:\/\/www.welovecycling.com\/cs\/author\/bartosek\/"}]}},"_links":{"self":[{"href":"https:\/\/www.welovecycling.com\/cs\/wp-json\/wp\/v2\/posts\/11668","targetHints":{"allow":["GET"]}}],"collection":[{"href":"https:\/\/www.welovecycling.com\/cs\/wp-json\/wp\/v2\/posts"}],"about":[{"href":"https:\/\/www.welovecycling.com\/cs\/wp-json\/wp\/v2\/types\/post"}],"author":[{"embeddable":true,"href":"https:\/\/www.welovecycling.com\/cs\/wp-json\/wp\/v2\/users\/137"}],"replies":[{"embeddable":true,"href":"https:\/\/www.welovecycling.com\/cs\/wp-json\/wp\/v2\/comments?post=11668"}],"version-history":[{"count":2,"href":"https:\/\/www.welovecycling.com\/cs\/wp-json\/wp\/v2\/posts\/11668\/revisions"}],"predecessor-version":[{"id":11677,"href":"https:\/\/www.welovecycling.com\/cs\/wp-json\/wp\/v2\/posts\/11668\/revisions\/11677"}],"wp:featuredmedia":[{"embeddable":true,"href":"https:\/\/www.welovecycling.com\/cs\/wp-json\/wp\/v2\/media\/11674"}],"wp:attachment":[{"href":"https:\/\/www.welovecycling.com\/cs\/wp-json\/wp\/v2\/media?parent=11668"}],"wp:term":[{"taxonomy":"category","embeddable":true,"href":"https:\/\/www.welovecycling.com\/cs\/wp-json\/wp\/v2\/categories?post=11668"},{"taxonomy":"post_tag","embeddable":true,"href":"https:\/\/www.welovecycling.com\/cs\/wp-json\/wp\/v2\/tags?post=11668"},{"taxonomy":"global-categories","embeddable":true,"href":"https:\/\/www.welovecycling.com\/cs\/wp-json\/wp\/v2\/global-categories?post=11668"}],"curies":[{"name":"wp","href":"https:\/\/api.w.org\/{rel}","templated":true}]}}