{"id":11660,"date":"2021-02-11T09:00:19","date_gmt":"2021-02-11T07:00:19","guid":{"rendered":"https:\/\/www.welovecycling.com\/cs\/?p=11660"},"modified":"2021-02-11T09:23:05","modified_gmt":"2021-02-11T07:23:05","slug":"jel-giro-i-vueltu-ted-lubos-lom-bojuje-se-zakernou-chorobou-cykliste-vybrali-na-jeho-lecbu-miliony","status":"publish","type":"post","link":"https:\/\/www.welovecycling.com\/cs\/2021\/02\/11\/jel-giro-i-vueltu-ted-lubos-lom-bojuje-se-zakernou-chorobou-cykliste-vybrali-na-jeho-lecbu-miliony\/","title":{"rendered":"Jel Giro i Vueltu, te\u010f Lubo\u0161 Lom bojuje se z\u00e1ke\u0159nou chorobou. Cyklist\u00e9 vybrali na jeho l\u00e9\u010dbu miliony"},"content":{"rendered":"<p><strong>Byl jedn\u00edm z\u00a0pr\u016fkopn\u00edk\u016f \u010desk\u00e9 cyklistiky mezi profesion\u00e1ly. Lubo\u0161 Lom z\u00e1vodil za\u010d\u00e1tkem 90. let \u010dty\u0159i roky v\u00a0italsk\u00e9m t\u00fdmu Navigare. Dvakr\u00e1t jel Giro, dvakr\u00e1t Vueltu. V\u00a0roce 1993 dok\u00e1zal skon\u010dit druh\u00fd na z\u00e1vod\u011b Coppi e Bartali, v\u00a0t\u00e9m\u017ee roce byl \u010dtvrt\u00fd v\u00a0jedn\u00e9 z\u00a0etap Vuelty.<\/strong><\/p>\n<p>U\u010darovala mu It\u00e1lie a po skon\u010den\u00ed kari\u00e9ry za\u010dal do \u010ceska dov\u00e1\u017eet produkty italsk\u00fdch cyklistick\u00fdch zna\u010dek jako Northwave nebo Briko. Cyklistiku miloval. \u201eByla pro m\u011b z\u00e1\u017eitkem. Velk\u00e1 z\u00e1bava, pak i pr\u00e1ce,\u201c vzpom\u00ednal v\u00a0jednom z\u00a0rozhovor\u016f rod\u00e1k z\u00a0Kladna. Na kole jezdil i po skon\u010den\u00ed kari\u00e9ry.<\/p>\n<p>Proslul t\u0159eba t\u00edm, \u017ee jel v roce 1994 p\u0159es 130 km s\u00e1m p\u0159ed pelotonem na Pa\u0159\u00ed\u017e-Roubaix, co\u017e byl jeden z nejdel\u0161\u00edch s\u00f3lov\u00fdch atak\u016f v historii. Jelo se za velmi \u0161patn\u00e9ho po\u010das\u00ed. \u201ePadal sn\u00edh, byly dva stupn\u011b nad nulou. V\u0161ude na kostk\u00e1ch lou\u017ee a pod nimi nebylo nic vid\u011bt. Bahno, do toho zima,\u201c vzpom\u00ednal Lom.<\/p>\n<div class=\"shortcode-ys-post-pinup\"><article class=\"loop-simple post-11551 post type-post status-publish format-standard has-post-thumbnail hentry category-silnicni-cyklistika tag-a-s-o tag-cyklistika tag-letape tag-letape-czech-republic-by-tour-de-france tag-silnicni-cyklistika tag-tour-de-france tag-umberto-mancini global-categories-cycling\" data-postid=\"11551\" role=\"article\" data-post-id=\"11551\" data-word-count=\"485\" data-headline-length=\"65\" data-category=\"Silni\u010dn\u00ed cyklistika\" data-global-category=\"Cycling\" data-author=\"Adam Bouda\" data-published=\"2021-02-06T07:00:58+02:00\" data-published-day=\"Saturday\">\n    <div class=\"entry-thumbnail article-thumbnail\" content=\"https:\/\/d2p6e6u75xmxt8.cloudfront.net\/13\/2021\/02\/E5A5229-150x150.webp\"><a href=\"https:\/\/www.welovecycling.com\/cs\/2021\/02\/06\/inspektor-letape-v-cesku-vybrali-jste-krasne-scenerie\/\" class=\"image-holder\" target=\"_self\"><img decoding=\"async\" loading=\"lazy\" class=\"\" src=\"https:\/\/d2p6e6u75xmxt8.cloudfront.net\/13\/2021\/02\/E5A5229-1024x683.webp\" srcset=\"https:\/\/d2p6e6u75xmxt8.cloudfront.net\/13\/2021\/02\/E5A5229.webp 1512w, https:\/\/d2p6e6u75xmxt8.cloudfront.net\/13\/2021\/02\/E5A5229-300x200.webp 300w, https:\/\/d2p6e6u75xmxt8.cloudfront.net\/13\/2021\/02\/E5A5229-1024x683.webp 1024w, https:\/\/d2p6e6u75xmxt8.cloudfront.net\/13\/2021\/02\/E5A5229-768x512.webp 768w, https:\/\/d2p6e6u75xmxt8.cloudfront.net\/13\/2021\/02\/E5A5229-272x182.webp 272w\" width=\"1024\" height=\"683\" sizes=\"auto, (min-width: 1200px) 300px, (min-width: 768px) 25vw, 100vw\" alt=\"inspektor-letape-v-cesku-vybrali-jste-krasne-scenerie\"\/><\/a><\/div>    <div class=\"entry-meta\">\n        <a class=\"label label-secondary post-category\" href=\"https:\/\/www.welovecycling.com\/cs\/category\/silnicni-cyklistika\/\" title=\"Silni\u010dn\u00ed cyklistika\">Silni\u010dn\u00ed cyklistika<\/a>\n    <\/div>\n    <div class=\"entry-details\">\n        <a href=\"https:\/\/www.welovecycling.com\/cs\/2021\/02\/06\/inspektor-letape-v-cesku-vybrali-jste-krasne-scenerie\/\" class='entry-title-wrapper'>\n            <h3 class=\"entry-title\"><span>Inspektor L&#8217;Etape v \u010cesku: Vybrali jste kr\u00e1sn\u00e9 scen\u00e9rie<\/span><\/h3>\n        <\/a>\n    <\/div>\n    <\/article>\n<\/div>\n<p>S t\u00fdmem byli dohodnuti, \u017ee se co nejd\u0159\u00edv pokus\u00ed odjet. \u201eByl to pl\u00e1n. Na Flandrech jsem m\u011bl t\u011b\u017ek\u00fd p\u00e1d, m\u011bl jsem d\u00edru v koleni. Na Roubaix jsem \u0161el prakticky z postele,\u201c p\u0159iznal. P\u0159esto na nic ne\u010dekal a v pl\u00edskanici vyrazil hned po startu s\u00e1m dop\u0159edu. Na prvn\u00edch kostk\u00e1ch u\u017e m\u011bl k dobru 14 minut! Nakonec jel v \u00faniku 135 kilometr\u016f a p\u0159ed Arenbergem byl dojet.<\/p>\n<p>\u201eM\u011bl jsem toho dost. \u00dakol jsem splnil, t\u00fdmu jsem ud\u011blal skv\u011blou reklamu. A vydr\u017eel jsem tam d\u00e9le, ne\u017e v\u0161ichni \u010dekali. Ale jak jsem jel na v\u011btru s\u00e1m, st\u00e1lo m\u011b to stra\u0161n\u011b sil a ten bal\u00edk m\u011b pak doslova p\u0159elet\u011bl. U\u017e jsem nemohl a slezl jsem,\u201c l\u00ed\u010dil.<\/p>\n<p>V\u017edycky to byl bojovn\u00edk. A srdce v\u00e1le\u010dn\u00edka v\u00a0posledn\u00ed dob\u011b pot\u0159ebuje jako nikdy p\u0159edt\u00edm. Od roku 2013 toti\u017e sv\u00e1d\u00ed ne\u00faprosnou bitvu se z\u00e1ke\u0159nou onkologickou chorobou.<\/p>\n<h2><strong>D\u00e1vali mu maxim\u00e1ln\u011b \u0161est let \u017eivota<\/strong><\/h2>\n<p>\u201eKdy\u017e ho na Silvestra 2013 rozbolela z\u00e1da, myslel si, \u017ee to jen klasicky p\u0159et\u00e1hl na kole. Bolest se v\u0161ak stup\u0148ovala, a tak ho je\u0161t\u011b ten ve\u010der odvezla z\u00e1chranka. Po s\u00e9rii vy\u0161et\u0159en\u00ed v nemocnici, kter\u00e1 nic neodhalila, zazn\u011bla nekompromisn\u011b a\u017e diagn\u00f3za z hematoonkologie &#8211; mnoho\u010detn\u00fd myelom, onkologick\u00e9 onemocn\u011bn\u00ed kostn\u00ed d\u0159en\u011b. Krut\u00fd verdikt s pr\u016fm\u011brnou dobou do\u017eit\u00ed \u0161est let. V tu dobu mu bylo ale jen osma\u010dty\u0159icet, a tak jsme v\u0161ichni doufali, \u017ee napl\u00e1novan\u00e1 l\u00e9\u010dba zabere a t\u00e1ta se zase vr\u00e1t\u00ed do aktivn\u00edho \u017eivota,\u201c uvedly Lomovy dcery s man\u017eelkou na webu <strong>lubos-myelom9.webnode.cz.<\/strong><\/p>\n<p>Tento web vznikl proto, aby se pro n\u00e1kladnou l\u00e9\u010dbu b\u00fdval\u00e9ho cyklisty poda\u0159ily sehnat finan\u010dn\u00ed prost\u0159edky. Rodina to nen\u00ed schopna ut\u00e1hnout sama. \u201e\u010cty\u0159i cykly chemoterapie a autologn\u00ed transplantace kmenov\u00fdch bun\u011bk udr\u017eely nemoc p\u011bt let na uzd\u011b a t\u00e1ta tak mohl \u017e\u00edt relativn\u011b norm\u00e1ln\u00edm \u017eivotem. I p\u0159es ob\u010dasnou bolest zad za\u010dal zase pracovat, jezdit na kole a hl\u00eddat milovanou vnu\u010dku,\u201c popisuj\u00ed dcery zlep\u0161en\u00ed.<\/p>\n<figure id=\"attachment_11662\" aria-describedby=\"caption-attachment-11662\" style=\"width: 1049px\" class=\"wp-caption alignnone\"><a href=\"https:\/\/d2p6e6u75xmxt8.cloudfront.net\/13\/2021\/02\/LOM-lubos-roubiax.PNG.png\"><img loading=\"lazy\" decoding=\"async\" class=\"size-full wp-image-11662\" src=\"https:\/\/d2p6e6u75xmxt8.cloudfront.net\/13\/2021\/02\/LOM-lubos-roubiax.PNG.png\" alt=\"Lubo\u0161 Lom v legend\u00e1rn\u00edm \u00faniku na Pa\u0159\u00ed\u017e-Roubaix. Foto: \" width=\"1049\" height=\"460\" \/><\/a><figcaption id=\"caption-attachment-11662\" class=\"wp-caption-text\"><em>Lubo\u0161 Lom, b\u00fdval\u00fd \u010desk\u00fd elitn\u00ed cyklista, v legend\u00e1rn\u00edm \u00faniku na Pa\u0159\u00ed\u017e-Roubaix. Foto: lubos-myelom9.webnode.cz<\/em><\/figcaption><\/figure>\n<p>Av\u0161ak v srpnu 2018 p\u0159i\u0161la bohu\u017eel dal\u0161\u00ed \u0161patn\u00e1 zpr\u00e1va, kdy\u017e v\u00fdsledky pravideln\u00e9ho vy\u0161et\u0159en\u00ed potvrdily n\u00e1vrat onemocn\u011bn\u00ed. V\u00a0n\u00e1sleduj\u00edc\u00edch dvou letech se roz\u0161\u00ed\u0159ilo prakticky do v\u011bt\u0161iny kost\u00ed a vytvo\u0159ilo n\u00e1dorov\u00e9 masy, kter\u00e9 za\u010daly utla\u010dovat d\u016fle\u017eit\u00e9 org\u00e1ny a p\u016fsobily krutou a neutlumitelnou bolest.<\/p>\n<p>\u201eAni p\u0159es nasazen\u00ed n\u011bkolika typ\u016f l\u00e9\u010dby se jeho stav nelep\u0161il a o\u0161et\u0159uj\u00edc\u00ed l\u00e9ka\u0159 n\u00e1m na za\u010d\u00e1tku listopadu 2020 ozn\u00e1mil, \u017ee dal\u0161\u00ed l\u00e9\u010dba pro n\u011bj v \u010cesku neexistuje, a odk\u00e1zal n\u00e1s na p\u00e9\u010di paliativn\u00edho t\u00fdmu s t\u00edm, \u017ee t\u00e1tovi zb\u00fdv\u00e1 p\u00e1r t\u00fddn\u016f \u017eivota. V tu dobu t\u00e1ta ji\u017e nechodil, nebyl schopen se s\u00e1m zvednout z postele, nejedl, trp\u011bl nesnesiteln\u00fdmi bolestmi. Ale v\u00edra, \u017ee nemoc nakonec poraz\u00ed, ho nikdy neopustila,\u201c l\u00ed\u010d\u00ed peripetie Lomova rodina.<\/p>\n<div class=\"shortcode-ys-post-pinup\"><article class=\"loop-simple post-11481 post type-post status-publish format-standard has-post-thumbnail hentry category-zdravi-a-trenink tag-cyklistika tag-horska-cyklistika tag-pitny-rezim tag-silnicni-cyklistika tag-termobidon tag-termoska tag-vyziva tag-zdravi-a-trenink global-categories-cycling\" data-postid=\"11481\" role=\"article\" data-post-id=\"11481\" data-word-count=\"541\" data-headline-length=\"58\" data-category=\"Zdrav\u00ed a tr\u00e9nink\" data-global-category=\"Cycling\" data-author=\"Kry\u0161tof Kopic\" data-published=\"2021-01-29T07:00:24+02:00\" data-published-day=\"Friday\">\n    <div class=\"entry-thumbnail article-thumbnail\" content=\"https:\/\/d2p6e6u75xmxt8.cloudfront.net\/13\/2021\/01\/zimni-lahev-bidon-II-150x150.webp\"><a href=\"https:\/\/www.welovecycling.com\/cs\/2021\/01\/29\/zmrzla-voda-netece-aneb-zimni-tipy-pro-prevoz-napoje\/\" class=\"image-holder\" target=\"_self\"><img decoding=\"async\" loading=\"lazy\" class=\"\" src=\"https:\/\/d2p6e6u75xmxt8.cloudfront.net\/13\/2021\/01\/zimni-lahev-bidon-II.webp\" srcset=\"https:\/\/d2p6e6u75xmxt8.cloudfront.net\/13\/2021\/01\/zimni-lahev-bidon-II.webp 981w, https:\/\/d2p6e6u75xmxt8.cloudfront.net\/13\/2021\/01\/zimni-lahev-bidon-II-300x200.webp 300w, https:\/\/d2p6e6u75xmxt8.cloudfront.net\/13\/2021\/01\/zimni-lahev-bidon-II-768x512.webp 768w, https:\/\/d2p6e6u75xmxt8.cloudfront.net\/13\/2021\/01\/zimni-lahev-bidon-II-272x182.webp 272w\" width=\"981\" height=\"654\" sizes=\"auto, (min-width: 1200px) 300px, (min-width: 768px) 25vw, 100vw\" alt=\"zmrzla-voda-netece-aneb-zimni-tipy-pro-prevoz-napoje\"\/><\/a><\/div>    <div class=\"entry-meta\">\n        <a class=\"label label-secondary post-category\" href=\"https:\/\/www.welovecycling.com\/cs\/category\/zdravi-a-trenink\/\" title=\"Zdrav\u00ed a tr\u00e9nink\">Zdrav\u00ed a tr\u00e9nink<\/a>\n    <\/div>\n    <div class=\"entry-details\">\n        <a href=\"https:\/\/www.welovecycling.com\/cs\/2021\/01\/29\/zmrzla-voda-netece-aneb-zimni-tipy-pro-prevoz-napoje\/\" class='entry-title-wrapper'>\n            <h3 class=\"entry-title\"><span>Zmrzl\u00e1 voda nete\u010de. Aneb zimn\u00ed tipy pro p\u0159evoz n\u00e1poje<\/span><\/h3>\n        <\/a>\n    <\/div>\n    <\/article>\n<\/div>\n<p>Po hled\u00e1n\u00ed mo\u017enosti l\u00e9\u010dby v zahrani\u010d\u00ed se dostali a\u017e na n\u011bmeckou kliniku do Chemnitzu k doktoru H\u00e4nelovi. \u201eTen n\u00e1m po prostudov\u00e1n\u00ed t\u00e1tova p\u0159\u00edpadu dal k na\u0161emu p\u0159ekvapen\u00ed nab\u00eddku l\u00e9\u010dby, kter\u00e1 by mu mohla zachr\u00e1nit \u017eivot. Na konci listopadu tak spolu s m\u00e1mou odjel t\u00e1ta do N\u011bmecka podstoupit prvn\u00ed kolo navrhovan\u00e9 l\u00e9\u010dby, kter\u00e9 \u010de\u0161t\u00ed dokto\u0159i ned\u00e1vali \u017e\u00e1dnou \u0161anci na \u00fasp\u011bch. Po prvn\u00edm cyklu chemoterapie a \u010dtrn\u00e1cti dnech hospitalizace se za\u010dal t\u00e1t\u016fv stav rapidn\u011b zlep\u0161ovat, dokonce byl schopen odjet na V\u00e1noce dom\u016f a str\u00e1vit s n\u00e1mi sv\u00e1tky,\u201c popisuj\u00ed dcery.<\/p>\n<h2><strong>L\u00e9\u010dba v\u00a0N\u011bmecku zab\u00edr\u00e1<\/strong><\/h2>\n<p>Od 6. ledna je Lubo\u0161 Lom op\u011bt v Chemnitzu. Aktu\u00e1ln\u011b absolvuje 3. cyklus chemoterapie. \u201eN\u00e1dorov\u00e9 masy ustoupily o 90 procent, t\u00e1ta m\u00e1 znovu chu\u0165 k j\u00eddlu, je sob\u011bsta\u010dn\u00fd, a dokonce za\u010dal celkem obstojn\u011b chodit. Pravd\u011bpodobn\u011b bude n\u00e1sledovat 4. cyklus chemoterapie a jako dal\u0161\u00ed postup l\u00e9\u010dby transplantace kostn\u00ed d\u0159en\u011b od d\u00e1rce.\u201c<\/p>\n<figure id=\"attachment_11663\" aria-describedby=\"caption-attachment-11663\" style=\"width: 768px\" class=\"wp-caption alignnone\"><a href=\"https:\/\/d2p6e6u75xmxt8.cloudfront.net\/13\/2021\/02\/LOM.jpg\"><img loading=\"lazy\" decoding=\"async\" class=\"size-full wp-image-11663\" src=\"https:\/\/d2p6e6u75xmxt8.cloudfront.net\/13\/2021\/02\/LOM.jpg\" alt=\"Lubo\u0161 Lom b\u011bhem anga\u017em\u00e1 v italsk\u00e9m t\u00fdmu Navigare. \" width=\"768\" height=\"576\" \/><\/a><figcaption id=\"caption-attachment-11663\" class=\"wp-caption-text\">Lubo\u0161 Lom b\u011bhem anga\u017em\u00e1 v italsk\u00e9m t\u00fdmu Navigare. <em>Foto: lubos-myelom9.webnode.cz<\/em><\/figcaption><\/figure>\n<p>Probl\u00e9mem jsou ov\u0161em vysok\u00e9 n\u00e1klady l\u00e9\u010dby. Poji\u0161\u0165ovna mo\u017enost finan\u010dn\u00edho pln\u011bn\u00ed zam\u00edtla. Proto se rodina rozhodla zalo\u017eit transparentn\u00ed \u00fa\u010det a mezi p\u0159\u00e1teli, p\u0159edev\u0161\u00edm z\u00a0\u0159ad cyklist\u016f, uspo\u0159\u00e1dat sb\u00edrku.<\/p>\n<p>\u201ePades\u00e1t tis\u00edc eur za prvn\u00ed cykly chemoterapie se n\u00e1m poda\u0159ilo d\u00e1t n\u011bjak dohromady, ale nyn\u00ed jsme ji\u017e bohu\u017eel ve\u0161ker\u00e9 na\u0161e finan\u010dn\u00ed rezervy a mo\u017enosti vy\u010derpali, p\u0159itom k \u00fahrad\u011b aktu\u00e1ln\u011b napl\u00e1novan\u00e9 l\u00e9\u010dby je je\u0161t\u011b zapot\u0159eb\u00ed d\u00e1t dohromady minim\u00e1ln\u011b p\u011btasedmdes\u00e1t tis\u00edc eur, tedy bezm\u00e1la 2 000 000 korun,\u201c p\u00ed\u0161e se na webu sb\u00edrky.<\/p>\n<h2><strong>Pomoc p\u0159i\u0161la i z It\u00e1lie \u010di USA<\/strong><\/h2>\n<p>To, co se d\u011blo v uplynul\u00fdch dnech, rodinu i samotn\u00e9ho Lubo\u0161e dojalo. Kamar\u00e1di z \u0159ad cyklist\u016f i mimo cyklistiku za\u010dali Lom\u016fv p\u0159\u00edb\u011bh a prosbu o pomoc \u0161\u00ed\u0159it na soci\u00e1ln\u00edch s\u00edt\u00edch. V \u010cesku, na Slovensku, v It\u00e1lii, ale i t\u0159eba v USA d\u00edky Katce Nash, kter\u00e1 tam \u017eije.<\/p>\n<p>N\u011bkdo poslal stovku, jin\u00fd tis\u00edcovku, n\u011bkdo t\u0159eba 50 tis\u00edc korun. Ka\u017ed\u00fd podle sv\u00fdch mo\u017enost\u00ed. Silni\u010d\u00e1\u0159i, bike\u0159i, dr\u00e1ha\u0159i, cyklokrosa\u0159i, aktivn\u00ed z\u00e1vodn\u00edci i ti, kte\u0159\u00ed u\u017e d\u00e1vno kari\u00e9ru vrcholov\u00e9ho cyklisty skon\u010dili. Ale i takov\u00ed, kte\u0159\u00ed t\u0159eba na kole v\u016fbec nejezd\u00ed a n\u011bkte\u0159\u00ed mo\u017en\u00e1 ani jm\u00e9no Lubo\u0161e Loma neznaj\u00ed. Jen c\u00edtili pot\u0159ebu pomoci \u010dlov\u011bku. Jmenovat jen n\u011bkter\u00e9 by se neslu\u0161elo, d\u00edk pat\u0159\u00ed \u00fapln\u011b ka\u017ed\u00e9mu. A v\u00fdsledek?<\/p>\n<figure id=\"attachment_11664\" aria-describedby=\"caption-attachment-11664\" style=\"width: 613px\" class=\"wp-caption alignnone\"><a href=\"https:\/\/d2p6e6u75xmxt8.cloudfront.net\/13\/2021\/02\/lubos-lom.jpg\"><img loading=\"lazy\" decoding=\"async\" class=\" wp-image-11664\" src=\"https:\/\/d2p6e6u75xmxt8.cloudfront.net\/13\/2021\/02\/lubos-lom.jpg\" alt=\"Lubo\u0161 Lom, b\u00fdval\u00fd elitn\u00ed cyklista, b\u011bhem l\u00e9\u010dby z\u00e1ke\u0159n\u00e9 nemoci. Foto:\" width=\"613\" height=\"817\" \/><\/a><figcaption id=\"caption-attachment-11664\" class=\"wp-caption-text\"><em>Lubo\u0161 Lom, b\u00fdval\u00fd elitn\u00ed cyklista, b\u011bhem l\u00e9\u010dby z\u00e1ke\u0159n\u00e9 nemoci. Foto: lubos-myelom9.webnode.cz<\/em><\/figcaption><\/figure>\n<p>\u201eV\u00e1\u017een\u00ed p\u0159\u00e1tel\u00e9, kamar\u00e1di a lid\u00e9 dobr\u00e9 v\u016fle, d\u00edky V\u00e1m a Va\u0161\u00ed neskute\u010dn\u00e9 ob\u011btavosti se ji\u017e za t\u0159i dny poda\u0159ilo dos\u00e1hnout prim\u00e1rn\u00edho c\u00edle sb\u00edrky a vybralo se dostatek pen\u011bz pro \u00fahradu chemoterapi\u00ed a akutn\u011b napl\u00e1novan\u00e9 p\u00e9\u010de &#8211; transplantace kostn\u00ed d\u0159en\u011b od p\u0159\u00edbuzn\u00e9ho d\u00e1rce &#8211; na kterou t\u00e1ta ve \u010dtvrtek nastupuje do Dr\u00e1\u017e\u010fan,\u201c d\u011bkuje rodina na webu.<\/p>\n<p>Vybralo se dokonce daleko v\u00edc, z\u016fstatek k dne\u0161n\u00edmu dni je cca 2,9 milionu korun. \u201eProto\u017ee se mno\u017e\u00ed dotazy, jestli jsou n\u00e1klady na l\u00e9\u010dbu t\u00edmto pokryty, jestli sb\u00edrka kon\u010d\u00ed a co se bude d\u00edt se zbyl\u00fdmi prost\u0159edky, cht\u011bli bychom objasnit, \u017ee nemal\u00e9 dal\u0161\u00ed finan\u010dn\u00ed prost\u0159edky budou t\u0159eba na n\u00e1slednou l\u00e9ka\u0159skou p\u00e9\u010di po transplantaci a p\u0159edev\u0161\u00edm dal\u0161\u00ed l\u00e9\u010dbu, jej\u00ed\u017e detaily a finan\u010dn\u00ed n\u00e1ro\u010dnost nyn\u00ed m\u016f\u017eeme v\u0161ak pouze odhadovat. V\u0161e se bude odv\u00edjet od toho, jak bude t\u00e1ta na transplantaci reagovat. Ka\u017edop\u00e1dn\u011b nap\u0159. v p\u0159\u00edpad\u011b nutnosti l\u00e9\u010dby tvz. CAR-T cells se jedn\u00e1 o vy\u0161\u0161\u00ed jednotky milion\u016f K\u010d. V\u0161em moc d\u011bkujeme, jste \u00fa\u017easn\u00ed, d\u00edky V\u00e1m m\u00e1me nyn\u00ed nad\u011bji\u2026\u201c<\/p>\n<p>Tenhle p\u0159\u00edb\u011bh b\u00fdval\u00e9ho prof\u00edka je\u0161t\u011b nekon\u010d\u00ed. Ale asi ka\u017ed\u00fd si p\u0159eje, aby skon\u010dil happy endem.<\/p>\n","protected":false},"excerpt":{"rendered":"<p>Byl jedn\u00edm z\u00a0pr\u016fkopn\u00edk\u016f \u010desk\u00e9 cyklistiky mezi profesion\u00e1ly. Lubo\u0161 Lom z\u00e1vodil za\u010d\u00e1tkem 90. let \u010dty\u0159i roky v\u00a0italsk\u00e9m t\u00fdmu Navigare. Dvakr\u00e1t jel [&hellip;]<\/p>\n","protected":false},"author":122,"featured_media":11667,"comment_status":"open","ping_status":"open","sticky":false,"template":"","format":"standard","meta":{"footnotes":""},"categories":[10],"tags":[126,1464,168,9,28],"global-categories":[411],"class_list":["post-11660","post","type-post","status-publish","format-standard","has-post-thumbnail","hentry","category-silnicni-cyklistika","tag-cyklistika","tag-lubos-lom","tag-pariz-roubaix","tag-silnicni-cyklistika","tag-zdravi","global-categories-cycling"],"yoast_head":"<!-- This site is optimized with the Yoast SEO Premium plugin v25.3 (Yoast SEO v25.9) - https:\/\/yoast.com\/wordpress\/plugins\/seo\/ -->\n<title>Jel Giro i Vueltu, te\u010f Lubo\u0161 Lom bojuje se z\u00e1ke\u0159nou chorobou. Cyklist\u00e9 vybrali na jeho l\u00e9\u010dbu miliony | \u0160koda We Love Cycling - \u010cesk\u00e1 republika<\/title>\n<meta name=\"description\" content=\"Lubo\u0161 Lom, jeden z prvn\u00edch \u010cech\u016f mezi profesion\u00e1ly, trp\u00ed v\u00e1\u017enou nemoc\u00ed. Ale nejen cyklistick\u00e1 komunita ve sb\u00edrce prost\u0159edky na jeho l\u00e9\u010dbu.\" \/>\n<meta name=\"robots\" content=\"index, follow, max-snippet:-1, max-image-preview:large, max-video-preview:-1\" \/>\n<link rel=\"canonical\" href=\"https:\/\/www.welovecycling.com\/cs\/2021\/02\/11\/jel-giro-i-vueltu-ted-lubos-lom-bojuje-se-zakernou-chorobou-cykliste-vybrali-na-jeho-lecbu-miliony\/\" \/>\n<meta property=\"og:locale\" content=\"cs_CZ\" \/>\n<meta property=\"og:type\" content=\"article\" \/>\n<meta property=\"og:title\" content=\"Jel Giro i Vueltu, te\u010f Lubo\u0161 Lom bojuje se z\u00e1ke\u0159nou chorobou. Cyklist\u00e9 vybrali na jeho l\u00e9\u010dbu miliony\" \/>\n<meta property=\"og:description\" content=\"Lubo\u0161 Lom, jeden z prvn\u00edch \u010cech\u016f mezi profesion\u00e1ly, trp\u00ed v\u00e1\u017enou nemoc\u00ed. Ale nejen cyklistick\u00e1 komunita ve sb\u00edrce prost\u0159edky na jeho l\u00e9\u010dbu.\" \/>\n<meta property=\"og:url\" content=\"https:\/\/www.welovecycling.com\/cs\/2021\/02\/11\/jel-giro-i-vueltu-ted-lubos-lom-bojuje-se-zakernou-chorobou-cykliste-vybrali-na-jeho-lecbu-miliony\/\" \/>\n<meta property=\"og:site_name\" content=\"\u0160koda We Love Cycling - \u010cesk\u00e1 republika\" \/>\n<meta property=\"article:published_time\" content=\"2021-02-11T07:00:19+00:00\" \/>\n<meta property=\"article:modified_time\" content=\"2021-02-11T07:23:05+00:00\" \/>\n<meta property=\"og:image\" content=\"https:\/\/d2p6e6u75xmxt8.cloudfront.net\/13\/2021\/02\/LOM-profimedia-0080950726.webp\" \/>\n\t<meta property=\"og:image:width\" content=\"1800\" \/>\n\t<meta property=\"og:image:height\" content=\"1321\" \/>\n\t<meta property=\"og:image:type\" content=\"image\/webp\" \/>\n<meta name=\"twitter:card\" content=\"summary_large_image\" \/>\n<meta name=\"twitter:label1\" content=\"Written by\" \/>\n\t<meta name=\"twitter:data1\" content=\"Kry\u0161tof Kopic\" \/>\n\t<meta name=\"twitter:label2\" content=\"Est. reading time\" \/>\n\t<meta name=\"twitter:data2\" content=\"5\" \/>\n<script type=\"application\/ld+json\" class=\"yoast-schema-graph\">{\"@context\":\"https:\/\/schema.org\",\"@graph\":[{\"@type\":\"WebPage\",\"@id\":\"https:\/\/www.welovecycling.com\/cs\/2021\/02\/11\/jel-giro-i-vueltu-ted-lubos-lom-bojuje-se-zakernou-chorobou-cykliste-vybrali-na-jeho-lecbu-miliony\/\",\"url\":\"https:\/\/www.welovecycling.com\/cs\/2021\/02\/11\/jel-giro-i-vueltu-ted-lubos-lom-bojuje-se-zakernou-chorobou-cykliste-vybrali-na-jeho-lecbu-miliony\/\",\"name\":\"Jel Giro i Vueltu, te\u010f Lubo\u0161 Lom bojuje se z\u00e1ke\u0159nou chorobou. Cyklist\u00e9 vybrali na jeho l\u00e9\u010dbu miliony | \u0160koda We Love Cycling - \u010cesk\u00e1 republika\",\"isPartOf\":{\"@id\":\"https:\/\/www.welovecycling.com\/cs\/#website\"},\"primaryImageOfPage\":{\"@id\":\"https:\/\/www.welovecycling.com\/cs\/2021\/02\/11\/jel-giro-i-vueltu-ted-lubos-lom-bojuje-se-zakernou-chorobou-cykliste-vybrali-na-jeho-lecbu-miliony\/#primaryimage\"},\"image\":{\"@id\":\"https:\/\/www.welovecycling.com\/cs\/2021\/02\/11\/jel-giro-i-vueltu-ted-lubos-lom-bojuje-se-zakernou-chorobou-cykliste-vybrali-na-jeho-lecbu-miliony\/#primaryimage\"},\"thumbnailUrl\":\"https:\/\/d2p6e6u75xmxt8.cloudfront.net\/13\/2021\/02\/LOM-profimedia-0080950726.webp\",\"datePublished\":\"2021-02-11T07:00:19+00:00\",\"dateModified\":\"2021-02-11T07:23:05+00:00\",\"author\":{\"@id\":\"\"},\"description\":\"Lubo\u0161 Lom, jeden z prvn\u00edch \u010cech\u016f mezi profesion\u00e1ly, trp\u00ed v\u00e1\u017enou nemoc\u00ed. Ale nejen cyklistick\u00e1 komunita ve sb\u00edrce prost\u0159edky na jeho l\u00e9\u010dbu.\",\"inLanguage\":\"cs\",\"potentialAction\":[{\"@type\":\"ReadAction\",\"target\":[\"https:\/\/www.welovecycling.com\/cs\/2021\/02\/11\/jel-giro-i-vueltu-ted-lubos-lom-bojuje-se-zakernou-chorobou-cykliste-vybrali-na-jeho-lecbu-miliony\/\"]}]},{\"@type\":\"ImageObject\",\"inLanguage\":\"cs\",\"@id\":\"https:\/\/www.welovecycling.com\/cs\/2021\/02\/11\/jel-giro-i-vueltu-ted-lubos-lom-bojuje-se-zakernou-chorobou-cykliste-vybrali-na-jeho-lecbu-miliony\/#primaryimage\",\"url\":\"https:\/\/d2p6e6u75xmxt8.cloudfront.net\/13\/2021\/02\/LOM-profimedia-0080950726.webp\",\"contentUrl\":\"https:\/\/d2p6e6u75xmxt8.cloudfront.net\/13\/2021\/02\/LOM-profimedia-0080950726.webp\",\"width\":1800,\"height\":1321},{\"@type\":\"WebSite\",\"@id\":\"https:\/\/www.welovecycling.com\/cs\/#website\",\"url\":\"https:\/\/www.welovecycling.com\/cs\/\",\"name\":\"\u0160koda We Love Cycling - \u010cesk\u00e1 republika\",\"description\":\"WeLoveCycling.cz je online magaz\u00edn, kter\u00fd v\u00e1m pravideln\u011b p\u0159in\u00e1\u0161\u00ed rady a tipy, zaj\u00edmav\u00e9 \u010dl\u00e1nky, videa a jedine\u010dn\u00e9 report\u00e1\u017ee ze sv\u011bta cyklistiky.\",\"potentialAction\":[{\"@type\":\"SearchAction\",\"target\":{\"@type\":\"EntryPoint\",\"urlTemplate\":\"https:\/\/www.welovecycling.com\/cs\/?s={search_term_string}\"},\"query-input\":{\"@type\":\"PropertyValueSpecification\",\"valueRequired\":true,\"valueName\":\"search_term_string\"}}],\"inLanguage\":\"cs\"},{\"@type\":\"Person\",\"@id\":\"\",\"url\":\"https:\/\/www.welovecycling.com\/cs\/author\/\"}]}<\/script>\n<!-- \/ Yoast SEO Premium plugin. -->","yoast_head_json":{"title":"Jel Giro i Vueltu, te\u010f Lubo\u0161 Lom bojuje se z\u00e1ke\u0159nou chorobou. Cyklist\u00e9 vybrali na jeho l\u00e9\u010dbu miliony | \u0160koda We Love Cycling - \u010cesk\u00e1 republika","description":"Lubo\u0161 Lom, jeden z prvn\u00edch \u010cech\u016f mezi profesion\u00e1ly, trp\u00ed v\u00e1\u017enou nemoc\u00ed. Ale nejen cyklistick\u00e1 komunita ve sb\u00edrce prost\u0159edky na jeho l\u00e9\u010dbu.","robots":{"index":"index","follow":"follow","max-snippet":"max-snippet:-1","max-image-preview":"max-image-preview:large","max-video-preview":"max-video-preview:-1"},"canonical":"https:\/\/www.welovecycling.com\/cs\/2021\/02\/11\/jel-giro-i-vueltu-ted-lubos-lom-bojuje-se-zakernou-chorobou-cykliste-vybrali-na-jeho-lecbu-miliony\/","og_locale":"cs_CZ","og_type":"article","og_title":"Jel Giro i Vueltu, te\u010f Lubo\u0161 Lom bojuje se z\u00e1ke\u0159nou chorobou. Cyklist\u00e9 vybrali na jeho l\u00e9\u010dbu miliony","og_description":"Lubo\u0161 Lom, jeden z prvn\u00edch \u010cech\u016f mezi profesion\u00e1ly, trp\u00ed v\u00e1\u017enou nemoc\u00ed. Ale nejen cyklistick\u00e1 komunita ve sb\u00edrce prost\u0159edky na jeho l\u00e9\u010dbu.","og_url":"https:\/\/www.welovecycling.com\/cs\/2021\/02\/11\/jel-giro-i-vueltu-ted-lubos-lom-bojuje-se-zakernou-chorobou-cykliste-vybrali-na-jeho-lecbu-miliony\/","og_site_name":"\u0160koda We Love Cycling - \u010cesk\u00e1 republika","article_published_time":"2021-02-11T07:00:19+00:00","article_modified_time":"2021-02-11T07:23:05+00:00","og_image":[{"width":1800,"height":1321,"url":"https:\/\/d2p6e6u75xmxt8.cloudfront.net\/13\/2021\/02\/LOM-profimedia-0080950726.webp","type":"image\/webp"}],"twitter_card":"summary_large_image","twitter_misc":{"Written by":"Kry\u0161tof Kopic","Est. reading time":"5"},"schema":{"@context":"https:\/\/schema.org","@graph":[{"@type":"WebPage","@id":"https:\/\/www.welovecycling.com\/cs\/2021\/02\/11\/jel-giro-i-vueltu-ted-lubos-lom-bojuje-se-zakernou-chorobou-cykliste-vybrali-na-jeho-lecbu-miliony\/","url":"https:\/\/www.welovecycling.com\/cs\/2021\/02\/11\/jel-giro-i-vueltu-ted-lubos-lom-bojuje-se-zakernou-chorobou-cykliste-vybrali-na-jeho-lecbu-miliony\/","name":"Jel Giro i Vueltu, te\u010f Lubo\u0161 Lom bojuje se z\u00e1ke\u0159nou chorobou. Cyklist\u00e9 vybrali na jeho l\u00e9\u010dbu miliony | \u0160koda We Love Cycling - \u010cesk\u00e1 republika","isPartOf":{"@id":"https:\/\/www.welovecycling.com\/cs\/#website"},"primaryImageOfPage":{"@id":"https:\/\/www.welovecycling.com\/cs\/2021\/02\/11\/jel-giro-i-vueltu-ted-lubos-lom-bojuje-se-zakernou-chorobou-cykliste-vybrali-na-jeho-lecbu-miliony\/#primaryimage"},"image":{"@id":"https:\/\/www.welovecycling.com\/cs\/2021\/02\/11\/jel-giro-i-vueltu-ted-lubos-lom-bojuje-se-zakernou-chorobou-cykliste-vybrali-na-jeho-lecbu-miliony\/#primaryimage"},"thumbnailUrl":"https:\/\/d2p6e6u75xmxt8.cloudfront.net\/13\/2021\/02\/LOM-profimedia-0080950726.webp","datePublished":"2021-02-11T07:00:19+00:00","dateModified":"2021-02-11T07:23:05+00:00","author":{"@id":""},"description":"Lubo\u0161 Lom, jeden z prvn\u00edch \u010cech\u016f mezi profesion\u00e1ly, trp\u00ed v\u00e1\u017enou nemoc\u00ed. Ale nejen cyklistick\u00e1 komunita ve sb\u00edrce prost\u0159edky na jeho l\u00e9\u010dbu.","inLanguage":"cs","potentialAction":[{"@type":"ReadAction","target":["https:\/\/www.welovecycling.com\/cs\/2021\/02\/11\/jel-giro-i-vueltu-ted-lubos-lom-bojuje-se-zakernou-chorobou-cykliste-vybrali-na-jeho-lecbu-miliony\/"]}]},{"@type":"ImageObject","inLanguage":"cs","@id":"https:\/\/www.welovecycling.com\/cs\/2021\/02\/11\/jel-giro-i-vueltu-ted-lubos-lom-bojuje-se-zakernou-chorobou-cykliste-vybrali-na-jeho-lecbu-miliony\/#primaryimage","url":"https:\/\/d2p6e6u75xmxt8.cloudfront.net\/13\/2021\/02\/LOM-profimedia-0080950726.webp","contentUrl":"https:\/\/d2p6e6u75xmxt8.cloudfront.net\/13\/2021\/02\/LOM-profimedia-0080950726.webp","width":1800,"height":1321},{"@type":"WebSite","@id":"https:\/\/www.welovecycling.com\/cs\/#website","url":"https:\/\/www.welovecycling.com\/cs\/","name":"\u0160koda We Love Cycling - \u010cesk\u00e1 republika","description":"WeLoveCycling.cz je online magaz\u00edn, kter\u00fd v\u00e1m pravideln\u011b p\u0159in\u00e1\u0161\u00ed rady a tipy, zaj\u00edmav\u00e9 \u010dl\u00e1nky, videa a jedine\u010dn\u00e9 report\u00e1\u017ee ze sv\u011bta cyklistiky.","potentialAction":[{"@type":"SearchAction","target":{"@type":"EntryPoint","urlTemplate":"https:\/\/www.welovecycling.com\/cs\/?s={search_term_string}"},"query-input":{"@type":"PropertyValueSpecification","valueRequired":true,"valueName":"search_term_string"}}],"inLanguage":"cs"},{"@type":"Person","@id":"","url":"https:\/\/www.welovecycling.com\/cs\/author\/"}]}},"_links":{"self":[{"href":"https:\/\/www.welovecycling.com\/cs\/wp-json\/wp\/v2\/posts\/11660","targetHints":{"allow":["GET"]}}],"collection":[{"href":"https:\/\/www.welovecycling.com\/cs\/wp-json\/wp\/v2\/posts"}],"about":[{"href":"https:\/\/www.welovecycling.com\/cs\/wp-json\/wp\/v2\/types\/post"}],"author":[{"embeddable":true,"href":"https:\/\/www.welovecycling.com\/cs\/wp-json\/wp\/v2\/users\/122"}],"replies":[{"embeddable":true,"href":"https:\/\/www.welovecycling.com\/cs\/wp-json\/wp\/v2\/comments?post=11660"}],"version-history":[{"count":2,"href":"https:\/\/www.welovecycling.com\/cs\/wp-json\/wp\/v2\/posts\/11660\/revisions"}],"predecessor-version":[{"id":11666,"href":"https:\/\/www.welovecycling.com\/cs\/wp-json\/wp\/v2\/posts\/11660\/revisions\/11666"}],"wp:featuredmedia":[{"embeddable":true,"href":"https:\/\/www.welovecycling.com\/cs\/wp-json\/wp\/v2\/media\/11667"}],"wp:attachment":[{"href":"https:\/\/www.welovecycling.com\/cs\/wp-json\/wp\/v2\/media?parent=11660"}],"wp:term":[{"taxonomy":"category","embeddable":true,"href":"https:\/\/www.welovecycling.com\/cs\/wp-json\/wp\/v2\/categories?post=11660"},{"taxonomy":"post_tag","embeddable":true,"href":"https:\/\/www.welovecycling.com\/cs\/wp-json\/wp\/v2\/tags?post=11660"},{"taxonomy":"global-categories","embeddable":true,"href":"https:\/\/www.welovecycling.com\/cs\/wp-json\/wp\/v2\/global-categories?post=11660"}],"curies":[{"name":"wp","href":"https:\/\/api.w.org\/{rel}","templated":true}]}}