{"id":11607,"date":"2021-02-08T07:00:07","date_gmt":"2021-02-08T05:00:07","guid":{"rendered":"https:\/\/www.welovecycling.com\/cs\/?p=11607"},"modified":"2021-03-14T23:12:40","modified_gmt":"2021-03-14T21:12:40","slug":"tereza-neumannova-o-zivotni-zmene-na-silnici-se-citim-prirozeneji-biky-me-uz-ke-konci-hodne-ubijely","status":"publish","type":"post","link":"https:\/\/www.welovecycling.com\/cs\/2021\/02\/08\/tereza-neumannova-o-zivotni-zmene-na-silnici-se-citim-prirozeneji-biky-me-uz-ke-konci-hodne-ubijely\/","title":{"rendered":"Tereza Neumanov\u00e1 o \u017eivotn\u00ed zm\u011bn\u011b: Na silnici se c\u00edt\u00edm p\u0159irozen\u011bji, biky m\u011b u\u017e ke konci hodn\u011b ub\u00edjely"},"content":{"rendered":"<p><strong>Vysn\u011bn\u00e9 anga\u017em\u00e1 m\u011blo hororov\u00fd \u00favod! Pouze p\u00e1r dn\u016f p\u0159ed prvn\u00edm spole\u010dn\u00fdm tr\u00e9ninkem s nov\u00fdmi kolegyn\u011bmi Terezu Neumanovou nedaleko \u0161pan\u011blsk\u00e9ho Calpe srazila m\u00edstn\u00ed \u0159idi\u010dka. \u010cesk\u00e1 cyklistick\u00e1 reprezentantka, kter\u00e1 p\u0159estoupila z bik\u016f na silnici a podepsala ro\u010dn\u00ed kontrakt v kontinent\u00e1ln\u00edm \u0161pan\u011blsk\u00e9m t\u00fdmu Burgos Alimenta, vyv\u00e1zla z karambolu jen s od\u0159eninami, a tak jej\u00ed cesta za snem nebyla nijak poznamen\u00e1na.<\/strong><\/p>\n<h2><strong>Jak se z\u00e1vodnice, kter\u00e1 se v\u011bnovala zejm\u00e9na horsk\u00fdm kol\u016fm a jezdila posledn\u00ed dva roky za bikov\u00fd t\u00fdm, stane akvizic\u00ed \u0161pan\u011blsk\u00e9 \u017eensk\u00e9 silni\u010dn\u00ed st\u00e1je?<\/strong><\/h2>\n<p>Zm\u011bna se mi hlavou honila u\u017e od lo\u0148sk\u00e9ho jara. Kv\u016fli pandemii nebyly z\u00e1vody, a tak jsem jen tr\u00e9novala. Fyzicky jsem m\u011bla bl\u00ed\u017ee k silni\u010dce, v\u011bt\u0161inu p\u0159\u00edpravy jsem objela na silnici. A ka\u017edou p\u0159\u00edle\u017eitost jsem vyu\u017eila k \u00fa\u010dasti na silni\u010dn\u00edch krit\u00e9ri\u00edch, abych se rozz\u00e1vodila. C\u00edtila jsem se na silni\u010dce l\u00e9pe ne\u017e na biku, \u0161lo mi to p\u0159irozen\u011bji.<\/p>\n<div class=\"shortcode-ys-post-pinup\"><article class=\"loop-simple post-11547 post type-post status-publish format-standard has-post-thumbnail hentry category-zdravi-a-trenink tag-cyklistika tag-horska-cyklistika tag-nadvaha-v-cyklistice tag-silnicni-cyklistika tag-vyziva tag-zdravi-a-trenink global-categories-cycling\" data-postid=\"11547\" role=\"article\" data-post-id=\"11547\" data-word-count=\"472\" data-headline-length=\"41\" data-category=\"Zdrav\u00ed a tr\u00e9nink\" data-global-category=\"Cycling\" data-author=\"Vojt\u011bch Ha\u010deck\u00fd\" data-published=\"2021-02-03T07:00:29+02:00\" data-published-day=\"Wednesday\">\n    <div class=\"entry-thumbnail article-thumbnail\" content=\"https:\/\/d2p6e6u75xmxt8.cloudfront.net\/13\/2021\/02\/svaly-profimedia-0306637404-150x150.webp\"><a href=\"https:\/\/www.welovecycling.com\/cs\/2021\/02\/03\/je-hubeny-cyklista-vzdy-nejrychlejsi\/\" class=\"image-holder\" target=\"_self\"><img decoding=\"async\" loading=\"lazy\" class=\"\" src=\"https:\/\/d2p6e6u75xmxt8.cloudfront.net\/13\/2021\/02\/svaly-profimedia-0306637404-1024x683.webp\" srcset=\"https:\/\/d2p6e6u75xmxt8.cloudfront.net\/13\/2021\/02\/svaly-profimedia-0306637404.webp 1800w, https:\/\/d2p6e6u75xmxt8.cloudfront.net\/13\/2021\/02\/svaly-profimedia-0306637404-300x200.webp 300w, https:\/\/d2p6e6u75xmxt8.cloudfront.net\/13\/2021\/02\/svaly-profimedia-0306637404-1024x683.webp 1024w, https:\/\/d2p6e6u75xmxt8.cloudfront.net\/13\/2021\/02\/svaly-profimedia-0306637404-768x512.webp 768w, https:\/\/d2p6e6u75xmxt8.cloudfront.net\/13\/2021\/02\/svaly-profimedia-0306637404-1536x1024.webp 1536w, https:\/\/d2p6e6u75xmxt8.cloudfront.net\/13\/2021\/02\/svaly-profimedia-0306637404-272x182.webp 272w\" width=\"1024\" height=\"683\" sizes=\"auto, (min-width: 1200px) 300px, (min-width: 768px) 25vw, 100vw\" alt=\"je-hubeny-cyklista-vzdy-nejrychlejsi\"\/><\/a><\/div>    <div class=\"entry-meta\">\n        <a class=\"label label-secondary post-category\" href=\"https:\/\/www.welovecycling.com\/cs\/category\/zdravi-a-trenink\/\" title=\"Zdrav\u00ed a tr\u00e9nink\">Zdrav\u00ed a tr\u00e9nink<\/a>\n    <\/div>\n    <div class=\"entry-details\">\n        <a href=\"https:\/\/www.welovecycling.com\/cs\/2021\/02\/03\/je-hubeny-cyklista-vzdy-nejrychlejsi\/\" class='entry-title-wrapper'>\n            <h3 class=\"entry-title\"><span>Je huben\u00fd cyklista v\u017edy nejrychlej\u0161\u00ed?<\/span><\/h3>\n        <\/a>\n    <\/div>\n    <\/article>\n<\/div>\n<h2><strong>Jen\u017ee po lo\u0148sk\u00e9 sezon\u011b poznamenan\u00e1 pandemi\u00ed koronaviru byl p\u0159estupov\u00fd trh prakticky mrtv\u00fd. P\u0159edstavovala zm\u011bna discipl\u00edny v\u00a0tak sv\u00edzeln\u00e9 dob\u011b hodn\u011b velk\u00fd risk?<\/strong><\/h2>\n<p>Kdy\u017e se po dlouh\u00e9 pauze sezona rozjela, to\u010dila jsem se na seri\u00e1lech Kola pro \u017eivot a \u010cesk\u00e9ho poh\u00e1ru. A byla jsem z\u00a0toho unaven\u00e1. C\u00edtila jsem, \u017ee bych v\u00fdkonnostn\u011b dal\u0161\u00ed rok jen stagnovala. Tak jsem za\u010d\u00e1tkem srpna oslovila agentku, zda existuje \u0161ance podepsat kontrakt n\u011bkde v\u00a0zahrani\u010dn\u00edm silni\u010dn\u00edm t\u00fdmu. Rovnou odpov\u011bd\u011bla, \u017ee jsem si vybrala nejhor\u0161\u00ed mo\u017en\u00fd okam\u017eik.<\/p>\n<figure id=\"attachment_11611\" aria-describedby=\"caption-attachment-11611\" style=\"width: 1600px\" class=\"wp-caption alignnone\"><a href=\"https:\/\/d2p6e6u75xmxt8.cloudfront.net\/13\/2021\/02\/Tereza-neumannova-bike-michal-cerveny.jpg\"><img loading=\"lazy\" decoding=\"async\" class=\"size-full wp-image-11611\" src=\"https:\/\/d2p6e6u75xmxt8.cloudfront.net\/13\/2021\/02\/Tereza-neumannova-bike-michal-cerveny.jpg\" alt=\"Tereza Neumannov\u00e1 je\u0161t\u011b na horsk\u00e9m kole p\u0159i mistrovstv\u00ed sv\u011bta 2020. Foto: Michal \u010cerven\u00fd\" width=\"1600\" height=\"1067\" \/><\/a><figcaption id=\"caption-attachment-11611\" class=\"wp-caption-text\"><em>Tereza Neumanov\u00e1 je\u0161t\u011b na horsk\u00e9m kole p\u0159i mistrovstv\u00ed sv\u011bta 2020. Foto: Michal \u010cerven\u00fd<\/em><\/figcaption><\/figure>\n<h2><strong>Ani to v\u00e1s od zm\u011bny neodradilo? Nevkr\u00e1daly se do hlavy my\u0161lenky, jestli p\u0159eci jen nezvolit jistotu v \u010cesku?<\/strong><\/h2>\n<p>V\u011bd\u011bla jsem, \u017ee v \u010cesku nen\u00ed na biku tak velk\u00e1 konkurence, proto jsem zajela slu\u0161n\u00fd v\u00fdsledek na ka\u017ed\u00e9m z\u00e1vod\u011b. A v\u0161ichni m\u011b pl\u00e1cali po ramenou. Jen\u017ee j\u00e1 necht\u011bla vyhr\u00e1vat jen proto, \u017ee na stupn\u011b v\u00edt\u011bz\u016f m\u016f\u017ee myslet pouze p\u00e1r holek. Biky m\u011b ke konci sezony stra\u0161n\u011b ub\u00edjely. Prob\u00edrala jsem p\u0159estup i s Tom\u00e1\u0161em Kone\u010dn\u00fdm, tren\u00e9rem silni\u010dn\u00ed reprezentace, a podpo\u0159il m\u011b. Nicm\u00e9n\u011b pochybnosti jsem ur\u010dit\u011b m\u011bla. J\u00e1 cht\u011bla j\u00edt do zahrani\u010d\u00ed u\u017e d\u0159\u00edve, ale sou\u010dasn\u011b jsem se b\u00e1la, aby to nebyl propad\u00e1k. Ale te\u010f jsem m\u011bla pocit, \u017ee je spr\u00e1vn\u00fd \u010das. A kdy\u017e se v\u0161e za\u010dalo \u0159e\u0161it intenzivn\u011bji a j\u00e1 komunikovala s agentkou, z\u00edsk\u00e1vala jsem jistotu. A nakonec se poda\u0159ilo anga\u017em\u00e1 naj\u00edt.<\/p>\n<div class=\"shortcode-ys-post-pinup\"><article class=\"loop-simple post-6786 post type-post status-publish format-standard has-post-thumbnail hentry category-rady-tipy category-zeny tag-cyklistika tag-trenink tag-veronika-widmannova tag-zeny global-categories-cycling\" data-postid=\"6786\" role=\"article\" data-post-id=\"6786\" data-word-count=\"297\" data-headline-length=\"44\" data-category=\"\u017deny\" data-global-category=\"Cycling\" data-author=\"Michaela Bu\u010dkov\u00e1\" data-published=\"2020-04-23T09:00:12+02:00\" data-published-day=\"Thursday\">\n    <div class=\"entry-thumbnail article-thumbnail\" content=\"https:\/\/d2p6e6u75xmxt8.cloudfront.net\/13\/2020\/04\/Veronika-Widmannov\u00e1-1-150x150.webp\"><a href=\"https:\/\/www.welovecycling.com\/cs\/2020\/04\/23\/tipy-a-triky-na-horske-kolo-nejen-pro-zeny\/\" class=\"image-holder\" target=\"_self\"><img decoding=\"async\" loading=\"lazy\" class=\"\" src=\"https:\/\/d2p6e6u75xmxt8.cloudfront.net\/13\/2020\/04\/Veronika-Widmannov\u00e1-1-1024x576.webp\" srcset=\"https:\/\/d2p6e6u75xmxt8.cloudfront.net\/13\/2020\/04\/Veronika-Widmannov\u00e1-1.webp 1360w, https:\/\/d2p6e6u75xmxt8.cloudfront.net\/13\/2020\/04\/Veronika-Widmannov\u00e1-1-300x169.webp 300w, https:\/\/d2p6e6u75xmxt8.cloudfront.net\/13\/2020\/04\/Veronika-Widmannov\u00e1-1-1024x576.webp 1024w, https:\/\/d2p6e6u75xmxt8.cloudfront.net\/13\/2020\/04\/Veronika-Widmannov\u00e1-1-768x432.webp 768w\" width=\"1024\" height=\"576\" sizes=\"auto, (min-width: 1200px) 356px, (min-width: 768px) 30vw, 100vw\" alt=\"tipy-a-triky-na-horske-kolo-nejen-pro-zeny\"\/><\/a><\/div>    <div class=\"entry-meta\">\n        <a class=\"label label-secondary post-category\" href=\"https:\/\/www.welovecycling.com\/cs\/category\/zeny\/\" title=\"\u017deny\">\u017deny<\/a>\n    <\/div>\n    <div class=\"entry-details\">\n        <a href=\"https:\/\/www.welovecycling.com\/cs\/2020\/04\/23\/tipy-a-triky-na-horske-kolo-nejen-pro-zeny\/\" class='entry-title-wrapper'>\n            <h3 class=\"entry-title\"><span>Tipy a triky na horsk\u00e9 kolo nejen pro \u017eeny<\/span><\/h3>\n        <\/a>\n    <\/div>\n    <\/article>\n<\/div>\n<h2><strong>A dostala jste pln\u011b profesion\u00e1ln\u00ed kontrakt?<\/strong><\/h2>\n<p>Ano. M\u011bla jsem \u0161t\u011bst\u00ed na lidi, kte\u0159\u00ed m\u016fj p\u0159estup \u0159e\u0161ili. Existuje spousta \u017eensk\u00fdch t\u00fdm\u016f, kde holky mus\u00ed p\u0159iv\u00e9st sponzora nebo si t\u0159eba z\u00a0vlastn\u00edho hrad\u00ed cestov\u00e1n\u00ed. Nic takov\u00e9ho se m\u011b net\u00fdk\u00e1.\u00a0 J\u00e1 si nest\u011b\u017eovala ani v\u00a0\u010cesku, proto\u017ee bikov\u00fd t\u00fdm \u010cesk\u00e9 spo\u0159itelny je super. Ale te\u010f m\u00e1m skv\u011bl\u00e9 podm\u00ednky. A velice v\u00fdrazn\u011b jsem se posunula v\u00a0tom, jak\u00e9 z\u00e1vody budu jezdit.<\/p>\n<h2><strong>U\u017e m\u00e1te p\u0159edstavu, jak bude vypadat v\u00e1\u0161 z\u00e1vodn\u00ed kalend\u00e1\u0159?<\/strong><\/h2>\n<p>Pojedeme Omloop Het Nieuwsblad, pravd\u011bpodobn\u011b Strade Bianche a dal\u0161\u00ed podniky nejvy\u0161\u0161\u00ed kategorie. Hodn\u011b bude z\u00e1le\u017eet pochopiteln\u011b na v\u00fdvoji pandemie. Z \u010ceska bych si o startech na podobn\u00fdch akc\u00edch mohla nechat jen zd\u00e1t. Spousta lid\u00ed u n\u00e1s \u017eije po\u0159\u00e1d v p\u0159esv\u011bd\u010den\u00ed, \u017ee sta\u010d\u00ed b\u00fdt sou\u010d\u00e1st\u00ed n\u00e1rodn\u00edho t\u00fdmu. Jen\u017ee jak jsme nem\u011bly zku\u0161enosti, tak jsme po p\u0159\u00edjezdu na podobn\u011b kvalitn\u011b obsazen\u00e9 z\u00e1vody byly&#8230; T\u0159eba jsme p\u0159ijely na mistrovstv\u00ed sv\u011bta a v\u0161ichni \u0159ekli, \u017ee v\u00fdsledky \u017eensk\u00e9 reprezentace jsou propad\u00e1k. Jen\u017ee to bylo asi stejn\u00e9, jako kdy\u017e kluka z prvn\u00ed hokejov\u00e9 ligy po\u0161lete hr\u00e1t NHL. Nejde to hned.<\/p>\n<figure id=\"attachment_11605\" aria-describedby=\"caption-attachment-11605\" style=\"width: 1200px\" class=\"wp-caption alignnone\"><a href=\"https:\/\/d2p6e6u75xmxt8.cloudfront.net\/13\/2021\/02\/Neumannova-tereza-2.jpg\"><img loading=\"lazy\" decoding=\"async\" class=\"size-full wp-image-11605\" src=\"https:\/\/d2p6e6u75xmxt8.cloudfront.net\/13\/2021\/02\/Neumannova-tereza-2.jpg\" alt=\"Tereza Neumannov\u00e1 na tr\u00e9ninku ve \u0160pan\u011blsku s novou t\u00fdmovou kolegyn\u00ed xxxxxx.\" width=\"1200\" height=\"1600\" \/><\/a><figcaption id=\"caption-attachment-11605\" class=\"wp-caption-text\"><em>Tereza Neumanov\u00e1 na tr\u00e9ninku ve \u0160pan\u011blsku s novou t\u00fdmovou kolegyn\u00ed Antri Christoforou z Kypru.<\/em><\/figcaption><\/figure>\n<h2><strong>M\u00e1te za sebou prvn\u00ed soust\u0159ed\u011bn\u00ed s nov\u00fdm t\u00fdmem. Jak je Burgos Alimenta zabezpe\u010den?<\/strong><\/h2>\n<p>Kluci, kte\u0159\u00ed m\u011bli zku\u0161enosti z\u00a0anga\u017em\u00e1 u \u0161pan\u011blsk\u00fdch t\u00fdm\u016f, m\u011b p\u0159ipravovali, abych se vyzbrojila hlavn\u011b trp\u011blivost\u00ed, \u017ee pln\u011bn\u00ed z\u00e1vazk\u016f a slib\u016f b\u00fdv\u00e1 hodn\u011b vl\u00e1\u010dn\u00e9. Ale m\u00e1me dva super sportovn\u00ed \u0159editele. Na v\u0161em se d\u00e1 domluvit. Skv\u011bl\u00e9 je to i z\u00a0hlediska materi\u00e1lu. Nav\u00edc kousek od Burgosu m\u00e1me z\u00e1zem\u00ed, kde je mo\u017en\u00e9 z\u016fstat b\u011bhem sezony, abychom nemusely po\u0159\u00e1d cestovat dom\u016f a neztr\u00e1cely tak s\u00edly.<\/p>\n<div class=\"shortcode-ys-post-pinup\"><article class=\"loop-simple post-11390 post type-post status-publish format-standard has-post-thumbnail hentry category-rady-tipy category-https-www-welovecycling-com-cs-category-zabava tag-cyklistika tag-horska-cyklistika tag-prujezd-zatackou-na-kole tag-silnicni-cyklistika tag-trenink tag-zatacky global-categories-cycling\" data-postid=\"11390\" role=\"article\" data-post-id=\"11390\" data-word-count=\"390\" data-headline-length=\"71\" data-category=\"Rady &amp; tipy\" data-global-category=\"Cycling\" data-author=\"Marek Novotn\u00fd\" data-published=\"2021-01-22T07:00:46+02:00\" data-published-day=\"Friday\">\n    <div class=\"entry-thumbnail article-thumbnail\" content=\"https:\/\/d2p6e6u75xmxt8.cloudfront.net\/13\/2021\/01\/wlc-zatacky-michal-cerveny-150x150.webp\"><a href=\"https:\/\/www.welovecycling.com\/cs\/2021\/01\/22\/aby-jelenice-nebyla-hneda-5-tipu-jak-bezpecne-na-zatacky-ve-sjezdu\/\" class=\"image-holder\" target=\"_self\"><img decoding=\"async\" loading=\"lazy\" class=\"\" src=\"https:\/\/d2p6e6u75xmxt8.cloudfront.net\/13\/2021\/01\/wlc-zatacky-michal-cerveny-1024x601.webp\" srcset=\"https:\/\/d2p6e6u75xmxt8.cloudfront.net\/13\/2021\/01\/wlc-zatacky-michal-cerveny.webp 1600w, https:\/\/d2p6e6u75xmxt8.cloudfront.net\/13\/2021\/01\/wlc-zatacky-michal-cerveny-300x176.webp 300w, https:\/\/d2p6e6u75xmxt8.cloudfront.net\/13\/2021\/01\/wlc-zatacky-michal-cerveny-1024x601.webp 1024w, https:\/\/d2p6e6u75xmxt8.cloudfront.net\/13\/2021\/01\/wlc-zatacky-michal-cerveny-768x451.webp 768w, https:\/\/d2p6e6u75xmxt8.cloudfront.net\/13\/2021\/01\/wlc-zatacky-michal-cerveny-1536x901.webp 1536w\" width=\"1024\" height=\"601\" sizes=\"auto, (min-width: 1200px) 340px, (min-width: 768px) 28vw, 100vw\" alt=\"aby-jelenice-nebyla-hneda-5-tipu-jak-bezpecne-na-zatacky-ve-sjezdu\"\/><\/a><\/div>    <div class=\"entry-meta\">\n        <a class=\"label label-secondary post-category\" href=\"https:\/\/www.welovecycling.com\/cs\/category\/rady-tipy\/\" title=\"Rady &amp; tipy\">Rady &amp; tipy<\/a>\n    <\/div>\n    <div class=\"entry-details\">\n        <a href=\"https:\/\/www.welovecycling.com\/cs\/2021\/01\/22\/aby-jelenice-nebyla-hneda-5-tipu-jak-bezpecne-na-zatacky-ve-sjezdu\/\" class='entry-title-wrapper'>\n            <h3 class=\"entry-title\"><span>Aby jelenice nebyla hn\u011bd\u00e1! Tipy jak bezpe\u010dn\u011b na zat\u00e1\u010dky ve sjezdu<\/span><\/h3>\n        <\/a>\n    <\/div>\n    <\/article>\n<\/div>\n<h2><strong>Napl\u0148uje zat\u00edm zm\u011bna discipl\u00edny va\u0161e o\u010dek\u00e1v\u00e1n\u00ed?<\/strong><\/h2>\n<p>Jednozna\u010dn\u011b! Dokud jsem jezdila na biku, v\u011bt\u0161ina tr\u00e9nink\u016f prob\u00edhala individu\u00e1ln\u011b. Te\u010f jezd\u00edme ve skupin\u011b, co\u017e je super zm\u011bna. Sportovn\u00ed \u0159editel\u00e9 n\u00e1s doprov\u00e1z\u00ed. P\u0159\u00edstup k\u00a0tr\u00e9ninku je odli\u0161n\u00fd, jin\u00fd ne\u017e v\u00a0\u010cesku, ale v dobr\u00e9m slova smyslu. A sou\u010dasn\u011b nejde o tup\u00e9 naj\u00ed\u017ed\u011bn\u00ed kilometr\u016f. Hodn\u011b se v\u0161e prokl\u00e1d\u00e1 intervalov\u00fdm tr\u00e9ninkem.<\/p>\n<h2><strong>S\u00e1l\u00e1 z v\u00e1s nad\u0161en\u00ed. U\u017e\u00edv\u00e1te si prvn\u00ed okam\u017eiky po p\u0159estupu?<\/strong><\/h2>\n<p>Jsem realista a je mi jasn\u00e9, \u017ee m\u011b \u010dekaj\u00ed i kru\u0161n\u00e9 chv\u00edle. Kdybych ode\u0161la p\u0159ed dv\u011bma lety, asi by mi anga\u017em\u00e1 mnoho radosti nep\u0159ineslo. Z\u00a0hlediska psychick\u00e9ho i fyzick\u00e9ho. Ten skok je obrovsk\u00fd. Ale jsem p\u0159eci jen zku\u0161en\u011bj\u0161\u00ed. Proto nas\u00e1v\u00e1m atmosf\u00e9ru a raduji se z\u00a0ka\u017ed\u00e9ho okam\u017eiku.<\/p>\n<figure id=\"attachment_11606\" aria-describedby=\"caption-attachment-11606\" style=\"width: 1440px\" class=\"wp-caption alignnone\"><a href=\"https:\/\/d2p6e6u75xmxt8.cloudfront.net\/13\/2021\/02\/Neumannova-tereza-scaled.jpg\"><img loading=\"lazy\" decoding=\"async\" class=\"size-extra-large wp-image-11606\" src=\"https:\/\/d2p6e6u75xmxt8.cloudfront.net\/13\/2021\/02\/Neumannova-tereza-1440x1920.jpg\" alt=\"Tereza Neumannov\u00e1 v dresu \u0161pan\u011blsk\u00e9ho t\u00fdmu Burgos Alimenta p\u0159i soust\u0159ed\u011bn\u00ed na jihu Evropy. \" width=\"1440\" height=\"1920\" \/><\/a><figcaption id=\"caption-attachment-11606\" class=\"wp-caption-text\"><em>Tereza Neumanov\u00e1 v dresu \u0161pan\u011blsk\u00e9ho t\u00fdmu Burgos Alimenta p\u0159i soust\u0159ed\u011bn\u00ed na jihu Evropy.<\/em><\/figcaption><\/figure>\n<h2><strong>M\u011bla jste na v\u00fdb\u011br nebo p\u0159edstavoval Burgos Alimenta jedinou variantu?<\/strong><\/h2>\n<p>Z\u00a0m\u00e9ho pohledu \u0161lo o nejlep\u0161\u00ed volbu. T\u00fdm za sebou m\u00e1 prvn\u00ed sezonu, v\u00a0kter\u00e9 s\u00e1zel p\u0159edev\u0161\u00edm na \u0161pan\u011blsk\u00e9 holky s\u00a0men\u0161\u00edmi zku\u0161enostmi. Letos veden\u00ed t\u00fdmu postavilo strategii jinak a z\u016fstaly jen dv\u011b dom\u00e1c\u00ed z\u00e1vodnice. Stejn\u00fd po\u010det holek je z\u00a0Austr\u00e1lie, jedna poch\u00e1z\u00ed z\u00a0Argentiny, dal\u0161\u00ed ze \u0160v\u00fdcarska, Kypru, Polska a It\u00e1lie. Jde o n\u00e1rodnostn\u011b velice pestr\u00fd t\u00fdm. Je to mnohem lep\u0161\u00ed ne\u017e p\u0159ij\u00edt do formace, kde bude t\u0159eba deset italsk\u00fdch z\u00e1vodnic a j\u00e1 jedin\u00e1 bych byla cizinka.<\/p>\n<h2><strong>S\u00a0jak\u00fdmi ambicemi do sezony vstoup\u00edte? Bude to od za\u010d\u00e1tku boj o novou smlouvu?<\/strong><\/h2>\n<p>Je jasn\u00e9, \u017ee nebudeme pat\u0159it k\u00a0nejsiln\u011bj\u0161\u00edm t\u00fdm\u016fm a nebudeme z\u00e1vody tvo\u0159it. Ale mysl\u00edm, \u017ee budeme schopn\u00e9 sb\u00edrat par\u00e1dn\u00ed v\u00fdsledky. M\u00fdm \u00fakolem bude zkusit n\u011bco ud\u011blat v\u00a0hromadn\u00fdch dojezdech. Z\u00e1vody na biku se posledn\u00ed dobou bl\u00ed\u017eily i sedmi hodin\u00e1m. Chyb\u011bl mi skute\u010dn\u00fd z\u00e1vodn\u00ed kontakt. V\u011b\u0159\u00edm, \u017ee na silnici budu siln\u011bj\u0161\u00ed. Nicm\u00e9n\u011b nechci fantaz\u00edrovat, k\u00a0n\u011b\u010demu se up\u00ednat, a pak za\u017e\u00edvat zklam\u00e1n\u00ed. M\u00e1m p\u0159ed sebou dlouhodob\u00fd c\u00edl.<\/p>\n<figure id=\"attachment_11612\" aria-describedby=\"caption-attachment-11612\" style=\"width: 1600px\" class=\"wp-caption alignnone\"><a href=\"https:\/\/d2p6e6u75xmxt8.cloudfront.net\/13\/2021\/02\/Tereza-neumannova-MS-2019-michal-cerveny.jpg\"><img loading=\"lazy\" decoding=\"async\" class=\"size-full wp-image-11612\" src=\"https:\/\/d2p6e6u75xmxt8.cloudfront.net\/13\/2021\/02\/Tereza-neumannova-MS-2019-michal-cerveny.jpg\" alt=\"Tereza Neumannov\u00e1 na mistrovstv\u00ed sv\u011bta v silni\u010dn\u00ed cyklistice 2019. Foto: Michal \u010cerven\u00fd\" width=\"1600\" height=\"1067\" \/><\/a><figcaption id=\"caption-attachment-11612\" class=\"wp-caption-text\"><em>Tereza Neumanov\u00e1 v \u010desk\u00e9m reprezenta\u010dn\u00edm dresu na mistrovstv\u00ed sv\u011bta v silni\u010dn\u00ed cyklistice 2019. Foto: Michal \u010cerven\u00fd<\/em><\/figcaption><\/figure>\n<h2><strong>Olympijsk\u00e9 hry v\u00a0Pa\u0159\u00ed\u017ei 2024?<\/strong><\/h2>\n<p>Ano. Chci se nominovat. Te\u010f jsem za\u010dala, tak prvn\u00ed rok m\u00e1m na rozjet\u00ed. Pak se za\u010dnou naj\u00ed\u017ed\u011bt body a j\u00e1 douf\u00e1m, \u017ee jich posb\u00edr\u00e1m dostatek, abych v\u00a0Pa\u0159\u00ed\u017ei nechyb\u011bla.<\/p>\n<p><em><strong>Tereza Neumanov\u00e1<\/strong><strong>: <\/strong>Dvaadvacetilet\u00e1 z\u00e1vodnice t\u00fdmu Burgos Alimenta poch\u00e1z\u00ed z\u00a0T\u0159eb\u00ed\u010de, vystudovala gymn\u00e1zium v\u00a0Nov\u00e9m M\u011bst\u011b na Morav\u011b a nyn\u00ed studuje Pedagogickou fakultu Univerzity Karlovy. Je \u010deskou silni\u010dn\u00ed \u0161ampionkou z\u00a0roku 2019 v hromadn\u00e9m z\u00e1vod\u011b, v\u00a0lo\u0148sk\u00e9m roce skon\u010dila na M\u010cR v\u00a0hromadn\u00e9m z\u00e1vod\u011b druh\u00e1. Posledn\u00ed dv\u011b sezony z\u00e1vodila za bikov\u00fd t\u00fdm \u010cesk\u00e9 spo\u0159itelny.<\/em><\/p>\n","protected":false},"excerpt":{"rendered":"<p>Vysn\u011bn\u00e9 anga\u017em\u00e1 m\u011blo hororov\u00fd \u00favod! Pouze p\u00e1r dn\u016f p\u0159ed prvn\u00edm spole\u010dn\u00fdm tr\u00e9ninkem s nov\u00fdmi kolegyn\u011bmi Terezu Neumanovou nedaleko \u0161pan\u011blsk\u00e9ho Calpe [&hellip;]<\/p>\n","protected":false},"author":137,"featured_media":11620,"comment_status":"open","ping_status":"open","sticky":false,"template":"","format":"standard","meta":{"footnotes":""},"categories":[5],"tags":[1459,126,56,9,1500,43],"global-categories":[411],"class_list":["post-11607","post","type-post","status-publish","format-standard","has-post-thumbnail","hentry","category-zeny","tag-burgos-alimenta","tag-cyklistika","tag-horska-cyklistika","tag-silnicni-cyklistika","tag-tereza-neumanova","tag-zeny","global-categories-cycling"],"yoast_head":"<!-- This site is optimized with the Yoast SEO Premium plugin v25.3 (Yoast SEO v25.9) - https:\/\/yoast.com\/wordpress\/plugins\/seo\/ -->\n<title>Tereza Neumanov\u00e1 o \u017eivotn\u00ed zm\u011bn\u011b: Na silnici se c\u00edt\u00edm p\u0159irozen\u011bji, biky m\u011b u\u017e ke konci hodn\u011b ub\u00edjely | \u0160koda We Love Cycling - \u010cesk\u00e1 republika<\/title>\n<meta name=\"description\" content=\"Tereza Neumannov\u00e1 se odhodlala k \u017eivotn\u00edmu p\u0159estupu, vym\u011bnila horsk\u00e1 kola za silni\u010dn\u00ed a nov\u011b obl\u00e9k\u00e1 dres \u0161pan\u011blsk\u00e9ho t\u00fdmu Burgos Alimenta.\" \/>\n<meta name=\"robots\" content=\"index, follow, max-snippet:-1, max-image-preview:large, max-video-preview:-1\" \/>\n<link rel=\"canonical\" href=\"https:\/\/www.welovecycling.com\/cs\/2021\/02\/08\/tereza-neumannova-o-zivotni-zmene-na-silnici-se-citim-prirozeneji-biky-me-uz-ke-konci-hodne-ubijely\/\" \/>\n<meta property=\"og:locale\" content=\"cs_CZ\" \/>\n<meta property=\"og:type\" content=\"article\" \/>\n<meta property=\"og:title\" content=\"Tereza Neumanov\u00e1 o \u017eivotn\u00ed zm\u011bn\u011b: Na silnici se c\u00edt\u00edm p\u0159irozen\u011bji, biky m\u011b u\u017e ke konci hodn\u011b ub\u00edjely\" \/>\n<meta property=\"og:description\" content=\"Tereza Neumannov\u00e1 se odhodlala k \u017eivotn\u00edmu p\u0159estupu, vym\u011bnila horsk\u00e1 kola za silni\u010dn\u00ed a nov\u011b obl\u00e9k\u00e1 dres \u0161pan\u011blsk\u00e9ho t\u00fdmu Burgos Alimenta.\" \/>\n<meta property=\"og:url\" content=\"https:\/\/www.welovecycling.com\/cs\/2021\/02\/08\/tereza-neumannova-o-zivotni-zmene-na-silnici-se-citim-prirozeneji-biky-me-uz-ke-konci-hodne-ubijely\/\" \/>\n<meta property=\"og:site_name\" content=\"\u0160koda We Love Cycling - \u010cesk\u00e1 republika\" \/>\n<meta property=\"article:published_time\" content=\"2021-02-08T05:00:07+00:00\" \/>\n<meta property=\"article:modified_time\" content=\"2021-03-14T21:12:40+00:00\" \/>\n<meta property=\"og:image\" content=\"https:\/\/d2p6e6u75xmxt8.cloudfront.net\/13\/2021\/02\/neumannova-tereza-DETAIL-scaled.webp\" \/>\n\t<meta property=\"og:image:width\" content=\"2560\" \/>\n\t<meta property=\"og:image:height\" content=\"1707\" \/>\n\t<meta property=\"og:image:type\" content=\"image\/webp\" \/>\n<meta name=\"author\" content=\"bartosek\" \/>\n<meta name=\"twitter:card\" content=\"summary_large_image\" \/>\n<meta name=\"twitter:label1\" content=\"Written by\" \/>\n\t<meta name=\"twitter:data1\" content=\"Marek Novotn\u00fd\" \/>\n\t<meta name=\"twitter:label2\" content=\"Est. reading time\" \/>\n\t<meta name=\"twitter:data2\" content=\"5\" \/>\n<script type=\"application\/ld+json\" class=\"yoast-schema-graph\">{\"@context\":\"https:\/\/schema.org\",\"@graph\":[{\"@type\":\"WebPage\",\"@id\":\"https:\/\/www.welovecycling.com\/cs\/2021\/02\/08\/tereza-neumannova-o-zivotni-zmene-na-silnici-se-citim-prirozeneji-biky-me-uz-ke-konci-hodne-ubijely\/\",\"url\":\"https:\/\/www.welovecycling.com\/cs\/2021\/02\/08\/tereza-neumannova-o-zivotni-zmene-na-silnici-se-citim-prirozeneji-biky-me-uz-ke-konci-hodne-ubijely\/\",\"name\":\"Tereza Neumanov\u00e1 o \u017eivotn\u00ed zm\u011bn\u011b: Na silnici se c\u00edt\u00edm p\u0159irozen\u011bji, biky m\u011b u\u017e ke konci hodn\u011b ub\u00edjely | \u0160koda We Love Cycling - \u010cesk\u00e1 republika\",\"isPartOf\":{\"@id\":\"https:\/\/www.welovecycling.com\/cs\/#website\"},\"primaryImageOfPage\":{\"@id\":\"https:\/\/www.welovecycling.com\/cs\/2021\/02\/08\/tereza-neumannova-o-zivotni-zmene-na-silnici-se-citim-prirozeneji-biky-me-uz-ke-konci-hodne-ubijely\/#primaryimage\"},\"image\":{\"@id\":\"https:\/\/www.welovecycling.com\/cs\/2021\/02\/08\/tereza-neumannova-o-zivotni-zmene-na-silnici-se-citim-prirozeneji-biky-me-uz-ke-konci-hodne-ubijely\/#primaryimage\"},\"thumbnailUrl\":\"https:\/\/d2p6e6u75xmxt8.cloudfront.net\/13\/2021\/02\/neumannova-tereza-DETAIL-scaled.webp\",\"datePublished\":\"2021-02-08T05:00:07+00:00\",\"dateModified\":\"2021-03-14T21:12:40+00:00\",\"author\":{\"@id\":\"https:\/\/www.welovecycling.com\/cs\/#\/schema\/person\/e1c6405fe3725f2ffb5db320c875ea31\"},\"description\":\"Tereza Neumannov\u00e1 se odhodlala k \u017eivotn\u00edmu p\u0159estupu, vym\u011bnila horsk\u00e1 kola za silni\u010dn\u00ed a nov\u011b obl\u00e9k\u00e1 dres \u0161pan\u011blsk\u00e9ho t\u00fdmu Burgos Alimenta.\",\"inLanguage\":\"cs\",\"potentialAction\":[{\"@type\":\"ReadAction\",\"target\":[\"https:\/\/www.welovecycling.com\/cs\/2021\/02\/08\/tereza-neumannova-o-zivotni-zmene-na-silnici-se-citim-prirozeneji-biky-me-uz-ke-konci-hodne-ubijely\/\"]}]},{\"@type\":\"ImageObject\",\"inLanguage\":\"cs\",\"@id\":\"https:\/\/www.welovecycling.com\/cs\/2021\/02\/08\/tereza-neumannova-o-zivotni-zmene-na-silnici-se-citim-prirozeneji-biky-me-uz-ke-konci-hodne-ubijely\/#primaryimage\",\"url\":\"https:\/\/d2p6e6u75xmxt8.cloudfront.net\/13\/2021\/02\/neumannova-tereza-DETAIL-scaled.webp\",\"contentUrl\":\"https:\/\/d2p6e6u75xmxt8.cloudfront.net\/13\/2021\/02\/neumannova-tereza-DETAIL-scaled.webp\",\"width\":2560,\"height\":1707},{\"@type\":\"WebSite\",\"@id\":\"https:\/\/www.welovecycling.com\/cs\/#website\",\"url\":\"https:\/\/www.welovecycling.com\/cs\/\",\"name\":\"\u0160koda We Love Cycling - \u010cesk\u00e1 republika\",\"description\":\"WeLoveCycling.cz je online magaz\u00edn, kter\u00fd v\u00e1m pravideln\u011b p\u0159in\u00e1\u0161\u00ed rady a tipy, zaj\u00edmav\u00e9 \u010dl\u00e1nky, videa a jedine\u010dn\u00e9 report\u00e1\u017ee ze sv\u011bta cyklistiky.\",\"potentialAction\":[{\"@type\":\"SearchAction\",\"target\":{\"@type\":\"EntryPoint\",\"urlTemplate\":\"https:\/\/www.welovecycling.com\/cs\/?s={search_term_string}\"},\"query-input\":{\"@type\":\"PropertyValueSpecification\",\"valueRequired\":true,\"valueName\":\"search_term_string\"}}],\"inLanguage\":\"cs\"},{\"@type\":\"Person\",\"@id\":\"https:\/\/www.welovecycling.com\/cs\/#\/schema\/person\/e1c6405fe3725f2ffb5db320c875ea31\",\"name\":\"bartosek\",\"image\":{\"@type\":\"ImageObject\",\"inLanguage\":\"cs\",\"@id\":\"https:\/\/www.welovecycling.com\/cs\/#\/schema\/person\/image\/\",\"url\":\"https:\/\/secure.gravatar.com\/avatar\/0e88996c3e5788daece0439a835b6439c171a42e3978ec00cfb1913dd71bef33?s=96&d=mm&r=g\",\"contentUrl\":\"https:\/\/secure.gravatar.com\/avatar\/0e88996c3e5788daece0439a835b6439c171a42e3978ec00cfb1913dd71bef33?s=96&d=mm&r=g\",\"caption\":\"bartosek\"},\"url\":\"https:\/\/www.welovecycling.com\/cs\/author\/bartosek\/\"}]}<\/script>\n<!-- \/ Yoast SEO Premium plugin. -->","yoast_head_json":{"title":"Tereza Neumanov\u00e1 o \u017eivotn\u00ed zm\u011bn\u011b: Na silnici se c\u00edt\u00edm p\u0159irozen\u011bji, biky m\u011b u\u017e ke konci hodn\u011b ub\u00edjely | \u0160koda We Love Cycling - \u010cesk\u00e1 republika","description":"Tereza Neumannov\u00e1 se odhodlala k \u017eivotn\u00edmu p\u0159estupu, vym\u011bnila horsk\u00e1 kola za silni\u010dn\u00ed a nov\u011b obl\u00e9k\u00e1 dres \u0161pan\u011blsk\u00e9ho t\u00fdmu Burgos Alimenta.","robots":{"index":"index","follow":"follow","max-snippet":"max-snippet:-1","max-image-preview":"max-image-preview:large","max-video-preview":"max-video-preview:-1"},"canonical":"https:\/\/www.welovecycling.com\/cs\/2021\/02\/08\/tereza-neumannova-o-zivotni-zmene-na-silnici-se-citim-prirozeneji-biky-me-uz-ke-konci-hodne-ubijely\/","og_locale":"cs_CZ","og_type":"article","og_title":"Tereza Neumanov\u00e1 o \u017eivotn\u00ed zm\u011bn\u011b: Na silnici se c\u00edt\u00edm p\u0159irozen\u011bji, biky m\u011b u\u017e ke konci hodn\u011b ub\u00edjely","og_description":"Tereza Neumannov\u00e1 se odhodlala k \u017eivotn\u00edmu p\u0159estupu, vym\u011bnila horsk\u00e1 kola za silni\u010dn\u00ed a nov\u011b obl\u00e9k\u00e1 dres \u0161pan\u011blsk\u00e9ho t\u00fdmu Burgos Alimenta.","og_url":"https:\/\/www.welovecycling.com\/cs\/2021\/02\/08\/tereza-neumannova-o-zivotni-zmene-na-silnici-se-citim-prirozeneji-biky-me-uz-ke-konci-hodne-ubijely\/","og_site_name":"\u0160koda We Love Cycling - \u010cesk\u00e1 republika","article_published_time":"2021-02-08T05:00:07+00:00","article_modified_time":"2021-03-14T21:12:40+00:00","og_image":[{"width":2560,"height":1707,"url":"https:\/\/d2p6e6u75xmxt8.cloudfront.net\/13\/2021\/02\/neumannova-tereza-DETAIL-scaled.webp","type":"image\/webp"}],"author":"bartosek","twitter_card":"summary_large_image","twitter_misc":{"Written by":"Marek Novotn\u00fd","Est. reading time":"5"},"schema":{"@context":"https:\/\/schema.org","@graph":[{"@type":"WebPage","@id":"https:\/\/www.welovecycling.com\/cs\/2021\/02\/08\/tereza-neumannova-o-zivotni-zmene-na-silnici-se-citim-prirozeneji-biky-me-uz-ke-konci-hodne-ubijely\/","url":"https:\/\/www.welovecycling.com\/cs\/2021\/02\/08\/tereza-neumannova-o-zivotni-zmene-na-silnici-se-citim-prirozeneji-biky-me-uz-ke-konci-hodne-ubijely\/","name":"Tereza Neumanov\u00e1 o \u017eivotn\u00ed zm\u011bn\u011b: Na silnici se c\u00edt\u00edm p\u0159irozen\u011bji, biky m\u011b u\u017e ke konci hodn\u011b ub\u00edjely | \u0160koda We Love Cycling - \u010cesk\u00e1 republika","isPartOf":{"@id":"https:\/\/www.welovecycling.com\/cs\/#website"},"primaryImageOfPage":{"@id":"https:\/\/www.welovecycling.com\/cs\/2021\/02\/08\/tereza-neumannova-o-zivotni-zmene-na-silnici-se-citim-prirozeneji-biky-me-uz-ke-konci-hodne-ubijely\/#primaryimage"},"image":{"@id":"https:\/\/www.welovecycling.com\/cs\/2021\/02\/08\/tereza-neumannova-o-zivotni-zmene-na-silnici-se-citim-prirozeneji-biky-me-uz-ke-konci-hodne-ubijely\/#primaryimage"},"thumbnailUrl":"https:\/\/d2p6e6u75xmxt8.cloudfront.net\/13\/2021\/02\/neumannova-tereza-DETAIL-scaled.webp","datePublished":"2021-02-08T05:00:07+00:00","dateModified":"2021-03-14T21:12:40+00:00","author":{"@id":"https:\/\/www.welovecycling.com\/cs\/#\/schema\/person\/e1c6405fe3725f2ffb5db320c875ea31"},"description":"Tereza Neumannov\u00e1 se odhodlala k \u017eivotn\u00edmu p\u0159estupu, vym\u011bnila horsk\u00e1 kola za silni\u010dn\u00ed a nov\u011b obl\u00e9k\u00e1 dres \u0161pan\u011blsk\u00e9ho t\u00fdmu Burgos Alimenta.","inLanguage":"cs","potentialAction":[{"@type":"ReadAction","target":["https:\/\/www.welovecycling.com\/cs\/2021\/02\/08\/tereza-neumannova-o-zivotni-zmene-na-silnici-se-citim-prirozeneji-biky-me-uz-ke-konci-hodne-ubijely\/"]}]},{"@type":"ImageObject","inLanguage":"cs","@id":"https:\/\/www.welovecycling.com\/cs\/2021\/02\/08\/tereza-neumannova-o-zivotni-zmene-na-silnici-se-citim-prirozeneji-biky-me-uz-ke-konci-hodne-ubijely\/#primaryimage","url":"https:\/\/d2p6e6u75xmxt8.cloudfront.net\/13\/2021\/02\/neumannova-tereza-DETAIL-scaled.webp","contentUrl":"https:\/\/d2p6e6u75xmxt8.cloudfront.net\/13\/2021\/02\/neumannova-tereza-DETAIL-scaled.webp","width":2560,"height":1707},{"@type":"WebSite","@id":"https:\/\/www.welovecycling.com\/cs\/#website","url":"https:\/\/www.welovecycling.com\/cs\/","name":"\u0160koda We Love Cycling - \u010cesk\u00e1 republika","description":"WeLoveCycling.cz je online magaz\u00edn, kter\u00fd v\u00e1m pravideln\u011b p\u0159in\u00e1\u0161\u00ed rady a tipy, zaj\u00edmav\u00e9 \u010dl\u00e1nky, videa a jedine\u010dn\u00e9 report\u00e1\u017ee ze sv\u011bta cyklistiky.","potentialAction":[{"@type":"SearchAction","target":{"@type":"EntryPoint","urlTemplate":"https:\/\/www.welovecycling.com\/cs\/?s={search_term_string}"},"query-input":{"@type":"PropertyValueSpecification","valueRequired":true,"valueName":"search_term_string"}}],"inLanguage":"cs"},{"@type":"Person","@id":"https:\/\/www.welovecycling.com\/cs\/#\/schema\/person\/e1c6405fe3725f2ffb5db320c875ea31","name":"bartosek","image":{"@type":"ImageObject","inLanguage":"cs","@id":"https:\/\/www.welovecycling.com\/cs\/#\/schema\/person\/image\/","url":"https:\/\/secure.gravatar.com\/avatar\/0e88996c3e5788daece0439a835b6439c171a42e3978ec00cfb1913dd71bef33?s=96&d=mm&r=g","contentUrl":"https:\/\/secure.gravatar.com\/avatar\/0e88996c3e5788daece0439a835b6439c171a42e3978ec00cfb1913dd71bef33?s=96&d=mm&r=g","caption":"bartosek"},"url":"https:\/\/www.welovecycling.com\/cs\/author\/bartosek\/"}]}},"_links":{"self":[{"href":"https:\/\/www.welovecycling.com\/cs\/wp-json\/wp\/v2\/posts\/11607","targetHints":{"allow":["GET"]}}],"collection":[{"href":"https:\/\/www.welovecycling.com\/cs\/wp-json\/wp\/v2\/posts"}],"about":[{"href":"https:\/\/www.welovecycling.com\/cs\/wp-json\/wp\/v2\/types\/post"}],"author":[{"embeddable":true,"href":"https:\/\/www.welovecycling.com\/cs\/wp-json\/wp\/v2\/users\/137"}],"replies":[{"embeddable":true,"href":"https:\/\/www.welovecycling.com\/cs\/wp-json\/wp\/v2\/comments?post=11607"}],"version-history":[{"count":2,"href":"https:\/\/www.welovecycling.com\/cs\/wp-json\/wp\/v2\/posts\/11607\/revisions"}],"predecessor-version":[{"id":11979,"href":"https:\/\/www.welovecycling.com\/cs\/wp-json\/wp\/v2\/posts\/11607\/revisions\/11979"}],"wp:featuredmedia":[{"embeddable":true,"href":"https:\/\/www.welovecycling.com\/cs\/wp-json\/wp\/v2\/media\/11620"}],"wp:attachment":[{"href":"https:\/\/www.welovecycling.com\/cs\/wp-json\/wp\/v2\/media?parent=11607"}],"wp:term":[{"taxonomy":"category","embeddable":true,"href":"https:\/\/www.welovecycling.com\/cs\/wp-json\/wp\/v2\/categories?post=11607"},{"taxonomy":"post_tag","embeddable":true,"href":"https:\/\/www.welovecycling.com\/cs\/wp-json\/wp\/v2\/tags?post=11607"},{"taxonomy":"global-categories","embeddable":true,"href":"https:\/\/www.welovecycling.com\/cs\/wp-json\/wp\/v2\/global-categories?post=11607"}],"curies":[{"name":"wp","href":"https:\/\/api.w.org\/{rel}","templated":true}]}}