{"id":11481,"date":"2021-01-29T07:00:24","date_gmt":"2021-01-29T05:00:24","guid":{"rendered":"https:\/\/www.welovecycling.com\/cs\/?p=11481"},"modified":"2021-01-28T12:36:17","modified_gmt":"2021-01-28T10:36:17","slug":"zmrzla-voda-netece-aneb-zimni-tipy-pro-prevoz-napoje","status":"publish","type":"post","link":"https:\/\/www.welovecycling.com\/cs\/2021\/01\/29\/zmrzla-voda-netece-aneb-zimni-tipy-pro-prevoz-napoje\/","title":{"rendered":"Zmrzl\u00e1 voda nete\u010de. Aneb zimn\u00ed tipy pro p\u0159evoz n\u00e1poje"},"content":{"rendered":"<p><strong>Cyklistika za n\u00edzk\u00fdch teplot neklade takov\u00e9 n\u00e1roky na dopl\u0148ov\u00e1n\u00ed tekutin jako letn\u00ed vedra, k nemal\u00fdm ztr\u00e1t\u00e1m vody p\u0159esto doch\u00e1z\u00ed. Na vin\u011b je nejen odpa\u0159ov\u00e1n\u00ed potu, ale tak\u00e9 t\u0159eba d\u00fdch\u00e1n\u00ed. Kdo se tedy vyd\u00e1v\u00e1 na del\u0161\u00ed zimn\u00ed vyj\u00ed\u017e\u010fky, m\u011bl by myslet na pitn\u00fd re\u017eim.<\/strong><\/p>\n<p><strong>\u00a0<\/strong>V zim\u011b ale p\u0159evoz tekutin mohou zkomplikovat n\u00edzk\u00e9 venkovn\u00ed teploty. Mnoha cyklist\u016fm ji\u017e znep\u0159\u00edjemnila j\u00edzdu nepo\u017eivateln\u00e1 ledov\u00e1 t\u0159\u00ed\u0161\u0165 v bidonu nebo t\u0159eba zamrzl\u00e1 hadi\u010dka vodn\u00edho vaku.<\/p>\n<p>Udr\u017een\u00ed optim\u00e1ln\u00ed teploty n\u00e1poje je ale podstatn\u00e9 tak\u00e9 ze zdravotn\u00edch d\u016fvod\u016f \u2013 konzumace p\u0159\u00edli\u0161 hork\u00fdch n\u00e1poj\u016f p\u0159edstavuje velk\u00fd teplotn\u00ed \u0161ok pro podchlazen\u00e9 sliznice, p\u0159\u00edli\u0161 studen\u00e9 n\u00e1poje zase zbyte\u010dn\u011b ochlazuj\u00ed ji\u017e tak zkou\u0161en\u00fd organismus. N\u00e1zory na ide\u00e1ln\u00ed teplotu se r\u016fzn\u00ed, obecn\u011b se pro n\u00e1poj pou\u017e\u00edvan\u00fd p\u0159i sportu ud\u00e1v\u00e1 jako ide\u00e1ln\u00ed rozsah 10\u201320 \u00b0C, v zim\u011b je p\u0159\u00edjemn\u011bj\u0161\u00ed dr\u017eet se okolo horn\u00ed hranice.<\/p>\n<h2><strong>Triky, kter\u00e9 zah\u0159ej\u00ed<\/strong><\/h2>\n<p>Chcete-li udr\u017eet n\u00e1poj d\u00e9le tepl\u00fd \u010di alespo\u0148 nezamrzl\u00fd, oh\u0159ejte jej. V po\u010d\u00e1te\u010dn\u00ed f\u00e1zi vyj\u00ed\u017e\u010fky se obejdete bez pit\u00ed a a\u017e nastane ide\u00e1ln\u00ed okam\u017eik, budete m\u00edt k dispozici n\u00e1poj v ide\u00e1ln\u00ed teplot\u011b.<\/p>\n<p>V \u017e\u00e1dn\u00e9m p\u0159\u00edpad\u011b to v\u0161ak neznamen\u00e1, \u017ee mus\u00edte p\u00edt pouze \u010daj, oh\u0159\u00e1t m\u016f\u017eete \u010distou vodu, iontov\u00fd n\u00e1poj, ovocn\u00fd d\u017eus a podobn\u011b. P\u0159ed volbou t\u00e9to strategie ale v\u017edy zkontrolujte doporu\u010den\u00ed v\u00fdrobce l\u00e1hve \u010di vaku (b\u011b\u017en\u011b b\u00fdv\u00e1 uvedeno). N\u011bkter\u00e9 plasty nejsou pro vysok\u00e9 teploty vhodn\u00e9, mohou ztr\u00e1cet tvar, ale tak\u00e9 uvol\u0148ovat ne\u017e\u00e1douc\u00ed l\u00e1tky.<\/p>\n<figure id=\"attachment_11485\" aria-describedby=\"caption-attachment-11485\" style=\"width: 1327px\" class=\"wp-caption alignnone\"><a href=\"https:\/\/d2p6e6u75xmxt8.cloudfront.net\/13\/2021\/01\/zimni-lahev-bidon.jpg\"><img loading=\"lazy\" decoding=\"async\" class=\"size-full wp-image-11485\" src=\"https:\/\/d2p6e6u75xmxt8.cloudfront.net\/13\/2021\/01\/zimni-lahev-bidon.jpg\" alt=\"Pitn\u00fd re\u017eim je v sedle kola t\u0159eba dodr\u017eovat i v zimn\u00edch m\u011bs\u00edc\u00edch. Ide\u00e1ln\u00ed jsou cyklistick\u00e9 termol\u00e1hve. Foto: Michal Sv\u00e1\u010dek3x)\" width=\"1327\" height=\"885\" \/><\/a><figcaption id=\"caption-attachment-11485\" class=\"wp-caption-text\"><em>Pitn\u00fd re\u017eim je v sedle kola t\u0159eba dodr\u017eovat i v zimn\u00edch m\u011bs\u00edc\u00edch. Ide\u00e1ln\u00ed jsou cyklistick\u00e9 termol\u00e1hve. Foto: Michal Sv\u00e1\u010dek (3x)<\/em><\/figcaption><\/figure>\n<p>Pot\u0159ebujete-li udr\u017eet teplotu n\u00e1poje d\u00e9le, p\u0159ev\u00e1\u017eejte jej ve v\u011bt\u0161\u00edm objemu. T\u0159i deci \u010daje promrznou rychleji ne\u017e litr. Obecn\u011b se p\u0159i v\u00fdb\u011bru zp\u016fsobu p\u0159evozu tekutiny zam\u011b\u0159te na snadnost \u00fadr\u017eby n\u00e1doby.<\/p>\n<p>Zimn\u00ed bidony \u010di termosky jsou obecn\u011b dra\u017e\u0161\u00ed ne\u017e letn\u00ed, a tak je \u0161koda vyhodit je po p\u00e1r pou\u017eit\u00edch kv\u016fli pl\u00edsni. S hygienou souvis\u00ed r\u016fzn\u00e9 zp\u016fsoby ochrany n\u00e1\u00fastku. V l\u00e9t\u011b jsou tyto kryty sp\u00ed\u0161e obt\u011b\u017euj\u00edc\u00ed, v zimn\u00edm marastu ale jejich slu\u017eby p\u0159ijdou vhod. Tyto chr\u00e1ni\u010de mohou nav\u00edc d\u00e1le zlep\u0161it izola\u010dn\u00ed vlastnosti produktu.<\/p>\n<h2><strong>Vyb\u00edr\u00e1me termobidon<\/strong><\/h2>\n<p>Nej\u010dast\u011bj\u0161\u00edm \u0159e\u0161en\u00edm, po kter\u00e9m cyklist\u00e9 sahaj\u00ed, je plastov\u00fd izolovan\u00fd bidon. Jde v podstat\u011b o klasickou cyklistickou l\u00e1hev, jen se dv\u011bma st\u011bnami, mezi nimi\u017e je um\u00edst\u011bn izola\u010dn\u00ed materi\u00e1l (p\u011bna, kovov\u00e1 f\u00f3lie, korek apod.). Jejich p\u0159ednost\u00ed je bezprobl\u00e9mov\u00e1 kompatibilita s ko\u0161\u00edky na r\u00e1mu a propracovan\u011bj\u0161\u00ed modely se chlub\u00ed i pohodln\u00fdmi \u0161irok\u00fdmi n\u00e1\u00fastky, kter\u00e9 spolu se snadnou deformac\u00ed l\u00e1hve zvy\u0161uj\u00ed komfort pit\u00ed.<\/p>\n<div class=\"shortcode-ys-post-pinup\"><article class=\"loop-simple post-11399 post type-post status-publish format-standard has-post-thumbnail hentry category-zdravi-a-trenink tag-bikefiting tag-cena-bikefitingu tag-cyklistika tag-horska-cyklistika tag-silnicni-cyklistika tag-zdravi-a-trenink global-categories-cycling\" data-postid=\"11399\" role=\"article\" data-post-id=\"11399\" data-word-count=\"532\" data-headline-length=\"43\" data-category=\"Zdrav\u00ed a tr\u00e9nink\" data-global-category=\"Cycling\" data-author=\"Kry\u0161tof Kopic\" data-published=\"2021-01-23T07:00:38+02:00\" data-published-day=\"Saturday\">\n    <div class=\"entry-thumbnail article-thumbnail\" content=\"https:\/\/d2p6e6u75xmxt8.cloudfront.net\/13\/2021\/01\/bikefiting-michal-cerveny-2-150x150.webp\"><a href=\"https:\/\/www.welovecycling.com\/cs\/2021\/01\/23\/bikefiting-do-sezony-s-posedem-od-profika\/\" class=\"image-holder\" target=\"_self\"><img decoding=\"async\" loading=\"lazy\" class=\"\" src=\"https:\/\/d2p6e6u75xmxt8.cloudfront.net\/13\/2021\/01\/bikefiting-michal-cerveny-2-1024x683.webp\" srcset=\"https:\/\/d2p6e6u75xmxt8.cloudfront.net\/13\/2021\/01\/bikefiting-michal-cerveny-2.webp 1600w, https:\/\/d2p6e6u75xmxt8.cloudfront.net\/13\/2021\/01\/bikefiting-michal-cerveny-2-300x200.webp 300w, https:\/\/d2p6e6u75xmxt8.cloudfront.net\/13\/2021\/01\/bikefiting-michal-cerveny-2-1024x683.webp 1024w, https:\/\/d2p6e6u75xmxt8.cloudfront.net\/13\/2021\/01\/bikefiting-michal-cerveny-2-768x512.webp 768w, https:\/\/d2p6e6u75xmxt8.cloudfront.net\/13\/2021\/01\/bikefiting-michal-cerveny-2-1536x1024.webp 1536w, https:\/\/d2p6e6u75xmxt8.cloudfront.net\/13\/2021\/01\/bikefiting-michal-cerveny-2-272x182.webp 272w\" width=\"1024\" height=\"683\" sizes=\"auto, (min-width: 1200px) 300px, (min-width: 768px) 25vw, 100vw\" alt=\"bikefiting-do-sezony-s-posedem-od-profika\"\/><\/a><\/div>    <div class=\"entry-meta\">\n        <a class=\"label label-secondary post-category\" href=\"https:\/\/www.welovecycling.com\/cs\/category\/zdravi-a-trenink\/\" title=\"Zdrav\u00ed a tr\u00e9nink\">Zdrav\u00ed a tr\u00e9nink<\/a>\n    <\/div>\n    <div class=\"entry-details\">\n        <a href=\"https:\/\/www.welovecycling.com\/cs\/2021\/01\/23\/bikefiting-do-sezony-s-posedem-od-profika\/\" class='entry-title-wrapper'>\n            <h3 class=\"entry-title\"><span>Bikefiting! Do sezony s posedem od prof\u00edka<\/span><\/h3>\n        <\/a>\n    <\/div>\n    <\/article>\n<\/div>\n<p>Nev\u00fdhodou je pro n\u011bkoho mal\u00fd obsah zpravidla do 0,5 litru (nezanedbateln\u00e1 \u010d\u00e1st objemu je ob\u011btov\u00e1na ve prosp\u011bch izolantu), ale p\u0159edev\u0161\u00edm kompromisn\u00ed izola\u010dn\u00ed vlastnosti. Napln\u00edte-li tyto bidony teplou tekutinou, vydr\u017e\u00ed po dobu n\u011bkolika hodin nezamrznout, ale ne\u010dekejte od nich tepl\u00fd \u010daj na konci celodenn\u00edho v\u00fdletu.<\/p>\n<p>Pokud je va\u0161\u00edm c\u00edlem maxim\u00e1ln\u00ed izolace, poohl\u00e9dn\u011bte se po vakuov\u00e9 termosce. Pro sportovn\u00ed vyu\u017eit\u00ed volte nerezovou, nikoli k\u0159ehkou sklen\u011bnou. Budete-li l\u00e1hev vozit v batohu a p\u00edt jen p\u0159i zast\u00e1vk\u00e1ch, posta\u010d\u00ed jak\u00fdkoli outdoorov\u00fd v\u00fdrobek.<\/p>\n<p><a href=\"https:\/\/d2p6e6u75xmxt8.cloudfront.net\/13\/2021\/01\/zimni-lahev-bidon-III.jpg\"><img loading=\"lazy\" decoding=\"async\" class=\"alignnone size-full wp-image-11484\" src=\"https:\/\/d2p6e6u75xmxt8.cloudfront.net\/13\/2021\/01\/zimni-lahev-bidon-III.jpg\" alt=\"\" width=\"1343\" height=\"895\" \/><\/a><\/p>\n<p>M\u00e1-li v\u0161ak termoska slou\u017eit i k ob\u010derstvov\u00e1n\u00ed za j\u00edzdy, vyberte n\u011bkter\u00fd z cyklistick\u00fdch model\u016f s rozm\u011bry p\u0159izp\u016fsoben\u00fdmi p\u0159evozu v ko\u0161\u00edku na l\u00e1hev (pr\u016fm\u011br okolo 75 mm) a se snadno ovladateln\u00fdm uz\u00e1v\u011brem.<\/p>\n<p>Obecnou nev\u00fdhodou termosek je vedle vy\u0161\u0161\u00ed ceny tak\u00e9 jejich tuh\u00e1 konstrukce \u2013 p\u0159i pit\u00ed je nelze zm\u00e1\u010dknout, tekutina tedy vyt\u00e9k\u00e1 o mnoho pomaleji ne\u017e z m\u011bkk\u00e9ho bidonu. Jejich bonusem je, vedle ji\u017e zm\u00edn\u011bn\u00e9 kvalitn\u00ed izolace, tak\u00e9 zdravotn\u00ed nez\u00e1vadnost, snadn\u00e1 \u00fadr\u017eba a dlouh\u00e1 \u017eivotnost nerezov\u00e9 oceli.<\/p>\n<h2><strong>Tipy pro pou\u017eit\u00ed vodn\u00edho rezervo\u00e1ru<\/strong><\/h2>\n<p>Zast\u00e1nci vodn\u00edch vak\u016f mohou p\u0159evoz n\u00e1poje v zim\u011b \u0159e\u0161it n\u011bkolika zp\u016fsoby. Ide\u00e1ln\u00ed teplotu lze zachovat um\u00edst\u011bn\u00edm rezervo\u00e1ru pod bundu. Zna\u010dka Camelbak nap\u0159\u00edklad je\u0161t\u011b ned\u00e1vno nab\u00edzela p\u0159\u00edmo spodn\u00ed triko s kapsou pro vak. Dnes u\u017e jej nevyr\u00e1b\u00ed, tak\u017ee nezb\u00fdv\u00e1 ne\u017e spol\u00e9hat na kombinaci mal\u00e9ho batohu a v\u011bt\u0161\u00ed bundy. Ani tak ale j\u00edzda s batohem pod bundou nen\u00ed pr\u00e1v\u011b pohodln\u00e1.<\/p>\n<div class=\"shortcode-ys-post-pinup\"><article class=\"loop-simple post-7611 post type-post status-publish format-standard has-post-thumbnail hentry category-rady-tipy category-zdravi-a-trenink tag-pitny-rezim-na-kole tag-pitny-rezim-pro-cyklisty tag-voda-a-cyklistika tag-vyziva global-categories-cycling\" data-postid=\"7611\" role=\"article\" data-post-id=\"7611\" data-word-count=\"294\" data-headline-length=\"45\" data-category=\"Zdrav\u00ed a tr\u00e9nink\" data-global-category=\"Cycling\" data-author=\"Ji\u0159\u00ed Kalo\u010d\" data-published=\"2020-06-09T07:50:57+02:00\" data-published-day=\"Tuesday\">\n    <div class=\"entry-thumbnail article-thumbnail\" content=\"https:\/\/d2p6e6u75xmxt8.cloudfront.net\/13\/2020\/04\/daniel-polman-pit\u00ed-bidon-150x150.webp\"><a href=\"https:\/\/www.welovecycling.com\/cs\/2020\/06\/09\/pitny-rezim-pro-cyklisty-kdy-staci-voda\/\" class=\"image-holder\" target=\"_self\"><img decoding=\"async\" loading=\"lazy\" class=\"\" src=\"https:\/\/d2p6e6u75xmxt8.cloudfront.net\/13\/2020\/04\/daniel-polman-pit\u00ed-bidon-1024x768.webp\" srcset=\"https:\/\/d2p6e6u75xmxt8.cloudfront.net\/13\/2020\/04\/daniel-polman-pit\u00ed-bidon.webp 1080w, https:\/\/d2p6e6u75xmxt8.cloudfront.net\/13\/2020\/04\/daniel-polman-pit\u00ed-bidon-300x225.webp 300w, https:\/\/d2p6e6u75xmxt8.cloudfront.net\/13\/2020\/04\/daniel-polman-pit\u00ed-bidon-1024x768.webp 1024w, https:\/\/d2p6e6u75xmxt8.cloudfront.net\/13\/2020\/04\/daniel-polman-pit\u00ed-bidon-768x576.webp 768w\" width=\"1024\" height=\"768\" sizes=\"auto, (min-width: 1200px) 300px, (min-width: 768px) 25vw, 100vw\" alt=\"pitny-rezim-pro-cyklisty-kdy-staci-voda\"\/><\/a><\/div>    <div class=\"entry-meta\">\n        <a class=\"label label-secondary post-category\" href=\"https:\/\/www.welovecycling.com\/cs\/category\/zdravi-a-trenink\/\" title=\"Zdrav\u00ed a tr\u00e9nink\">Zdrav\u00ed a tr\u00e9nink<\/a>\n    <\/div>\n    <div class=\"entry-details\">\n        <a href=\"https:\/\/www.welovecycling.com\/cs\/2020\/06\/09\/pitny-rezim-pro-cyklisty-kdy-staci-voda\/\" class='entry-title-wrapper'>\n            <h3 class=\"entry-title\"><span>Pitn\u00fd re\u017eim pro cyklisty. Kdy sta\u010d\u00ed voda?<\/span><\/h3>\n        <\/a>\n    <\/div>\n    <\/article>\n<\/div>\n<p>Zimn\u00ed Achillovou patou rezervo\u00e1r\u016f jsou hadi\u010dky, kde kv\u016fli mal\u00e9mu pr\u016fm\u011bru tekutina rychle zamrz\u00e1. Prochladnut\u00ed lze odd\u00e1lit r\u016fzn\u00fdmi izola\u010dn\u00edmi n\u00e1vleky a n\u011bkte\u0159\u00ed v\u00fdrobci nab\u00edz\u00ed p\u0159\u00edmo zimn\u00ed proveden\u00ed hadi\u010dky. Ani tyto ochrany ale neb\u00fdvaj\u00ed p\u0159\u00edli\u0161 efektivn\u00ed a n\u00e1poj \u010dasem zamrzne. Nej\u00fa\u010dinn\u011bj\u0161\u00edm trikem je vyfouknout po napit\u00ed tekutinu z hadi\u010dky zp\u00e1tky do vaku, kde k promrz\u00e1n\u00ed doch\u00e1z\u00ed a\u017e po v\u00fdrazn\u011b del\u0161\u00ed dob\u011b. N\u011bkte\u0159\u00ed jezdci tento postup kombinuj\u00ed je\u0161t\u011b s h\u0159ejiv\u00fdmi pol\u0161t\u00e1\u0159ky um\u00edst\u011bn\u00fdmi v batohu v bl\u00edzkosti rezervo\u00e1ru.<\/p>\n<h2>\u00a0<strong>V l\u00e9t\u011b podobn\u011b, jen naopak<\/strong><\/h2>\n<p>I kdy\u017e jsme \u010dl\u00e1nek v\u011bnovali pitn\u00e9mu re\u017eimu v zim\u011b, prakticky v\u0161echny uveden\u00e9 rady lze vyu\u017e\u00edt i v letn\u00edch vedrech. Tehdy je naopak p\u0159\u00edjemn\u00e9 vyr\u00e1\u017eet s ledovou t\u0159\u00ed\u0161t\u00ed v izolovan\u00e9m bidonu nebo vyfukovat n\u00e1poj z hadi\u010dky do vaku, abychom d\u00e9le udr\u017eeli p\u0159\u00edjemnou osv\u011b\u017euj\u00edc\u00ed teplotu.<\/p>\n","protected":false},"excerpt":{"rendered":"<p>Cyklistika za n\u00edzk\u00fdch teplot neklade takov\u00e9 n\u00e1roky na dopl\u0148ov\u00e1n\u00ed tekutin jako letn\u00ed vedra, k nemal\u00fdm ztr\u00e1t\u00e1m vody p\u0159esto doch\u00e1z\u00ed. Na [&hellip;]<\/p>\n","protected":false},"author":122,"featured_media":11483,"comment_status":"open","ping_status":"open","sticky":false,"template":"","format":"standard","meta":{"footnotes":""},"categories":[6],"tags":[126,56,268,9,1434,1435,17,67],"global-categories":[411],"class_list":["post-11481","post","type-post","status-publish","format-standard","has-post-thumbnail","hentry","category-zdravi-a-trenink","tag-cyklistika","tag-horska-cyklistika","tag-pitny-rezim","tag-silnicni-cyklistika","tag-termobidon","tag-termoska","tag-vyziva","tag-zdravi-a-trenink","global-categories-cycling"],"yoast_head":"<!-- This site is optimized with the Yoast SEO Premium plugin v25.3 (Yoast SEO v25.9) - https:\/\/yoast.com\/wordpress\/plugins\/seo\/ -->\n<title>Zmrzl\u00e1 voda nete\u010de. Aneb zimn\u00ed tipy pro p\u0159evoz n\u00e1poje | \u0160koda We Love Cycling - \u010cesk\u00e1 republika<\/title>\n<meta name=\"robots\" content=\"index, follow, max-snippet:-1, max-image-preview:large, max-video-preview:-1\" \/>\n<link rel=\"canonical\" href=\"https:\/\/www.welovecycling.com\/cs\/2021\/01\/29\/zmrzla-voda-netece-aneb-zimni-tipy-pro-prevoz-napoje\/\" \/>\n<meta property=\"og:locale\" content=\"cs_CZ\" \/>\n<meta property=\"og:type\" content=\"article\" \/>\n<meta property=\"og:title\" content=\"Zmrzl\u00e1 voda nete\u010de. Aneb zimn\u00ed tipy pro p\u0159evoz n\u00e1poje\" \/>\n<meta property=\"og:description\" content=\"Cyklistika za n\u00edzk\u00fdch teplot neklade takov\u00e9 n\u00e1roky na dopl\u0148ov\u00e1n\u00ed tekutin jako letn\u00ed vedra, k nemal\u00fdm ztr\u00e1t\u00e1m vody p\u0159esto doch\u00e1z\u00ed. Na [&hellip;]\" \/>\n<meta property=\"og:url\" content=\"https:\/\/www.welovecycling.com\/cs\/2021\/01\/29\/zmrzla-voda-netece-aneb-zimni-tipy-pro-prevoz-napoje\/\" \/>\n<meta property=\"og:site_name\" content=\"\u0160koda We Love Cycling - \u010cesk\u00e1 republika\" \/>\n<meta property=\"article:published_time\" content=\"2021-01-29T05:00:24+00:00\" \/>\n<meta property=\"og:image\" content=\"https:\/\/d2p6e6u75xmxt8.cloudfront.net\/13\/2021\/01\/zimni-lahev-bidon-II.webp\" \/>\n\t<meta property=\"og:image:width\" content=\"981\" \/>\n\t<meta property=\"og:image:height\" content=\"654\" \/>\n\t<meta property=\"og:image:type\" content=\"image\/webp\" \/>\n<meta name=\"twitter:card\" content=\"summary_large_image\" \/>\n<meta name=\"twitter:label1\" content=\"Written by\" \/>\n\t<meta name=\"twitter:data1\" content=\"Ji\u0159\u00ed Kalo\u010d\" \/>\n\t<meta name=\"twitter:label2\" content=\"Est. reading time\" \/>\n\t<meta name=\"twitter:data2\" content=\"4\" \/>\n<script type=\"application\/ld+json\" class=\"yoast-schema-graph\">{\"@context\":\"https:\/\/schema.org\",\"@graph\":[{\"@type\":\"WebPage\",\"@id\":\"https:\/\/www.welovecycling.com\/cs\/2021\/01\/29\/zmrzla-voda-netece-aneb-zimni-tipy-pro-prevoz-napoje\/\",\"url\":\"https:\/\/www.welovecycling.com\/cs\/2021\/01\/29\/zmrzla-voda-netece-aneb-zimni-tipy-pro-prevoz-napoje\/\",\"name\":\"Zmrzl\u00e1 voda nete\u010de. Aneb zimn\u00ed tipy pro p\u0159evoz n\u00e1poje | \u0160koda We Love Cycling - \u010cesk\u00e1 republika\",\"isPartOf\":{\"@id\":\"https:\/\/www.welovecycling.com\/cs\/#website\"},\"primaryImageOfPage\":{\"@id\":\"https:\/\/www.welovecycling.com\/cs\/2021\/01\/29\/zmrzla-voda-netece-aneb-zimni-tipy-pro-prevoz-napoje\/#primaryimage\"},\"image\":{\"@id\":\"https:\/\/www.welovecycling.com\/cs\/2021\/01\/29\/zmrzla-voda-netece-aneb-zimni-tipy-pro-prevoz-napoje\/#primaryimage\"},\"thumbnailUrl\":\"https:\/\/d2p6e6u75xmxt8.cloudfront.net\/13\/2021\/01\/zimni-lahev-bidon-II.webp\",\"datePublished\":\"2021-01-29T05:00:24+00:00\",\"author\":{\"@id\":\"\"},\"inLanguage\":\"cs\",\"potentialAction\":[{\"@type\":\"ReadAction\",\"target\":[\"https:\/\/www.welovecycling.com\/cs\/2021\/01\/29\/zmrzla-voda-netece-aneb-zimni-tipy-pro-prevoz-napoje\/\"]}]},{\"@type\":\"ImageObject\",\"inLanguage\":\"cs\",\"@id\":\"https:\/\/www.welovecycling.com\/cs\/2021\/01\/29\/zmrzla-voda-netece-aneb-zimni-tipy-pro-prevoz-napoje\/#primaryimage\",\"url\":\"https:\/\/d2p6e6u75xmxt8.cloudfront.net\/13\/2021\/01\/zimni-lahev-bidon-II.webp\",\"contentUrl\":\"https:\/\/d2p6e6u75xmxt8.cloudfront.net\/13\/2021\/01\/zimni-lahev-bidon-II.webp\",\"width\":981,\"height\":654,\"caption\":\"Bidon, respektive l\u00e1hev na pit\u00ed, m\u016f\u017ee m\u00edt mnoho podob.\"},{\"@type\":\"WebSite\",\"@id\":\"https:\/\/www.welovecycling.com\/cs\/#website\",\"url\":\"https:\/\/www.welovecycling.com\/cs\/\",\"name\":\"\u0160koda We Love Cycling - \u010cesk\u00e1 republika\",\"description\":\"WeLoveCycling.cz je online magaz\u00edn, kter\u00fd v\u00e1m pravideln\u011b p\u0159in\u00e1\u0161\u00ed rady a tipy, zaj\u00edmav\u00e9 \u010dl\u00e1nky, videa a jedine\u010dn\u00e9 report\u00e1\u017ee ze sv\u011bta cyklistiky.\",\"potentialAction\":[{\"@type\":\"SearchAction\",\"target\":{\"@type\":\"EntryPoint\",\"urlTemplate\":\"https:\/\/www.welovecycling.com\/cs\/?s={search_term_string}\"},\"query-input\":{\"@type\":\"PropertyValueSpecification\",\"valueRequired\":true,\"valueName\":\"search_term_string\"}}],\"inLanguage\":\"cs\"},{\"@type\":\"Person\",\"@id\":\"\",\"url\":\"https:\/\/www.welovecycling.com\/cs\/author\/\"}]}<\/script>\n<!-- \/ Yoast SEO Premium plugin. -->","yoast_head_json":{"title":"Zmrzl\u00e1 voda nete\u010de. Aneb zimn\u00ed tipy pro p\u0159evoz n\u00e1poje | \u0160koda We Love Cycling - \u010cesk\u00e1 republika","robots":{"index":"index","follow":"follow","max-snippet":"max-snippet:-1","max-image-preview":"max-image-preview:large","max-video-preview":"max-video-preview:-1"},"canonical":"https:\/\/www.welovecycling.com\/cs\/2021\/01\/29\/zmrzla-voda-netece-aneb-zimni-tipy-pro-prevoz-napoje\/","og_locale":"cs_CZ","og_type":"article","og_title":"Zmrzl\u00e1 voda nete\u010de. Aneb zimn\u00ed tipy pro p\u0159evoz n\u00e1poje","og_description":"Cyklistika za n\u00edzk\u00fdch teplot neklade takov\u00e9 n\u00e1roky na dopl\u0148ov\u00e1n\u00ed tekutin jako letn\u00ed vedra, k nemal\u00fdm ztr\u00e1t\u00e1m vody p\u0159esto doch\u00e1z\u00ed. Na [&hellip;]","og_url":"https:\/\/www.welovecycling.com\/cs\/2021\/01\/29\/zmrzla-voda-netece-aneb-zimni-tipy-pro-prevoz-napoje\/","og_site_name":"\u0160koda We Love Cycling - \u010cesk\u00e1 republika","article_published_time":"2021-01-29T05:00:24+00:00","og_image":[{"width":981,"height":654,"url":"https:\/\/d2p6e6u75xmxt8.cloudfront.net\/13\/2021\/01\/zimni-lahev-bidon-II.webp","type":"image\/webp"}],"twitter_card":"summary_large_image","twitter_misc":{"Written by":"Ji\u0159\u00ed Kalo\u010d","Est. reading time":"4"},"schema":{"@context":"https:\/\/schema.org","@graph":[{"@type":"WebPage","@id":"https:\/\/www.welovecycling.com\/cs\/2021\/01\/29\/zmrzla-voda-netece-aneb-zimni-tipy-pro-prevoz-napoje\/","url":"https:\/\/www.welovecycling.com\/cs\/2021\/01\/29\/zmrzla-voda-netece-aneb-zimni-tipy-pro-prevoz-napoje\/","name":"Zmrzl\u00e1 voda nete\u010de. Aneb zimn\u00ed tipy pro p\u0159evoz n\u00e1poje | \u0160koda We Love Cycling - \u010cesk\u00e1 republika","isPartOf":{"@id":"https:\/\/www.welovecycling.com\/cs\/#website"},"primaryImageOfPage":{"@id":"https:\/\/www.welovecycling.com\/cs\/2021\/01\/29\/zmrzla-voda-netece-aneb-zimni-tipy-pro-prevoz-napoje\/#primaryimage"},"image":{"@id":"https:\/\/www.welovecycling.com\/cs\/2021\/01\/29\/zmrzla-voda-netece-aneb-zimni-tipy-pro-prevoz-napoje\/#primaryimage"},"thumbnailUrl":"https:\/\/d2p6e6u75xmxt8.cloudfront.net\/13\/2021\/01\/zimni-lahev-bidon-II.webp","datePublished":"2021-01-29T05:00:24+00:00","author":{"@id":""},"inLanguage":"cs","potentialAction":[{"@type":"ReadAction","target":["https:\/\/www.welovecycling.com\/cs\/2021\/01\/29\/zmrzla-voda-netece-aneb-zimni-tipy-pro-prevoz-napoje\/"]}]},{"@type":"ImageObject","inLanguage":"cs","@id":"https:\/\/www.welovecycling.com\/cs\/2021\/01\/29\/zmrzla-voda-netece-aneb-zimni-tipy-pro-prevoz-napoje\/#primaryimage","url":"https:\/\/d2p6e6u75xmxt8.cloudfront.net\/13\/2021\/01\/zimni-lahev-bidon-II.webp","contentUrl":"https:\/\/d2p6e6u75xmxt8.cloudfront.net\/13\/2021\/01\/zimni-lahev-bidon-II.webp","width":981,"height":654,"caption":"Bidon, respektive l\u00e1hev na pit\u00ed, m\u016f\u017ee m\u00edt mnoho podob."},{"@type":"WebSite","@id":"https:\/\/www.welovecycling.com\/cs\/#website","url":"https:\/\/www.welovecycling.com\/cs\/","name":"\u0160koda We Love Cycling - \u010cesk\u00e1 republika","description":"WeLoveCycling.cz je online magaz\u00edn, kter\u00fd v\u00e1m pravideln\u011b p\u0159in\u00e1\u0161\u00ed rady a tipy, zaj\u00edmav\u00e9 \u010dl\u00e1nky, videa a jedine\u010dn\u00e9 report\u00e1\u017ee ze sv\u011bta cyklistiky.","potentialAction":[{"@type":"SearchAction","target":{"@type":"EntryPoint","urlTemplate":"https:\/\/www.welovecycling.com\/cs\/?s={search_term_string}"},"query-input":{"@type":"PropertyValueSpecification","valueRequired":true,"valueName":"search_term_string"}}],"inLanguage":"cs"},{"@type":"Person","@id":"","url":"https:\/\/www.welovecycling.com\/cs\/author\/"}]}},"_links":{"self":[{"href":"https:\/\/www.welovecycling.com\/cs\/wp-json\/wp\/v2\/posts\/11481","targetHints":{"allow":["GET"]}}],"collection":[{"href":"https:\/\/www.welovecycling.com\/cs\/wp-json\/wp\/v2\/posts"}],"about":[{"href":"https:\/\/www.welovecycling.com\/cs\/wp-json\/wp\/v2\/types\/post"}],"author":[{"embeddable":true,"href":"https:\/\/www.welovecycling.com\/cs\/wp-json\/wp\/v2\/users\/122"}],"replies":[{"embeddable":true,"href":"https:\/\/www.welovecycling.com\/cs\/wp-json\/wp\/v2\/comments?post=11481"}],"version-history":[{"count":2,"href":"https:\/\/www.welovecycling.com\/cs\/wp-json\/wp\/v2\/posts\/11481\/revisions"}],"predecessor-version":[{"id":11488,"href":"https:\/\/www.welovecycling.com\/cs\/wp-json\/wp\/v2\/posts\/11481\/revisions\/11488"}],"wp:featuredmedia":[{"embeddable":true,"href":"https:\/\/www.welovecycling.com\/cs\/wp-json\/wp\/v2\/media\/11483"}],"wp:attachment":[{"href":"https:\/\/www.welovecycling.com\/cs\/wp-json\/wp\/v2\/media?parent=11481"}],"wp:term":[{"taxonomy":"category","embeddable":true,"href":"https:\/\/www.welovecycling.com\/cs\/wp-json\/wp\/v2\/categories?post=11481"},{"taxonomy":"post_tag","embeddable":true,"href":"https:\/\/www.welovecycling.com\/cs\/wp-json\/wp\/v2\/tags?post=11481"},{"taxonomy":"global-categories","embeddable":true,"href":"https:\/\/www.welovecycling.com\/cs\/wp-json\/wp\/v2\/global-categories?post=11481"}],"curies":[{"name":"wp","href":"https:\/\/api.w.org\/{rel}","templated":true}]}}