{"id":11477,"date":"2021-01-28T07:00:29","date_gmt":"2021-01-28T05:00:29","guid":{"rendered":"https:\/\/www.welovecycling.com\/cs\/?p=11477"},"modified":"2021-01-27T17:21:30","modified_gmt":"2021-01-27T15:21:30","slug":"michael-boros-muj-cyklokros-ted-neni-zadna-hitparada-ale-porad-verim-ze-to-zlomim","status":"publish","type":"post","link":"https:\/\/www.welovecycling.com\/cs\/2021\/01\/28\/michael-boros-muj-cyklokros-ted-neni-zadna-hitparada-ale-porad-verim-ze-to-zlomim\/","title":{"rendered":"Michael Boro\u0161: M\u016fj cyklokros te\u010f nen\u00ed \u017e\u00e1dn\u00e1 hitpar\u00e1da"},"content":{"rendered":"<p><strong>Michael Boro\u0161 pat\u0159\u00ed mezi st\u00e1lice \u010desk\u00e9ho cyklokrosu. P\u0159ed p\u00e1r dny obl\u00e9kl u\u017e po\u010dtvrt\u00e9 dres mistra republiky v elitn\u00ed kategorii, vyhr\u00e1l dom\u00e1c\u00ed poh\u00e1r, ale na mezin\u00e1rodn\u00ed sc\u00e9n\u011b borec \u010cEZ Cyklo Teamu T\u00e1bor v sezon\u011b zat\u00edm t\u00e1pe. Z\u00e1vodn\u00edk, kter\u00fd v souboji se sv\u011btovou elitou zajet i do top 10 a \u010dty\u0159i roky p\u016fsobil v elitn\u00edch belgick\u00fdch t\u00fdmech, najednou kon\u010d\u00ed hluboko v poli pora\u017een\u00fdch.<\/strong><\/p>\n<h2><strong>V leto\u0161n\u00ed sezon\u011b v\u00e1m radost ud\u011blal asi jen \u010desk\u00fd titul, \u017ee?<\/strong><\/h2>\n<p>Je to tak. To byl samoz\u0159ejm\u011b c\u00edl, jsem za n\u011bj moc r\u00e1d, ale bral jsem ho jako nepsanou povinnost. Jinak m\u016fj cyklokros nen\u00ed \u017e\u00e1dn\u00e1 hitpar\u00e1da a nic nevych\u00e1zelo, jak bych cht\u011bl.<\/p>\n<h2><strong>\u00a0<\/strong><strong>Pro\u010d to ne\u0161lo?<\/strong><\/h2>\n<p>To kdybych p\u0159esn\u011b v\u011bd\u011bl&#8230; M\u011bl jsem n\u011bjak\u00e9 zdravotn\u00ed probl\u00e9my, ale nechci se na to \u00fapln\u011b vymlouvat. Tr\u00e9noval jsem norm\u00e1ln\u011b, po\u0159\u00e1d na sto procent, ale t\u011blo se n\u011bjak pralo a nohy nejely, jak bych cht\u011bl. V tr\u00e9ninku jsem ur\u010dit\u011b nic neo\u0161idil, d\u011bl\u00e1m v\u0161echno jako ti nejlep\u0161\u00ed. Douf\u00e1m, \u017ee se to zase zlom\u00ed a p\u0159\u00ed\u0161t\u00ed sezonu m\u011b to nakopne v\u00fd\u0161.<\/p>\n<h2><strong>Nepropadal jste u\u017e trochu \u010dern\u00fdm my\u0161lenk\u00e1m?<\/strong><\/h2>\n<p>Tak jasn\u011b, \u017ee to \u010dlov\u011bka \u0161tve a po\u0159\u00e1d p\u0159em\u00fd\u0161l\u00ed, pro\u010d se neda\u0159\u00ed. Nav\u00edc sl\u00fdch\u00e1m hlasy r\u016fzn\u00fdch lid\u00ed&#8230; Skoro ka\u017ed\u00fd je chytr\u00fd a je snadn\u00e9 \u0159\u00edct, jak d\u011bl\u00e1m v\u0161echno blb\u011b. Jen\u017ee ono tomu tak nen\u00ed. J\u00e1 cyklokrosu d\u00e1v\u00e1m fakt maximum, ale nejde to. Situaci \u0159e\u0161\u00edme skoro denn\u011b s tren\u00e9rem Michalem Bedn\u00e1\u0159em. Tr\u00e9ninkov\u00e1 \u010d\u00edsla jsou dobr\u00e1 a podle nich bych m\u011bl b\u00fdt v z\u00e1vod\u011b jinde. Ale kdy\u017e p\u0159ijedu na z\u00e1vody, kde jsou ti nejlep\u0161\u00ed, jsou \u00fapln\u011b n\u011bkde jinde jen oni.<\/p>\n<h2><strong>Je hodn\u011b frustruj\u00edc\u00ed, kdy\u017e z\u00e1vodn\u00edk va\u0161eho kalibru kon\u010d\u00ed ve sv\u011btov\u00e9m poh\u00e1ru ve t\u0159et\u00ed des\u00edtce?<\/strong><\/h2>\n<p>To je. P\u0159itom u\u017e jsem dok\u00e1zal b\u00fdt ve sv\u011b\u0165\u00e1ku i sedm\u00fd (<em>v roce 2018 v\u00a0Nommay &#8211; pozn. aut.<\/em>), ale letos je to hodn\u011b za o\u010dek\u00e1v\u00e1n\u00edm. P\u0159edstavoval jsem si \u00fapln\u011b jin\u00e9 v\u00fdsledky.<\/p>\n<figure id=\"attachment_11415\" aria-describedby=\"caption-attachment-11415\" style=\"width: 1920px\" class=\"wp-caption alignnone\"><a href=\"https:\/\/d2p6e6u75xmxt8.cloudfront.net\/13\/2021\/01\/cyklokros-boros-michal-cerveny.jpg\"><img loading=\"lazy\" decoding=\"async\" class=\"size-extra-large wp-image-11415\" src=\"https:\/\/d2p6e6u75xmxt8.cloudfront.net\/13\/2021\/01\/cyklokros-boros-michal-cerveny-1920x1280.jpg\" alt=\"Michael Boro\u0161 je nejlep\u0161\u00edm z \u010desk\u00fdch cyklokrosov\u00fdch reprezentant\u016f. Foto: Michal \u010cerven\u00fd\" width=\"1920\" height=\"1280\" \/><\/a><figcaption id=\"caption-attachment-11415\" class=\"wp-caption-text\"><em>Michael Boro\u0161, \u010desk\u00fd cyklokrosov\u00fd reprezentant, kter\u00fd p\u0159ed p\u00e1r dny z\u00edskal u\u017e \u010dtvrt\u00fd titul tuzemsk\u00e9ho \u0161ampiona. Foto: Michal \u010cerven\u00fd<\/em><\/figcaption><\/figure>\n<h2><strong>Tak\u017ee u\u017e vyhl\u00ed\u017e\u00edte konec sezony?<\/strong><\/h2>\n<p>Docela jo. Te\u010f je\u0161t\u011b zkus\u00edm zmobilizovat v\u0161echny s\u00edly na mistrovstv\u00ed sv\u011bta, pak si oraz\u00edm, vy\u010dist\u00edm hlavu a za\u010dnu pl\u00e1novat dal\u0161\u00ed sezonu. Chu\u0165 m\u00e1m po\u0159\u00e1d velkou a t\u011b\u0161\u00edm se, co p\u0159ijde.<\/p>\n<h2><strong>Budete pokra\u010dovat v\u00a0t\u00e1borsk\u00e9m t\u00fdmu?<\/strong><\/h2>\n<p>Novou smlouvu zat\u00edm bohu\u017eel nem\u00e1m, ale po mistrovstv\u00ed sv\u011bta to budeme \u0159e\u0161it. R\u00e1d bych z\u016fstal, na \u010desk\u00e9 pom\u011bry m\u00e1me hodn\u011b dobr\u00e9 podm\u00ednky. A nav\u00edc je zde vidina mistrovstv\u00ed sv\u011bta v T\u00e1bo\u0159e 2024. To m\u011b hodn\u011b l\u00e1k\u00e1.<\/p>\n<h2><strong>\u010cty\u0159i roky jste p\u016fsobil v\u00a0elitn\u00edch belgick\u00fdch t\u00fdmech. Nebyla mo\u017enost tam pokra\u010dovat?<\/strong><\/h2>\n<p>Bohu\u017eel ne. V t\u00fdmu, kde jsem naposledy p\u016fsobil, vypadl ze dne na den jeden hlavn\u00ed sponzor. M\u011bl jsem j\u00edt akor\u00e1t podepsat smlouvu na dal\u0161\u00ed rok a \u0159ekli mi, \u017ee pro m\u011b kv\u016fli odchodu sponzora nemaj\u00ed m\u00edsto. Bylo to hodn\u011b frustruj\u00edc\u00ed, m\u011bl jsem t\u00fdden do za\u010d\u00e1tku volna.<\/p>\n<h2><strong>\u0158\u00edk\u00e1 se, \u017ee kdo chce v\u00a0krosu n\u011bco dok\u00e1zat, mus\u00ed b\u00fdt v\u00a0Belgii. Je to pravda?<\/strong><\/h2>\n<p>Stoprocentn\u011b. Hlavn\u011b t\u00fdden co t\u00fdden z\u00e1vodit s\u00a0t\u011bmi nejlep\u0161\u00edmi. To se prost\u011b ned\u00e1 nikde natr\u00e9novat. Je to n\u011bco jin\u00e9ho, ne\u017e kdy\u017e se s\u00a0nimi potk\u00e1te jednou za m\u011bs\u00edc.<\/p>\n<div class=\"shortcode-ys-post-pinup\"><article class=\"loop-simple post-11446 post type-post status-publish format-standard has-post-thumbnail hentry category-cyklokros tag-cyklistika tag-cyklokros tag-mathieu-van-der-poel tag-ms-oostende-2021 tag-ms-v-cyklokrosu-2021 tag-wout-van-aert global-categories-cycling\" data-postid=\"11446\" role=\"article\" data-post-id=\"11446\" data-word-count=\"590\" data-headline-length=\"91\" data-category=\"Cyklokros\" data-global-category=\"Cycling\" data-author=\"Jan Kr\u016fta\" data-published=\"2021-01-26T09:12:15+02:00\" data-published-day=\"Tuesday\">\n    <div class=\"entry-thumbnail article-thumbnail\" content=\"https:\/\/d2p6e6u75xmxt8.cloudfront.net\/13\/2021\/01\/Wout-van-Aert-michal-cerveny-150x150.webp\"><a href=\"https:\/\/www.welovecycling.com\/cs\/2021\/01\/26\/wout-van-aert-vs-mathieu-van-der-poel-sest-let-trvajici-bitva-titanu-hleda-viteze\/\" class=\"image-holder\" target=\"_self\"><img decoding=\"async\" loading=\"lazy\" class=\"\" src=\"https:\/\/d2p6e6u75xmxt8.cloudfront.net\/13\/2021\/01\/Wout-van-Aert-michal-cerveny-1024x682.webp\" srcset=\"https:\/\/d2p6e6u75xmxt8.cloudfront.net\/13\/2021\/01\/Wout-van-Aert-michal-cerveny.webp 2000w, https:\/\/d2p6e6u75xmxt8.cloudfront.net\/13\/2021\/01\/Wout-van-Aert-michal-cerveny-300x200.webp 300w, https:\/\/d2p6e6u75xmxt8.cloudfront.net\/13\/2021\/01\/Wout-van-Aert-michal-cerveny-1024x682.webp 1024w, https:\/\/d2p6e6u75xmxt8.cloudfront.net\/13\/2021\/01\/Wout-van-Aert-michal-cerveny-768x512.webp 768w, https:\/\/d2p6e6u75xmxt8.cloudfront.net\/13\/2021\/01\/Wout-van-Aert-michal-cerveny-1536x1024.webp 1536w, https:\/\/d2p6e6u75xmxt8.cloudfront.net\/13\/2021\/01\/Wout-van-Aert-michal-cerveny-1920x1280.webp 1920w, https:\/\/d2p6e6u75xmxt8.cloudfront.net\/13\/2021\/01\/Wout-van-Aert-michal-cerveny-272x182.webp 272w, https:\/\/d2p6e6u75xmxt8.cloudfront.net\/13\/2021\/01\/Wout-van-Aert-michal-cerveny-1920x1280.webp 1920w\" width=\"1024\" height=\"682\" sizes=\"auto, (min-width: 1200px) 300px, (min-width: 768px) 25vw, 100vw\" alt=\"wout-van-aert-vs-mathieu-van-der-poel-sest-let-trvajici-bitva-titanu-hleda-viteze\"\/><\/a><\/div>    <div class=\"entry-meta\">\n        <a class=\"label label-secondary post-category\" href=\"https:\/\/www.welovecycling.com\/cs\/category\/cyklokros\/\" title=\"Cyklokros\">Cyklokros<\/a>\n    <\/div>\n    <div class=\"entry-details\">\n        <a href=\"https:\/\/www.welovecycling.com\/cs\/2021\/01\/26\/wout-van-aert-vs-mathieu-van-der-poel-sest-let-trvajici-bitva-titanu-hleda-viteze\/\" class='entry-title-wrapper'>\n            <h3 class=\"entry-title\"><span>Wout van Aert vs. Mathieu van der Poel! \u0160est let trvaj\u00edc\u00ed bitva tit\u00e1n\u016f hled\u00e1 v\u00edt\u011bze<\/span><\/h3>\n        <\/a>\n    <\/div>\n    <\/article>\n<\/div>\n<h2><strong>Je pro v\u00e1s nyn\u00ed obt\u00ed\u017en\u011bj\u0161\u00ed se dostat na nejlep\u0161\u00ed z\u00e1vody do Belgie, kdy\u017e nem\u00e1te takov\u00e9 v\u00fdsledky?<\/strong><\/h2>\n<p>Na n\u011bjak\u00e9 jsem se dostal, ale v covidov\u00e9 sezon\u011b je v\u0161echno finan\u010dn\u011b hodn\u011b o\u0159ezan\u00e9. Oni zaplat\u00ed ty nejlep\u0161\u00ed, ale lidem, jako jsem j\u00e1, nedaj\u00ed skoro nic. No, a kdy\u017e nejedu o \u010deln\u00ed p\u0159\u00ed\u010dky, tak si ani nic nevyd\u011bl\u00e1m na prize money. Tak\u017ee kdy\u017e to spo\u010d\u00edt\u00e1m, jsem za ka\u017ed\u00fd takov\u00fd z\u00e1vod v minusu a nepokryje mi to ani cestovn\u00ed n\u00e1klady.\u00a0 No a pak v\u0161ichni \u0159\u00edkaj\u00ed, \u017ee jedin\u00e1 cesta je po\u0159\u00e1d z\u00e1vodit v Belgii. Ale ono to nen\u00ed snadn\u00e9. Nejde jen o cestu, ale mus\u00edte m\u00edt n\u011bjakou dod\u00e1vku, mechanika&#8230; Stoj\u00ed to hrozn\u011b pen\u011bz.<\/p>\n<h2><strong>Je \u0161ance na zm\u011bnu?<\/strong><\/h2>\n<p>Je to tro\u0161ku za\u010darovan\u00fd kruh. V \u010cesku nejsou podm\u00ednky, abych mohl jezdit ka\u017ed\u00fd t\u00fdden do Belgie. Nav\u00edc je \u010dlov\u011bk v\u00e1zan\u00fd i jin\u00fdmi z\u00e1vody.<\/p>\n<h2><strong>Nem\u00e1te strach o \u010desk\u00fd cyklokros, kter\u00fd na tom nyn\u00ed nen\u00ed moc dob\u0159e?<\/strong><\/h2>\n<p>Nevid\u011bl bych to \u00fapln\u011b tragicky. Jsou zde \u0161ikovn\u00ed junio\u0159i jako t\u0159eba Mat\u011bj Str\u00e1nsk\u00fd, ale je velk\u00e1 \u0161koda, \u017ee letos kv\u016fli covidu nemaj\u00ed skoro \u017e\u00e1dnou mo\u017enost konfrontace s nejlep\u0161\u00edmi. Ani na mistrovstv\u00ed sv\u011bta nejedou. P\u0159itom zrovna Mat\u011bj se mohl uk\u00e1zat a t\u0159eba by dostal \u0161anci v n\u011bjak\u00e9m belgick\u00e9m t\u00fdmu.<\/p>\n<h2><strong>V ned\u011bli vyvrchol\u00ed sezona z\u00e1vodem elity na mistrovstv\u00ed sv\u011bta v belgick\u00e9m Ostende. Na co si trouf\u00e1te?<\/strong><\/h2>\n<p>Chci ze sebe vym\u00e1\u010dknout \u00fapln\u011b v\u0161echno. Samoz\u0159ejm\u011b bych se r\u00e1d dostal do top deset, ale mus\u00edm b\u00fdt realista. Na dvac\u00edtku, mo\u017en\u00e1 patn\u00e1ctku, ur\u010dit\u011b m\u00e1m. Mistrovstv\u00ed sv\u011bta je pro n\u00e1s paradoxn\u011b nejleh\u010d\u00ed z\u00e1vod, proto\u017ee tam nem\u016f\u017ee jet tolik Belgi\u010dan\u016f nebo Holan\u010fan\u016f.<\/p>\n<h2><strong>Na start se nakonec postav\u00ed i Zden\u011bk \u0160tybar. V\u011bd\u011bl jste o jeho \u00famyslu d\u0159\u00edve?<\/strong><\/h2>\n<p>Nev\u011bd\u011bl, v\u016fbec jsem to ne\u010dekal. Ale kdy\u017e u\u017e se \u0160tyby rozhodl, ur\u010dit\u011b je na tom dob\u0159e a nejede se jen z\u00fa\u010dastnit. Ur\u010dit\u011b m\u016f\u017ee zajet dobr\u00fd v\u00fdsledek.<\/p>\n<figure id=\"attachment_10904\" aria-describedby=\"caption-attachment-10904\" style=\"width: 1600px\" class=\"wp-caption alignnone\"><a href=\"https:\/\/d2p6e6u75xmxt8.cloudfront.net\/13\/2020\/11\/cyklokros-tabor-15.jpg\"><img loading=\"lazy\" decoding=\"async\" class=\"size-full wp-image-10904\" src=\"https:\/\/d2p6e6u75xmxt8.cloudfront.net\/13\/2020\/11\/cyklokros-tabor-15.jpg\" alt=\"Michael Boro\u0161, \u010desk\u00fd cyklokrosov\u00fd reprezentant, kter\u00fd p\u0159ed p\u00e1r dny z\u00edskal u\u017e \u010dtvrt\u00fd titul tuzemsk\u00e9ho \u0161ampiona. Foto: Michal \u010cerven\u00fd\" width=\"1600\" height=\"1067\" \/><\/a><figcaption id=\"caption-attachment-10904\" class=\"wp-caption-text\"><em>Michael Boro\u0161, \u010desk\u00fd cyklokrosov\u00fd reprezentant, kter\u00fd p\u0159ed p\u00e1r dny z\u00edskal u\u017e \u010dtvrt\u00fd titul tuzemsk\u00e9ho \u0161ampiona. Foto: Michal \u010cerven\u00fd<\/em><\/figcaption><\/figure>\n<h2><strong>Velk\u00e1 \u010d\u00e1st okruhu vede v\u00a0p\u00edsku po pl\u00e1\u017ei. Jak se na tuhle pas\u00e1\u017e t\u011b\u0161\u00edte?<\/strong><\/h2>\n<p>J\u00edzda v p\u00edsku je hodn\u011b specifick\u00e1, ale mysl\u00edm, \u017ee na n\u011bm nejsem \u00fapln\u011b \u0161patnej&#8230; Je to hodn\u011b na s\u00edlu, ale zase se to nesm\u00ed drtit hlava nehlava. Chce to zvolit spr\u00e1vnou linii a vyvinout n\u011bjakou rychlost. Ur\u010dit\u011b to bude rozhoduj\u00edc\u00ed m\u00edsto z\u00e1vodu.<\/p>\n<h2><strong>Sezon\u011b dominuj\u00ed Wout van Aert a Mathieu van der Poel. Dok\u00e1\u017eete si p\u0159edstavit, \u017ee by titul vyhr\u00e1l n\u011bkdo jin\u00fd?<\/strong><\/h2>\n<p>Absolutn\u011b ne. Ti dva jsou \u00fapln\u011b jinde. Jedin\u00fd, kdo se jim trochu p\u0159ibli\u017euje, je Brit Pidcock. Ale kdy\u017e odjedou sami a daj\u00ed dal\u0161\u00edmu p\u0159es dv\u011b minuty, \u010dlov\u011bk nad t\u00edm krout\u00ed hlavou. P\u0159itom za sebou maj\u00ed silni\u010dn\u00ed sezonu a van der Poel je\u0161t\u011b jezd\u00ed biky. P\u0159ijde mi, \u017ee snad v\u016fbec neodpo\u010d\u00edvaj\u00ed. Jsou to mimo\u0159\u00e1dn\u00ed z\u00e1vodn\u00edci.<\/p>\n<div class=\"shortcode-ys-post-pinup\"><article class=\"loop-simple post-11413 post type-post status-publish format-standard has-post-thumbnail hentry category-cyklokros tag-cez-cykloteam-tabor tag-cyklokros tag-emil-hekele tag-michael-boros tag-radomir-simunek global-categories-cycling\" data-postid=\"11413\" role=\"article\" data-post-id=\"11413\" data-word-count=\"574\" data-headline-length=\"75\" data-category=\"Cyklokros\" data-global-category=\"Cycling\" data-author=\"Jan Kr\u016fta\" data-published=\"2021-01-24T07:00:20+02:00\" data-published-day=\"Sunday\">\n    <div class=\"entry-thumbnail article-thumbnail\" content=\"https:\/\/d2p6e6u75xmxt8.cloudfront.net\/13\/2021\/01\/cyklokros-michal-cerveny-150x150.webp\"><a href=\"https:\/\/www.welovecycling.com\/cs\/2021\/01\/24\/cesky-cyklokros-zaziva-propad-je-mi-z-toho-smutno-rika-simunek\/\" class=\"image-holder\" target=\"_self\"><img decoding=\"async\" loading=\"lazy\" class=\"\" src=\"https:\/\/d2p6e6u75xmxt8.cloudfront.net\/13\/2021\/01\/cyklokros-michal-cerveny-1024x682.webp\" srcset=\"https:\/\/d2p6e6u75xmxt8.cloudfront.net\/13\/2021\/01\/cyklokros-michal-cerveny.webp 2000w, https:\/\/d2p6e6u75xmxt8.cloudfront.net\/13\/2021\/01\/cyklokros-michal-cerveny-300x200.webp 300w, https:\/\/d2p6e6u75xmxt8.cloudfront.net\/13\/2021\/01\/cyklokros-michal-cerveny-1024x682.webp 1024w, https:\/\/d2p6e6u75xmxt8.cloudfront.net\/13\/2021\/01\/cyklokros-michal-cerveny-768x512.webp 768w, https:\/\/d2p6e6u75xmxt8.cloudfront.net\/13\/2021\/01\/cyklokros-michal-cerveny-1536x1024.webp 1536w, https:\/\/d2p6e6u75xmxt8.cloudfront.net\/13\/2021\/01\/cyklokros-michal-cerveny-1920x1280.webp 1920w, https:\/\/d2p6e6u75xmxt8.cloudfront.net\/13\/2021\/01\/cyklokros-michal-cerveny-272x182.webp 272w, https:\/\/d2p6e6u75xmxt8.cloudfront.net\/13\/2021\/01\/cyklokros-michal-cerveny-1920x1280.webp 1920w\" width=\"1024\" height=\"682\" sizes=\"auto, (min-width: 1200px) 300px, (min-width: 768px) 25vw, 100vw\" alt=\"cesky-cyklokros-zaziva-propad-je-mi-z-toho-smutno-rika-simunek\"\/><\/a><\/div>    <div class=\"entry-meta\">\n        <a class=\"label label-secondary post-category\" href=\"https:\/\/www.welovecycling.com\/cs\/category\/cyklokros\/\" title=\"Cyklokros\">Cyklokros<\/a>\n    <\/div>\n    <div class=\"entry-details\">\n        <a href=\"https:\/\/www.welovecycling.com\/cs\/2021\/01\/24\/cesky-cyklokros-zaziva-propad-je-mi-z-toho-smutno-rika-simunek\/\" class='entry-title-wrapper'>\n            <h3 class=\"entry-title\"><span>\u010cesk\u00fd cyklokros za\u017e\u00edv\u00e1 propad. Je mi z\u00a0toho smutno, \u0159\u00edk\u00e1 \u0160im\u016fnek<\/span><\/h3>\n        <\/a>\n    <\/div>\n    <\/article>\n<\/div>\n<h2><strong>Zn\u00e1te oba ze sv\u00e9ho p\u016fsoben\u00ed v\u00a0Belgii?<\/strong><\/h2>\n<p>S\u00a0van der Poelem jsem byl dva roky v\u00a0t\u00fdmu, s\u00a0van Aertem jsme se akor\u00e1t minuli. Ale bydleli jsme kousek od sebe a \u010dasto jsme spolu tr\u00e9novali. K\u00a0n\u011bmu m\u00e1m bl\u00ed\u017e.<\/p>\n<h2><strong>Jste je\u0161t\u011b v\u00a0kontaktu?<\/strong><\/h2>\n<p>Po\u0159\u00e1d. M\u00e1me na sebe \u010d\u00edslo. J\u00e1 u\u017e te\u010f po posledn\u00edm sv\u011b\u0165\u00e1ku z\u016fstal v\u00a0Belgii a m\u011bli jsme spolu jet v\u00a0pond\u011bl\u00ed na tr\u00e9nink. Psali jsme si, ale on musel zm\u011bnit pl\u00e1ny a jel tr\u00e9nink za motorkou. Ale jsme v\u00a0kontaktu po\u0159\u00e1d. Je to fajn kluk a \u00fasp\u011bchy ho nezm\u011bnily. Tak\u017ee bych ten titul p\u0159\u00e1l asi v\u00edc Woutovi.<\/p>\n<h2><strong>Co \u0159\u00edk\u00e1te na jeho v\u00fdsledky na silnici?<\/strong><\/h2>\n<p>Jedn\u00edm slovem neskute\u010dn\u00e9. Um\u00ed vyhr\u00e1t klasiku, na Tour cel\u00e9 t\u0159i t\u00fddny pom\u00e1hal a je\u0161t\u011b do toho vyhr\u00e1l dv\u011b etapy. V\u0161echny asi \u0161okoval v\u00a0kopc\u00edch, kde jel na \u0161pici takov\u00e9 tempo, \u017ee z\u00a0n\u011bj odpadali nejlep\u0161\u00ed vrcha\u0159i. Prost\u011b klobouk dol\u016f.<\/p>\n","protected":false},"excerpt":{"rendered":"<p>Michael Boro\u0161 pat\u0159\u00ed mezi st\u00e1lice \u010desk\u00e9ho cyklokrosu. P\u0159ed p\u00e1r dny obl\u00e9kl u\u017e po\u010dtvrt\u00e9 dres mistra republiky v elitn\u00ed kategorii, vyhr\u00e1l [&hellip;]<\/p>\n","protected":false},"author":122,"featured_media":11414,"comment_status":"open","ping_status":"open","sticky":false,"template":"","format":"standard","meta":{"footnotes":""},"categories":[1303],"tags":[126,723,178,1311,1433,1073],"global-categories":[411],"class_list":["post-11477","post","type-post","status-publish","format-standard","has-post-thumbnail","hentry","category-cyklokros","tag-cyklistika","tag-cyklokros","tag-mathieu-van-der-poel","tag-michael-boros","tag-ms-v-cyklokrosu","tag-wout-van-aert","global-categories-cycling"],"yoast_head":"<!-- This site is optimized with the Yoast SEO Premium plugin v25.3 (Yoast SEO v25.9) - https:\/\/yoast.com\/wordpress\/plugins\/seo\/ -->\n<title>Michael Boro\u0161: M\u016fj cyklokros te\u010f nen\u00ed \u017e\u00e1dn\u00e1 hitpar\u00e1da | \u0160koda We Love Cycling - \u010cesk\u00e1 republika<\/title>\n<meta name=\"description\" content=\"Michael Boro\u0161 pat\u0159\u00ed mezi st\u00e1lice \u010desk\u00e9ho cyklokrosu. Ale na mezin\u00e1rodn\u00ed sc\u00e9n\u011b t\u00e1pe. Pro\u010d kon\u010d\u00ed hluboko v poli pora\u017een\u00fdch?\" \/>\n<meta name=\"robots\" content=\"index, follow, max-snippet:-1, max-image-preview:large, max-video-preview:-1\" \/>\n<link rel=\"canonical\" href=\"https:\/\/www.welovecycling.com\/cs\/2021\/01\/28\/michael-boros-muj-cyklokros-ted-neni-zadna-hitparada-ale-porad-verim-ze-to-zlomim\/\" \/>\n<meta property=\"og:locale\" content=\"cs_CZ\" \/>\n<meta property=\"og:type\" content=\"article\" \/>\n<meta property=\"og:title\" content=\"Michael Boro\u0161: M\u016fj cyklokros te\u010f nen\u00ed \u017e\u00e1dn\u00e1 hitpar\u00e1da\" \/>\n<meta property=\"og:description\" content=\"Michael Boro\u0161 pat\u0159\u00ed mezi st\u00e1lice \u010desk\u00e9ho cyklokrosu. Ale na mezin\u00e1rodn\u00ed sc\u00e9n\u011b t\u00e1pe. Pro\u010d kon\u010d\u00ed hluboko v poli pora\u017een\u00fdch?\" \/>\n<meta property=\"og:url\" content=\"https:\/\/www.welovecycling.com\/cs\/2021\/01\/28\/michael-boros-muj-cyklokros-ted-neni-zadna-hitparada-ale-porad-verim-ze-to-zlomim\/\" \/>\n<meta property=\"og:site_name\" content=\"\u0160koda We Love Cycling - \u010cesk\u00e1 republika\" \/>\n<meta property=\"article:published_time\" content=\"2021-01-28T05:00:29+00:00\" \/>\n<meta property=\"og:image\" content=\"https:\/\/d2p6e6u75xmxt8.cloudfront.net\/13\/2021\/01\/cyklokros-boros-michael-michal-cerveny.webp\" \/>\n\t<meta property=\"og:image:width\" content=\"2000\" \/>\n\t<meta property=\"og:image:height\" content=\"1333\" \/>\n\t<meta property=\"og:image:type\" content=\"image\/webp\" \/>\n<meta name=\"twitter:card\" content=\"summary_large_image\" \/>\n<meta name=\"twitter:label1\" content=\"Written by\" \/>\n\t<meta name=\"twitter:data1\" content=\"Jan Kr\u016fta\" \/>\n\t<meta name=\"twitter:label2\" content=\"Est. reading time\" \/>\n\t<meta name=\"twitter:data2\" content=\"5\" \/>\n<script type=\"application\/ld+json\" class=\"yoast-schema-graph\">{\"@context\":\"https:\/\/schema.org\",\"@graph\":[{\"@type\":\"WebPage\",\"@id\":\"https:\/\/www.welovecycling.com\/cs\/2021\/01\/28\/michael-boros-muj-cyklokros-ted-neni-zadna-hitparada-ale-porad-verim-ze-to-zlomim\/\",\"url\":\"https:\/\/www.welovecycling.com\/cs\/2021\/01\/28\/michael-boros-muj-cyklokros-ted-neni-zadna-hitparada-ale-porad-verim-ze-to-zlomim\/\",\"name\":\"Michael Boro\u0161: M\u016fj cyklokros te\u010f nen\u00ed \u017e\u00e1dn\u00e1 hitpar\u00e1da | \u0160koda We Love Cycling - \u010cesk\u00e1 republika\",\"isPartOf\":{\"@id\":\"https:\/\/www.welovecycling.com\/cs\/#website\"},\"primaryImageOfPage\":{\"@id\":\"https:\/\/www.welovecycling.com\/cs\/2021\/01\/28\/michael-boros-muj-cyklokros-ted-neni-zadna-hitparada-ale-porad-verim-ze-to-zlomim\/#primaryimage\"},\"image\":{\"@id\":\"https:\/\/www.welovecycling.com\/cs\/2021\/01\/28\/michael-boros-muj-cyklokros-ted-neni-zadna-hitparada-ale-porad-verim-ze-to-zlomim\/#primaryimage\"},\"thumbnailUrl\":\"https:\/\/d2p6e6u75xmxt8.cloudfront.net\/13\/2021\/01\/cyklokros-boros-michael-michal-cerveny.webp\",\"datePublished\":\"2021-01-28T05:00:29+00:00\",\"author\":{\"@id\":\"\"},\"description\":\"Michael Boro\u0161 pat\u0159\u00ed mezi st\u00e1lice \u010desk\u00e9ho cyklokrosu. Ale na mezin\u00e1rodn\u00ed sc\u00e9n\u011b t\u00e1pe. Pro\u010d kon\u010d\u00ed hluboko v poli pora\u017een\u00fdch?\",\"inLanguage\":\"cs\",\"potentialAction\":[{\"@type\":\"ReadAction\",\"target\":[\"https:\/\/www.welovecycling.com\/cs\/2021\/01\/28\/michael-boros-muj-cyklokros-ted-neni-zadna-hitparada-ale-porad-verim-ze-to-zlomim\/\"]}]},{\"@type\":\"ImageObject\",\"inLanguage\":\"cs\",\"@id\":\"https:\/\/www.welovecycling.com\/cs\/2021\/01\/28\/michael-boros-muj-cyklokros-ted-neni-zadna-hitparada-ale-porad-verim-ze-to-zlomim\/#primaryimage\",\"url\":\"https:\/\/d2p6e6u75xmxt8.cloudfront.net\/13\/2021\/01\/cyklokros-boros-michael-michal-cerveny.webp\",\"contentUrl\":\"https:\/\/d2p6e6u75xmxt8.cloudfront.net\/13\/2021\/01\/cyklokros-boros-michael-michal-cerveny.webp\",\"width\":2000,\"height\":1333},{\"@type\":\"WebSite\",\"@id\":\"https:\/\/www.welovecycling.com\/cs\/#website\",\"url\":\"https:\/\/www.welovecycling.com\/cs\/\",\"name\":\"\u0160koda We Love Cycling - \u010cesk\u00e1 republika\",\"description\":\"WeLoveCycling.cz je online magaz\u00edn, kter\u00fd v\u00e1m pravideln\u011b p\u0159in\u00e1\u0161\u00ed rady a tipy, zaj\u00edmav\u00e9 \u010dl\u00e1nky, videa a jedine\u010dn\u00e9 report\u00e1\u017ee ze sv\u011bta cyklistiky.\",\"potentialAction\":[{\"@type\":\"SearchAction\",\"target\":{\"@type\":\"EntryPoint\",\"urlTemplate\":\"https:\/\/www.welovecycling.com\/cs\/?s={search_term_string}\"},\"query-input\":{\"@type\":\"PropertyValueSpecification\",\"valueRequired\":true,\"valueName\":\"search_term_string\"}}],\"inLanguage\":\"cs\"},{\"@type\":\"Person\",\"@id\":\"\",\"url\":\"https:\/\/www.welovecycling.com\/cs\/author\/\"}]}<\/script>\n<!-- \/ Yoast SEO Premium plugin. -->","yoast_head_json":{"title":"Michael Boro\u0161: M\u016fj cyklokros te\u010f nen\u00ed \u017e\u00e1dn\u00e1 hitpar\u00e1da | \u0160koda We Love Cycling - \u010cesk\u00e1 republika","description":"Michael Boro\u0161 pat\u0159\u00ed mezi st\u00e1lice \u010desk\u00e9ho cyklokrosu. Ale na mezin\u00e1rodn\u00ed sc\u00e9n\u011b t\u00e1pe. Pro\u010d kon\u010d\u00ed hluboko v poli pora\u017een\u00fdch?","robots":{"index":"index","follow":"follow","max-snippet":"max-snippet:-1","max-image-preview":"max-image-preview:large","max-video-preview":"max-video-preview:-1"},"canonical":"https:\/\/www.welovecycling.com\/cs\/2021\/01\/28\/michael-boros-muj-cyklokros-ted-neni-zadna-hitparada-ale-porad-verim-ze-to-zlomim\/","og_locale":"cs_CZ","og_type":"article","og_title":"Michael Boro\u0161: M\u016fj cyklokros te\u010f nen\u00ed \u017e\u00e1dn\u00e1 hitpar\u00e1da","og_description":"Michael Boro\u0161 pat\u0159\u00ed mezi st\u00e1lice \u010desk\u00e9ho cyklokrosu. Ale na mezin\u00e1rodn\u00ed sc\u00e9n\u011b t\u00e1pe. Pro\u010d kon\u010d\u00ed hluboko v poli pora\u017een\u00fdch?","og_url":"https:\/\/www.welovecycling.com\/cs\/2021\/01\/28\/michael-boros-muj-cyklokros-ted-neni-zadna-hitparada-ale-porad-verim-ze-to-zlomim\/","og_site_name":"\u0160koda We Love Cycling - \u010cesk\u00e1 republika","article_published_time":"2021-01-28T05:00:29+00:00","og_image":[{"width":2000,"height":1333,"url":"https:\/\/d2p6e6u75xmxt8.cloudfront.net\/13\/2021\/01\/cyklokros-boros-michael-michal-cerveny.webp","type":"image\/webp"}],"twitter_card":"summary_large_image","twitter_misc":{"Written by":"Jan Kr\u016fta","Est. reading time":"5"},"schema":{"@context":"https:\/\/schema.org","@graph":[{"@type":"WebPage","@id":"https:\/\/www.welovecycling.com\/cs\/2021\/01\/28\/michael-boros-muj-cyklokros-ted-neni-zadna-hitparada-ale-porad-verim-ze-to-zlomim\/","url":"https:\/\/www.welovecycling.com\/cs\/2021\/01\/28\/michael-boros-muj-cyklokros-ted-neni-zadna-hitparada-ale-porad-verim-ze-to-zlomim\/","name":"Michael Boro\u0161: M\u016fj cyklokros te\u010f nen\u00ed \u017e\u00e1dn\u00e1 hitpar\u00e1da | \u0160koda We Love Cycling - \u010cesk\u00e1 republika","isPartOf":{"@id":"https:\/\/www.welovecycling.com\/cs\/#website"},"primaryImageOfPage":{"@id":"https:\/\/www.welovecycling.com\/cs\/2021\/01\/28\/michael-boros-muj-cyklokros-ted-neni-zadna-hitparada-ale-porad-verim-ze-to-zlomim\/#primaryimage"},"image":{"@id":"https:\/\/www.welovecycling.com\/cs\/2021\/01\/28\/michael-boros-muj-cyklokros-ted-neni-zadna-hitparada-ale-porad-verim-ze-to-zlomim\/#primaryimage"},"thumbnailUrl":"https:\/\/d2p6e6u75xmxt8.cloudfront.net\/13\/2021\/01\/cyklokros-boros-michael-michal-cerveny.webp","datePublished":"2021-01-28T05:00:29+00:00","author":{"@id":""},"description":"Michael Boro\u0161 pat\u0159\u00ed mezi st\u00e1lice \u010desk\u00e9ho cyklokrosu. Ale na mezin\u00e1rodn\u00ed sc\u00e9n\u011b t\u00e1pe. Pro\u010d kon\u010d\u00ed hluboko v poli pora\u017een\u00fdch?","inLanguage":"cs","potentialAction":[{"@type":"ReadAction","target":["https:\/\/www.welovecycling.com\/cs\/2021\/01\/28\/michael-boros-muj-cyklokros-ted-neni-zadna-hitparada-ale-porad-verim-ze-to-zlomim\/"]}]},{"@type":"ImageObject","inLanguage":"cs","@id":"https:\/\/www.welovecycling.com\/cs\/2021\/01\/28\/michael-boros-muj-cyklokros-ted-neni-zadna-hitparada-ale-porad-verim-ze-to-zlomim\/#primaryimage","url":"https:\/\/d2p6e6u75xmxt8.cloudfront.net\/13\/2021\/01\/cyklokros-boros-michael-michal-cerveny.webp","contentUrl":"https:\/\/d2p6e6u75xmxt8.cloudfront.net\/13\/2021\/01\/cyklokros-boros-michael-michal-cerveny.webp","width":2000,"height":1333},{"@type":"WebSite","@id":"https:\/\/www.welovecycling.com\/cs\/#website","url":"https:\/\/www.welovecycling.com\/cs\/","name":"\u0160koda We Love Cycling - \u010cesk\u00e1 republika","description":"WeLoveCycling.cz je online magaz\u00edn, kter\u00fd v\u00e1m pravideln\u011b p\u0159in\u00e1\u0161\u00ed rady a tipy, zaj\u00edmav\u00e9 \u010dl\u00e1nky, videa a jedine\u010dn\u00e9 report\u00e1\u017ee ze sv\u011bta cyklistiky.","potentialAction":[{"@type":"SearchAction","target":{"@type":"EntryPoint","urlTemplate":"https:\/\/www.welovecycling.com\/cs\/?s={search_term_string}"},"query-input":{"@type":"PropertyValueSpecification","valueRequired":true,"valueName":"search_term_string"}}],"inLanguage":"cs"},{"@type":"Person","@id":"","url":"https:\/\/www.welovecycling.com\/cs\/author\/"}]}},"_links":{"self":[{"href":"https:\/\/www.welovecycling.com\/cs\/wp-json\/wp\/v2\/posts\/11477","targetHints":{"allow":["GET"]}}],"collection":[{"href":"https:\/\/www.welovecycling.com\/cs\/wp-json\/wp\/v2\/posts"}],"about":[{"href":"https:\/\/www.welovecycling.com\/cs\/wp-json\/wp\/v2\/types\/post"}],"author":[{"embeddable":true,"href":"https:\/\/www.welovecycling.com\/cs\/wp-json\/wp\/v2\/users\/122"}],"replies":[{"embeddable":true,"href":"https:\/\/www.welovecycling.com\/cs\/wp-json\/wp\/v2\/comments?post=11477"}],"version-history":[{"count":2,"href":"https:\/\/www.welovecycling.com\/cs\/wp-json\/wp\/v2\/posts\/11477\/revisions"}],"predecessor-version":[{"id":11479,"href":"https:\/\/www.welovecycling.com\/cs\/wp-json\/wp\/v2\/posts\/11477\/revisions\/11479"}],"wp:featuredmedia":[{"embeddable":true,"href":"https:\/\/www.welovecycling.com\/cs\/wp-json\/wp\/v2\/media\/11414"}],"wp:attachment":[{"href":"https:\/\/www.welovecycling.com\/cs\/wp-json\/wp\/v2\/media?parent=11477"}],"wp:term":[{"taxonomy":"category","embeddable":true,"href":"https:\/\/www.welovecycling.com\/cs\/wp-json\/wp\/v2\/categories?post=11477"},{"taxonomy":"post_tag","embeddable":true,"href":"https:\/\/www.welovecycling.com\/cs\/wp-json\/wp\/v2\/tags?post=11477"},{"taxonomy":"global-categories","embeddable":true,"href":"https:\/\/www.welovecycling.com\/cs\/wp-json\/wp\/v2\/global-categories?post=11477"}],"curies":[{"name":"wp","href":"https:\/\/api.w.org\/{rel}","templated":true}]}}