{"id":11413,"date":"2021-01-24T07:00:20","date_gmt":"2021-01-24T05:00:20","guid":{"rendered":"https:\/\/www.welovecycling.com\/cs\/?p=11413"},"modified":"2021-01-23T21:32:52","modified_gmt":"2021-01-23T19:32:52","slug":"cesky-cyklokros-zaziva-propad-je-mi-z-toho-smutno-rika-simunek","status":"publish","type":"post","link":"https:\/\/www.welovecycling.com\/cs\/2021\/01\/24\/cesky-cyklokros-zaziva-propad-je-mi-z-toho-smutno-rika-simunek\/","title":{"rendered":"\u010cesk\u00fd cyklokros za\u017e\u00edv\u00e1 propad. Je mi z\u00a0toho smutno, \u0159\u00edk\u00e1 \u0160im\u016fnek"},"content":{"rendered":"<p><strong>\u010cesko, pota\u017emo d\u0159\u00edve \u010ceskoslovensko, b\u00fdvalo v\u00a0minulosti skoro celou v\u011b\u010dnost cyklokrosovou velmoc\u00ed. Otec a syn \u0160im\u016fnkov\u00e9, \u0160tybar, B\u00edna, Dlask, Mlyn\u00e1\u0159, Ausbuher, \u0164oupal\u00edk, Fi\u0161era, Camrda, Kvasni\u010dka, brat\u0159i Klou\u010dkov\u00e9 a mnoz\u00ed dal\u0161\u00ed. Jm\u00e9na, kter\u00e1 znal cel\u00fd cyklokrosov\u00fd sv\u011bt. Medaile z\u00a0mistrovstv\u00ed sv\u011bta se dom\u016f vozily celkem pravideln\u011b.<\/strong><\/p>\n<p>Bohu\u017eel, v sou\u010dasn\u00e9 dob\u011b situace nen\u00ed zdaleka tak r\u016f\u017eov\u00e1, \u0159e\u010deno je\u0161t\u011b hodn\u011b diplomaticky. \u010cesk\u00fd cyklokros stagnuje a rozhodn\u011b nepat\u0159\u00ed mezi velmoci v takov\u00e9 m\u00ed\u0159e, jako v letech ned\u00e1vno minul\u00fdch. Belgie, kter\u00e1 sv\u011btov\u00e9mu cyklokrosu vl\u00e1dne v podstat\u011b bez p\u0159est\u00e1vky mnoho let, je te\u010f \u010cesku neskute\u010dn\u011b vzd\u00e1lena. P\u0159itom to tak neb\u00fdvalo.<\/p>\n<p>Kde je probl\u00e9m? Mezi mu\u017eskou elitou dr\u017e\u00ed v\u00a0sou\u010dasn\u00e9 dob\u011b pomysln\u00fd prapor vl\u00e1dce Michael Boro\u0161, borec se zku\u0161enostmi z\u00a0Belgie, kter\u00fd te\u010f h\u00e1j\u00ed barvy \u010cEZ Cykloteamu T\u00e1bor. Ov\u0161em p\u0159ed ned\u011bln\u00edm Sv\u011btov\u00fdm poh\u00e1rem v\u00a0Overijse, kter\u00fd je gener\u00e1lkou na mistrovstv\u00ed sv\u011bta v\u00a0Ostende, byl pr\u00e1v\u011b Boro\u0161 jedin\u00fdm boduj\u00edc\u00edm \u010cechem v\u00a0seri\u00e1lu SP. Pat\u0159ilo mu a\u017e 43. m\u00edsto.<\/p>\n<h2><strong>Neochota skloubit cyklokros s jin\u00fdmi discipl\u00ednami<\/strong><\/h2>\n<p>Na dom\u00e1c\u00edm \u0161ampion\u00e1tu v\u00a0Jabkenic\u00edch z\u00edskal p\u0159ed p\u00e1r dny \u010dtvrt\u00fd \u010desk\u00fd titul v\u00a0elit\u011b, kdy\u017e triumfoval p\u0159ed Tom\u00e1\u0161em Paprstkou a Josefem Jel\u00ednkem. Ale bohu\u017eel, \u010desk\u00fd mistr\u00e1k u\u017e nem\u00e1 zdaleka takov\u00fd zvuk, jako kdy\u017e jezdili \u0160tybar, \u0160im\u016fnek, B\u00edna a dal\u0161\u00ed.<\/p>\n<div class=\"shortcode-ys-post-pinup\"><article class=\"loop-simple post-11390 post type-post status-publish format-standard has-post-thumbnail hentry category-rady-tipy category-https-www-welovecycling-com-cs-category-zabava tag-cyklistika tag-horska-cyklistika tag-prujezd-zatackou-na-kole tag-silnicni-cyklistika tag-trenink tag-zatacky global-categories-cycling\" data-postid=\"11390\" role=\"article\" data-post-id=\"11390\" data-word-count=\"390\" data-headline-length=\"71\" data-category=\"Rady &amp; tipy\" data-global-category=\"Cycling\" data-author=\"Marek Novotn\u00fd\" data-published=\"2021-01-22T07:00:46+02:00\" data-published-day=\"Friday\">\n    <div class=\"entry-thumbnail article-thumbnail\" content=\"https:\/\/d2p6e6u75xmxt8.cloudfront.net\/13\/2021\/01\/wlc-zatacky-michal-cerveny-150x150.webp\"><a href=\"https:\/\/www.welovecycling.com\/cs\/2021\/01\/22\/aby-jelenice-nebyla-hneda-5-tipu-jak-bezpecne-na-zatacky-ve-sjezdu\/\" class=\"image-holder\" target=\"_self\"><img decoding=\"async\" loading=\"lazy\" class=\"\" src=\"https:\/\/d2p6e6u75xmxt8.cloudfront.net\/13\/2021\/01\/wlc-zatacky-michal-cerveny-1024x601.webp\" srcset=\"https:\/\/d2p6e6u75xmxt8.cloudfront.net\/13\/2021\/01\/wlc-zatacky-michal-cerveny.webp 1600w, https:\/\/d2p6e6u75xmxt8.cloudfront.net\/13\/2021\/01\/wlc-zatacky-michal-cerveny-300x176.webp 300w, https:\/\/d2p6e6u75xmxt8.cloudfront.net\/13\/2021\/01\/wlc-zatacky-michal-cerveny-1024x601.webp 1024w, https:\/\/d2p6e6u75xmxt8.cloudfront.net\/13\/2021\/01\/wlc-zatacky-michal-cerveny-768x451.webp 768w, https:\/\/d2p6e6u75xmxt8.cloudfront.net\/13\/2021\/01\/wlc-zatacky-michal-cerveny-1536x901.webp 1536w\" width=\"1024\" height=\"601\" sizes=\"auto, (min-width: 1200px) 340px, (min-width: 768px) 28vw, 100vw\" alt=\"aby-jelenice-nebyla-hneda-5-tipu-jak-bezpecne-na-zatacky-ve-sjezdu\"\/><\/a><\/div>    <div class=\"entry-meta\">\n        <a class=\"label label-secondary post-category\" href=\"https:\/\/www.welovecycling.com\/cs\/category\/rady-tipy\/\" title=\"Rady &amp; tipy\">Rady &amp; tipy<\/a>\n    <\/div>\n    <div class=\"entry-details\">\n        <a href=\"https:\/\/www.welovecycling.com\/cs\/2021\/01\/22\/aby-jelenice-nebyla-hneda-5-tipu-jak-bezpecne-na-zatacky-ve-sjezdu\/\" class='entry-title-wrapper'>\n            <h3 class=\"entry-title\"><span>Aby jelenice nebyla hn\u011bd\u00e1! Tipy jak bezpe\u010dn\u011b na zat\u00e1\u010dky ve sjezdu<\/span><\/h3>\n        <\/a>\n    <\/div>\n    <\/article>\n<\/div>\n<p>Lo\u0148sk\u00fd \u0161ampi\u00f3n Emil Hekele dostal \u010dty\u0159let\u00fd trest za doping, co\u017e v jeho p\u0159\u00edpad\u011b znamen\u00e1 konec kari\u00e9ry, proto\u017ee mu je t\u0159ia\u010dty\u0159icet let. Nic proti Hekelemu, ale u\u017e kdy\u017e vloni vybojoval ve 42 letech dom\u00e1c\u00ed titul, o stavu \u010desk\u00e9ho cyklokrosu to tak\u00e9 hodn\u011b vypov\u00eddalo.<\/p>\n<figure id=\"attachment_11415\" aria-describedby=\"caption-attachment-11415\" style=\"width: 1920px\" class=\"wp-caption alignnone\"><a href=\"https:\/\/d2p6e6u75xmxt8.cloudfront.net\/13\/2021\/01\/cyklokros-boros-michal-cerveny.jpg\"><img loading=\"lazy\" decoding=\"async\" class=\"size-extra-large wp-image-11415\" src=\"https:\/\/d2p6e6u75xmxt8.cloudfront.net\/13\/2021\/01\/cyklokros-boros-michal-cerveny-1920x1280.jpg\" alt=\"Michael Boro\u0161 je nejlep\u0161\u00edm z \u010desk\u00fdch cyklokrosov\u00fdch reprezentant\u016f. Foto: Michal \u010cerven\u00fd\" width=\"1920\" height=\"1280\" \/><\/a><figcaption id=\"caption-attachment-11415\" class=\"wp-caption-text\"><em>Michael Boro\u0161 je nejlep\u0161\u00edm z \u010desk\u00fdch cyklokrosov\u00fdch reprezentant\u016f. Foto: Michal \u010cerven\u00fd<\/em><\/figcaption><\/figure>\n<p>\u201eBohu\u017eel nejsou lidi, a kdy\u017e se d\u00edv\u00e1m, kde te\u010f \u010desk\u00fd cyklokros je, tak mi z toho je dost smutno. Takhle blb\u00e1 doba tu snad nikdy nebyla,\u201c \u0159\u00edk\u00e1 Radom\u00edr \u0160im\u016fnek mlad\u0161\u00ed, mistr republiky z roku 2016 a mnohon\u00e1sobn\u00fd medailista z dom\u00e1c\u00edch \u0161ampion\u00e1t\u016f. \u201eJe zde jeden Boro\u0161, kter\u00fd te\u010f asi taky \u00fapln\u011b nev\u00ed, jak d\u00e1l. A jedin\u00fdm z\u00e1bleskem na leto\u0161n\u00edm mistr\u00e1ku bylo to, jak jeli junio\u0159i,\u201c p\u0159izn\u00e1v\u00e1 syn \u010dty\u0159n\u00e1sobn\u00e9ho mistra sv\u011bta.<\/p>\n<p>\u201eP\u0159itom jsme skoro v\u017edycky dok\u00e1zali vychovat dobr\u00e9 juniory. V \u010desk\u00fdch podm\u00ednk\u00e1ch to lze. Ale co se s t\u011bmi kluky stane pak, to je \u010dasto z\u00e1hada. Ut\u00edkaj\u00ed z cyklokrosu k bik\u016fm nebo na silnici, ale \u017ee se to ned\u00e1 skloubit, to jsou kecy. Pod\u00edvejte se na Mathieu van der Poela s Woutem van Aertem&#8230; Ne\u0159\u00edk\u00e1m, \u017ee to tak vydr\u017e\u00ed d\u011blat v\u011b\u010dn\u011b, ale zvl\u00e1dnout se to d\u00e1,\u201c m\u00edn\u00ed \u0160im\u016fnek, kter\u00fd \u0159adu let p\u016fsobil v elitn\u00edch belgick\u00fdch t\u00fdmech a potkal se i s Mathieu van der Poelem. Dodnes spolu maj\u00ed p\u0159\u00e1telsk\u00fd vztah a ob\u010das si nap\u00ed\u0161ou.<\/p>\n<h2><strong>Junio\u0159i mus\u00ed ven<\/strong><\/h2>\n<p>Podle \u0160im\u016fnka je ide\u00e1ln\u00edm sc\u00e9n\u00e1\u0159em, aby \u0161ikovn\u00fd junior volil cestu odchodu ven. \u201eJen\u017ee t\u0159eba v belgick\u00fdch t\u00fdmech je dneska obrovsk\u00fd p\u0159etlak. Pro n\u011b mus\u00ed b\u00fdt cizinec super, jinak vezmou rad\u0161i Belgi\u010dana. Jsem po\u0159\u00e1d v kontaktu s \u0161\u00e9fy t\u00fdm\u016f, kde jsem p\u016fsobil a \u010dasto se m\u011b na na\u0161e mlad\u00e9 z\u00e1vodn\u00edky ptaj\u00ed. Ale v podstat\u011b jim nem\u00e1m te\u010f koho doporu\u010dit,\u201c kr\u010d\u00ed rameny.<\/p>\n<div class=\"shortcode-ys-post-pinup\"><article class=\"loop-simple post-11314 post type-post status-publish format-standard has-post-thumbnail hentry category-zdravi-a-trenink tag-cyklistika tag-horska-cyklistika tag-hubnuti-na-kole tag-jak-se-dostat-do-formy tag-silnicni-cyklistika tag-trenink tag-vojtech-hacecky tag-vyziva tag-zdravi-a-trenink global-categories-cycling\" data-postid=\"11314\" role=\"article\" data-post-id=\"11314\" data-word-count=\"492\" data-headline-length=\"43\" data-category=\"Zdrav\u00ed a tr\u00e9nink\" data-global-category=\"Cycling\" data-author=\"Vojt\u011bch Ha\u010deck\u00fd\" data-published=\"2021-01-13T17:00:18+02:00\" data-published-day=\"Wednesday\">\n    <div class=\"entry-thumbnail article-thumbnail\" content=\"https:\/\/d2p6e6u75xmxt8.cloudfront.net\/13\/2021\/01\/voda-profimedia-0191045861-150x150.webp\"><a href=\"https:\/\/www.welovecycling.com\/cs\/2021\/01\/13\/jak-se-dostat-do-formy-hubnuti-na-kole-i\/\" class=\"image-holder\" target=\"_self\"><img decoding=\"async\" loading=\"lazy\" class=\"\" src=\"https:\/\/d2p6e6u75xmxt8.cloudfront.net\/13\/2021\/01\/voda-profimedia-0191045861-1024x681.webp\" srcset=\"https:\/\/d2p6e6u75xmxt8.cloudfront.net\/13\/2021\/01\/voda-profimedia-0191045861.webp 1800w, https:\/\/d2p6e6u75xmxt8.cloudfront.net\/13\/2021\/01\/voda-profimedia-0191045861-300x200.webp 300w, https:\/\/d2p6e6u75xmxt8.cloudfront.net\/13\/2021\/01\/voda-profimedia-0191045861-1024x681.webp 1024w, https:\/\/d2p6e6u75xmxt8.cloudfront.net\/13\/2021\/01\/voda-profimedia-0191045861-768x511.webp 768w, https:\/\/d2p6e6u75xmxt8.cloudfront.net\/13\/2021\/01\/voda-profimedia-0191045861-1536x1021.webp 1536w, https:\/\/d2p6e6u75xmxt8.cloudfront.net\/13\/2021\/01\/voda-profimedia-0191045861-272x182.webp 272w\" width=\"1024\" height=\"681\" sizes=\"auto, (min-width: 1200px) 300px, (min-width: 768px) 25vw, 100vw\" alt=\"jak-se-dostat-do-formy-hubnuti-na-kole-i\"\/><\/a><\/div>    <div class=\"entry-meta\">\n        <a class=\"label label-secondary post-category\" href=\"https:\/\/www.welovecycling.com\/cs\/category\/zdravi-a-trenink\/\" title=\"Zdrav\u00ed a tr\u00e9nink\">Zdrav\u00ed a tr\u00e9nink<\/a>\n    <\/div>\n    <div class=\"entry-details\">\n        <a href=\"https:\/\/www.welovecycling.com\/cs\/2021\/01\/13\/jak-se-dostat-do-formy-hubnuti-na-kole-i\/\" class='entry-title-wrapper'>\n            <h3 class=\"entry-title\"><span>Jak se dostat do formy? Hubnut\u00ed na kole I.<\/span><\/h3>\n        <\/a>\n    <\/div>\n    <\/article>\n<\/div>\n<p>\u201eOni ty kluky sleduj\u00ed, ale mus\u00ed b\u00fdt fakt dob\u0159\u00ed. Pak jim \u0161anci daj\u00ed. A j\u00e1 \u0159\u00edk\u00e1m, \u017ee v \u010desk\u00fdch podm\u00ednk\u00e1ch se d\u00e1 dobr\u00fd junior vychovat. A pak to chce zkusit dostat se do Belgie, proto\u017ee tam je cyklokros. Ale mus\u00ed se tam nejen z\u00e1vodit, ale i tr\u00e9novat a \u017e\u00edt. I kdy\u017e to t\u0159eba ze za\u010d\u00e1tku nen\u00ed pro mlad\u00e9ho kluka lehk\u00e9,\u201c tvrd\u00ed \u0160im\u016fnek.<\/p>\n<p>Probl\u00e9mem je, \u017ee junio\u0159i v t\u00e9to sezon\u011b nemaj\u00ed mo\u017enost velk\u00e9 konfrontace s mezin\u00e1rodn\u00ed konkurenc\u00ed, proto\u017ee kv\u016fli koronaviru z\u00e1vody jejich kategori\u00ed t\u0159eba v r\u00e1mci SP ru\u0161\u00ed. \u201eNa posledn\u00edm mistr\u00e1ku jeli junio\u0159i fakt dob\u0159e a rozhodn\u011b je nezatracuju. Uk\u00e1zali, \u017ee jsou schopni jet s nejlep\u0161\u00edmi, jen pot\u0159ebuj\u00ed trochu uzr\u00e1t. Je pouze ot\u00e1zkou, jestli vydr\u017e\u00ed u krosu,\u201c uva\u017euje \u0160im\u016fnek.<\/p>\n<h2><strong>\u0160im\u016fnek: \u010ce\u0161i zpohodln\u011bli<\/strong><\/h2>\n<p>Pr\u00e1v\u011b stanoven\u00ed priorit a odvahy v podob\u011b kroku odej\u00edt je podle n\u011bj \u010dasto probl\u00e9m. \u201eKlasick\u00fdm p\u0159\u00edkladem je Tom\u00e1\u0161 Paprstka. Byl juniorsk\u00fdm mistrem sv\u011bta, ale jezdil jen tady. Venku si ani ne\u010duchnul. Vyhr\u00e1vat \u010desk\u00fd poh\u00e1ry je fajn, ale co d\u00e1l? Tohle je takov\u00e1 klasick\u00e1 \u010desk\u00e1 pohodlnost. Je pot\u0159eba se pravideln\u011b m\u011b\u0159it s konkurenc\u00ed, kter\u00e1 je sedm set kilometr\u016f daleko,\u201c tvrd\u00ed juniorsk\u00fd vicemistr sv\u011bta z T\u00e1bora 2001.<\/p>\n<figure id=\"attachment_11418\" aria-describedby=\"caption-attachment-11418\" style=\"width: 1800px\" class=\"wp-caption alignnone\"><a href=\"https:\/\/d2p6e6u75xmxt8.cloudfront.net\/13\/2021\/01\/paprstka-profimedia-0582515125.jpg\"><img loading=\"lazy\" decoding=\"async\" class=\"size-full wp-image-11418\" src=\"https:\/\/d2p6e6u75xmxt8.cloudfront.net\/13\/2021\/01\/paprstka-profimedia-0582515125.jpg\" alt=\"Tom\u00e1\u0161 Paprstka na \u010desk\u00e9m \u0161ampion\u00e1tu v cyklokrosu 2021. Foto Michal Sv\u00e1\u010dek\/Mafra\/profimedia\" width=\"1800\" height=\"1200\" \/><\/a><figcaption id=\"caption-attachment-11418\" class=\"wp-caption-text\"><em>Tom\u00e1\u0161 Paprstka na \u010desk\u00e9m \u0161ampion\u00e1tu v cyklokrosu 2021. Foto Michal Sv\u00e1\u010dek\/Mafra\/profimedia<\/em><\/figcaption><\/figure>\n<p>S\u00e1m po\u0159\u00e1dn\u011b nev\u00ed, jak z\u00a0toho ven. \u201eJsem p\u0159esv\u011bd\u010den\u00fd, \u017ee na\u0161i z\u00e1vodn\u00edci trochu zpohodln\u011bli. U n\u00e1s se jezdila \u0159ada dob\u0159e bodovan\u00fdch z\u00e1vod\u016f s\u00a0cizinci, kde se dalo i slu\u0161n\u011b vyd\u011blat. Ale komu bude sta\u010dit jezdit doma, tak bude dobr\u00fd jen tady. Nikdy ne v\u00a0mezin\u00e1rodn\u00edm m\u011b\u0159\u00edtku.\u201c<\/p>\n<p>\u0160im\u016fnek p\u0159esto douf\u00e1, \u017ee se op\u011bt \u010desk\u00e9mu cyklokrosu za\u010dne bl\u00fdskat na lep\u0161\u00ed \u010dasy. \u201eMus\u00edme v\u011b\u0159it, \u017ee zase p\u0159ijde nov\u00fd \u010dlov\u011bk, kter\u00fd \u010desk\u00fd cyklokros spas\u00ed. Pak u\u017e z\u00e1le\u017e\u00ed jen na n\u011bm, jak tu \u0161anci uchop\u00ed a jak\u00fdm sm\u011brem se bude cht\u00edt vyv\u00edjet,\u201c dod\u00e1v\u00e1 \u0160im\u016fnek.<\/p>\n","protected":false},"excerpt":{"rendered":"<p>\u010cesko, pota\u017emo d\u0159\u00edve \u010ceskoslovensko, b\u00fdvalo v\u00a0minulosti skoro celou v\u011b\u010dnost cyklokrosovou velmoc\u00ed. Otec a syn \u0160im\u016fnkov\u00e9, \u0160tybar, B\u00edna, Dlask, Mlyn\u00e1\u0159, Ausbuher, [&hellip;]<\/p>\n","protected":false},"author":122,"featured_media":11416,"comment_status":"open","ping_status":"open","sticky":false,"template":"","format":"standard","meta":{"footnotes":""},"categories":[1303],"tags":[1424,723,725,1311,1425],"global-categories":[411],"class_list":["post-11413","post","type-post","status-publish","format-standard","has-post-thumbnail","hentry","category-cyklokros","tag-cez-cykloteam-tabor","tag-cyklokros","tag-emil-hekele","tag-michael-boros","tag-radomir-simunek","global-categories-cycling"],"yoast_head":"<!-- This site is optimized with the Yoast SEO Premium plugin v25.3 (Yoast SEO v25.9) - https:\/\/yoast.com\/wordpress\/plugins\/seo\/ -->\n<title>\u010cesk\u00fd cyklokros za\u017e\u00edv\u00e1 propad. Je mi z\u00a0toho smutno, \u0159\u00edk\u00e1 \u0160im\u016fnek | \u0160koda We Love Cycling - \u010cesk\u00e1 republika<\/title>\n<meta name=\"description\" content=\"\u010cesko, respektive \u010ceskoslovensko, b\u00fdvalo v\u00a0minulosti cyklokrosovou velmoc\u00ed.\" \/>\n<meta name=\"robots\" content=\"index, follow, max-snippet:-1, max-image-preview:large, max-video-preview:-1\" \/>\n<link rel=\"canonical\" href=\"https:\/\/www.welovecycling.com\/cs\/2021\/01\/24\/cesky-cyklokros-zaziva-propad-je-mi-z-toho-smutno-rika-simunek\/\" \/>\n<meta property=\"og:locale\" content=\"cs_CZ\" \/>\n<meta property=\"og:type\" content=\"article\" \/>\n<meta property=\"og:title\" content=\"\u010cesk\u00fd cyklokros za\u017e\u00edv\u00e1 propad. Je mi z\u00a0toho smutno, \u0159\u00edk\u00e1 \u0160im\u016fnek\" \/>\n<meta property=\"og:description\" content=\"\u010cesko, respektive \u010ceskoslovensko, b\u00fdvalo v\u00a0minulosti cyklokrosovou velmoc\u00ed.\" \/>\n<meta property=\"og:url\" content=\"https:\/\/www.welovecycling.com\/cs\/2021\/01\/24\/cesky-cyklokros-zaziva-propad-je-mi-z-toho-smutno-rika-simunek\/\" \/>\n<meta property=\"og:site_name\" content=\"\u0160koda We Love Cycling - \u010cesk\u00e1 republika\" \/>\n<meta property=\"article:published_time\" content=\"2021-01-24T05:00:20+00:00\" \/>\n<meta property=\"og:image\" content=\"https:\/\/d2p6e6u75xmxt8.cloudfront.net\/13\/2021\/01\/cyklokros-michal-cerveny.webp\" \/>\n\t<meta property=\"og:image:width\" content=\"2000\" \/>\n\t<meta property=\"og:image:height\" content=\"1333\" \/>\n\t<meta property=\"og:image:type\" content=\"image\/webp\" \/>\n<meta name=\"twitter:card\" content=\"summary_large_image\" \/>\n<meta name=\"twitter:label1\" content=\"Written by\" \/>\n\t<meta name=\"twitter:data1\" content=\"Vojt\u011bch Ha\u010deck\u00fd\" \/>\n\t<meta name=\"twitter:label2\" content=\"Est. reading time\" \/>\n\t<meta name=\"twitter:data2\" content=\"6\" \/>\n<script type=\"application\/ld+json\" class=\"yoast-schema-graph\">{\"@context\":\"https:\/\/schema.org\",\"@graph\":[{\"@type\":\"WebPage\",\"@id\":\"https:\/\/www.welovecycling.com\/cs\/2021\/01\/24\/cesky-cyklokros-zaziva-propad-je-mi-z-toho-smutno-rika-simunek\/\",\"url\":\"https:\/\/www.welovecycling.com\/cs\/2021\/01\/24\/cesky-cyklokros-zaziva-propad-je-mi-z-toho-smutno-rika-simunek\/\",\"name\":\"\u010cesk\u00fd cyklokros za\u017e\u00edv\u00e1 propad. Je mi z\u00a0toho smutno, \u0159\u00edk\u00e1 \u0160im\u016fnek | \u0160koda We Love Cycling - \u010cesk\u00e1 republika\",\"isPartOf\":{\"@id\":\"https:\/\/www.welovecycling.com\/cs\/#website\"},\"primaryImageOfPage\":{\"@id\":\"https:\/\/www.welovecycling.com\/cs\/2021\/01\/24\/cesky-cyklokros-zaziva-propad-je-mi-z-toho-smutno-rika-simunek\/#primaryimage\"},\"image\":{\"@id\":\"https:\/\/www.welovecycling.com\/cs\/2021\/01\/24\/cesky-cyklokros-zaziva-propad-je-mi-z-toho-smutno-rika-simunek\/#primaryimage\"},\"thumbnailUrl\":\"https:\/\/d2p6e6u75xmxt8.cloudfront.net\/13\/2021\/01\/cyklokros-michal-cerveny.webp\",\"datePublished\":\"2021-01-24T05:00:20+00:00\",\"author\":{\"@id\":\"\"},\"description\":\"\u010cesko, respektive \u010ceskoslovensko, b\u00fdvalo v\u00a0minulosti cyklokrosovou velmoc\u00ed.\",\"inLanguage\":\"cs\",\"potentialAction\":[{\"@type\":\"ReadAction\",\"target\":[\"https:\/\/www.welovecycling.com\/cs\/2021\/01\/24\/cesky-cyklokros-zaziva-propad-je-mi-z-toho-smutno-rika-simunek\/\"]}]},{\"@type\":\"ImageObject\",\"inLanguage\":\"cs\",\"@id\":\"https:\/\/www.welovecycling.com\/cs\/2021\/01\/24\/cesky-cyklokros-zaziva-propad-je-mi-z-toho-smutno-rika-simunek\/#primaryimage\",\"url\":\"https:\/\/d2p6e6u75xmxt8.cloudfront.net\/13\/2021\/01\/cyklokros-michal-cerveny.webp\",\"contentUrl\":\"https:\/\/d2p6e6u75xmxt8.cloudfront.net\/13\/2021\/01\/cyklokros-michal-cerveny.webp\",\"width\":2000,\"height\":1333,\"caption\":\"Michal Boro\u0161\"},{\"@type\":\"WebSite\",\"@id\":\"https:\/\/www.welovecycling.com\/cs\/#website\",\"url\":\"https:\/\/www.welovecycling.com\/cs\/\",\"name\":\"\u0160koda We Love Cycling - \u010cesk\u00e1 republika\",\"description\":\"WeLoveCycling.cz je online magaz\u00edn, kter\u00fd v\u00e1m pravideln\u011b p\u0159in\u00e1\u0161\u00ed rady a tipy, zaj\u00edmav\u00e9 \u010dl\u00e1nky, videa a jedine\u010dn\u00e9 report\u00e1\u017ee ze sv\u011bta cyklistiky.\",\"potentialAction\":[{\"@type\":\"SearchAction\",\"target\":{\"@type\":\"EntryPoint\",\"urlTemplate\":\"https:\/\/www.welovecycling.com\/cs\/?s={search_term_string}\"},\"query-input\":{\"@type\":\"PropertyValueSpecification\",\"valueRequired\":true,\"valueName\":\"search_term_string\"}}],\"inLanguage\":\"cs\"},{\"@type\":\"Person\",\"@id\":\"\",\"url\":\"https:\/\/www.welovecycling.com\/cs\/author\/\"}]}<\/script>\n<!-- \/ Yoast SEO Premium plugin. -->","yoast_head_json":{"title":"\u010cesk\u00fd cyklokros za\u017e\u00edv\u00e1 propad. Je mi z\u00a0toho smutno, \u0159\u00edk\u00e1 \u0160im\u016fnek | \u0160koda We Love Cycling - \u010cesk\u00e1 republika","description":"\u010cesko, respektive \u010ceskoslovensko, b\u00fdvalo v\u00a0minulosti cyklokrosovou velmoc\u00ed.","robots":{"index":"index","follow":"follow","max-snippet":"max-snippet:-1","max-image-preview":"max-image-preview:large","max-video-preview":"max-video-preview:-1"},"canonical":"https:\/\/www.welovecycling.com\/cs\/2021\/01\/24\/cesky-cyklokros-zaziva-propad-je-mi-z-toho-smutno-rika-simunek\/","og_locale":"cs_CZ","og_type":"article","og_title":"\u010cesk\u00fd cyklokros za\u017e\u00edv\u00e1 propad. Je mi z\u00a0toho smutno, \u0159\u00edk\u00e1 \u0160im\u016fnek","og_description":"\u010cesko, respektive \u010ceskoslovensko, b\u00fdvalo v\u00a0minulosti cyklokrosovou velmoc\u00ed.","og_url":"https:\/\/www.welovecycling.com\/cs\/2021\/01\/24\/cesky-cyklokros-zaziva-propad-je-mi-z-toho-smutno-rika-simunek\/","og_site_name":"\u0160koda We Love Cycling - \u010cesk\u00e1 republika","article_published_time":"2021-01-24T05:00:20+00:00","og_image":[{"width":2000,"height":1333,"url":"https:\/\/d2p6e6u75xmxt8.cloudfront.net\/13\/2021\/01\/cyklokros-michal-cerveny.webp","type":"image\/webp"}],"twitter_card":"summary_large_image","twitter_misc":{"Written by":"Vojt\u011bch Ha\u010deck\u00fd","Est. reading time":"6"},"schema":{"@context":"https:\/\/schema.org","@graph":[{"@type":"WebPage","@id":"https:\/\/www.welovecycling.com\/cs\/2021\/01\/24\/cesky-cyklokros-zaziva-propad-je-mi-z-toho-smutno-rika-simunek\/","url":"https:\/\/www.welovecycling.com\/cs\/2021\/01\/24\/cesky-cyklokros-zaziva-propad-je-mi-z-toho-smutno-rika-simunek\/","name":"\u010cesk\u00fd cyklokros za\u017e\u00edv\u00e1 propad. Je mi z\u00a0toho smutno, \u0159\u00edk\u00e1 \u0160im\u016fnek | \u0160koda We Love Cycling - \u010cesk\u00e1 republika","isPartOf":{"@id":"https:\/\/www.welovecycling.com\/cs\/#website"},"primaryImageOfPage":{"@id":"https:\/\/www.welovecycling.com\/cs\/2021\/01\/24\/cesky-cyklokros-zaziva-propad-je-mi-z-toho-smutno-rika-simunek\/#primaryimage"},"image":{"@id":"https:\/\/www.welovecycling.com\/cs\/2021\/01\/24\/cesky-cyklokros-zaziva-propad-je-mi-z-toho-smutno-rika-simunek\/#primaryimage"},"thumbnailUrl":"https:\/\/d2p6e6u75xmxt8.cloudfront.net\/13\/2021\/01\/cyklokros-michal-cerveny.webp","datePublished":"2021-01-24T05:00:20+00:00","author":{"@id":""},"description":"\u010cesko, respektive \u010ceskoslovensko, b\u00fdvalo v\u00a0minulosti cyklokrosovou velmoc\u00ed.","inLanguage":"cs","potentialAction":[{"@type":"ReadAction","target":["https:\/\/www.welovecycling.com\/cs\/2021\/01\/24\/cesky-cyklokros-zaziva-propad-je-mi-z-toho-smutno-rika-simunek\/"]}]},{"@type":"ImageObject","inLanguage":"cs","@id":"https:\/\/www.welovecycling.com\/cs\/2021\/01\/24\/cesky-cyklokros-zaziva-propad-je-mi-z-toho-smutno-rika-simunek\/#primaryimage","url":"https:\/\/d2p6e6u75xmxt8.cloudfront.net\/13\/2021\/01\/cyklokros-michal-cerveny.webp","contentUrl":"https:\/\/d2p6e6u75xmxt8.cloudfront.net\/13\/2021\/01\/cyklokros-michal-cerveny.webp","width":2000,"height":1333,"caption":"Michal Boro\u0161"},{"@type":"WebSite","@id":"https:\/\/www.welovecycling.com\/cs\/#website","url":"https:\/\/www.welovecycling.com\/cs\/","name":"\u0160koda We Love Cycling - \u010cesk\u00e1 republika","description":"WeLoveCycling.cz je online magaz\u00edn, kter\u00fd v\u00e1m pravideln\u011b p\u0159in\u00e1\u0161\u00ed rady a tipy, zaj\u00edmav\u00e9 \u010dl\u00e1nky, videa a jedine\u010dn\u00e9 report\u00e1\u017ee ze sv\u011bta cyklistiky.","potentialAction":[{"@type":"SearchAction","target":{"@type":"EntryPoint","urlTemplate":"https:\/\/www.welovecycling.com\/cs\/?s={search_term_string}"},"query-input":{"@type":"PropertyValueSpecification","valueRequired":true,"valueName":"search_term_string"}}],"inLanguage":"cs"},{"@type":"Person","@id":"","url":"https:\/\/www.welovecycling.com\/cs\/author\/"}]}},"_links":{"self":[{"href":"https:\/\/www.welovecycling.com\/cs\/wp-json\/wp\/v2\/posts\/11413","targetHints":{"allow":["GET"]}}],"collection":[{"href":"https:\/\/www.welovecycling.com\/cs\/wp-json\/wp\/v2\/posts"}],"about":[{"href":"https:\/\/www.welovecycling.com\/cs\/wp-json\/wp\/v2\/types\/post"}],"author":[{"embeddable":true,"href":"https:\/\/www.welovecycling.com\/cs\/wp-json\/wp\/v2\/users\/122"}],"replies":[{"embeddable":true,"href":"https:\/\/www.welovecycling.com\/cs\/wp-json\/wp\/v2\/comments?post=11413"}],"version-history":[{"count":2,"href":"https:\/\/www.welovecycling.com\/cs\/wp-json\/wp\/v2\/posts\/11413\/revisions"}],"predecessor-version":[{"id":11421,"href":"https:\/\/www.welovecycling.com\/cs\/wp-json\/wp\/v2\/posts\/11413\/revisions\/11421"}],"wp:featuredmedia":[{"embeddable":true,"href":"https:\/\/www.welovecycling.com\/cs\/wp-json\/wp\/v2\/media\/11416"}],"wp:attachment":[{"href":"https:\/\/www.welovecycling.com\/cs\/wp-json\/wp\/v2\/media?parent=11413"}],"wp:term":[{"taxonomy":"category","embeddable":true,"href":"https:\/\/www.welovecycling.com\/cs\/wp-json\/wp\/v2\/categories?post=11413"},{"taxonomy":"post_tag","embeddable":true,"href":"https:\/\/www.welovecycling.com\/cs\/wp-json\/wp\/v2\/tags?post=11413"},{"taxonomy":"global-categories","embeddable":true,"href":"https:\/\/www.welovecycling.com\/cs\/wp-json\/wp\/v2\/global-categories?post=11413"}],"curies":[{"name":"wp","href":"https:\/\/api.w.org\/{rel}","templated":true}]}}