{"id":11399,"date":"2021-01-23T07:00:38","date_gmt":"2021-01-23T05:00:38","guid":{"rendered":"https:\/\/www.welovecycling.com\/cs\/?p=11399"},"modified":"2021-01-22T20:54:38","modified_gmt":"2021-01-22T18:54:38","slug":"bikefiting-do-sezony-s-posedem-od-profika","status":"publish","type":"post","link":"https:\/\/www.welovecycling.com\/cs\/2021\/01\/23\/bikefiting-do-sezony-s-posedem-od-profika\/","title":{"rendered":"Bikefiting! Do sezony s posedem od prof\u00edka"},"content":{"rendered":"<p><strong>Zimu m\u016f\u017eeme jako cyklist\u00e9 vyu\u017e\u00edt ke sp\u0159\u00e1d\u00e1n\u00ed pl\u00e1n\u016f na jaro, k vylep\u0161en\u00ed kondice nebo k investic\u00edm do kola a ostatn\u00edho vybaven\u00ed. Toto obdob\u00ed je ale vhodn\u00e9 tak\u00e9 pro p\u0159\u00edpadn\u00e9 z\u00e1sahy do posedu. T\u011blo tak dostane dostatek \u010dasu adaptovat se p\u0159ed za\u010d\u00e1tkem sezony na zm\u011bny. Z\u00e1rove\u0148 budeme m\u00edt luxusn\u00ed prostor na p\u0159\u00edpadn\u00e9 dolad\u011bn\u00ed pozice.<\/strong><\/p>\n<p>V\u011bt\u0161ina cyklist\u016f si posed na nov\u00e9m kole nastav\u00ed \u010dist\u011b intuitivn\u011b \u2013 vyt\u00e1hnou sedlo do v\u00fd\u0161ky, kterou pova\u017euj\u00ed za komfortn\u00ed, a vyraz\u00ed ven. Ti hloubav\u011bj\u0161\u00ed se pokus\u00ed p\u0159en\u00e9st na kolo nalad\u011bn\u00ed, na n\u011b\u017e byli zvykl\u00ed z p\u016fvodn\u00edho stroje, nebo se porad\u00ed s prodejcem \u010di zku\u0161en\u011bj\u0161\u00edm cyklistou. Vhodn\u00e9 pozice lze dos\u00e1hnout tak\u00e9 aplikac\u00ed generacemi prov\u011b\u0159en\u00fdch pou\u010dek. Vedle toho v\u0161ak existuj\u00ed r\u016fzn\u00e9 profesion\u00e1ln\u00ed slu\u017eby nastaven\u00ed posedu, takzvan\u00e9ho bikefittingu.<\/p>\n<h2><strong>P\u0159\u00edle\u017eitost pro ka\u017ed\u00e9ho<\/strong><\/h2>\n<p>Slu\u017eby fitter\u016f neb\u00fdvaj\u00ed levn\u00e9, a\u017e se m\u016f\u017ee zd\u00e1t, \u017ee jsou ur\u010den\u00e9 v\u00fdhradn\u011b profesion\u00e1ln\u00edm jezdc\u016fm nebo t\u011bm, kte\u0159\u00ed se profesion\u00e1l\u016fm cht\u011bj\u00ed rovnat. Tento p\u0159edsudek je ale neopodstatn\u011bn\u00fd. Pr\u00e1v\u011b za\u010d\u00ednaj\u00edc\u00ed cyklist\u00e9 bez p\u0159edchoz\u00edch zku\u0161enost\u00ed jsou ti, kter\u00fdm by n\u011bkter\u00e1 ze z\u00e1kladn\u00edch variant bike fittingu mohla v\u00fdrazn\u011b zp\u0159\u00edjemnit z\u00e1\u017eitek z j\u00edzdy.<\/p>\n<div class=\"shortcode-ys-post-pinup\"><article class=\"loop-simple post-11316 post type-post status-publish format-standard has-post-thumbnail hentry category-horska-cyklistika tag-cyklistika tag-drahova-cyklistika tag-horska-cyklistika tag-kalendar-sp-bikeru-2021 tag-kalendar-sp-cross-country-2021 tag-sp-draharu-2021 global-categories-cycling\" data-postid=\"11316\" role=\"article\" data-post-id=\"11316\" data-word-count=\"438\" data-headline-length=\"66\" data-category=\"Horsk\u00e1 cyklistika\" data-global-category=\"Cycling\" data-author=\"Jan Kr\u016fta\" data-published=\"2021-01-12T07:00:22+02:00\" data-published-day=\"Tuesday\">\n    <div class=\"entry-thumbnail article-thumbnail\" content=\"https:\/\/d2p6e6u75xmxt8.cloudfront.net\/13\/2020\/10\/cink-1-150x150.webp\"><a href=\"https:\/\/www.welovecycling.com\/cs\/2021\/01\/12\/vrcholy-bikeru-a-draharu-tokio-val-di-sole-ci-turkmenistan\/\" class=\"image-holder\" target=\"_self\"><img decoding=\"async\" loading=\"lazy\" class=\"\" src=\"https:\/\/d2p6e6u75xmxt8.cloudfront.net\/13\/2020\/10\/cink-1-1024x683.webp\" srcset=\"https:\/\/d2p6e6u75xmxt8.cloudfront.net\/13\/2020\/10\/cink-1.webp 1600w, https:\/\/d2p6e6u75xmxt8.cloudfront.net\/13\/2020\/10\/cink-1-300x200.webp 300w, https:\/\/d2p6e6u75xmxt8.cloudfront.net\/13\/2020\/10\/cink-1-1024x683.webp 1024w, https:\/\/d2p6e6u75xmxt8.cloudfront.net\/13\/2020\/10\/cink-1-768x512.webp 768w, https:\/\/d2p6e6u75xmxt8.cloudfront.net\/13\/2020\/10\/cink-1-1536x1024.webp 1536w, https:\/\/d2p6e6u75xmxt8.cloudfront.net\/13\/2020\/10\/cink-1-272x182.webp 272w\" width=\"1024\" height=\"683\" sizes=\"auto, (min-width: 1200px) 300px, (min-width: 768px) 25vw, 100vw\" alt=\"vrcholy-bikeru-a-draharu-tokio-val-di-sole-ci-turkmenistan\"\/><\/a><\/div>    <div class=\"entry-meta\">\n        <a class=\"label label-secondary post-category\" href=\"https:\/\/www.welovecycling.com\/cs\/category\/horska-cyklistika\/\" title=\"Horsk\u00e1 cyklistika\">Horsk\u00e1 cyklistika<\/a>\n    <\/div>\n    <div class=\"entry-details\">\n        <a href=\"https:\/\/www.welovecycling.com\/cs\/2021\/01\/12\/vrcholy-bikeru-a-draharu-tokio-val-di-sole-ci-turkmenistan\/\" class='entry-title-wrapper'>\n            <h3 class=\"entry-title\"><span>Vrcholy biker\u016f a dr\u00e1ha\u0159\u016f? Tokio, Val di Sole \u010di Turkmenist\u00e1n<\/span><\/h3>\n        <\/a>\n    <\/div>\n    <\/article>\n<\/div>\n<p>Dal\u0161\u00ed skupinou adept\u016f jsou v\u00fdkonnostn\u00ed jezdci. Jde v\u011bt\u0161inou o silni\u010d\u00e1\u0159e nebo MTB maratonce, kte\u0159\u00ed se cht\u011bj\u00ed posunout ve v\u00fdsledkov\u00e9 listin\u011b z\u00e1vod\u016f o p\u00e1r p\u0159\u00ed\u010dek dop\u0159edu, a tak hledaj\u00ed rezervy umo\u017e\u0148uj\u00edc\u00ed efektivn\u011bj\u0161\u00ed j\u00edzdu. Tato mno\u017eina se nez\u0159\u00eddka p\u0159ekr\u00fdv\u00e1 s t\u011bmi, kte\u0159\u00ed tr\u00e9nuj\u00ed hodn\u011b a p\u0159i j\u00edzd\u011b trp\u00ed zdravotn\u00edmi obt\u00ed\u017eemi. Bolesti \u0161\u00edje, beder, horn\u00edch kon\u010detin, kolenou&#8230; Tady v\u0161ude m\u016f\u017ee b\u00fdt p\u0159et\u011b\u017eov\u00e1n\u00ed pohybov\u00e9ho apar\u00e1tu zp\u016fsobeno nevhodn\u011b nastaven\u00fdm kolem.<\/p>\n<figure id=\"attachment_11408\" aria-describedby=\"caption-attachment-11408\" style=\"width: 1600px\" class=\"wp-caption alignnone\"><a href=\"https:\/\/d2p6e6u75xmxt8.cloudfront.net\/13\/2021\/01\/bikefiting-michal-cerveny-6.jpg\"><img loading=\"lazy\" decoding=\"async\" class=\"size-full wp-image-11408\" src=\"https:\/\/d2p6e6u75xmxt8.cloudfront.net\/13\/2021\/01\/bikefiting-michal-cerveny-6.jpg\" alt=\"Bikefiting je skv\u011blou mo\u017enost\u00ed, jak posunout v\u00fdkonnost. V zim\u011b je na n\u011bj ide\u00e1ln\u011b doba. Foto: Michal \u010cerven\u00fd\" width=\"1600\" height=\"1067\" \/><\/a><figcaption id=\"caption-attachment-11408\" class=\"wp-caption-text\">Bikefiting je skv\u011blou mo\u017enost\u00ed, jak posunout v\u00fdkonnost. V zim\u011b je na n\u011bj ide\u00e1ln\u00ed doba. Foto: Michal \u010cerven\u00fd<\/figcaption><\/figure>\n<p>A kone\u010dn\u011b do fittersk\u00fdch studi\u00ed m\u00ed\u0159\u00ed velk\u00e1 skupina lid\u00ed \u010dist\u011b ze zv\u011bdavosti, aby zjistili, jak moc se bude li\u0161it jejich dosavadn\u00ed posed od pozice nastaven\u00e9 metodikou podlo\u017eenou poznatky modern\u00ed v\u011bdy.<\/p>\n<h2><strong>Obecn\u011b i detailn\u011b<\/strong><\/h2>\n<p>Nastaven\u00ed kola m\u016f\u017ee trvat od n\u011bkolika des\u00edtek minut po n\u011bkolik hodin. Z\u00e1le\u017e\u00ed p\u0159i tom na \u00farovni, kterou z\u00e1kazn\u00edk zvol\u00ed. Nejd\u016fkladn\u011bj\u0161\u00ed metodiky za\u010d\u00ednaj\u00ed zevrubn\u00fdm vstupn\u00edm pohovorem, kdy fitter zji\u0161\u0165uje, co z\u00e1kazn\u00edk od j\u00edzdy na kole o\u010dek\u00e1v\u00e1, jak\u00e1 je jeho sportovn\u00ed historie, tr\u00e1p\u00ed-li jej n\u011bjak\u00e9 zdravotn\u00ed probl\u00e9my. Navazuje pom\u011brn\u011b d\u016fkladn\u00e9 vy\u0161et\u0159en\u00ed t\u011blesn\u00e9 schr\u00e1nky, p\u0159i n\u011bm\u017e se fitter sna\u017e\u00ed odhalit ve\u0161ker\u00e1 specifika jezdcova t\u011bla, kter\u00e1 mohou v\u00fdsledn\u00fd posed ovlivnit \u2013 nap\u0159\u00edklad rozsah pohybu v kloubech, zkr\u00e1cen\u00e9 svalov\u00e9 partie a podobn\u011b.<\/p>\n<figure id=\"attachment_11406\" aria-describedby=\"caption-attachment-11406\" style=\"width: 1600px\" class=\"wp-caption alignnone\"><a href=\"https:\/\/d2p6e6u75xmxt8.cloudfront.net\/13\/2021\/01\/bikefiting-michal-cerveny-4.jpg\"><img loading=\"lazy\" decoding=\"async\" class=\"size-full wp-image-11406\" src=\"https:\/\/d2p6e6u75xmxt8.cloudfront.net\/13\/2021\/01\/bikefiting-michal-cerveny-4.jpg\" alt=\"Bikefiting je skv\u011blou mo\u017enost\u00ed, jak posunout v\u00fdkonnost. V zim\u011b je na n\u011bj ide\u00e1lni doba. Foto: Michal \u010cerven\u00fd\" width=\"1600\" height=\"1067\" \/><\/a><figcaption id=\"caption-attachment-11406\" class=\"wp-caption-text\"><em>Bikefiting je skv\u011blou mo\u017enost\u00ed, jak posunout v\u00fdkonnost. V zim\u011b je na n\u011bj ide\u00e1ln\u00ed doba. Foto: Michal \u010cerven\u00fd<\/em><\/figcaption><\/figure>\n<p>N\u00e1sledn\u011b se p\u0159istupuje ke statick\u00e9mu a u pokro\u010dilej\u0161\u00edch metod i dynamick\u00e9mu nastaven\u00ed kola (prob\u00edh\u00e1 na trena\u017e\u00e9ru). Na jezdce jsou um\u00edst\u011bny senzory, d\u00edky nim\u017e je mo\u017en\u00e9 trojrozm\u011brn\u011b sn\u00edmat pohyby t\u011blesn\u00fdch segment\u016f p\u0159i \u0161lap\u00e1n\u00ed. Data zobrazovan\u00e1 ve speci\u00e1ln\u00edm softwaru n\u00e1sledn\u011b d\u00e1vaj\u00ed fitterovi p\u0159esnou p\u0159edstavu, k jak\u00fdm pohyb\u016fm doch\u00e1z\u00ed p\u0159i \u0161lap\u00e1n\u00ed a jak vzd\u00e1len\u00e9 je aktu\u00e1ln\u00ed nastaven\u00ed kola od stavu, kter\u00fd dan\u00e1 metodika pova\u017euje za ide\u00e1ln\u00ed.<\/p>\n<h2><strong>Cena bikefitingu?<\/strong><\/h2>\n<p>K ide\u00e1ln\u00edmu stavu se fitter dopracov\u00e1v\u00e1 postupn\u00fdmi kroky, p\u0159edev\u0161\u00edm horizont\u00e1ln\u00ed a vertik\u00e1ln\u00ed \u00fapravou polohy sedla a pozice \u0159\u00edd\u00edtek. V\u00fdznam maj\u00ed ale i zd\u00e1nliv\u00e9 detaily, jako je t\u0159eba pozice zar\u00e1\u017eek na tretr\u00e1ch, klenut\u00ed st\u00e9lek v bot\u00e1ch nebo typ sedla. \u010casto tak nast\u00e1v\u00e1 situace, kdy je pro ide\u00e1ln\u00ed nastaven\u00ed kola nutn\u00e9 vym\u011bnit jeden nebo i v\u00edce komponent\u016f.<\/p>\n<figure id=\"attachment_11407\" aria-describedby=\"caption-attachment-11407\" style=\"width: 1600px\" class=\"wp-caption alignnone\"><a href=\"https:\/\/d2p6e6u75xmxt8.cloudfront.net\/13\/2021\/01\/bikefiting-michal-cerveny-5.jpg\"><img loading=\"lazy\" decoding=\"async\" class=\"size-full wp-image-11407\" src=\"https:\/\/d2p6e6u75xmxt8.cloudfront.net\/13\/2021\/01\/bikefiting-michal-cerveny-5.jpg\" alt=\"Bikefiting je skv\u011blou mo\u017enost\u00ed, jak posunout v\u00fdkonnost. V zim\u011b je na n\u011bj ide\u00e1lni doba. Foto: Michal \u010cerven\u00fd\" width=\"1600\" height=\"1067\" \/><\/a><figcaption id=\"caption-attachment-11407\" class=\"wp-caption-text\"><em>Bikefiting je skv\u011blou mo\u017enost\u00ed, jak posunout v\u00fdkonnost. V zim\u011b je na n\u011bj ide\u00e1ln\u00ed doba. Foto: Michal \u010cerven\u00fd<\/em><\/figcaption><\/figure>\n<p>Ceny z\u00e1kladn\u00edho bike fittingu, zcela dostate\u010dn\u00e9ho nap\u0159\u00edklad pro za\u010d\u00ednaj\u00edc\u00ed cyklisty, startuj\u00ed v \u00farovni 1000\u20132000 korun. Na kompletn\u00ed nastaven\u00ed kola s vyu\u017eit\u00edm 3D anal\u00fdzy pohybu si p\u0159ipravte dvojn\u00e1sobek, sp\u00ed\u0161e trojn\u00e1sobek t\u00e9to \u010d\u00e1stky. V\u011bt\u0161ina prodejc\u016f v\u0161ak poskytuje slevu na nastaven\u00ed u nich zakoupen\u00fdch kol. Stejn\u011b tak b\u00fdv\u00e1 cenov\u011b zv\u00fdhodn\u011bno nastaven\u00ed druh\u00e9ho \u010di t\u0159et\u00edho kola, proto\u017ee nam\u011b\u0159en\u00e1 data ji\u017e m\u00e1 fittovac\u00ed studio ulo\u017eena.<\/p>\n<h2><strong>Co kdy\u017e to nesedne?<\/strong><\/h2>\n<p>B\u011bhem nastavov\u00e1n\u00ed kola se fitter sice sna\u017e\u00ed doc\u00edlit pozice, kterou pova\u017euje za ide\u00e1ln\u00ed. Cel\u00fd proces v\u0161ak prob\u00edh\u00e1 formou dialogu se z\u00e1kazn\u00edkem. V\u00fdsledkem tedy nikdy nen\u00ed nastaven\u00ed, kter\u00e9 by bylo pro jezdce apriori nep\u0159ijateln\u00e9 nebo nep\u0159\u00edjemn\u00e9.<\/p>\n<div class=\"shortcode-ys-post-pinup\"><article class=\"loop-simple post-11235 post type-post status-publish format-standard has-post-thumbnail hentry category-rady-tipy category-silnicni-cyklistika tag-elektronicka-prehazovacka tag-jak-na-nakup-kola tag-karbonovy-rafek tag-karbonovy-ram tag-kotoucove-brzdy tag-mechanicka-prehazovacka tag-rafkove-brzdy tag-silnicni-kolo global-categories-cycling\" data-postid=\"11235\" role=\"article\" data-post-id=\"11235\" data-word-count=\"663\" data-headline-length=\"54\" data-category=\"Rady &amp; tipy\" data-global-category=\"Cycling\" data-author=\"Kry\u0161tof Kopic\" data-published=\"2021-01-03T07:00:33+02:00\" data-published-day=\"Sunday\">\n    <div class=\"entry-thumbnail article-thumbnail\" content=\"https:\/\/d2p6e6u75xmxt8.cloudfront.net\/13\/2020\/10\/koda-silni\u010dn\u00ed-ROAD-ELITE_sas_9515-final-scaled-150x150.webp\"><a href=\"https:\/\/www.welovecycling.com\/cs\/2021\/01\/03\/jak-na-nakup-jizdniho-kola-silnicni-rozcestniky\/\" class=\"image-holder\" target=\"_self\"><img decoding=\"async\" loading=\"lazy\" class=\"\" src=\"https:\/\/d2p6e6u75xmxt8.cloudfront.net\/13\/2020\/10\/koda-silni\u010dn\u00ed-ROAD-ELITE_sas_9515-final-scaled-1024x683.webp\" srcset=\"https:\/\/d2p6e6u75xmxt8.cloudfront.net\/13\/2020\/10\/koda-silni\u010dn\u00ed-ROAD-ELITE_sas_9515-final-scaled.webp 2560w, https:\/\/d2p6e6u75xmxt8.cloudfront.net\/13\/2020\/10\/koda-silni\u010dn\u00ed-ROAD-ELITE_sas_9515-final-scaled-300x200.webp 300w, https:\/\/d2p6e6u75xmxt8.cloudfront.net\/13\/2020\/10\/koda-silni\u010dn\u00ed-ROAD-ELITE_sas_9515-final-scaled-1024x683.webp 1024w, https:\/\/d2p6e6u75xmxt8.cloudfront.net\/13\/2020\/10\/koda-silni\u010dn\u00ed-ROAD-ELITE_sas_9515-final-scaled-768x512.webp 768w, https:\/\/d2p6e6u75xmxt8.cloudfront.net\/13\/2020\/10\/koda-silni\u010dn\u00ed-ROAD-ELITE_sas_9515-final-scaled-1536x1024.webp 1536w, https:\/\/d2p6e6u75xmxt8.cloudfront.net\/13\/2020\/10\/koda-silni\u010dn\u00ed-ROAD-ELITE_sas_9515-final-scaled-2048x1366.webp 2048w, https:\/\/d2p6e6u75xmxt8.cloudfront.net\/13\/2020\/10\/koda-silni\u010dn\u00ed-ROAD-ELITE_sas_9515-final-scaled-1920x1280.webp 1920w, https:\/\/d2p6e6u75xmxt8.cloudfront.net\/13\/2020\/10\/koda-silni\u010dn\u00ed-ROAD-ELITE_sas_9515-final-scaled-272x182.webp 272w, https:\/\/d2p6e6u75xmxt8.cloudfront.net\/13\/2020\/10\/koda-silni\u010dn\u00ed-ROAD-ELITE_sas_9515-final-scaled-1920x1280.webp 1920w\" width=\"1024\" height=\"683\" sizes=\"auto, (min-width: 1200px) 300px, (min-width: 768px) 25vw, 100vw\" alt=\"jak-na-nakup-jizdniho-kola-silnicni-rozcestniky\"\/><\/a><\/div>    <div class=\"entry-meta\">\n        <a class=\"label label-secondary post-category\" href=\"https:\/\/www.welovecycling.com\/cs\/category\/rady-tipy\/\" title=\"Rady &amp; tipy\">Rady &amp; tipy<\/a>\n    <\/div>\n    <div class=\"entry-details\">\n        <a href=\"https:\/\/www.welovecycling.com\/cs\/2021\/01\/03\/jak-na-nakup-jizdniho-kola-silnicni-rozcestniky\/\" class='entry-title-wrapper'>\n            <h3 class=\"entry-title\"><span>Jak na n\u00e1kup j\u00edzdn\u00edho kola: silni\u010dn\u00ed rozcestn\u00edky<\/span><\/h3>\n        <\/a>\n    <\/div>\n    <\/article>\n<\/div>\n<p>P\u0159esto ale m\u016f\u017ee b\u00fdt nov\u00fd posed od p\u016fvodn\u00edho v\u00fdrazn\u011b odli\u0161n\u00fd a je pot\u0159eba mu p\u0159ivyknout. Proto b\u00fdv\u00e1 v cen\u011b fittingu zahrnuta je\u0161t\u011b kontroln\u00ed n\u00e1v\u0161t\u011bva po ujet\u00ed ur\u010dit\u00e9ho po\u010dtu kilometr\u016f. Ta je p\u0159\u00edle\u017eitost\u00ed k dolad\u011bn\u00ed drobn\u00fdch nuanc\u00ed. Z\u00e1kladn\u00ed cti\u017e\u00e1dost\u00ed ka\u017ed\u00e9ho fittera je toti\u017e samoz\u0159ejm\u011b spokojen\u00fd z\u00e1kazn\u00edk.<\/p>\n","protected":false},"excerpt":{"rendered":"<p>Zimu m\u016f\u017eeme jako cyklist\u00e9 vyu\u017e\u00edt ke sp\u0159\u00e1d\u00e1n\u00ed pl\u00e1n\u016f na jaro, k vylep\u0161en\u00ed kondice nebo k investic\u00edm do kola a ostatn\u00edho [&hellip;]<\/p>\n","protected":false},"author":122,"featured_media":11404,"comment_status":"open","ping_status":"open","sticky":false,"template":"","format":"standard","meta":{"footnotes":""},"categories":[6],"tags":[1422,1423,126,56,9,67],"global-categories":[411],"class_list":["post-11399","post","type-post","status-publish","format-standard","has-post-thumbnail","hentry","category-zdravi-a-trenink","tag-bikefiting","tag-cena-bikefitingu","tag-cyklistika","tag-horska-cyklistika","tag-silnicni-cyklistika","tag-zdravi-a-trenink","global-categories-cycling"],"yoast_head":"<!-- This site is optimized with the Yoast SEO Premium plugin v25.3 (Yoast SEO v25.9) - https:\/\/yoast.com\/wordpress\/plugins\/seo\/ -->\n<title>Bikefiting! Do sezony s posedem od prof\u00edka | \u0160koda We Love Cycling - \u010cesk\u00e1 republika<\/title>\n<meta name=\"robots\" content=\"index, follow, max-snippet:-1, max-image-preview:large, max-video-preview:-1\" \/>\n<link rel=\"canonical\" href=\"https:\/\/www.welovecycling.com\/cs\/2021\/01\/23\/bikefiting-do-sezony-s-posedem-od-profika\/\" \/>\n<meta property=\"og:locale\" content=\"cs_CZ\" \/>\n<meta property=\"og:type\" content=\"article\" \/>\n<meta property=\"og:title\" content=\"Bikefiting! Do sezony s posedem od prof\u00edka\" \/>\n<meta property=\"og:description\" content=\"Zimu m\u016f\u017eeme jako cyklist\u00e9 vyu\u017e\u00edt ke sp\u0159\u00e1d\u00e1n\u00ed pl\u00e1n\u016f na jaro, k vylep\u0161en\u00ed kondice nebo k investic\u00edm do kola a ostatn\u00edho [&hellip;]\" \/>\n<meta property=\"og:url\" content=\"https:\/\/www.welovecycling.com\/cs\/2021\/01\/23\/bikefiting-do-sezony-s-posedem-od-profika\/\" \/>\n<meta property=\"og:site_name\" content=\"\u0160koda We Love Cycling - \u010cesk\u00e1 republika\" \/>\n<meta property=\"article:published_time\" content=\"2021-01-23T05:00:38+00:00\" \/>\n<meta property=\"og:image\" content=\"https:\/\/d2p6e6u75xmxt8.cloudfront.net\/13\/2021\/01\/bikefiting-michal-cerveny-2.webp\" \/>\n\t<meta property=\"og:image:width\" content=\"1600\" \/>\n\t<meta property=\"og:image:height\" content=\"1067\" \/>\n\t<meta property=\"og:image:type\" content=\"image\/webp\" \/>\n<meta name=\"twitter:card\" content=\"summary_large_image\" \/>\n<meta name=\"twitter:label1\" content=\"Written by\" \/>\n\t<meta name=\"twitter:data1\" content=\"Kry\u0161tof Kopic\" \/>\n\t<meta name=\"twitter:label2\" content=\"Est. reading time\" \/>\n\t<meta name=\"twitter:data2\" content=\"5\" \/>\n<script type=\"application\/ld+json\" class=\"yoast-schema-graph\">{\"@context\":\"https:\/\/schema.org\",\"@graph\":[{\"@type\":\"WebPage\",\"@id\":\"https:\/\/www.welovecycling.com\/cs\/2021\/01\/23\/bikefiting-do-sezony-s-posedem-od-profika\/\",\"url\":\"https:\/\/www.welovecycling.com\/cs\/2021\/01\/23\/bikefiting-do-sezony-s-posedem-od-profika\/\",\"name\":\"Bikefiting! Do sezony s posedem od prof\u00edka | \u0160koda We Love Cycling - \u010cesk\u00e1 republika\",\"isPartOf\":{\"@id\":\"https:\/\/www.welovecycling.com\/cs\/#website\"},\"primaryImageOfPage\":{\"@id\":\"https:\/\/www.welovecycling.com\/cs\/2021\/01\/23\/bikefiting-do-sezony-s-posedem-od-profika\/#primaryimage\"},\"image\":{\"@id\":\"https:\/\/www.welovecycling.com\/cs\/2021\/01\/23\/bikefiting-do-sezony-s-posedem-od-profika\/#primaryimage\"},\"thumbnailUrl\":\"https:\/\/d2p6e6u75xmxt8.cloudfront.net\/13\/2021\/01\/bikefiting-michal-cerveny-2.webp\",\"datePublished\":\"2021-01-23T05:00:38+00:00\",\"author\":{\"@id\":\"\"},\"inLanguage\":\"cs\",\"potentialAction\":[{\"@type\":\"ReadAction\",\"target\":[\"https:\/\/www.welovecycling.com\/cs\/2021\/01\/23\/bikefiting-do-sezony-s-posedem-od-profika\/\"]}]},{\"@type\":\"ImageObject\",\"inLanguage\":\"cs\",\"@id\":\"https:\/\/www.welovecycling.com\/cs\/2021\/01\/23\/bikefiting-do-sezony-s-posedem-od-profika\/#primaryimage\",\"url\":\"https:\/\/d2p6e6u75xmxt8.cloudfront.net\/13\/2021\/01\/bikefiting-michal-cerveny-2.webp\",\"contentUrl\":\"https:\/\/d2p6e6u75xmxt8.cloudfront.net\/13\/2021\/01\/bikefiting-michal-cerveny-2.webp\",\"width\":1600,\"height\":1067,\"caption\":\"Bikeffiting je skv\u011bl\u00fd zp\u016fsob, jak odstranit nejen zdravotn\u00ed probl\u00e9my.\"},{\"@type\":\"WebSite\",\"@id\":\"https:\/\/www.welovecycling.com\/cs\/#website\",\"url\":\"https:\/\/www.welovecycling.com\/cs\/\",\"name\":\"\u0160koda We Love Cycling - \u010cesk\u00e1 republika\",\"description\":\"WeLoveCycling.cz je online magaz\u00edn, kter\u00fd v\u00e1m pravideln\u011b p\u0159in\u00e1\u0161\u00ed rady a tipy, zaj\u00edmav\u00e9 \u010dl\u00e1nky, videa a jedine\u010dn\u00e9 report\u00e1\u017ee ze sv\u011bta cyklistiky.\",\"potentialAction\":[{\"@type\":\"SearchAction\",\"target\":{\"@type\":\"EntryPoint\",\"urlTemplate\":\"https:\/\/www.welovecycling.com\/cs\/?s={search_term_string}\"},\"query-input\":{\"@type\":\"PropertyValueSpecification\",\"valueRequired\":true,\"valueName\":\"search_term_string\"}}],\"inLanguage\":\"cs\"},{\"@type\":\"Person\",\"@id\":\"\",\"url\":\"https:\/\/www.welovecycling.com\/cs\/author\/\"}]}<\/script>\n<!-- \/ Yoast SEO Premium plugin. -->","yoast_head_json":{"title":"Bikefiting! Do sezony s posedem od prof\u00edka | \u0160koda We Love Cycling - \u010cesk\u00e1 republika","robots":{"index":"index","follow":"follow","max-snippet":"max-snippet:-1","max-image-preview":"max-image-preview:large","max-video-preview":"max-video-preview:-1"},"canonical":"https:\/\/www.welovecycling.com\/cs\/2021\/01\/23\/bikefiting-do-sezony-s-posedem-od-profika\/","og_locale":"cs_CZ","og_type":"article","og_title":"Bikefiting! Do sezony s posedem od prof\u00edka","og_description":"Zimu m\u016f\u017eeme jako cyklist\u00e9 vyu\u017e\u00edt ke sp\u0159\u00e1d\u00e1n\u00ed pl\u00e1n\u016f na jaro, k vylep\u0161en\u00ed kondice nebo k investic\u00edm do kola a ostatn\u00edho [&hellip;]","og_url":"https:\/\/www.welovecycling.com\/cs\/2021\/01\/23\/bikefiting-do-sezony-s-posedem-od-profika\/","og_site_name":"\u0160koda We Love Cycling - \u010cesk\u00e1 republika","article_published_time":"2021-01-23T05:00:38+00:00","og_image":[{"width":1600,"height":1067,"url":"https:\/\/d2p6e6u75xmxt8.cloudfront.net\/13\/2021\/01\/bikefiting-michal-cerveny-2.webp","type":"image\/webp"}],"twitter_card":"summary_large_image","twitter_misc":{"Written by":"Kry\u0161tof Kopic","Est. reading time":"5"},"schema":{"@context":"https:\/\/schema.org","@graph":[{"@type":"WebPage","@id":"https:\/\/www.welovecycling.com\/cs\/2021\/01\/23\/bikefiting-do-sezony-s-posedem-od-profika\/","url":"https:\/\/www.welovecycling.com\/cs\/2021\/01\/23\/bikefiting-do-sezony-s-posedem-od-profika\/","name":"Bikefiting! Do sezony s posedem od prof\u00edka | \u0160koda We Love Cycling - \u010cesk\u00e1 republika","isPartOf":{"@id":"https:\/\/www.welovecycling.com\/cs\/#website"},"primaryImageOfPage":{"@id":"https:\/\/www.welovecycling.com\/cs\/2021\/01\/23\/bikefiting-do-sezony-s-posedem-od-profika\/#primaryimage"},"image":{"@id":"https:\/\/www.welovecycling.com\/cs\/2021\/01\/23\/bikefiting-do-sezony-s-posedem-od-profika\/#primaryimage"},"thumbnailUrl":"https:\/\/d2p6e6u75xmxt8.cloudfront.net\/13\/2021\/01\/bikefiting-michal-cerveny-2.webp","datePublished":"2021-01-23T05:00:38+00:00","author":{"@id":""},"inLanguage":"cs","potentialAction":[{"@type":"ReadAction","target":["https:\/\/www.welovecycling.com\/cs\/2021\/01\/23\/bikefiting-do-sezony-s-posedem-od-profika\/"]}]},{"@type":"ImageObject","inLanguage":"cs","@id":"https:\/\/www.welovecycling.com\/cs\/2021\/01\/23\/bikefiting-do-sezony-s-posedem-od-profika\/#primaryimage","url":"https:\/\/d2p6e6u75xmxt8.cloudfront.net\/13\/2021\/01\/bikefiting-michal-cerveny-2.webp","contentUrl":"https:\/\/d2p6e6u75xmxt8.cloudfront.net\/13\/2021\/01\/bikefiting-michal-cerveny-2.webp","width":1600,"height":1067,"caption":"Bikeffiting je skv\u011bl\u00fd zp\u016fsob, jak odstranit nejen zdravotn\u00ed probl\u00e9my."},{"@type":"WebSite","@id":"https:\/\/www.welovecycling.com\/cs\/#website","url":"https:\/\/www.welovecycling.com\/cs\/","name":"\u0160koda We Love Cycling - \u010cesk\u00e1 republika","description":"WeLoveCycling.cz je online magaz\u00edn, kter\u00fd v\u00e1m pravideln\u011b p\u0159in\u00e1\u0161\u00ed rady a tipy, zaj\u00edmav\u00e9 \u010dl\u00e1nky, videa a jedine\u010dn\u00e9 report\u00e1\u017ee ze sv\u011bta cyklistiky.","potentialAction":[{"@type":"SearchAction","target":{"@type":"EntryPoint","urlTemplate":"https:\/\/www.welovecycling.com\/cs\/?s={search_term_string}"},"query-input":{"@type":"PropertyValueSpecification","valueRequired":true,"valueName":"search_term_string"}}],"inLanguage":"cs"},{"@type":"Person","@id":"","url":"https:\/\/www.welovecycling.com\/cs\/author\/"}]}},"_links":{"self":[{"href":"https:\/\/www.welovecycling.com\/cs\/wp-json\/wp\/v2\/posts\/11399","targetHints":{"allow":["GET"]}}],"collection":[{"href":"https:\/\/www.welovecycling.com\/cs\/wp-json\/wp\/v2\/posts"}],"about":[{"href":"https:\/\/www.welovecycling.com\/cs\/wp-json\/wp\/v2\/types\/post"}],"author":[{"embeddable":true,"href":"https:\/\/www.welovecycling.com\/cs\/wp-json\/wp\/v2\/users\/122"}],"replies":[{"embeddable":true,"href":"https:\/\/www.welovecycling.com\/cs\/wp-json\/wp\/v2\/comments?post=11399"}],"version-history":[{"count":2,"href":"https:\/\/www.welovecycling.com\/cs\/wp-json\/wp\/v2\/posts\/11399\/revisions"}],"predecessor-version":[{"id":11412,"href":"https:\/\/www.welovecycling.com\/cs\/wp-json\/wp\/v2\/posts\/11399\/revisions\/11412"}],"wp:featuredmedia":[{"embeddable":true,"href":"https:\/\/www.welovecycling.com\/cs\/wp-json\/wp\/v2\/media\/11404"}],"wp:attachment":[{"href":"https:\/\/www.welovecycling.com\/cs\/wp-json\/wp\/v2\/media?parent=11399"}],"wp:term":[{"taxonomy":"category","embeddable":true,"href":"https:\/\/www.welovecycling.com\/cs\/wp-json\/wp\/v2\/categories?post=11399"},{"taxonomy":"post_tag","embeddable":true,"href":"https:\/\/www.welovecycling.com\/cs\/wp-json\/wp\/v2\/tags?post=11399"},{"taxonomy":"global-categories","embeddable":true,"href":"https:\/\/www.welovecycling.com\/cs\/wp-json\/wp\/v2\/global-categories?post=11399"}],"curies":[{"name":"wp","href":"https:\/\/api.w.org\/{rel}","templated":true}]}}