{"id":11390,"date":"2021-01-22T07:00:46","date_gmt":"2021-01-22T05:00:46","guid":{"rendered":"https:\/\/www.welovecycling.com\/cs\/?p=11390"},"modified":"2021-01-21T22:23:51","modified_gmt":"2021-01-21T20:23:51","slug":"aby-jelenice-nebyla-hneda-5-tipu-jak-bezpecne-na-zatacky-ve-sjezdu","status":"publish","type":"post","link":"https:\/\/www.welovecycling.com\/cs\/2021\/01\/22\/aby-jelenice-nebyla-hneda-5-tipu-jak-bezpecne-na-zatacky-ve-sjezdu\/","title":{"rendered":"Aby jelenice nebyla hn\u011bd\u00e1! Tipy jak bezpe\u010dn\u011b na zat\u00e1\u010dky ve sjezdu"},"content":{"rendered":"<p><strong>Sledovat cyklisty v profipelotonu, jak vymetaj\u00ed ve sjezdech zat\u00e1\u010dky v rychlosti p\u0159es 80 kilometr\u016f v hodin\u011b zp\u016fsob\u00ed v\u011bt\u0161in\u011b div\u00e1k\u016f bu\u010f n\u00e1lo\u017e adrenalinu, nebo srde\u010dn\u00ed slabost. Co bychom m\u011bli sami na kole d\u011blat, abychom pod kopcem m\u011bli alespo\u0148 pocit, \u017ee jsme se svezli jako mal\u00fd Sagan a sedac\u00ed vlo\u017eka na\u0161ich cyklistick\u00fdch kalhot nebyla hn\u011bd\u00e1?<\/strong><\/p>\n<p>Chce to trochu cviku, ale pokud si zapamatujete p\u00e1r pravidel, rychle p\u0159ijdete na to, jak na to. Jen pamatujte, \u017ee stejn\u011b jako n\u00e1cviku jin\u00fdch cyklistick\u00fdch dovednost\u00ed mus\u00edte v\u011bnovat i pilov\u00e1n\u00ed zat\u00e1\u010dek \u010das.<\/p>\n<h2><strong>Kontrola smyku<\/strong><\/h2>\n<p>Prvn\u00ed v\u011bc, kter\u00e9 se podv\u011bdom\u011b p\u0159i zat\u00e1\u010den\u00ed ve sjezdu boj\u00edme, je smyk. P\u0159itom sta\u010d\u00ed dodr\u017eet p\u00e1r v\u011bc\u00ed, aby va\u0161e pneumatiky dr\u017eely v\u00a0zat\u00e1\u010dce jako p\u0159ibit\u00e9. Na kola p\u0159i zat\u00e1\u010den\u00ed p\u016fsob\u00ed v\u00fdrazn\u00fd tlak a c\u00edlem je, aby nep\u0159es\u00e1hl hranici, za n\u00ed\u017e p\u016fjdou kola do smyku. Z\u00e1kladn\u00edm pravidlem je, \u017ee brzdit bychom nem\u011bli p\u0159i pr\u016fjezdu zat\u00e1\u010dkou. Rychlost bychom m\u011bli upravit je\u0161t\u011b p\u0159ed n\u00ed. P\u0159ibrzd\u011bte si tak, abyste m\u011bli p\u0159i n\u00e1jezdu do zat\u00e1\u010dky pocit bezpe\u010d\u00ed, a d\u00e1vejte pozor, abyste nebyli a\u017e moc rychl\u00ed. Nebojte se. Jak budete sv\u00e9 schopnosti zlep\u0161ovat, budete brzy zvy\u0161ovat i rychlost, jakou zat\u00e1\u010dku prolet\u00edte.<\/p>\n<h2><strong>Pozice ped\u00e1l\u016f<\/strong><\/h2>\n<p>Od polohy rukou p\u0159esuneme pozornost na pozici nohou, kter\u00e1 je t\u00edm d\u016fle\u017eit\u011bj\u0161\u00ed, \u010d\u00edm ost\u0159ej\u0161\u00ed zat\u00e1\u010dku se chyst\u00e1te projet. Z\u00e1kladn\u00ed pravidlo zn\u00ed, \u017ee vn\u011bj\u0161\u00ed noha by m\u011bla b\u00fdt v nejspodn\u011bj\u0161\u00ed poloze, na \u201e\u0161esti hodin\u00e1ch\u201c, a vnit\u0159n\u00ed logicky \u201ebije poledne\u201c.<\/p>\n<figure id=\"attachment_11394\" aria-describedby=\"caption-attachment-11394\" style=\"width: 1600px\" class=\"wp-caption alignnone\"><a href=\"https:\/\/d2p6e6u75xmxt8.cloudfront.net\/13\/2021\/01\/WLC-zatacky.jpg\"><img loading=\"lazy\" decoding=\"async\" class=\"size-full wp-image-11394\" src=\"https:\/\/d2p6e6u75xmxt8.cloudfront.net\/13\/2021\/01\/WLC-zatacky.jpg\" alt=\"Jarmila Macha\u010dov\u00e1, z\u00e1vodnice Dukly Praha a \u010desk\u00e9 reprezentace, v pln\u00e9 koncentraci p\u0159i pr\u016fjezdu zat\u00e1\u010dkou. Foto: Michal \u010cerven\u00fd\" width=\"1600\" height=\"1067\" \/><\/a><figcaption id=\"caption-attachment-11394\" class=\"wp-caption-text\"><em>Jarmila Macha\u010dov\u00e1, z\u00e1vodnice Dukly Praha a \u010desk\u00e9 reprezentace, v pln\u00e9 koncentraci p\u0159i pr\u016fjezdu zat\u00e1\u010dkou. Foto: Michal \u010cerven\u00fd<\/em><\/figcaption><\/figure>\n<p>Rozhodn\u011b doporu\u010dujeme v zat\u00e1\u010dce ne\u0161lapat, \u0161krtnut\u00ed ped\u00e1lem o asfalt p\u0159i v\u011bt\u0161\u00edm n\u00e1klonu skon\u010d\u00ed v lep\u0161\u00edm p\u0159\u00edpad\u011b jen leknut\u00edm. Lep\u0161\u00ed kontrole pom\u00e1h\u00e1 tla\u010dit do vn\u011bj\u0161\u00ed nohy a pokud zat\u00e1\u010dka nen\u00ed p\u0159\u00edli\u0161 ostr\u00e1, m\u016f\u017eete volit i polohu treter na t\u0159ech a dev\u00edti hodin\u00e1ch.<\/p>\n<h2><strong>Poloha na kole a \u00fachop \u0159\u00edd\u00edtek<\/strong><\/h2>\n<p>Pozice, jakou v\u00a0zat\u00e1\u010dce na kole zaujmete, m\u00e1 v\u00fdrazn\u00fd vliv na to, jak ji projedete. Silni\u010dn\u00ed kolo nab\u00edz\u00ed celou \u0159adu poloh pro r\u016fzn\u00e9 situace. Nej\u010dast\u011bji nejsp\u00ed\u0161 vyu\u017e\u00edv\u00e1te horn\u00ed \u00fachop a \u00fachop za brzdov\u00e9 p\u00e1ky, kter\u00fd se hod\u00ed pro j\u00edzdu po rovin\u011b i stoup\u00e1n\u00ed. Pro sjezdy a rychl\u00fd pr\u016fjezd zat\u00e1\u010dkami se naopak doporu\u010duje \u00fachop za spodn\u00ed \u010d\u00e1st oblouku \u0159\u00edd\u00edtek.<\/p>\n<div class=\"shortcode-ys-post-pinup\"><article class=\"loop-simple post-11383 post type-post status-publish format-standard has-post-thumbnail hentry category-silnicni-cyklistika tag-cyklistika tag-karel-vacek tag-qhubeka-assos tag-silnicni-cyklistika global-categories-cycling\" data-postid=\"11383\" role=\"article\" data-post-id=\"11383\" data-word-count=\"956\" data-headline-length=\"95\" data-category=\"Silni\u010dn\u00ed cyklistika\" data-global-category=\"Cycling\" data-author=\"Jan Kr\u016fta\" data-published=\"2021-01-20T07:00:34+02:00\" data-published-day=\"Wednesday\">\n    <div class=\"entry-thumbnail article-thumbnail\" content=\"https:\/\/d2p6e6u75xmxt8.cloudfront.net\/13\/2019\/06\/vycerpany-karel-vacek-150x150.webp\"><a href=\"https:\/\/www.welovecycling.com\/cs\/2021\/01\/20\/karel-vacek-citil-jsem-se-skoro-nesmrtelny-ale-tatuv-nastup-do-vezeni-me-hrozne-vzal\/\" class=\"image-holder\" target=\"_self\"><img decoding=\"async\" loading=\"lazy\" class=\"\" src=\"https:\/\/d2p6e6u75xmxt8.cloudfront.net\/13\/2019\/06\/vycerpany-karel-vacek-1024x684.webp\" srcset=\"https:\/\/d2p6e6u75xmxt8.cloudfront.net\/13\/2019\/06\/vycerpany-karel-vacek.webp 2400w, https:\/\/d2p6e6u75xmxt8.cloudfront.net\/13\/2019\/06\/vycerpany-karel-vacek-300x200.webp 300w, https:\/\/d2p6e6u75xmxt8.cloudfront.net\/13\/2019\/06\/vycerpany-karel-vacek-1024x684.webp 1024w, https:\/\/d2p6e6u75xmxt8.cloudfront.net\/13\/2019\/06\/vycerpany-karel-vacek-768x513.webp 768w, https:\/\/d2p6e6u75xmxt8.cloudfront.net\/13\/2019\/06\/vycerpany-karel-vacek-1536x1025.webp 1536w, https:\/\/d2p6e6u75xmxt8.cloudfront.net\/13\/2019\/06\/vycerpany-karel-vacek-2048x1367.webp 2048w, https:\/\/d2p6e6u75xmxt8.cloudfront.net\/13\/2019\/06\/vycerpany-karel-vacek-1920x1282.webp 1920w, https:\/\/d2p6e6u75xmxt8.cloudfront.net\/13\/2019\/06\/vycerpany-karel-vacek-272x182.webp 272w, https:\/\/d2p6e6u75xmxt8.cloudfront.net\/13\/2019\/06\/vycerpany-karel-vacek-1920x1282.webp 1920w\" width=\"1024\" height=\"684\" sizes=\"auto, (min-width: 1200px) 300px, (min-width: 768px) 25vw, 100vw\" alt=\"karel-vacek-citil-jsem-se-skoro-nesmrtelny-ale-tatuv-nastup-do-vezeni-me-hrozne-vzal\"\/><\/a><\/div>    <div class=\"entry-meta\">\n        <a class=\"label label-secondary post-category\" href=\"https:\/\/www.welovecycling.com\/cs\/category\/silnicni-cyklistika\/\" title=\"Silni\u010dn\u00ed cyklistika\">Silni\u010dn\u00ed cyklistika<\/a>\n    <\/div>\n    <div class=\"entry-details\">\n        <a href=\"https:\/\/www.welovecycling.com\/cs\/2021\/01\/20\/karel-vacek-citil-jsem-se-skoro-nesmrtelny-ale-tatuv-nastup-do-vezeni-me-hrozne-vzal\/\" class='entry-title-wrapper'>\n            <h3 class=\"entry-title\"><span>Karel Vacek: C\u00edtil jsem se skoro nesmrteln\u00fd. Ale t\u00e1t\u016fv n\u00e1stup do v\u011bzen\u00ed m\u011b hrozn\u011b vzal<\/span><\/h3>\n        <\/a>\n    <\/div>\n    <\/article>\n<\/div>\n<p>Tato poloha nab\u00edz\u00ed ide\u00e1ln\u00ed vyv\u00e1\u017een\u00ed s\u00a0n\u00edzko polo\u017een\u00fdm t\u011b\u017ei\u0161t\u011bm, co\u017e pom\u00e1h\u00e1 stabilit\u011b a lep\u0161\u00ed kontrole nad pneumatikami. Jak budete z\u00edsk\u00e1vat zku\u0161enosti, zjist\u00edte, jak velk\u00fd vliv na pohodln\u00fd a plynul\u00fd pr\u016fjezd zat\u00e1\u010dkou maj\u00ed i jemn\u00e9 zm\u011bny polohy.<\/p>\n<p>&nbsp;<\/p>\n<h2><strong>Nezapome\u0148te na o\u010di<\/strong><\/h2>\n<p>V\u017edy se p\u0159i pr\u016fjezdu zat\u00e1\u010dkou ve vy\u0161\u0161\u00ed rychlosti d\u00edvejte skrz zat\u00e1\u010dku, abyste byli schopni reagovat na p\u0159\u00edpadnou p\u0159ek\u00e1\u017eku \u010di nebezpe\u010d\u00ed. Nikdy nesm\u011b\u0159ujte pohled dol\u016f a neust\u00e1le kontrolujte stav cesty.<\/p>\n<p><a href=\"https:\/\/d2p6e6u75xmxt8.cloudfront.net\/13\/2021\/01\/wlc-zatacka-michal-cerveny.jpg\"><img loading=\"lazy\" decoding=\"async\" class=\"alignnone size-full wp-image-11392\" src=\"https:\/\/d2p6e6u75xmxt8.cloudfront.net\/13\/2021\/01\/wlc-zatacka-michal-cerveny.jpg\" alt=\"\" width=\"1600\" height=\"1067\" \/><\/a><\/p>\n<p>D\u00edry a praskliny v asfaltu, kam\u00ednky \u010di dokonce kus \u0161otoliny, ne\u010dekan\u00e1 vlhk\u00e1 skvrna nebo olejov\u00fd film &#8211; to v\u0161e m\u016f\u017ee obzvl\u00e1\u0161\u0165 ve velk\u00e9 rychlosti zp\u016fsobit katastrofu. M\u011bjte v\u017edy na pam\u011bti, \u017ee hlavn\u00edm c\u00edlem je dostat se bezpe\u010dn\u011b dom\u016f a zat\u00edmco profesion\u00e1lov\u00e9 jezd\u00ed po uzav\u0159en\u00fdch silnic\u00edch, vy mus\u00edte po\u010d\u00edtat s vozy v protism\u011bru.<\/p>\n<h2><strong>Ide\u00e1ln\u00ed dr\u00e1ha<\/strong><\/h2>\n<p>Mo\u017en\u00e1 nejd\u016fle\u017eit\u011bj\u0161\u00ed aspekt pro rychl\u00fd a plynul\u00fd pr\u016fjezd zat\u00e1\u010dkou. Ide\u00e1ln\u011b byste m\u011bli do zat\u00e1\u010dky naj\u00ed\u017ed\u011bt co nejv\u00edc ze \u0161iroka, v jej\u00edm vrcholu b\u00fdt co nejbl\u00ed\u017e jej\u00edmu vnit\u0159n\u00edmu okraji a na v\u00fdjezdu se nechat vyn\u00e9st op\u011bt k vn\u011bj\u0161\u00edmu okraji dr\u00e1hy.<\/p>\n<div class=\"shortcode-ys-post-pinup\"><article class=\"loop-simple post-11364 post type-post status-publish format-standard has-post-thumbnail hentry category-zdravi-a-trenink tag-bezecke-lyzovani tag-bezky tag-cyklistika tag-horska-cyklistika tag-silnicni-cyklistika tag-trenink tag-zdravi-a-trenink global-categories-cycling\" data-postid=\"11364\" role=\"article\" data-post-id=\"11364\" data-word-count=\"288\" data-headline-length=\"47\" data-category=\"Zdrav\u00ed a tr\u00e9nink\" data-global-category=\"Cycling\" data-author=\"Radek Malina\" data-published=\"2021-01-17T07:00:00+02:00\" data-published-day=\"Sunday\">\n    <div class=\"entry-thumbnail article-thumbnail\" content=\"https:\/\/d2p6e6u75xmxt8.cloudfront.net\/13\/2021\/01\/profimedia-0082063739-150x150.webp\"><a href=\"https:\/\/www.welovecycling.com\/cs\/2021\/01\/17\/bezky-jsou-pro-cyklisty-idealni-kompenzaci\/\" class=\"image-holder\" target=\"_self\"><img decoding=\"async\" loading=\"lazy\" class=\"\" src=\"https:\/\/d2p6e6u75xmxt8.cloudfront.net\/13\/2021\/01\/profimedia-0082063739-1024x814.webp\" srcset=\"https:\/\/d2p6e6u75xmxt8.cloudfront.net\/13\/2021\/01\/profimedia-0082063739.webp 1800w, https:\/\/d2p6e6u75xmxt8.cloudfront.net\/13\/2021\/01\/profimedia-0082063739-300x238.webp 300w, https:\/\/d2p6e6u75xmxt8.cloudfront.net\/13\/2021\/01\/profimedia-0082063739-1024x814.webp 1024w, https:\/\/d2p6e6u75xmxt8.cloudfront.net\/13\/2021\/01\/profimedia-0082063739-768x610.webp 768w, https:\/\/d2p6e6u75xmxt8.cloudfront.net\/13\/2021\/01\/profimedia-0082063739-1536x1220.webp 1536w\" width=\"1024\" height=\"814\" sizes=\"auto, (min-width: 1200px) 300px, (min-width: 768px) 25vw, 100vw\" alt=\"bezky-jsou-pro-cyklisty-idealni-kompenzaci\"\/><\/a><\/div>    <div class=\"entry-meta\">\n        <a class=\"label label-secondary post-category\" href=\"https:\/\/www.welovecycling.com\/cs\/category\/zdravi-a-trenink\/\" title=\"Zdrav\u00ed a tr\u00e9nink\">Zdrav\u00ed a tr\u00e9nink<\/a>\n    <\/div>\n    <div class=\"entry-details\">\n        <a href=\"https:\/\/www.welovecycling.com\/cs\/2021\/01\/17\/bezky-jsou-pro-cyklisty-idealni-kompenzaci\/\" class='entry-title-wrapper'>\n            <h3 class=\"entry-title\"><span>B\u011b\u017eky jsou pro cyklisty ide\u00e1ln\u00ed kompenzac\u00ed<\/span><\/h3>\n        <\/a>\n    <\/div>\n    <\/article>\n<\/div>\n<p>Zn\u00ed to jednodu\u0161e, ale sami rychle zjist\u00edte, \u017ee ovl\u00e1dnut\u00ed dokonal\u00e9 linie v zat\u00e1\u010dce je skute\u010dn\u00e9 mistrovstv\u00ed. Ka\u017edop\u00e1dn\u011b nev\u011b\u0161te hlavu, ani profesion\u00e1lov\u00e9 neprojedou ka\u017edou z\u00e1krutu ide\u00e1ln\u011b.<\/p>\n","protected":false},"excerpt":{"rendered":"<p>Sledovat cyklisty v profipelotonu, jak vymetaj\u00ed ve sjezdech zat\u00e1\u010dky v rychlosti p\u0159es 80 kilometr\u016f v hodin\u011b zp\u016fsob\u00ed v\u011bt\u0161in\u011b div\u00e1k\u016f bu\u010f [&hellip;]<\/p>\n","protected":false},"author":122,"featured_media":11393,"comment_status":"open","ping_status":"open","sticky":false,"template":"","format":"standard","meta":{"footnotes":""},"categories":[15,660],"tags":[126,56,1421,9,27,1420],"global-categories":[411],"class_list":["post-11390","post","type-post","status-publish","format-standard","has-post-thumbnail","hentry","category-rady-tipy","category-https-www-welovecycling-com-cs-category-zabava","tag-cyklistika","tag-horska-cyklistika","tag-prujezd-zatackou-na-kole","tag-silnicni-cyklistika","tag-trenink","tag-zatacky","global-categories-cycling"],"yoast_head":"<!-- This site is optimized with the Yoast SEO Premium plugin v25.3 (Yoast SEO v25.9) - https:\/\/yoast.com\/wordpress\/plugins\/seo\/ -->\n<title>Aby jelenice nebyla hn\u011bd\u00e1! Tipy jak bezpe\u010dn\u011b na zat\u00e1\u010dky ve sjezdu | \u0160koda We Love Cycling - \u010cesk\u00e1 republika<\/title>\n<meta name=\"description\" content=\"Co bychom m\u011bli na kole d\u011blat, abychom pod kopcem m\u011bli alespo\u0148 pocit, \u017ee jsme se s\u00e9ri\u00ed zat\u00e1\u010dek svezli jako mal\u00fd Sagan?\" \/>\n<meta name=\"robots\" content=\"index, follow, max-snippet:-1, max-image-preview:large, max-video-preview:-1\" \/>\n<link rel=\"canonical\" href=\"https:\/\/www.welovecycling.com\/cs\/2021\/01\/22\/aby-jelenice-nebyla-hneda-5-tipu-jak-bezpecne-na-zatacky-ve-sjezdu\/\" \/>\n<meta property=\"og:locale\" content=\"cs_CZ\" \/>\n<meta property=\"og:type\" content=\"article\" \/>\n<meta property=\"og:title\" content=\"Aby jelenice nebyla hn\u011bd\u00e1! Tipy jak bezpe\u010dn\u011b na zat\u00e1\u010dky ve sjezdu\" \/>\n<meta property=\"og:description\" content=\"Co bychom m\u011bli na kole d\u011blat, abychom pod kopcem m\u011bli alespo\u0148 pocit, \u017ee jsme se s\u00e9ri\u00ed zat\u00e1\u010dek svezli jako mal\u00fd Sagan?\" \/>\n<meta property=\"og:url\" content=\"https:\/\/www.welovecycling.com\/cs\/2021\/01\/22\/aby-jelenice-nebyla-hneda-5-tipu-jak-bezpecne-na-zatacky-ve-sjezdu\/\" \/>\n<meta property=\"og:site_name\" content=\"\u0160koda We Love Cycling - \u010cesk\u00e1 republika\" \/>\n<meta property=\"article:published_time\" content=\"2021-01-22T05:00:46+00:00\" \/>\n<meta property=\"og:image\" content=\"https:\/\/d2p6e6u75xmxt8.cloudfront.net\/13\/2021\/01\/wlc-zatacky-michal-cerveny.webp\" \/>\n\t<meta property=\"og:image:width\" content=\"1600\" \/>\n\t<meta property=\"og:image:height\" content=\"939\" \/>\n\t<meta property=\"og:image:type\" content=\"image\/webp\" \/>\n<meta name=\"twitter:card\" content=\"summary_large_image\" \/>\n<meta name=\"twitter:label1\" content=\"Written by\" \/>\n\t<meta name=\"twitter:data1\" content=\"Radek Malina\" \/>\n\t<meta name=\"twitter:label2\" content=\"Est. reading time\" \/>\n\t<meta name=\"twitter:data2\" content=\"5\" \/>\n<script type=\"application\/ld+json\" class=\"yoast-schema-graph\">{\"@context\":\"https:\/\/schema.org\",\"@graph\":[{\"@type\":\"WebPage\",\"@id\":\"https:\/\/www.welovecycling.com\/cs\/2021\/01\/22\/aby-jelenice-nebyla-hneda-5-tipu-jak-bezpecne-na-zatacky-ve-sjezdu\/\",\"url\":\"https:\/\/www.welovecycling.com\/cs\/2021\/01\/22\/aby-jelenice-nebyla-hneda-5-tipu-jak-bezpecne-na-zatacky-ve-sjezdu\/\",\"name\":\"Aby jelenice nebyla hn\u011bd\u00e1! Tipy jak bezpe\u010dn\u011b na zat\u00e1\u010dky ve sjezdu | \u0160koda We Love Cycling - \u010cesk\u00e1 republika\",\"isPartOf\":{\"@id\":\"https:\/\/www.welovecycling.com\/cs\/#website\"},\"primaryImageOfPage\":{\"@id\":\"https:\/\/www.welovecycling.com\/cs\/2021\/01\/22\/aby-jelenice-nebyla-hneda-5-tipu-jak-bezpecne-na-zatacky-ve-sjezdu\/#primaryimage\"},\"image\":{\"@id\":\"https:\/\/www.welovecycling.com\/cs\/2021\/01\/22\/aby-jelenice-nebyla-hneda-5-tipu-jak-bezpecne-na-zatacky-ve-sjezdu\/#primaryimage\"},\"thumbnailUrl\":\"https:\/\/d2p6e6u75xmxt8.cloudfront.net\/13\/2021\/01\/wlc-zatacky-michal-cerveny.webp\",\"datePublished\":\"2021-01-22T05:00:46+00:00\",\"author\":{\"@id\":\"\"},\"description\":\"Co bychom m\u011bli na kole d\u011blat, abychom pod kopcem m\u011bli alespo\u0148 pocit, \u017ee jsme se s\u00e9ri\u00ed zat\u00e1\u010dek svezli jako mal\u00fd Sagan?\",\"inLanguage\":\"cs\",\"potentialAction\":[{\"@type\":\"ReadAction\",\"target\":[\"https:\/\/www.welovecycling.com\/cs\/2021\/01\/22\/aby-jelenice-nebyla-hneda-5-tipu-jak-bezpecne-na-zatacky-ve-sjezdu\/\"]}]},{\"@type\":\"ImageObject\",\"inLanguage\":\"cs\",\"@id\":\"https:\/\/www.welovecycling.com\/cs\/2021\/01\/22\/aby-jelenice-nebyla-hneda-5-tipu-jak-bezpecne-na-zatacky-ve-sjezdu\/#primaryimage\",\"url\":\"https:\/\/d2p6e6u75xmxt8.cloudfront.net\/13\/2021\/01\/wlc-zatacky-michal-cerveny.webp\",\"contentUrl\":\"https:\/\/d2p6e6u75xmxt8.cloudfront.net\/13\/2021\/01\/wlc-zatacky-michal-cerveny.webp\",\"width\":1600,\"height\":939},{\"@type\":\"WebSite\",\"@id\":\"https:\/\/www.welovecycling.com\/cs\/#website\",\"url\":\"https:\/\/www.welovecycling.com\/cs\/\",\"name\":\"\u0160koda We Love Cycling - \u010cesk\u00e1 republika\",\"description\":\"WeLoveCycling.cz je online magaz\u00edn, kter\u00fd v\u00e1m pravideln\u011b p\u0159in\u00e1\u0161\u00ed rady a tipy, zaj\u00edmav\u00e9 \u010dl\u00e1nky, videa a jedine\u010dn\u00e9 report\u00e1\u017ee ze sv\u011bta cyklistiky.\",\"potentialAction\":[{\"@type\":\"SearchAction\",\"target\":{\"@type\":\"EntryPoint\",\"urlTemplate\":\"https:\/\/www.welovecycling.com\/cs\/?s={search_term_string}\"},\"query-input\":{\"@type\":\"PropertyValueSpecification\",\"valueRequired\":true,\"valueName\":\"search_term_string\"}}],\"inLanguage\":\"cs\"},{\"@type\":\"Person\",\"@id\":\"\",\"url\":\"https:\/\/www.welovecycling.com\/cs\/author\/\"}]}<\/script>\n<!-- \/ Yoast SEO Premium plugin. -->","yoast_head_json":{"title":"Aby jelenice nebyla hn\u011bd\u00e1! Tipy jak bezpe\u010dn\u011b na zat\u00e1\u010dky ve sjezdu | \u0160koda We Love Cycling - \u010cesk\u00e1 republika","description":"Co bychom m\u011bli na kole d\u011blat, abychom pod kopcem m\u011bli alespo\u0148 pocit, \u017ee jsme se s\u00e9ri\u00ed zat\u00e1\u010dek svezli jako mal\u00fd Sagan?","robots":{"index":"index","follow":"follow","max-snippet":"max-snippet:-1","max-image-preview":"max-image-preview:large","max-video-preview":"max-video-preview:-1"},"canonical":"https:\/\/www.welovecycling.com\/cs\/2021\/01\/22\/aby-jelenice-nebyla-hneda-5-tipu-jak-bezpecne-na-zatacky-ve-sjezdu\/","og_locale":"cs_CZ","og_type":"article","og_title":"Aby jelenice nebyla hn\u011bd\u00e1! Tipy jak bezpe\u010dn\u011b na zat\u00e1\u010dky ve sjezdu","og_description":"Co bychom m\u011bli na kole d\u011blat, abychom pod kopcem m\u011bli alespo\u0148 pocit, \u017ee jsme se s\u00e9ri\u00ed zat\u00e1\u010dek svezli jako mal\u00fd Sagan?","og_url":"https:\/\/www.welovecycling.com\/cs\/2021\/01\/22\/aby-jelenice-nebyla-hneda-5-tipu-jak-bezpecne-na-zatacky-ve-sjezdu\/","og_site_name":"\u0160koda We Love Cycling - \u010cesk\u00e1 republika","article_published_time":"2021-01-22T05:00:46+00:00","og_image":[{"width":1600,"height":939,"url":"https:\/\/d2p6e6u75xmxt8.cloudfront.net\/13\/2021\/01\/wlc-zatacky-michal-cerveny.webp","type":"image\/webp"}],"twitter_card":"summary_large_image","twitter_misc":{"Written by":"Radek Malina","Est. reading time":"5"},"schema":{"@context":"https:\/\/schema.org","@graph":[{"@type":"WebPage","@id":"https:\/\/www.welovecycling.com\/cs\/2021\/01\/22\/aby-jelenice-nebyla-hneda-5-tipu-jak-bezpecne-na-zatacky-ve-sjezdu\/","url":"https:\/\/www.welovecycling.com\/cs\/2021\/01\/22\/aby-jelenice-nebyla-hneda-5-tipu-jak-bezpecne-na-zatacky-ve-sjezdu\/","name":"Aby jelenice nebyla hn\u011bd\u00e1! Tipy jak bezpe\u010dn\u011b na zat\u00e1\u010dky ve sjezdu | \u0160koda We Love Cycling - \u010cesk\u00e1 republika","isPartOf":{"@id":"https:\/\/www.welovecycling.com\/cs\/#website"},"primaryImageOfPage":{"@id":"https:\/\/www.welovecycling.com\/cs\/2021\/01\/22\/aby-jelenice-nebyla-hneda-5-tipu-jak-bezpecne-na-zatacky-ve-sjezdu\/#primaryimage"},"image":{"@id":"https:\/\/www.welovecycling.com\/cs\/2021\/01\/22\/aby-jelenice-nebyla-hneda-5-tipu-jak-bezpecne-na-zatacky-ve-sjezdu\/#primaryimage"},"thumbnailUrl":"https:\/\/d2p6e6u75xmxt8.cloudfront.net\/13\/2021\/01\/wlc-zatacky-michal-cerveny.webp","datePublished":"2021-01-22T05:00:46+00:00","author":{"@id":""},"description":"Co bychom m\u011bli na kole d\u011blat, abychom pod kopcem m\u011bli alespo\u0148 pocit, \u017ee jsme se s\u00e9ri\u00ed zat\u00e1\u010dek svezli jako mal\u00fd Sagan?","inLanguage":"cs","potentialAction":[{"@type":"ReadAction","target":["https:\/\/www.welovecycling.com\/cs\/2021\/01\/22\/aby-jelenice-nebyla-hneda-5-tipu-jak-bezpecne-na-zatacky-ve-sjezdu\/"]}]},{"@type":"ImageObject","inLanguage":"cs","@id":"https:\/\/www.welovecycling.com\/cs\/2021\/01\/22\/aby-jelenice-nebyla-hneda-5-tipu-jak-bezpecne-na-zatacky-ve-sjezdu\/#primaryimage","url":"https:\/\/d2p6e6u75xmxt8.cloudfront.net\/13\/2021\/01\/wlc-zatacky-michal-cerveny.webp","contentUrl":"https:\/\/d2p6e6u75xmxt8.cloudfront.net\/13\/2021\/01\/wlc-zatacky-michal-cerveny.webp","width":1600,"height":939},{"@type":"WebSite","@id":"https:\/\/www.welovecycling.com\/cs\/#website","url":"https:\/\/www.welovecycling.com\/cs\/","name":"\u0160koda We Love Cycling - \u010cesk\u00e1 republika","description":"WeLoveCycling.cz je online magaz\u00edn, kter\u00fd v\u00e1m pravideln\u011b p\u0159in\u00e1\u0161\u00ed rady a tipy, zaj\u00edmav\u00e9 \u010dl\u00e1nky, videa a jedine\u010dn\u00e9 report\u00e1\u017ee ze sv\u011bta cyklistiky.","potentialAction":[{"@type":"SearchAction","target":{"@type":"EntryPoint","urlTemplate":"https:\/\/www.welovecycling.com\/cs\/?s={search_term_string}"},"query-input":{"@type":"PropertyValueSpecification","valueRequired":true,"valueName":"search_term_string"}}],"inLanguage":"cs"},{"@type":"Person","@id":"","url":"https:\/\/www.welovecycling.com\/cs\/author\/"}]}},"_links":{"self":[{"href":"https:\/\/www.welovecycling.com\/cs\/wp-json\/wp\/v2\/posts\/11390","targetHints":{"allow":["GET"]}}],"collection":[{"href":"https:\/\/www.welovecycling.com\/cs\/wp-json\/wp\/v2\/posts"}],"about":[{"href":"https:\/\/www.welovecycling.com\/cs\/wp-json\/wp\/v2\/types\/post"}],"author":[{"embeddable":true,"href":"https:\/\/www.welovecycling.com\/cs\/wp-json\/wp\/v2\/users\/122"}],"replies":[{"embeddable":true,"href":"https:\/\/www.welovecycling.com\/cs\/wp-json\/wp\/v2\/comments?post=11390"}],"version-history":[{"count":2,"href":"https:\/\/www.welovecycling.com\/cs\/wp-json\/wp\/v2\/posts\/11390\/revisions"}],"predecessor-version":[{"id":11398,"href":"https:\/\/www.welovecycling.com\/cs\/wp-json\/wp\/v2\/posts\/11390\/revisions\/11398"}],"wp:featuredmedia":[{"embeddable":true,"href":"https:\/\/www.welovecycling.com\/cs\/wp-json\/wp\/v2\/media\/11393"}],"wp:attachment":[{"href":"https:\/\/www.welovecycling.com\/cs\/wp-json\/wp\/v2\/media?parent=11390"}],"wp:term":[{"taxonomy":"category","embeddable":true,"href":"https:\/\/www.welovecycling.com\/cs\/wp-json\/wp\/v2\/categories?post=11390"},{"taxonomy":"post_tag","embeddable":true,"href":"https:\/\/www.welovecycling.com\/cs\/wp-json\/wp\/v2\/tags?post=11390"},{"taxonomy":"global-categories","embeddable":true,"href":"https:\/\/www.welovecycling.com\/cs\/wp-json\/wp\/v2\/global-categories?post=11390"}],"curies":[{"name":"wp","href":"https:\/\/api.w.org\/{rel}","templated":true}]}}