{"id":11383,"date":"2021-01-20T07:00:34","date_gmt":"2021-01-20T05:00:34","guid":{"rendered":"https:\/\/www.welovecycling.com\/cs\/?p=11383"},"modified":"2021-01-19T21:18:59","modified_gmt":"2021-01-19T19:18:59","slug":"karel-vacek-citil-jsem-se-skoro-nesmrtelny-ale-tatuv-nastup-do-vezeni-me-hrozne-vzal","status":"publish","type":"post","link":"https:\/\/www.welovecycling.com\/cs\/2021\/01\/20\/karel-vacek-citil-jsem-se-skoro-nesmrtelny-ale-tatuv-nastup-do-vezeni-me-hrozne-vzal\/","title":{"rendered":"Karel Vacek: C\u00edtil jsem se skoro nesmrteln\u00fd. Ale t\u00e1t\u016fv n\u00e1stup do v\u011bzen\u00ed m\u011b hrozn\u011b vzal"},"content":{"rendered":"<p><strong>B\u00fdval jedn\u00edm z\u00a0nejlep\u0161\u00edch junior\u016f sv\u011bta. V\u0161ichni mu p\u0159edpov\u00eddali velikou budoucnost. V\u017edy\u0165 Karel Vacek dok\u00e1zal por\u00e1\u017eet i belgickou hv\u011bzdu Remca Evenepoela. Jen\u017ee sportovn\u00ed rozlet \u010desk\u00e9ho cyklisty se posledn\u00ed dva roky zbrzdil. T\u00e1ta, kdysi tak\u00e9 profesion\u00e1ln\u00ed cyklista, nastoupil do v\u00fdkonu trestu a Karel se s\u00a0t\u00edm uvnit\u0159 hodn\u011b pral. \u201eDost dlouho to trvalo,\u201c p\u0159izn\u00e1v\u00e1 dvacetilet\u00fd cyklista.<\/strong><\/p>\n<p>Te\u010f u\u017e se znovu c\u00edt\u00ed siln\u00fd i po psychick\u00e9 str\u00e1nce a chce dok\u00e1zat, \u017ee m\u00e1 na to, aby jednou bojoval jako vrcha\u0159 o p\u0159edn\u00ed p\u0159\u00ed\u010dky na nejlep\u0161\u00edch z\u00e1vodech. \u0160anc\u00ed bude m\u00edt dost. V\u00a0nelehk\u00e9 dob\u011b dostal anga\u017em\u00e1 ve World Tour t\u00fdmu Qhubeka ASSOS, kde bude jezdit po boku hv\u011bzd Arua \u010di Pozzoviva.<\/p>\n<h2><strong>Karle, m\u016f\u017eu se zeptat na t\u00e1tu? Jestli o tom nechcete mluvit, tak samoz\u0159ejm\u011b nemus\u00edte.<\/strong><\/h2>\n<p>J\u00e1 se za to nestyd\u00edm a je spr\u00e1vn\u00e9, abych o tom promluvil. Jsem r\u00e1d, \u017ee se o to m\u016f\u017eu pod\u011blit, nic neskr\u00fdv\u00e1m. T\u00e1ta se dostal do v\u011bzen\u00ed a nikdo to ne\u010dekal. Zn\u00e1m spoustu v\u011bc\u00ed a pozad\u00ed toho v\u0161eho, tak si trouf\u00e1m tvrdit, \u017ee je ve v\u011bzen\u00ed z\u00a0velk\u00e9 \u010d\u00e1sti nepr\u00e1vem. Nic zl\u00e9ho nikomu neud\u011blal, nic neukradl, ale je ve v\u011bzen\u00ed. Za za\u010d\u00e1tku to pro n\u00e1s v\u0161echny bylo hrozn\u00fd. A i kdy\u017e m\u00e1te semknutou rodinu, je to v\u017edy moc t\u011b\u017ek\u00e9.<\/p>\n<h2><strong>M\u016f\u017eete t\u00e1tu nav\u0161t\u011bvovat?<\/strong><\/h2>\n<p>Za dobu, co ve v\u011bznici je, jsem ho nav\u0161t\u00edvil jen dvakr\u00e1t. Te\u010f jsem ho nevid\u011bl rok a p\u016fl. Kv\u016fli covidu-19 se tam nesm\u011blo. Ob\u010das se poda\u0159\u00ed, \u017ee si na chv\u00edli m\u016f\u017eeme zavolat, ale je to obt\u00ed\u017en\u00e9. Mohl jsem se s n\u00edm na\u0161t\u011bst\u00ed chvilku po telefonu pod\u011blit i o radost z m\u00e9ho nov\u00e9ho anga\u017em\u00e1.<\/p>\n<h2><strong>Vzalo v\u00e1s to, co se t\u00e1tovi p\u0159ihodilo, hodn\u011b?<\/strong><\/h2>\n<p>Jsem dost rodinn\u00fd typ, nejstar\u0161\u00ed ze t\u0159\u00ed br\u00e1ch\u016f, u m\u011b to asi bylo zn\u00e1t nejv\u00edc. Musel jsem i n\u011bjak\u00e9 v\u011bci trochu \u0159e\u0161it, popasovat se s\u00a0t\u00edm. Mlad\u0161\u00ed br\u00e1chov\u00e9 u\u017e v\u0161e dostali v\u00a0lep\u0161\u00ed form\u011b. Na\u00a0za\u010d\u00e1tku to nebylo lehk\u00e9, ani pro mamku, na kterou padla spousta probl\u00e9m\u016f s\u00a0firmou. Mus\u00edm j\u00ed pod\u011bkovat, jak v\u0161echno zvl\u00e1dla. Bez n\u00ed bychom nebyli tam, kde jsme. Nebylo to snadn\u00e9 ani po finan\u010dn\u00ed str\u00e1nce. Hodn\u011b pen\u011bz bylo v\u00a0ob\u011bhu, \u0159ada projekt\u016f rozjet\u00fdch. Kdy\u017e jsem v\u00a0roce 2019 dostal profismlouvu, sna\u017eil jsem se p\u0159isp\u00edvat, jak se dalo. Te\u010f to d\u00edky anga\u017em\u00e1 ve World Tour bude je\u0161t\u011b lep\u0161\u00ed. A v\u011b\u0159\u00edm, \u017ee budeme n\u00e1\u0161 rodinn\u00fd prapor dr\u017eet hodn\u011b vysoko, abychom byli vid\u011bt i na t\u011bch nejv\u011bt\u0161\u00edch z\u00e1vodech.<\/p>\n<figure id=\"attachment_7252\" aria-describedby=\"caption-attachment-7252\" style=\"width: 1080px\" class=\"wp-caption alignnone\"><a href=\"https:\/\/d2p6e6u75xmxt8.cloudfront.net\/13\/2020\/05\/Karel-Vacek.jpg\"><img loading=\"lazy\" decoding=\"async\" class=\"size-full wp-image-7252\" src=\"https:\/\/d2p6e6u75xmxt8.cloudfront.net\/13\/2020\/05\/Karel-Vacek.jpg\" alt=\"Karel Vacek, \u010desk\u00fd reprezentant, kter\u00fd bojuje o m\u00edsto na v\u00fdslun\u00ed v italsk\u00e9m t\u00fdmu. Foto: instagram Karla Vacka\" width=\"1080\" height=\"1080\" \/><\/a><figcaption id=\"caption-attachment-7252\" class=\"wp-caption-text\"><em>Karel Vacek, \u010desk\u00fd reprezentant, kter\u00fd si vybojoval m\u00edsto ve World Tour t\u00fdmu Qhubeka ASSOS. Foto: instagram Karla Vacka<\/em><\/figcaption><\/figure>\n<h2><strong>Posledn\u00ed dva roky jste se pot\u00fdkal s\u00a0nevyrovnanou v\u00fdkonnost\u00ed. Byl to d\u016fsledek toho, co se stalo t\u00e1tovi?<\/strong><\/h2>\n<p>Stoprocentn\u011b<strong>,<\/strong> na m\u00e9 v\u00fdkonnosti se to hodn\u011b projevilo. Probl\u00e9m byl v\u00a0hlav\u011b. Ne, \u017ee bych m\u00e9n\u011b tr\u00e9noval. V\u00fdkonnostn\u011b jsem na tom byl dob\u0159e, ale trvalo mi, ne\u017e jsem se srovnal se v\u0161\u00edm psychicky a byl p\u0159ipraven ud\u011blat dal\u0161\u00ed krok vzh\u016fru.<\/p>\n<h2><strong>Jak byste uplynul\u00e9 dv\u011b sezony popsal?<\/strong><\/h2>\n<p>Nebyly ur\u010dit\u011b hv\u011bzdn\u00e9, ale paradoxn\u011b mi daly mnohem v\u00edc, ne\u017e kdybych jel po\u0159\u00e1d na v\u00edt\u011bzn\u00e9 vln\u011b. Kdy\u017e se v\u0161echno sere a nejde v\u00e1m nic podle pl\u00e1nu, mus\u00edte v\u011b\u0159it a nezlomit se. Byla to velk\u00e1 \u0161kola do \u017eivota. V\u011b\u0159\u00edm, \u017ee jsem si hor\u0161\u00ed obdob\u00ed u\u017e vybral a je lep\u0161\u00ed, \u017ee m\u011b to potkalo te\u010f ne\u017e n\u011bkdy v\u00a0p\u0159\u00ed\u0161t\u00edch letech.<\/p>\n<div class=\"shortcode-ys-post-pinup\"><article class=\"loop-simple post-11285 post type-post status-publish format-standard has-post-thumbnail hentry category-silnicni-cyklistika tag-cyklisticka-sezona-2021 tag-cyklistika tag-horska-cyklistika tag-silnicni-cyklistika tag-world-tour-2021 global-categories-cycling\" data-postid=\"11285\" role=\"article\" data-post-id=\"11285\" data-word-count=\"540\" data-headline-length=\"73\" data-category=\"Silni\u010dn\u00ed cyklistika\" data-global-category=\"Cycling\" data-author=\"Adam Bouda\" data-published=\"2021-01-10T07:00:27+02:00\" data-published-day=\"Sunday\">\n    <div class=\"entry-thumbnail article-thumbnail\" content=\"https:\/\/d2p6e6u75xmxt8.cloudfront.net\/13\/2020\/12\/rousky-michal-cerveny-2-150x150.webp\"><a href=\"https:\/\/www.welovecycling.com\/cs\/2021\/01\/10\/jak-optimisticky-ma-peloton-byt-ohledne-zavodeni-v-roce-2021\/\" class=\"image-holder\" target=\"_self\"><img decoding=\"async\" loading=\"lazy\" class=\"\" src=\"https:\/\/d2p6e6u75xmxt8.cloudfront.net\/13\/2020\/12\/rousky-michal-cerveny-2-1024x683.webp\" srcset=\"https:\/\/d2p6e6u75xmxt8.cloudfront.net\/13\/2020\/12\/rousky-michal-cerveny-2.webp 1600w, https:\/\/d2p6e6u75xmxt8.cloudfront.net\/13\/2020\/12\/rousky-michal-cerveny-2-300x200.webp 300w, https:\/\/d2p6e6u75xmxt8.cloudfront.net\/13\/2020\/12\/rousky-michal-cerveny-2-1024x683.webp 1024w, https:\/\/d2p6e6u75xmxt8.cloudfront.net\/13\/2020\/12\/rousky-michal-cerveny-2-768x512.webp 768w, https:\/\/d2p6e6u75xmxt8.cloudfront.net\/13\/2020\/12\/rousky-michal-cerveny-2-1536x1024.webp 1536w, https:\/\/d2p6e6u75xmxt8.cloudfront.net\/13\/2020\/12\/rousky-michal-cerveny-2-272x182.webp 272w\" width=\"1024\" height=\"683\" sizes=\"auto, (min-width: 1200px) 300px, (min-width: 768px) 25vw, 100vw\" alt=\"jak-optimisticky-ma-peloton-byt-ohledne-zavodeni-v-roce-2021\"\/><\/a><\/div>    <div class=\"entry-meta\">\n        <a class=\"label label-secondary post-category\" href=\"https:\/\/www.welovecycling.com\/cs\/category\/silnicni-cyklistika\/\" title=\"Silni\u010dn\u00ed cyklistika\">Silni\u010dn\u00ed cyklistika<\/a>\n    <\/div>\n    <div class=\"entry-details\">\n        <a href=\"https:\/\/www.welovecycling.com\/cs\/2021\/01\/10\/jak-optimisticky-ma-peloton-byt-ohledne-zavodeni-v-roce-2021\/\" class='entry-title-wrapper'>\n            <h3 class=\"entry-title\"><span>Jak optimisti\u010dt\u00ed maj\u00ed b\u00fdt cyklist\u00e9 ohledn\u011b z\u00e1vod\u011bn\u00ed v roce 2021?<\/span><\/h3>\n        <\/a>\n    <\/div>\n    <\/article>\n<\/div>\n<h2><strong>Kdy\u017e to \u0159eknu laicky, tak nohy jste m\u011bl dobr\u00e9, ale zastavila je hlava?<\/strong><\/h2>\n<p>D\u00e1 se to tak \u0159\u00edct. Tr\u00e9noval jsem naplno, d\u00e1val jsem cyklistice v\u00edce ne\u017e sto procent. Kdy\u017e p\u0159i\u0161el t\u0159eba n\u011bjak\u00fd kopec, kter\u00fd by mi m\u011bl sed\u011bt, t\u011b\u0161il jsem se na n\u011bj. Moc chcete a nohy najednou nejedou, proto\u017ee nedok\u00e1\u017eete uvolnit hlavu, abyste byl v pravou chv\u00edli takov\u00fd ten zarputil\u00fd z\u00e1vodn\u00edk. Mnoho lid\u00ed si to mo\u017en\u00e1 nedok\u00e1\u017ee p\u0159edstavit, ale kdo d\u011bl\u00e1 sport na n\u011bjak\u00e9 \u00farovni, asi ano. D\u0159\u00edv, kdy\u017e \u0161lo v\u0161echno podle pl\u00e1nu, tak si \u010dlov\u011bk mysl\u00ed, \u017ee je pomalu nesmrteln\u00fd, a nic ho nem\u016f\u017ee srazit. Ale to je omyl. M\u016f\u017ee to potkat \u00fapln\u011b ka\u017ed\u00e9ho. Mus\u00edte si v\u011b\u0159it a nezlomit se. Mn\u011b n\u011bjakou dobu trvalo, ne\u017e jsem se z toho dostal. Byl to b\u011bh na dlouhou tra\u0165.<\/p>\n<h2><strong>Co v\u00e1m nejv\u00edce pomohlo?<\/strong><\/h2>\n<p>Sna\u017eil jsem se zam\u011b\u0159it na psychiku a pracoval v\u00edc s\u00a0hlavou. Musel jsem se od ur\u010dit\u00fdch v\u011bc\u00ed odpoutat. A hlavn\u011b jsem dok\u00e1zal o sv\u00fdch probl\u00e9mech za\u010d\u00edt mluvit. To ne\u0161lo hned, ale postupn\u011b. N\u011bjakou dobu jsem v\u0161echno dusil v\u00a0sob\u011b. Pak jsem se sv\u011b\u0159il tren\u00e9rovi Ale\u0161i Krou\u017eeck\u00e9mu, \u0159e\u0161il jsem to i s\u00a0tren\u00e9rem reprezentace Tom\u00e1\u0161em Kone\u010dn\u00fdm a dal\u0161\u00edmi. Byli to lid\u00e9, co o m\u00fdch probl\u00e9mech v\u011bd\u011bli, ale \u010dekali, a\u017e za nimi p\u0159ijdu j\u00e1 s\u00e1m. Pot\u0159eboval jsem se sv\u011b\u0159it n\u011bkomu mimo rodinu. Vloni na Czech Tour jsem se o sv\u00e9 situaci bavil i s\u00a0Leopoldem K\u00f6nigem, kter\u00fd za\u017eil kv\u016fli zdravotn\u00edm probl\u00e9m\u016fm tak\u00e9 stinn\u00e9 str\u00e1nky cyklistiky a pro\u0161el si i psychick\u00fdmi probl\u00e9my.<\/p>\n<h2><strong>To byl nejlep\u0161\u00ed l\u00e9k na va\u0161e starosti?<\/strong><\/h2>\n<p>Pomohlo to, ale musel jsem na sob\u011b pracovat i j\u00e1 s\u00e1m. Dlouho se to neda\u0159ilo, ale nevzdal jsem se a nau\u010dil jsem se hlavu dostat do klidu, i t\u0159eba pomoc\u00ed n\u011bjak\u00fdch meditac\u00ed. Ale nejd\u016fle\u017eit\u011bj\u0161\u00ed asi byli lid\u00e9 a mluven\u00ed s\u00a0nimi. V\u0161em pat\u0159\u00ed velk\u00e9 pod\u011bkov\u00e1n\u00ed.<\/p>\n<h2><strong>P\u0159esto, \u017ee za sebou nem\u00e1te nejlep\u0161\u00ed rok, dostal jste se do World Tour t\u00fdmu Qhubeka ASSOS. Jak se to poda\u0159ilo?<\/strong><\/h2>\n<p>Nebrali m\u011b jako nezn\u00e1m\u00e9ho, ur\u010dit\u00e9 jm\u00e9no jsem si jako junior ud\u011blal a m\u011bl jsem n\u011bkolik dobr\u00fdch v\u00fdsledk\u016f. Velkou z\u00e1sluhu m\u00e1 agent. M\u011b i br\u00e1chu zastupuj\u00ed brat\u0159i Carrerov\u00e9, kte\u0159\u00ed jsou v\u00a0byznysu hodn\u011b dlouho, a m\u00e1me od nich skv\u011blou podporu. V\u011b\u0159ili n\u00e1m a je jejich velk\u00e1 z\u00e1sluha, kam jsme se dostali (<em>mlad\u0161\u00ed bratr Mathias bude jezdit s\u00a0Romanem Kreuzigerem v\u00a0t\u00fdmu Gazprom-RusVelo<\/em>). Bez dobr\u00e9ho agenta je dnes v\u00a0podstat\u011b nemo\u017en\u00e9 se dostat do World Tour. T\u00fdmy oslovuj\u00ed na za\u010d\u00e1tku jenom agenty, z\u00e1vodn\u00edci u\u017e jen podepisuj\u00ed smlouvu.<\/p>\n<figure id=\"attachment_11384\" aria-describedby=\"caption-attachment-11384\" style=\"width: 1800px\" class=\"wp-caption alignnone\"><a href=\"https:\/\/d2p6e6u75xmxt8.cloudfront.net\/13\/2021\/01\/Karel-Vacek-profimedia-0388742279.jpg\"><img loading=\"lazy\" decoding=\"async\" class=\"size-full wp-image-11384\" src=\"https:\/\/d2p6e6u75xmxt8.cloudfront.net\/13\/2021\/01\/Karel-Vacek-profimedia-0388742279.jpg\" alt=\"Karel Vacek v \u010desk\u00e9m reprezenta\u010dn\u00edm dresu. Foto: profimedia\" width=\"1800\" height=\"1335\" \/><\/a><figcaption id=\"caption-attachment-11384\" class=\"wp-caption-text\"><em>Karel Vacek, z\u00e1vodn\u00edk t\u00fdmu Qhubeka ASSOS,\u00a0 v \u010desk\u00e9m reprezenta\u010dn\u00edm dresu. Foto: profimedia<\/em><\/figcaption><\/figure>\n<h2><strong>Kdy jste ji podepsal vy?<\/strong><\/h2>\n<p>U\u017e minul\u00fd rok v\u00a0l\u00e9t\u011b s\u00a0tehdej\u0161\u00edm t\u00fdmem NTT. Chv\u00edlemi jsem byl docela na no\u017e\u00edch, proto\u017ee hrozilo, \u017ee t\u00fdm nebude po odchodu hlavn\u00edho sponzora pokra\u010dovat. N\u011bkte\u0159\u00ed z\u00e1vodn\u00edci ode\u0161li nebo skon\u010dili. Ale v\u011b\u0159il jsem \u0161\u00e9fovi t\u00fdmu Douglasi Ryderovi i mana\u017eerovi. T\u00fdm se povedlo zachr\u00e1nit, co\u017e je skv\u011bl\u00e9. Je dob\u0159e, \u017ee cyklistika nep\u0159i\u0161la o dal\u0161\u00ed st\u00e1j. Naopak si mysl\u00edm, \u017ee budeme skv\u011bl\u00ed.<\/p>\n<h2><strong>Co pro v\u00e1s anga\u017em\u00e1 ve World Tour znamen\u00e1?<\/strong><\/h2>\n<p>Spln\u011bn\u00ed \u017eivotn\u00edho snu. Od doby, co jsem zaregistroval Tour de France, \u017eiju t\u00edm, \u017ee se dostanu do nejvy\u0161\u0161\u00ed ligy. T\u00e1ta taky z\u00e1vodil, ale za komunist\u016f bylo skoro nemo\u017en\u00e9 dostat se takhle vysoko. On z\u00e1vodil alespo\u0148 v\u00a0Rakousku, mn\u011b se to poda\u0159ilo do World Tour. Je to spln\u011bn\u00fd sen cel\u00e9 rodiny.<\/p>\n<div class=\"shortcode-ys-post-pinup\"><article class=\"loop-simple post-11248 post type-post status-publish format-standard has-post-thumbnail hentry category-zdravi-a-trenink tag-jak-se-dostat-do-formy tag-vojtech-hacecky global-categories-cycling\" data-postid=\"11248\" role=\"article\" data-post-id=\"11248\" data-word-count=\"566\" data-headline-length=\"65\" data-category=\"Zdrav\u00ed a tr\u00e9nink\" data-global-category=\"Cycling\" data-author=\"Vojt\u011bch Ha\u010deck\u00fd\" data-published=\"2021-01-04T07:00:33+02:00\" data-published-day=\"Monday\">\n    <div class=\"entry-thumbnail article-thumbnail\" content=\"https:\/\/d2p6e6u75xmxt8.cloudfront.net\/13\/2020\/08\/WLC-strava-profimedia-0536370272-150x150.webp\"><a href=\"https:\/\/www.welovecycling.com\/cs\/2021\/01\/04\/jak-se-dostat-do-formy-nenechte-se-zotrocit-socialnimi-medii\/\" class=\"image-holder\" target=\"_self\"><img decoding=\"async\" loading=\"lazy\" class=\"\" src=\"https:\/\/d2p6e6u75xmxt8.cloudfront.net\/13\/2020\/08\/WLC-strava-profimedia-0536370272-1024x683.webp\" srcset=\"https:\/\/d2p6e6u75xmxt8.cloudfront.net\/13\/2020\/08\/WLC-strava-profimedia-0536370272.webp 1800w, https:\/\/d2p6e6u75xmxt8.cloudfront.net\/13\/2020\/08\/WLC-strava-profimedia-0536370272-300x200.webp 300w, https:\/\/d2p6e6u75xmxt8.cloudfront.net\/13\/2020\/08\/WLC-strava-profimedia-0536370272-1024x683.webp 1024w, https:\/\/d2p6e6u75xmxt8.cloudfront.net\/13\/2020\/08\/WLC-strava-profimedia-0536370272-768x512.webp 768w, https:\/\/d2p6e6u75xmxt8.cloudfront.net\/13\/2020\/08\/WLC-strava-profimedia-0536370272-1536x1024.webp 1536w, https:\/\/d2p6e6u75xmxt8.cloudfront.net\/13\/2020\/08\/WLC-strava-profimedia-0536370272-272x182.webp 272w\" width=\"1024\" height=\"683\" sizes=\"auto, (min-width: 1200px) 300px, (min-width: 768px) 25vw, 100vw\" alt=\"jak-se-dostat-do-formy-nenechte-se-zotrocit-socialnimi-medii\"\/><\/a><\/div>    <div class=\"entry-meta\">\n        <a class=\"label label-secondary post-category\" href=\"https:\/\/www.welovecycling.com\/cs\/category\/zdravi-a-trenink\/\" title=\"Zdrav\u00ed a tr\u00e9nink\">Zdrav\u00ed a tr\u00e9nink<\/a>\n    <\/div>\n    <div class=\"entry-details\">\n        <a href=\"https:\/\/www.welovecycling.com\/cs\/2021\/01\/04\/jak-se-dostat-do-formy-nenechte-se-zotrocit-socialnimi-medii\/\" class='entry-title-wrapper'>\n            <h3 class=\"entry-title\"><span>Jak se dostat do formy: nenechte se zotro\u010dit soci\u00e1ln\u00edmi m\u00e9dii<\/span><\/h3>\n        <\/a>\n    <\/div>\n    <\/article>\n<\/div>\n<h2><strong>V\u00e1\u0161 bratr jde do RusVela, ale u\u017e m\u00e1 podeps\u00e1no i do Treku, kam by m\u011bl j\u00edt za dva roky. Necht\u011bli jste zkusit spole\u010dn\u00e9 anga\u017em\u00e1?<\/strong><\/h2>\n<p>Bylo by to fajn, hodn\u011b si spolu pom\u016f\u017eeme. On je \u00fapln\u011b jin\u00fd typ ne\u017e j\u00e1: sp\u00ed\u0161 klasik\u00e1\u0159, \u010dasovk\u00e1\u0159, j\u00e1 zase vrcha\u0159. Tak\u017ee bychom spolu asi stejn\u011b na z\u00e1vody moc nejezdili. Ale jsem r\u00e1d, \u017ee m\u00e1 taky super anga\u017em\u00e1 po boku ost\u0159\u00edlen\u00fdch borc\u016f, jako jsou Roman Kreuziger nebo Zakarin. Ur\u010dit\u011b mu hodn\u011b pom\u016f\u017eou. V\u011b\u0159\u00edm, \u017ee se jednou spolu v\u00a0n\u011bjak\u00e9m t\u00fdmu potk\u00e1me, ale na za\u010d\u00e1tku si mus\u00edme vyzkou\u0161et, jak dok\u00e1\u017eeme fungovat bez sebe.<\/p>\n<h2><strong>Co o\u010dek\u00e1v\u00e1te od sv\u00e9 prvn\u00ed sezony ve World Tour?<\/strong><\/h2>\n<p>V\u00edm, \u017ee m\u011b ne\u010dek\u00e1 proch\u00e1zka r\u016f\u017eov\u00fdm sadem. Ka\u017ed\u00fd, kdo se tam dostane, nem\u00e1 nic zadarmo. Mus\u00edm ka\u017ed\u00fd den d\u011blat maximum, abych si to m\u00edsto zaslou\u017eil. A budu se sna\u017eit, aby moje cena postupn\u011b stoupala, a jednou jsem mohl t\u0159eba zabojovat o etapu na n\u011bjak\u00e9 Grand Tour nebo i o celkov\u00e9 po\u0159ad\u00ed.<\/p>\n<figure id=\"attachment_7254\" aria-describedby=\"caption-attachment-7254\" style=\"width: 1080px\" class=\"wp-caption alignnone\"><a href=\"https:\/\/d2p6e6u75xmxt8.cloudfront.net\/13\/2020\/05\/Karel-vacek-reprezenta\u010dn\u00ed-dres.jpg\"><img loading=\"lazy\" decoding=\"async\" class=\"size-full wp-image-7254\" src=\"https:\/\/d2p6e6u75xmxt8.cloudfront.net\/13\/2020\/05\/Karel-vacek-reprezenta\u010dn\u00ed-dres.jpg\" alt=\"Karel Vacek pat\u0159\u00ed mezi nejtalentovan\u011bj\u0161\u00ed \u010desk\u00e9 cyklisty. Foto: archiv Karla Vacka\" width=\"1080\" height=\"1080\" \/><\/a><figcaption id=\"caption-attachment-7254\" class=\"wp-caption-text\"><em>Karel Vacek pat\u0159\u00ed mezi nejtalentovan\u011bj\u0161\u00ed \u010desk\u00e9 cyklisty. Foto: archiv Karla Vacka<\/em><\/figcaption><\/figure>\n<h2><strong>U\u017e m\u00e1te jasno, jak\u00e1 by m\u011bla b\u00fdt va\u0161e role?<\/strong><\/h2>\n<p>Uvid\u00edme, jak bude prob\u00edhat sezona. Douf\u00e1m, \u017ee prob\u011bhne relativn\u011b norm\u00e1ln\u011b s ohledem na pandemii a objedeme v\u0161echno podle pl\u00e1n\u016f. Kdy\u017e pojedu n\u011bjak\u00e9 etap\u00e1ky s Aruem nebo Pozzovivem, r\u00e1d bych jim v kopc\u00edch dopomohl k v\u00edt\u011bzstv\u00ed. Jsou to ost\u0159\u00edlen\u00ed borci a nerad bych je zklamal. Ale z\u00e1rove\u0148 mus\u00edm b\u00fdt p\u0159ipraven, \u017ee kdy\u017e t\u0159eba n\u011bkdo z nich nebude m\u00edt sv\u016fj den, tak abych svou \u0161anci vyu\u017eil, porval se o co nejlep\u0161\u00ed um\u00edst\u011bn\u00ed a uk\u00e1zal svoje triko taky n\u011bkde vp\u0159edu.<\/p>\n<h2><strong>Co u\u017e jste s nov\u00fdm t\u00fdmem absolvoval?<\/strong><\/h2>\n<p>Zat\u00edm jenom online hovory. D\u00edky covidu-19 jsme p\u0159i\u0161li o prosincov\u00fd kemp. Te\u010f m\u00e1me prvn\u00ed soust\u0159ed\u011bn\u00ed v\u00a0Giron\u011b na deset dn\u00ed a v\u00a0\u00fanoru bych m\u011bl zah\u00e1jit sezonu na z\u00e1vodech Tour de la Provence ve Francii. Jedna etapa kon\u010d\u00ed na Mont Ventoux, to je velk\u00e1 v\u00fdzva.<\/p>\n<h2><strong>A dal\u0161\u00ed program?<\/strong><\/h2>\n<p>Zat\u00edm m\u00e1m jen n\u00e1st\u0159el, v\u0161echno bude z\u00e1le\u017eet na v\u00fdvoji sezony. M\u011bl bych jet Strade Bianche nebo Dauphin\u00e9. Co se t\u00fd\u010de Grand Tour, tak jsem jako rezerva. Je norm\u00e1ln\u00ed, \u017ee prvn\u00edm rokem na Grand Tour nov\u00e1\u010dky moc \u010dasto nepos\u00edlaj\u00ed. Jen kdyby n\u011bkdo vypadl, tak m\u011b asi nasad\u00ed. Ale te\u010f je to p\u0159ed\u010dasn\u00e9 \u0159e\u0161it.<\/p>\n","protected":false},"excerpt":{"rendered":"<p>B\u00fdval jedn\u00edm z\u00a0nejlep\u0161\u00edch junior\u016f sv\u011bta. V\u0161ichni mu p\u0159edpov\u00eddali velikou budoucnost. V\u017edy\u0165 Karel Vacek dok\u00e1zal por\u00e1\u017eet i belgickou hv\u011bzdu Remca Evenepoela. [&hellip;]<\/p>\n","protected":false},"author":122,"featured_media":2423,"comment_status":"open","ping_status":"open","sticky":false,"template":"","format":"standard","meta":{"footnotes":""},"categories":[10],"tags":[126,253,1419,9],"global-categories":[411],"class_list":["post-11383","post","type-post","status-publish","format-standard","has-post-thumbnail","hentry","category-silnicni-cyklistika","tag-cyklistika","tag-karel-vacek","tag-qhubeka-assos","tag-silnicni-cyklistika","global-categories-cycling"],"yoast_head":"<!-- This site is optimized with the Yoast SEO Premium plugin v25.3 (Yoast SEO v25.9) - https:\/\/yoast.com\/wordpress\/plugins\/seo\/ -->\n<title>Karel Vacek: C\u00edtil jsem se skoro nesmrteln\u00fd. Ale t\u00e1t\u016fv n\u00e1stup do v\u011bzen\u00ed m\u011b hrozn\u011b vzal | \u0160koda We Love Cycling - \u010cesk\u00e1 republika<\/title>\n<meta name=\"description\" content=\"V\u0161ichni mu p\u0159edpov\u00eddali velikou budoucnost. Jen\u017ee rozlet Karla Vacka se posledn\u00ed dva roky zbrzdil. Co dvacetiletou posilu Qhubeky tr\u00e1pilo?\" \/>\n<meta name=\"robots\" content=\"index, follow, max-snippet:-1, max-image-preview:large, max-video-preview:-1\" \/>\n<link rel=\"canonical\" href=\"https:\/\/www.welovecycling.com\/cs\/2021\/01\/20\/karel-vacek-citil-jsem-se-skoro-nesmrtelny-ale-tatuv-nastup-do-vezeni-me-hrozne-vzal\/\" \/>\n<meta property=\"og:locale\" content=\"cs_CZ\" \/>\n<meta property=\"og:type\" content=\"article\" \/>\n<meta property=\"og:title\" content=\"Karel Vacek: C\u00edtil jsem se skoro nesmrteln\u00fd. Ale t\u00e1t\u016fv n\u00e1stup do v\u011bzen\u00ed m\u011b hrozn\u011b vzal\" \/>\n<meta property=\"og:description\" content=\"V\u0161ichni mu p\u0159edpov\u00eddali velikou budoucnost. Jen\u017ee rozlet Karla Vacka se posledn\u00ed dva roky zbrzdil. Co dvacetiletou posilu Qhubeky tr\u00e1pilo?\" \/>\n<meta property=\"og:url\" content=\"https:\/\/www.welovecycling.com\/cs\/2021\/01\/20\/karel-vacek-citil-jsem-se-skoro-nesmrtelny-ale-tatuv-nastup-do-vezeni-me-hrozne-vzal\/\" \/>\n<meta property=\"og:site_name\" content=\"\u0160koda We Love Cycling - \u010cesk\u00e1 republika\" \/>\n<meta property=\"article:published_time\" content=\"2021-01-20T05:00:34+00:00\" \/>\n<meta property=\"og:image\" content=\"https:\/\/d2p6e6u75xmxt8.cloudfront.net\/13\/2019\/06\/vycerpany-karel-vacek.webp\" \/>\n\t<meta property=\"og:image:width\" content=\"2400\" \/>\n\t<meta property=\"og:image:height\" content=\"1602\" \/>\n\t<meta property=\"og:image:type\" content=\"image\/webp\" \/>\n<meta name=\"twitter:card\" content=\"summary_large_image\" \/>\n<meta name=\"twitter:label1\" content=\"Written by\" \/>\n\t<meta name=\"twitter:data1\" content=\"Vojt\u011bch Ha\u010deck\u00fd\" \/>\n\t<meta name=\"twitter:label2\" content=\"Est. reading time\" \/>\n\t<meta name=\"twitter:data2\" content=\"5\" \/>\n<script type=\"application\/ld+json\" class=\"yoast-schema-graph\">{\"@context\":\"https:\/\/schema.org\",\"@graph\":[{\"@type\":\"WebPage\",\"@id\":\"https:\/\/www.welovecycling.com\/cs\/2021\/01\/20\/karel-vacek-citil-jsem-se-skoro-nesmrtelny-ale-tatuv-nastup-do-vezeni-me-hrozne-vzal\/\",\"url\":\"https:\/\/www.welovecycling.com\/cs\/2021\/01\/20\/karel-vacek-citil-jsem-se-skoro-nesmrtelny-ale-tatuv-nastup-do-vezeni-me-hrozne-vzal\/\",\"name\":\"Karel Vacek: C\u00edtil jsem se skoro nesmrteln\u00fd. Ale t\u00e1t\u016fv n\u00e1stup do v\u011bzen\u00ed m\u011b hrozn\u011b vzal | \u0160koda We Love Cycling - \u010cesk\u00e1 republika\",\"isPartOf\":{\"@id\":\"https:\/\/www.welovecycling.com\/cs\/#website\"},\"primaryImageOfPage\":{\"@id\":\"https:\/\/www.welovecycling.com\/cs\/2021\/01\/20\/karel-vacek-citil-jsem-se-skoro-nesmrtelny-ale-tatuv-nastup-do-vezeni-me-hrozne-vzal\/#primaryimage\"},\"image\":{\"@id\":\"https:\/\/www.welovecycling.com\/cs\/2021\/01\/20\/karel-vacek-citil-jsem-se-skoro-nesmrtelny-ale-tatuv-nastup-do-vezeni-me-hrozne-vzal\/#primaryimage\"},\"thumbnailUrl\":\"https:\/\/d2p6e6u75xmxt8.cloudfront.net\/13\/2019\/06\/vycerpany-karel-vacek.webp\",\"datePublished\":\"2021-01-20T05:00:34+00:00\",\"author\":{\"@id\":\"\"},\"description\":\"V\u0161ichni mu p\u0159edpov\u00eddali velikou budoucnost. Jen\u017ee rozlet Karla Vacka se posledn\u00ed dva roky zbrzdil. Co dvacetiletou posilu Qhubeky tr\u00e1pilo?\",\"inLanguage\":\"cs\",\"potentialAction\":[{\"@type\":\"ReadAction\",\"target\":[\"https:\/\/www.welovecycling.com\/cs\/2021\/01\/20\/karel-vacek-citil-jsem-se-skoro-nesmrtelny-ale-tatuv-nastup-do-vezeni-me-hrozne-vzal\/\"]}]},{\"@type\":\"ImageObject\",\"inLanguage\":\"cs\",\"@id\":\"https:\/\/www.welovecycling.com\/cs\/2021\/01\/20\/karel-vacek-citil-jsem-se-skoro-nesmrtelny-ale-tatuv-nastup-do-vezeni-me-hrozne-vzal\/#primaryimage\",\"url\":\"https:\/\/d2p6e6u75xmxt8.cloudfront.net\/13\/2019\/06\/vycerpany-karel-vacek.webp\",\"contentUrl\":\"https:\/\/d2p6e6u75xmxt8.cloudfront.net\/13\/2019\/06\/vycerpany-karel-vacek.webp\",\"width\":2400,\"height\":1602,\"caption\":\"Vy\u010derpan\u00fd Karel Vacek v c\u00edli z\u00e1vodu. Foto: Jan Brychta \/ Z\u00e1vod m\u00edru U23\"},{\"@type\":\"WebSite\",\"@id\":\"https:\/\/www.welovecycling.com\/cs\/#website\",\"url\":\"https:\/\/www.welovecycling.com\/cs\/\",\"name\":\"\u0160koda We Love Cycling - \u010cesk\u00e1 republika\",\"description\":\"WeLoveCycling.cz je online magaz\u00edn, kter\u00fd v\u00e1m pravideln\u011b p\u0159in\u00e1\u0161\u00ed rady a tipy, zaj\u00edmav\u00e9 \u010dl\u00e1nky, videa a jedine\u010dn\u00e9 report\u00e1\u017ee ze sv\u011bta cyklistiky.\",\"potentialAction\":[{\"@type\":\"SearchAction\",\"target\":{\"@type\":\"EntryPoint\",\"urlTemplate\":\"https:\/\/www.welovecycling.com\/cs\/?s={search_term_string}\"},\"query-input\":{\"@type\":\"PropertyValueSpecification\",\"valueRequired\":true,\"valueName\":\"search_term_string\"}}],\"inLanguage\":\"cs\"},{\"@type\":\"Person\",\"@id\":\"\",\"url\":\"https:\/\/www.welovecycling.com\/cs\/author\/\"}]}<\/script>\n<!-- \/ Yoast SEO Premium plugin. -->","yoast_head_json":{"title":"Karel Vacek: C\u00edtil jsem se skoro nesmrteln\u00fd. Ale t\u00e1t\u016fv n\u00e1stup do v\u011bzen\u00ed m\u011b hrozn\u011b vzal | \u0160koda We Love Cycling - \u010cesk\u00e1 republika","description":"V\u0161ichni mu p\u0159edpov\u00eddali velikou budoucnost. Jen\u017ee rozlet Karla Vacka se posledn\u00ed dva roky zbrzdil. Co dvacetiletou posilu Qhubeky tr\u00e1pilo?","robots":{"index":"index","follow":"follow","max-snippet":"max-snippet:-1","max-image-preview":"max-image-preview:large","max-video-preview":"max-video-preview:-1"},"canonical":"https:\/\/www.welovecycling.com\/cs\/2021\/01\/20\/karel-vacek-citil-jsem-se-skoro-nesmrtelny-ale-tatuv-nastup-do-vezeni-me-hrozne-vzal\/","og_locale":"cs_CZ","og_type":"article","og_title":"Karel Vacek: C\u00edtil jsem se skoro nesmrteln\u00fd. Ale t\u00e1t\u016fv n\u00e1stup do v\u011bzen\u00ed m\u011b hrozn\u011b vzal","og_description":"V\u0161ichni mu p\u0159edpov\u00eddali velikou budoucnost. Jen\u017ee rozlet Karla Vacka se posledn\u00ed dva roky zbrzdil. Co dvacetiletou posilu Qhubeky tr\u00e1pilo?","og_url":"https:\/\/www.welovecycling.com\/cs\/2021\/01\/20\/karel-vacek-citil-jsem-se-skoro-nesmrtelny-ale-tatuv-nastup-do-vezeni-me-hrozne-vzal\/","og_site_name":"\u0160koda We Love Cycling - \u010cesk\u00e1 republika","article_published_time":"2021-01-20T05:00:34+00:00","og_image":[{"width":2400,"height":1602,"url":"https:\/\/d2p6e6u75xmxt8.cloudfront.net\/13\/2019\/06\/vycerpany-karel-vacek.webp","type":"image\/webp"}],"twitter_card":"summary_large_image","twitter_misc":{"Written by":"Vojt\u011bch Ha\u010deck\u00fd","Est. reading time":"5"},"schema":{"@context":"https:\/\/schema.org","@graph":[{"@type":"WebPage","@id":"https:\/\/www.welovecycling.com\/cs\/2021\/01\/20\/karel-vacek-citil-jsem-se-skoro-nesmrtelny-ale-tatuv-nastup-do-vezeni-me-hrozne-vzal\/","url":"https:\/\/www.welovecycling.com\/cs\/2021\/01\/20\/karel-vacek-citil-jsem-se-skoro-nesmrtelny-ale-tatuv-nastup-do-vezeni-me-hrozne-vzal\/","name":"Karel Vacek: C\u00edtil jsem se skoro nesmrteln\u00fd. Ale t\u00e1t\u016fv n\u00e1stup do v\u011bzen\u00ed m\u011b hrozn\u011b vzal | \u0160koda We Love Cycling - \u010cesk\u00e1 republika","isPartOf":{"@id":"https:\/\/www.welovecycling.com\/cs\/#website"},"primaryImageOfPage":{"@id":"https:\/\/www.welovecycling.com\/cs\/2021\/01\/20\/karel-vacek-citil-jsem-se-skoro-nesmrtelny-ale-tatuv-nastup-do-vezeni-me-hrozne-vzal\/#primaryimage"},"image":{"@id":"https:\/\/www.welovecycling.com\/cs\/2021\/01\/20\/karel-vacek-citil-jsem-se-skoro-nesmrtelny-ale-tatuv-nastup-do-vezeni-me-hrozne-vzal\/#primaryimage"},"thumbnailUrl":"https:\/\/d2p6e6u75xmxt8.cloudfront.net\/13\/2019\/06\/vycerpany-karel-vacek.webp","datePublished":"2021-01-20T05:00:34+00:00","author":{"@id":""},"description":"V\u0161ichni mu p\u0159edpov\u00eddali velikou budoucnost. Jen\u017ee rozlet Karla Vacka se posledn\u00ed dva roky zbrzdil. Co dvacetiletou posilu Qhubeky tr\u00e1pilo?","inLanguage":"cs","potentialAction":[{"@type":"ReadAction","target":["https:\/\/www.welovecycling.com\/cs\/2021\/01\/20\/karel-vacek-citil-jsem-se-skoro-nesmrtelny-ale-tatuv-nastup-do-vezeni-me-hrozne-vzal\/"]}]},{"@type":"ImageObject","inLanguage":"cs","@id":"https:\/\/www.welovecycling.com\/cs\/2021\/01\/20\/karel-vacek-citil-jsem-se-skoro-nesmrtelny-ale-tatuv-nastup-do-vezeni-me-hrozne-vzal\/#primaryimage","url":"https:\/\/d2p6e6u75xmxt8.cloudfront.net\/13\/2019\/06\/vycerpany-karel-vacek.webp","contentUrl":"https:\/\/d2p6e6u75xmxt8.cloudfront.net\/13\/2019\/06\/vycerpany-karel-vacek.webp","width":2400,"height":1602,"caption":"Vy\u010derpan\u00fd Karel Vacek v c\u00edli z\u00e1vodu. Foto: Jan Brychta \/ Z\u00e1vod m\u00edru U23"},{"@type":"WebSite","@id":"https:\/\/www.welovecycling.com\/cs\/#website","url":"https:\/\/www.welovecycling.com\/cs\/","name":"\u0160koda We Love Cycling - \u010cesk\u00e1 republika","description":"WeLoveCycling.cz je online magaz\u00edn, kter\u00fd v\u00e1m pravideln\u011b p\u0159in\u00e1\u0161\u00ed rady a tipy, zaj\u00edmav\u00e9 \u010dl\u00e1nky, videa a jedine\u010dn\u00e9 report\u00e1\u017ee ze sv\u011bta cyklistiky.","potentialAction":[{"@type":"SearchAction","target":{"@type":"EntryPoint","urlTemplate":"https:\/\/www.welovecycling.com\/cs\/?s={search_term_string}"},"query-input":{"@type":"PropertyValueSpecification","valueRequired":true,"valueName":"search_term_string"}}],"inLanguage":"cs"},{"@type":"Person","@id":"","url":"https:\/\/www.welovecycling.com\/cs\/author\/"}]}},"_links":{"self":[{"href":"https:\/\/www.welovecycling.com\/cs\/wp-json\/wp\/v2\/posts\/11383","targetHints":{"allow":["GET"]}}],"collection":[{"href":"https:\/\/www.welovecycling.com\/cs\/wp-json\/wp\/v2\/posts"}],"about":[{"href":"https:\/\/www.welovecycling.com\/cs\/wp-json\/wp\/v2\/types\/post"}],"author":[{"embeddable":true,"href":"https:\/\/www.welovecycling.com\/cs\/wp-json\/wp\/v2\/users\/122"}],"replies":[{"embeddable":true,"href":"https:\/\/www.welovecycling.com\/cs\/wp-json\/wp\/v2\/comments?post=11383"}],"version-history":[{"count":2,"href":"https:\/\/www.welovecycling.com\/cs\/wp-json\/wp\/v2\/posts\/11383\/revisions"}],"predecessor-version":[{"id":11389,"href":"https:\/\/www.welovecycling.com\/cs\/wp-json\/wp\/v2\/posts\/11383\/revisions\/11389"}],"wp:featuredmedia":[{"embeddable":true,"href":"https:\/\/www.welovecycling.com\/cs\/wp-json\/wp\/v2\/media\/2423"}],"wp:attachment":[{"href":"https:\/\/www.welovecycling.com\/cs\/wp-json\/wp\/v2\/media?parent=11383"}],"wp:term":[{"taxonomy":"category","embeddable":true,"href":"https:\/\/www.welovecycling.com\/cs\/wp-json\/wp\/v2\/categories?post=11383"},{"taxonomy":"post_tag","embeddable":true,"href":"https:\/\/www.welovecycling.com\/cs\/wp-json\/wp\/v2\/tags?post=11383"},{"taxonomy":"global-categories","embeddable":true,"href":"https:\/\/www.welovecycling.com\/cs\/wp-json\/wp\/v2\/global-categories?post=11383"}],"curies":[{"name":"wp","href":"https:\/\/api.w.org\/{rel}","templated":true}]}}