{"id":11342,"date":"2021-01-14T12:00:41","date_gmt":"2021-01-14T10:00:41","guid":{"rendered":"https:\/\/www.welovecycling.com\/cs\/?p=11342"},"modified":"2021-01-13T23:48:22","modified_gmt":"2021-01-13T21:48:22","slug":"jak-zvladnout-cyklistiku-na-snehu-a-ledu","status":"publish","type":"post","link":"https:\/\/www.welovecycling.com\/cs\/2021\/01\/14\/jak-zvladnout-cyklistiku-na-snehu-a-ledu\/","title":{"rendered":"Jak zvl\u00e1dnout cyklistiku na sn\u011bhu a ledu"},"content":{"rendered":"<p><strong>Bl\u00e1zniv\u00e9, a\u017e neuv\u011b\u0159iteln\u00e9! P\u0159esto i v\u00a0zasn\u011b\u017een\u00e9 krajin\u011b m\u016f\u017eete narazit na cyklistu. I b\u011bhem zimn\u00edch m\u011bs\u00edc\u016f se najdou nad\u0161enci, pro n\u011b\u017e je kolo v\u0161\u00edm, a tud\u00ed\u017e si kondici udr\u017euj\u00ed v\u00a0sedle, by\u0165 krajinu zasypal sn\u00edh a zemi sv\u00edr\u00e1 mr\u00e1z.<\/strong><\/p>\n<p>Je jasn\u00e9, \u017ee na kombinaci dresu s\u00a0kr\u00e1tk\u00fdm ruk\u00e1vem a kr\u00e1tk\u00fdch kalhot aktu\u00e1ln\u011b m\u016f\u017eete jen vzpom\u00ednat. Ka\u017edop\u00e1dn\u011b i kilometry zvl\u00e1dnut\u00e9 b\u011bhem zimn\u00edch m\u011bs\u00edc\u016f v\u00a0sedle kola v\u00e1m mohou p\u0159in\u00e9st hodn\u011b pot\u011b\u0161en\u00ed. V\u017edy\u0165 co je lep\u0161\u00edho pro cyklistu ne\u017e proto\u010dit nohy na \u010derstv\u00e9m vzduchu? Samoz\u0159ejm\u011b je t\u0159eba myslet na ur\u010dit\u00e1 specifika j\u00edzdy po zasn\u011b\u017een\u00fdch cest\u00e1ch. We Love Cycling p\u0159in\u00e1\u0161\u00ed rady, jak j\u00edzdu v\u00a0zim\u011b zvl\u00e1dnout&#8230;<\/p>\n<h2><strong>Zimn\u00ed kolo<\/strong><\/h2>\n<p>Podle mno\u017estv\u00ed kilometr\u016f, kter\u00e9 hodl\u00e1te v\u00a0zim\u011b v\u00a0p\u0159\u00edrodn\u00edch podm\u00ednk\u00e1ch absolvovat, zva\u017ete investici do druh\u00e9ho kola. V\u00a0dan\u00fdch m\u011bs\u00edc\u00edch je tr\u00e9nink o objemu a vytrvalosti, nikoliv o rychlosti. Proto sta\u010d\u00ed pou\u017eit\u00ed r\u00e1mu s\u00a0levn\u011bj\u0161\u00edmi sou\u010d\u00e1stkami, \u0161ir\u0161\u00edmi pneumatikami a klidn\u011b i leh\u010d\u00edmi p\u0159evodov\u00fdmi stupni, tud\u00ed\u017e se l\u00e9pe vyrovn\u00e1te s\u00a0pomalej\u0161\u00edm zimn\u00edm tempem. Pokud s\u00e1hnete po star\u00e9m hlin\u00edkov\u00e9m kole, kter\u00e9 m\u00e1te za\u0161antro\u010den\u00e9 v\u00a0gar\u00e1\u017ei \u010di sklep\u011b, po\u010d\u00edtejte s\u00a0poklesem pr\u016fm\u011brn\u00e9 rychlosti. Ale a\u017e se na ja\u0159e vr\u00e1t\u00edte ke sv\u00e9 \u201ejedni\u010dce\u201c, budete l\u00e9tat.<\/p>\n<div class=\"shortcode-ys-post-pinup\"><article class=\"loop-simple post-10551 post type-post status-publish format-standard has-post-thumbnail hentry category-zima2022 category-rady-tipy tag-bezpecnost tag-blatniky tag-cyklistika tag-jak-pripravit-kolo-na-zimu tag-mazivo tag-ochrana-laku tag-trenink\" data-postid=\"10551\" role=\"article\" data-post-id=\"10551\" data-word-count=\"530\" data-headline-length=\"40\" data-category=\"Na kole v zim\u011b\" data-author=\"Kry\u0161tof Kopic\" data-published=\"2020-11-08T07:00:10+02:00\" data-published-day=\"Sunday\">\n    <div class=\"entry-thumbnail article-thumbnail\" content=\"https:\/\/d2p6e6u75xmxt8.cloudfront.net\/13\/2020\/11\/WLC-bahno-scaled-150x150.webp\"><a href=\"https:\/\/www.welovecycling.com\/cs\/2020\/11\/08\/deset-tipu-jak-pripravit-kolo-na-zimu\/\" class=\"image-holder\" target=\"_self\"><img decoding=\"async\" loading=\"lazy\" class=\"\" src=\"https:\/\/d2p6e6u75xmxt8.cloudfront.net\/13\/2020\/11\/WLC-bahno-scaled-1024x576.webp\" srcset=\"https:\/\/d2p6e6u75xmxt8.cloudfront.net\/13\/2020\/11\/WLC-bahno-scaled.webp 2560w, https:\/\/d2p6e6u75xmxt8.cloudfront.net\/13\/2020\/11\/WLC-bahno-scaled-300x169.webp 300w, https:\/\/d2p6e6u75xmxt8.cloudfront.net\/13\/2020\/11\/WLC-bahno-scaled-1024x576.webp 1024w, https:\/\/d2p6e6u75xmxt8.cloudfront.net\/13\/2020\/11\/WLC-bahno-scaled-768x432.webp 768w, https:\/\/d2p6e6u75xmxt8.cloudfront.net\/13\/2020\/11\/WLC-bahno-scaled-1536x864.webp 1536w, https:\/\/d2p6e6u75xmxt8.cloudfront.net\/13\/2020\/11\/WLC-bahno-scaled-2048x1152.webp 2048w, https:\/\/d2p6e6u75xmxt8.cloudfront.net\/13\/2020\/11\/WLC-bahno-scaled-1920x1080.webp 1920w, https:\/\/d2p6e6u75xmxt8.cloudfront.net\/13\/2020\/11\/WLC-bahno-scaled-1920x1080.webp 1920w\" width=\"1024\" height=\"576\" sizes=\"auto, (min-width: 1200px) 356px, (min-width: 768px) 30vw, 100vw\" alt=\"deset-tipu-jak-pripravit-kolo-na-zimu\"\/><\/a><\/div>    <div class=\"entry-meta\">\n        <a class=\"label label-secondary post-category\" href=\"https:\/\/www.welovecycling.com\/cs\/category\/zima2022\/\" title=\"Na kole v zim\u011b\">Na kole v zim\u011b<\/a>\n    <\/div>\n    <div class=\"entry-details\">\n        <a href=\"https:\/\/www.welovecycling.com\/cs\/2020\/11\/08\/deset-tipu-jak-pripravit-kolo-na-zimu\/\" class='entry-title-wrapper'>\n            <h3 class=\"entry-title\"><span>Deset tip\u016f, jak p\u0159ipravit kolo na zimu<\/span><\/h3>\n        <\/a>\n    <\/div>\n    <\/article>\n<\/div>\n<h2><strong>Kvalitn\u00ed oble\u010den\u00ed<\/strong><\/h2>\n<p>Kdy\u017e se spr\u00e1vn\u011b obl\u00e9knete, nebude se v\u00e1m n\u00e1sledn\u011b honit hlavou, co to bylo za bl\u00e1zniv\u00fd n\u00e1pad vyrazit na kolo ven. Kl\u00ed\u010dov\u00e9 je obl\u00e9knout svr\u0161ky odoln\u00e9 v\u011btru a vod\u011b, abyste v\u00a0sedle kola z\u016fstali v\u00a0suchu a teple. Pokud se odhodl\u00e1te v\u00a0zimn\u00edch podm\u00ednk\u00e1ch na kolo vyrazit, odolejte poku\u0161en\u00ed navl\u00e9kat se do p\u0159esp\u0159\u00edli\u0161 tepl\u00fdch svr\u0161k\u016f, kter\u00e9 nav\u00edc nebudou funk\u010dn\u00ed.<\/p>\n<div class=\"shortcode-ys-post-pinup\"><article class=\"loop-simple post-11119 post type-post status-publish format-standard has-post-thumbnail hentry category-zima2022 category-rady-tipy tag-cyklistika tag-horska-cyklistika tag-jak-se-obleknout-na-kolo tag-kalas-sportswear tag-mathieu-van-der-poel tag-silnicni-cyklistika tag-zdravi-a-trenink global-categories-cycling\" data-postid=\"11119\" role=\"article\" data-post-id=\"11119\" data-word-count=\"461\" data-headline-length=\"58\" data-category=\"Na kole v zim\u011b\" data-global-category=\"Cycling\" data-author=\"We Love Cycling\" data-published=\"2020-12-21T19:00:25+02:00\" data-published-day=\"Monday\">\n    <div class=\"entry-thumbnail article-thumbnail\" content=\"https:\/\/d2p6e6u75xmxt8.cloudfront.net\/13\/2020\/12\/kalas-zima-bunda-s-kuklou-2-150x150.webp\"><a href=\"https:\/\/www.welovecycling.com\/cs\/2020\/12\/21\/jak-se-obleknout-na-kolo-v-mrazu-je-tu-klenot-z-tabora\/\" class=\"image-holder\" target=\"_self\"><img decoding=\"async\" loading=\"lazy\" class=\"\" src=\"https:\/\/d2p6e6u75xmxt8.cloudfront.net\/13\/2020\/12\/kalas-zima-bunda-s-kuklou-2-1024x684.webp\" srcset=\"https:\/\/d2p6e6u75xmxt8.cloudfront.net\/13\/2020\/12\/kalas-zima-bunda-s-kuklou-2.webp 1920w, https:\/\/d2p6e6u75xmxt8.cloudfront.net\/13\/2020\/12\/kalas-zima-bunda-s-kuklou-2-300x200.webp 300w, https:\/\/d2p6e6u75xmxt8.cloudfront.net\/13\/2020\/12\/kalas-zima-bunda-s-kuklou-2-1024x684.webp 1024w, https:\/\/d2p6e6u75xmxt8.cloudfront.net\/13\/2020\/12\/kalas-zima-bunda-s-kuklou-2-768x513.webp 768w, https:\/\/d2p6e6u75xmxt8.cloudfront.net\/13\/2020\/12\/kalas-zima-bunda-s-kuklou-2-1536x1026.webp 1536w, https:\/\/d2p6e6u75xmxt8.cloudfront.net\/13\/2020\/12\/kalas-zima-bunda-s-kuklou-2-272x182.webp 272w\" width=\"1024\" height=\"684\" sizes=\"auto, (min-width: 1200px) 300px, (min-width: 768px) 25vw, 100vw\" alt=\"jak-se-obleknout-na-kolo-v-mrazu-je-tu-klenot-z-tabora\"\/><\/a><\/div>    <div class=\"entry-meta\">\n        <a class=\"label label-secondary post-category\" href=\"https:\/\/www.welovecycling.com\/cs\/category\/zima2022\/\" title=\"Na kole v zim\u011b\">Na kole v zim\u011b<\/a>\n    <\/div>\n    <div class=\"entry-details\">\n        <a href=\"https:\/\/www.welovecycling.com\/cs\/2020\/12\/21\/jak-se-obleknout-na-kolo-v-mrazu-je-tu-klenot-z-tabora\/\" class='entry-title-wrapper'>\n            <h3 class=\"entry-title\"><span>Jak se obl\u00e9knout na kolo v\u00a0mrazu? Je tu klenot z T\u00e1bora<\/span><\/h3>\n        <\/a>\n    <\/div>\n    <\/article>\n<\/div>\n<p>Pokud se bude teplo hromadit pod va\u0161\u00edm oble\u010den\u00edm, zpot\u00edte se, oble\u010den\u00ed bude mokr\u00e9 a radost ze sportu nulov\u00e1. Dbejte proto pe\u010dliv\u011b na skladbu a spr\u00e1vn\u00e9 vrstven\u00ed oble\u010den\u00ed.<\/p>\n<p>Nezapom\u00ednejte na rukavice, proto\u017ee prsty na rukou jsou nejv\u00edce n\u00e1chyln\u00e9 k\u00a0prochladnut\u00ed. Pokud nem\u00e1te zimn\u00ed tretry, pou\u017e\u00edvejte rovn\u011b\u017e n\u00e1vleky na boty, aby z\u016fstaly nohy v\u00a0teple. Pokud si nejste jist\u00ed, zda m\u00e1te dostatek oble\u010den\u00ed, nebo naopak nejste p\u0159\u00edli\u0161 nabalen\u00ed, prost\u011b na p\u00e1r minut zajd\u011bte ven. A pamatujte, \u017ee se v\u00a0sedle kola do ur\u010dit\u00e9 m\u00edry zah\u0159ejete.<\/p>\n<h2><strong>Vhodn\u00e9 pneumatiky<\/strong><\/h2>\n<p>J\u00edzda na sn\u011bhu vy\u017eaduje jistou d\u00e1vku zru\u010dnosti. A nejlep\u0161\u00ed p\u0159ilnavost rozhodn\u011b negarantuj\u00ed \u00fazk\u00e9 \u010di hladk\u00e9 pl\u00e1\u0161t\u011b, na jejich\u017e pou\u017e\u00edv\u00e1n\u00ed jste zvykl\u00ed z\u00a0b\u011b\u017en\u00e9 sezony. Je proto vhodn\u00e9 na zimn\u00ed m\u011bs\u00edce kolo p\u0159ezout. Zejm\u00e9na u silni\u010dn\u00edch \u010di krosov\u00fdch kol se vyplat\u00ed investice do pl\u00e1\u0161\u0165\u016f, kter\u00e9 jsou speci\u00e1ln\u011b zpevn\u011bn\u00e9 pro j\u00edzdu v\u00a0n\u00e1ro\u010dn\u011bj\u0161\u00edch podm\u00ednk\u00e1ch pro dan\u00e9 ro\u010dn\u00ed obdob\u00ed.<\/p>\n<h2><strong>J\u00eddlo a pit\u00ed<\/strong><\/h2>\n<p>Hlad je nejv\u011bt\u0161\u00ed nep\u0159\u00edtel cyklisty. P\u0159\u00edjem energie je stejn\u011b d\u016fle\u017eit\u00fd jako na ja\u0159e \u010di v\u00a0l\u00e9t\u011b. A p\u0159esto\u017ee t\u011blu dod\u00e1te kalorie p\u0159ed startem \u0161vihu, v\u017edy m\u011bjte j\u00eddlo i pit\u00ed u sebe. Jen pamatujte, \u017ee p\u0159i n\u00edzk\u00fdch teplot\u00e1ch n\u011bkter\u00e9 ty\u010dinky zm\u011bn\u00ed podobu v\u00a0nezpracovateln\u00fd k\u00e1men.<\/p>\n<figure id=\"attachment_11345\" aria-describedby=\"caption-attachment-11345\" style=\"width: 1800px\" class=\"wp-caption alignnone\"><a href=\"https:\/\/d2p6e6u75xmxt8.cloudfront.net\/13\/2021\/01\/WLC-zimni-kolo-profimedia-0389269286.jpg\"><img loading=\"lazy\" decoding=\"async\" class=\"size-full wp-image-11345\" src=\"https:\/\/d2p6e6u75xmxt8.cloudfront.net\/13\/2021\/01\/WLC-zimni-kolo-profimedia-0389269286.jpg\" alt=\"Zimn\u00ed cyklistick\u00fd piknik? Pro\u010d ne. Do dr\u017e\u00e1ku na bidonu snadno d\u00e1te termosku a do zadn\u00ed kapsy bundy nebo bat\u016f\u017eku se vejde i n\u011bco k sn\u011bdku. Foto: profimedia\" width=\"1800\" height=\"1200\" \/><\/a><figcaption id=\"caption-attachment-11345\" class=\"wp-caption-text\"><em>Zimn\u00ed cyklistick\u00fd piknik? Pro\u010d ne. Do dr\u017e\u00e1ku na bidonu snadno d\u00e1te termosku a do zadn\u00ed kapsy bundy nebo bat\u016f\u017eku se vejde i n\u011bco k sn\u011bdku. Foto: profimedia<\/em><\/figcaption><\/figure>\n<p>Je pot\u0159eba um\u00edstit j\u00eddlo do m\u00edsta, kde udr\u017e\u00edte teplo. Nebo zvolte kup\u0159\u00edkladu energetick\u00fd gel. A nezapom\u00ednejte p\u00edt! P\u0159esto\u017ee nen\u00ed z\u0159ejm\u00e9, \u017ee se pod vrstvami oble\u010den\u00ed pot\u00edte, ke ztr\u00e1t\u011b tekutin doch\u00e1z\u00ed za jak\u00e9koliv teploty. Ide\u00e1ln\u00ed je \u010daj v\u00a0cyklistick\u00e9 termosce, kter\u00e9 jsou dnes b\u011b\u017en\u011b k\u00a0m\u00e1n\u00ed.<\/p>\n<h2><strong>Blatn\u00edky<\/strong><\/h2>\n<p>Naprost\u00e1 nezbytnost b\u011bhem zimn\u00edch m\u011bs\u00edc\u016f. V\u00e1\u0161 zadek, z\u00e1da i jezdec, kter\u00fd v\u00e1s bude doprov\u00e1zet, rozhodn\u011b mont\u00e1\u017e blatn\u00edk\u016f ocen\u00ed. Odletuj\u00edc\u00ed sn\u00edh \u010di bahno v obli\u010deji na rozb\u0159edl\u00fdch pas\u00e1\u017e\u00edch rozhodn\u011b nejsou ni\u010d\u00edm p\u0159\u00edjemn\u00fdm.<\/p>\n<h2><strong>Myslete na defekty<\/strong><\/h2>\n<p>Jsou ned\u00edlnou sou\u010d\u00e1st\u00ed zimn\u00edch j\u00edzd. Zimn\u00ed klimatick\u00e9 podm\u00ednky spojen\u00e9 s v\u011btrem, jako by p\u0159itahovaly na cesty kousky k\u0159ovin a trny, kter\u00e9 nejsou pod sn\u011bhem vid\u011bt. Nevyr\u00e1\u017eejte proto bez dvou rezervn\u00edch du\u0161\u00ed a pumpi\u010dky. Pokud jedete ve skupin\u011b, rozhodn\u011b nespol\u00e9hejte na par\u0165\u00e1ky. A m\u011bjte na pam\u011bti, \u017ee pou\u017eit\u00ed nafukovac\u00edch \u201ebombi\u010dek\u201c v teplot\u00e1ch kolem nuly nen\u00ed spolehliv\u00e9.<\/p>\n<h2><strong>Sv\u011btla<\/strong><\/h2>\n<p>V sou\u010dasnosti jde o samoz\u0159ejmost. Mnoho cyklist\u016f pou\u017e\u00edv\u00e1 sv\u011btlo na kole u\u017e po cel\u00fd rok. Investice do sv\u011btla dopln\u011bn\u00e9ho ide\u00e1ln\u011b o blika\u010dky a reflexn\u00ed p\u00e1sky v\u00e1s rozhodn\u011b nezruinuje.<\/p>\n<p><a href=\"https:\/\/d2p6e6u75xmxt8.cloudfront.net\/13\/2020\/04\/Garmin-RTL510-Radar_thumb.jpg\"><img loading=\"lazy\" decoding=\"async\" class=\"alignnone size-full wp-image-6518\" src=\"https:\/\/d2p6e6u75xmxt8.cloudfront.net\/13\/2020\/04\/Garmin-RTL510-Radar_thumb.jpg\" alt=\"\" width=\"720\" height=\"480\" \/><\/a><\/p>\n<p>A z\u00edsk\u00e1te jistotu, \u017ee ani p\u0159\u00edpadn\u00fd rychl\u00fd n\u00e1stup tmy nezp\u016fsob\u00ed probl\u00e9my. Nezapom\u00ednejte p\u0159ed j\u00edzdou kontrolovat stav bateri\u00ed u v\u0161ech sv\u011bteln\u00fdch zdroj\u016f.<strong>\u00a0<\/strong><\/p>\n<h2><strong>Pe\u010dliv\u00e1 \u00fadr\u017eba <\/strong><\/h2>\n<p>P\u0159esto\u017ee na zasn\u011b\u017een\u00e9 cesty vyr\u00e1\u017e\u00edte na rezervn\u00edm kole, v\u011bnujte \u010das \u00fadr\u017eb\u011b. Zejm\u00e9na pak \u0159et\u011bzu, ozuben\u00fdm kole\u010dk\u016fm, lank\u016fm, n\u00e1boj\u016fm a st\u0159edov\u00e9mu slo\u017een\u00ed. Sna\u017ete se pravideln\u011b odstra\u0148ovat \u0161p\u00ednu, kontrolujte opot\u0159eben\u00ed r\u00e1fk\u016f a brzdov\u00fdch desti\u010dek. Vlhk\u00e9 po\u010das\u00ed m\u00e1 na dan\u00e9 \u010d\u00e1sti neblah\u00fd vliv. Ne\u010distoty z\u00a0prosolen\u00fdch silnic mohou zp\u016fsobit velk\u00e9 probl\u00e9my, proto lanka pravideln\u011b kontrolujte. Pe\u010dlivou \u00fadr\u017ebou minimalizujete mechanick\u00e9 z\u00e1vady.<\/p>\n<div class=\"shortcode-ys-post-pinup\"><article class=\"loop-simple post-10649 post type-post status-publish format-standard has-post-thumbnail hentry category-zima2022 category-zdravi-a-trenink tag-cyklisticka-cepicka tag-cyklisticke-obleceni tag-cyklistika tag-cyklotrenink tag-horska-cyklistika tag-navleky-na-tretry tag-silnicni-cyklistika tag-trenink tag-zimni-cyklisticke-tretry global-categories-cycling\" data-postid=\"10649\" role=\"article\" data-post-id=\"10649\" data-word-count=\"506\" data-headline-length=\"84\" data-category=\"Na kole v zim\u011b\" data-global-category=\"Cycling\" data-author=\"Kry\u0161tof Kopic\" data-published=\"2020-11-15T07:00:00+02:00\" data-published-day=\"Sunday\">\n    <div class=\"entry-thumbnail article-thumbnail\" content=\"https:\/\/d2p6e6u75xmxt8.cloudfront.net\/13\/2020\/11\/navleky_na_tretry-150x150.webp\"><a href=\"https:\/\/www.welovecycling.com\/cs\/2020\/11\/15\/vychytavky-pro-cyklisty-na-zimu-specialni-navleky-ci-elektricke-vyhrivani\/\" class=\"image-holder\" target=\"_self\"><img decoding=\"async\" loading=\"lazy\" class=\"\" src=\"https:\/\/d2p6e6u75xmxt8.cloudfront.net\/13\/2020\/11\/navleky_na_tretry-1024x1024.webp\" srcset=\"https:\/\/d2p6e6u75xmxt8.cloudfront.net\/13\/2020\/11\/navleky_na_tretry.webp 2500w, https:\/\/d2p6e6u75xmxt8.cloudfront.net\/13\/2020\/11\/navleky_na_tretry-300x300.webp 300w, https:\/\/d2p6e6u75xmxt8.cloudfront.net\/13\/2020\/11\/navleky_na_tretry-1024x1024.webp 1024w, https:\/\/d2p6e6u75xmxt8.cloudfront.net\/13\/2020\/11\/navleky_na_tretry-150x150.webp 150w, https:\/\/d2p6e6u75xmxt8.cloudfront.net\/13\/2020\/11\/navleky_na_tretry-768x768.webp 768w, https:\/\/d2p6e6u75xmxt8.cloudfront.net\/13\/2020\/11\/navleky_na_tretry-1536x1536.webp 1536w, https:\/\/d2p6e6u75xmxt8.cloudfront.net\/13\/2020\/11\/navleky_na_tretry-2048x2048.webp 2048w, https:\/\/d2p6e6u75xmxt8.cloudfront.net\/13\/2020\/11\/navleky_na_tretry-1920x1920.webp 1920w, https:\/\/d2p6e6u75xmxt8.cloudfront.net\/13\/2020\/11\/navleky_na_tretry-1920x1920.webp 1920w\" width=\"1024\" height=\"1024\" sizes=\"auto, (min-width: 1200px) 300px, (min-width: 768px) 25vw, 100vw\" alt=\"vychytavky-pro-cyklisty-na-zimu-specialni-navleky-ci-elektricke-vyhrivani\"\/><\/a><\/div>    <div class=\"entry-meta\">\n        <a class=\"label label-secondary post-category\" href=\"https:\/\/www.welovecycling.com\/cs\/category\/zima2022\/\" title=\"Na kole v zim\u011b\">Na kole v zim\u011b<\/a>\n    <\/div>\n    <div class=\"entry-details\">\n        <a href=\"https:\/\/www.welovecycling.com\/cs\/2020\/11\/15\/vychytavky-pro-cyklisty-na-zimu-specialni-navleky-ci-elektricke-vyhrivani\/\" class='entry-title-wrapper'>\n            <h3 class=\"entry-title\"><span>Vychyt\u00e1vky pro cyklisty na zimu: speci\u00e1ln\u00ed n\u00e1vleky \u010di elektrick\u00e9 vyh\u0159\u00edv\u00e1n\u00ed<\/span><\/h3>\n        <\/a>\n    <\/div>\n    <\/article>\n<\/div>\n<h2><strong>Kontrolujte po\u010das\u00ed<\/strong><\/h2>\n<p>Aplikac\u00ed s\u00a0p\u0159edpov\u011bd\u00ed po\u010das\u00ed disponuj\u00edc\u00ed i sn\u00edmky z\u00a0meteoradaru je dnes u\u017e mnoho. Tak\u017ee ne\u017e prvn\u011b \u0161l\u00e1pnete u domovn\u00edch dve\u0159\u00ed do ped\u00e1l\u016f, v\u017edy po\u010das\u00ed zkontrolujte, by\u0165 pl\u00e1nujete j\u00edzdou jen na p\u00e1r des\u00edtek minut \u010di kilometr\u016f. V\u017edy trasu koncipujte s\u00a0ohledem na klimatick\u00e9 podm\u00ednky. Ide\u00e1ln\u011b, aby v\u00a0p\u0159\u00edpad\u011b nenad\u00e1l\u00e9ho rozmaru po\u010das\u00ed bylo mo\u017en\u00e9 porci kilometr\u016f redukovat.<\/p>\n","protected":false},"excerpt":{"rendered":"<p>Bl\u00e1zniv\u00e9, a\u017e neuv\u011b\u0159iteln\u00e9! P\u0159esto i v\u00a0zasn\u011b\u017een\u00e9 krajin\u011b m\u016f\u017eete narazit na cyklistu. I b\u011bhem zimn\u00edch m\u011bs\u00edc\u016f se najdou nad\u0161enci, pro n\u011b\u017e [&hellip;]<\/p>\n","protected":false},"author":122,"featured_media":11344,"comment_status":"open","ping_status":"open","sticky":false,"template":"","format":"standard","meta":{"footnotes":""},"categories":[15],"tags":[126,56,1393,9,27,1392],"global-categories":[411],"class_list":["post-11342","post","type-post","status-publish","format-standard","has-post-thumbnail","hentry","category-rady-tipy","tag-cyklistika","tag-horska-cyklistika","tag-jak-zvladnout-kolo-na-snehu","tag-silnicni-cyklistika","tag-trenink","tag-zima-a-cyklistika","global-categories-cycling"],"yoast_head":"<!-- This site is optimized with the Yoast SEO Premium plugin v25.3 (Yoast SEO v25.9) - https:\/\/yoast.com\/wordpress\/plugins\/seo\/ -->\n<title>Jak zvl\u00e1dnout cyklistiku na sn\u011bhu a ledu | \u0160koda We Love Cycling - \u010cesk\u00e1 republika<\/title>\n<meta name=\"description\" content=\"I v zimn\u00edch m\u011bs\u00edc\u00edch se najdou nad\u0161enci, pro n\u011b\u017e je kolo v\u0161\u00edm, tud\u00ed\u017e si kondici udr\u017euj\u00ed v\u00a0sedle, by\u0165 krajinu zasypal sn\u00edh a zemi sv\u00edr\u00e1 mr\u00e1z.\" \/>\n<meta name=\"robots\" content=\"index, follow, max-snippet:-1, max-image-preview:large, max-video-preview:-1\" \/>\n<link rel=\"canonical\" href=\"https:\/\/www.welovecycling.com\/cs\/2021\/01\/14\/jak-zvladnout-cyklistiku-na-snehu-a-ledu\/\" \/>\n<meta property=\"og:locale\" content=\"cs_CZ\" \/>\n<meta property=\"og:type\" content=\"article\" \/>\n<meta property=\"og:title\" content=\"Jak zvl\u00e1dnout cyklistiku na sn\u011bhu a ledu\" \/>\n<meta property=\"og:description\" content=\"I v zimn\u00edch m\u011bs\u00edc\u00edch se najdou nad\u0161enci, pro n\u011b\u017e je kolo v\u0161\u00edm, tud\u00ed\u017e si kondici udr\u017euj\u00ed v\u00a0sedle, by\u0165 krajinu zasypal sn\u00edh a zemi sv\u00edr\u00e1 mr\u00e1z.\" \/>\n<meta property=\"og:url\" content=\"https:\/\/www.welovecycling.com\/cs\/2021\/01\/14\/jak-zvladnout-cyklistiku-na-snehu-a-ledu\/\" \/>\n<meta property=\"og:site_name\" content=\"\u0160koda We Love Cycling - \u010cesk\u00e1 republika\" \/>\n<meta property=\"article:published_time\" content=\"2021-01-14T10:00:41+00:00\" \/>\n<meta property=\"og:image\" content=\"https:\/\/d2p6e6u75xmxt8.cloudfront.net\/13\/2021\/01\/WLC-zimni-kolo-profimedia-0335547041.webp\" \/>\n\t<meta property=\"og:image:width\" content=\"1800\" \/>\n\t<meta property=\"og:image:height\" content=\"1200\" \/>\n\t<meta property=\"og:image:type\" content=\"image\/webp\" \/>\n<meta name=\"twitter:card\" content=\"summary_large_image\" \/>\n<meta name=\"twitter:label1\" content=\"Written by\" \/>\n\t<meta name=\"twitter:data1\" content=\"Kry\u0161tof Kopic\" \/>\n\t<meta name=\"twitter:label2\" content=\"Est. reading time\" \/>\n\t<meta name=\"twitter:data2\" content=\"5\" \/>\n<script type=\"application\/ld+json\" class=\"yoast-schema-graph\">{\"@context\":\"https:\/\/schema.org\",\"@graph\":[{\"@type\":\"WebPage\",\"@id\":\"https:\/\/www.welovecycling.com\/cs\/2021\/01\/14\/jak-zvladnout-cyklistiku-na-snehu-a-ledu\/\",\"url\":\"https:\/\/www.welovecycling.com\/cs\/2021\/01\/14\/jak-zvladnout-cyklistiku-na-snehu-a-ledu\/\",\"name\":\"Jak zvl\u00e1dnout cyklistiku na sn\u011bhu a ledu | \u0160koda We Love Cycling - \u010cesk\u00e1 republika\",\"isPartOf\":{\"@id\":\"https:\/\/www.welovecycling.com\/cs\/#website\"},\"primaryImageOfPage\":{\"@id\":\"https:\/\/www.welovecycling.com\/cs\/2021\/01\/14\/jak-zvladnout-cyklistiku-na-snehu-a-ledu\/#primaryimage\"},\"image\":{\"@id\":\"https:\/\/www.welovecycling.com\/cs\/2021\/01\/14\/jak-zvladnout-cyklistiku-na-snehu-a-ledu\/#primaryimage\"},\"thumbnailUrl\":\"https:\/\/d2p6e6u75xmxt8.cloudfront.net\/13\/2021\/01\/WLC-zimni-kolo-profimedia-0335547041.webp\",\"datePublished\":\"2021-01-14T10:00:41+00:00\",\"author\":{\"@id\":\"\"},\"description\":\"I v zimn\u00edch m\u011bs\u00edc\u00edch se najdou nad\u0161enci, pro n\u011b\u017e je kolo v\u0161\u00edm, tud\u00ed\u017e si kondici udr\u017euj\u00ed v\u00a0sedle, by\u0165 krajinu zasypal sn\u00edh a zemi sv\u00edr\u00e1 mr\u00e1z.\",\"inLanguage\":\"cs\",\"potentialAction\":[{\"@type\":\"ReadAction\",\"target\":[\"https:\/\/www.welovecycling.com\/cs\/2021\/01\/14\/jak-zvladnout-cyklistiku-na-snehu-a-ledu\/\"]}]},{\"@type\":\"ImageObject\",\"inLanguage\":\"cs\",\"@id\":\"https:\/\/www.welovecycling.com\/cs\/2021\/01\/14\/jak-zvladnout-cyklistiku-na-snehu-a-ledu\/#primaryimage\",\"url\":\"https:\/\/d2p6e6u75xmxt8.cloudfront.net\/13\/2021\/01\/WLC-zimni-kolo-profimedia-0335547041.webp\",\"contentUrl\":\"https:\/\/d2p6e6u75xmxt8.cloudfront.net\/13\/2021\/01\/WLC-zimni-kolo-profimedia-0335547041.webp\",\"width\":1800,\"height\":1200},{\"@type\":\"WebSite\",\"@id\":\"https:\/\/www.welovecycling.com\/cs\/#website\",\"url\":\"https:\/\/www.welovecycling.com\/cs\/\",\"name\":\"\u0160koda We Love Cycling - \u010cesk\u00e1 republika\",\"description\":\"WeLoveCycling.cz je online magaz\u00edn, kter\u00fd v\u00e1m pravideln\u011b p\u0159in\u00e1\u0161\u00ed rady a tipy, zaj\u00edmav\u00e9 \u010dl\u00e1nky, videa a jedine\u010dn\u00e9 report\u00e1\u017ee ze sv\u011bta cyklistiky.\",\"potentialAction\":[{\"@type\":\"SearchAction\",\"target\":{\"@type\":\"EntryPoint\",\"urlTemplate\":\"https:\/\/www.welovecycling.com\/cs\/?s={search_term_string}\"},\"query-input\":{\"@type\":\"PropertyValueSpecification\",\"valueRequired\":true,\"valueName\":\"search_term_string\"}}],\"inLanguage\":\"cs\"},{\"@type\":\"Person\",\"@id\":\"\",\"url\":\"https:\/\/www.welovecycling.com\/cs\/author\/\"}]}<\/script>\n<!-- \/ Yoast SEO Premium plugin. -->","yoast_head_json":{"title":"Jak zvl\u00e1dnout cyklistiku na sn\u011bhu a ledu | \u0160koda We Love Cycling - \u010cesk\u00e1 republika","description":"I v zimn\u00edch m\u011bs\u00edc\u00edch se najdou nad\u0161enci, pro n\u011b\u017e je kolo v\u0161\u00edm, tud\u00ed\u017e si kondici udr\u017euj\u00ed v\u00a0sedle, by\u0165 krajinu zasypal sn\u00edh a zemi sv\u00edr\u00e1 mr\u00e1z.","robots":{"index":"index","follow":"follow","max-snippet":"max-snippet:-1","max-image-preview":"max-image-preview:large","max-video-preview":"max-video-preview:-1"},"canonical":"https:\/\/www.welovecycling.com\/cs\/2021\/01\/14\/jak-zvladnout-cyklistiku-na-snehu-a-ledu\/","og_locale":"cs_CZ","og_type":"article","og_title":"Jak zvl\u00e1dnout cyklistiku na sn\u011bhu a ledu","og_description":"I v zimn\u00edch m\u011bs\u00edc\u00edch se najdou nad\u0161enci, pro n\u011b\u017e je kolo v\u0161\u00edm, tud\u00ed\u017e si kondici udr\u017euj\u00ed v\u00a0sedle, by\u0165 krajinu zasypal sn\u00edh a zemi sv\u00edr\u00e1 mr\u00e1z.","og_url":"https:\/\/www.welovecycling.com\/cs\/2021\/01\/14\/jak-zvladnout-cyklistiku-na-snehu-a-ledu\/","og_site_name":"\u0160koda We Love Cycling - \u010cesk\u00e1 republika","article_published_time":"2021-01-14T10:00:41+00:00","og_image":[{"width":1800,"height":1200,"url":"https:\/\/d2p6e6u75xmxt8.cloudfront.net\/13\/2021\/01\/WLC-zimni-kolo-profimedia-0335547041.webp","type":"image\/webp"}],"twitter_card":"summary_large_image","twitter_misc":{"Written by":"Kry\u0161tof Kopic","Est. reading time":"5"},"schema":{"@context":"https:\/\/schema.org","@graph":[{"@type":"WebPage","@id":"https:\/\/www.welovecycling.com\/cs\/2021\/01\/14\/jak-zvladnout-cyklistiku-na-snehu-a-ledu\/","url":"https:\/\/www.welovecycling.com\/cs\/2021\/01\/14\/jak-zvladnout-cyklistiku-na-snehu-a-ledu\/","name":"Jak zvl\u00e1dnout cyklistiku na sn\u011bhu a ledu | \u0160koda We Love Cycling - \u010cesk\u00e1 republika","isPartOf":{"@id":"https:\/\/www.welovecycling.com\/cs\/#website"},"primaryImageOfPage":{"@id":"https:\/\/www.welovecycling.com\/cs\/2021\/01\/14\/jak-zvladnout-cyklistiku-na-snehu-a-ledu\/#primaryimage"},"image":{"@id":"https:\/\/www.welovecycling.com\/cs\/2021\/01\/14\/jak-zvladnout-cyklistiku-na-snehu-a-ledu\/#primaryimage"},"thumbnailUrl":"https:\/\/d2p6e6u75xmxt8.cloudfront.net\/13\/2021\/01\/WLC-zimni-kolo-profimedia-0335547041.webp","datePublished":"2021-01-14T10:00:41+00:00","author":{"@id":""},"description":"I v zimn\u00edch m\u011bs\u00edc\u00edch se najdou nad\u0161enci, pro n\u011b\u017e je kolo v\u0161\u00edm, tud\u00ed\u017e si kondici udr\u017euj\u00ed v\u00a0sedle, by\u0165 krajinu zasypal sn\u00edh a zemi sv\u00edr\u00e1 mr\u00e1z.","inLanguage":"cs","potentialAction":[{"@type":"ReadAction","target":["https:\/\/www.welovecycling.com\/cs\/2021\/01\/14\/jak-zvladnout-cyklistiku-na-snehu-a-ledu\/"]}]},{"@type":"ImageObject","inLanguage":"cs","@id":"https:\/\/www.welovecycling.com\/cs\/2021\/01\/14\/jak-zvladnout-cyklistiku-na-snehu-a-ledu\/#primaryimage","url":"https:\/\/d2p6e6u75xmxt8.cloudfront.net\/13\/2021\/01\/WLC-zimni-kolo-profimedia-0335547041.webp","contentUrl":"https:\/\/d2p6e6u75xmxt8.cloudfront.net\/13\/2021\/01\/WLC-zimni-kolo-profimedia-0335547041.webp","width":1800,"height":1200},{"@type":"WebSite","@id":"https:\/\/www.welovecycling.com\/cs\/#website","url":"https:\/\/www.welovecycling.com\/cs\/","name":"\u0160koda We Love Cycling - \u010cesk\u00e1 republika","description":"WeLoveCycling.cz je online magaz\u00edn, kter\u00fd v\u00e1m pravideln\u011b p\u0159in\u00e1\u0161\u00ed rady a tipy, zaj\u00edmav\u00e9 \u010dl\u00e1nky, videa a jedine\u010dn\u00e9 report\u00e1\u017ee ze sv\u011bta cyklistiky.","potentialAction":[{"@type":"SearchAction","target":{"@type":"EntryPoint","urlTemplate":"https:\/\/www.welovecycling.com\/cs\/?s={search_term_string}"},"query-input":{"@type":"PropertyValueSpecification","valueRequired":true,"valueName":"search_term_string"}}],"inLanguage":"cs"},{"@type":"Person","@id":"","url":"https:\/\/www.welovecycling.com\/cs\/author\/"}]}},"_links":{"self":[{"href":"https:\/\/www.welovecycling.com\/cs\/wp-json\/wp\/v2\/posts\/11342","targetHints":{"allow":["GET"]}}],"collection":[{"href":"https:\/\/www.welovecycling.com\/cs\/wp-json\/wp\/v2\/posts"}],"about":[{"href":"https:\/\/www.welovecycling.com\/cs\/wp-json\/wp\/v2\/types\/post"}],"author":[{"embeddable":true,"href":"https:\/\/www.welovecycling.com\/cs\/wp-json\/wp\/v2\/users\/122"}],"replies":[{"embeddable":true,"href":"https:\/\/www.welovecycling.com\/cs\/wp-json\/wp\/v2\/comments?post=11342"}],"version-history":[{"count":2,"href":"https:\/\/www.welovecycling.com\/cs\/wp-json\/wp\/v2\/posts\/11342\/revisions"}],"predecessor-version":[{"id":11347,"href":"https:\/\/www.welovecycling.com\/cs\/wp-json\/wp\/v2\/posts\/11342\/revisions\/11347"}],"wp:featuredmedia":[{"embeddable":true,"href":"https:\/\/www.welovecycling.com\/cs\/wp-json\/wp\/v2\/media\/11344"}],"wp:attachment":[{"href":"https:\/\/www.welovecycling.com\/cs\/wp-json\/wp\/v2\/media?parent=11342"}],"wp:term":[{"taxonomy":"category","embeddable":true,"href":"https:\/\/www.welovecycling.com\/cs\/wp-json\/wp\/v2\/categories?post=11342"},{"taxonomy":"post_tag","embeddable":true,"href":"https:\/\/www.welovecycling.com\/cs\/wp-json\/wp\/v2\/tags?post=11342"},{"taxonomy":"global-categories","embeddable":true,"href":"https:\/\/www.welovecycling.com\/cs\/wp-json\/wp\/v2\/global-categories?post=11342"}],"curies":[{"name":"wp","href":"https:\/\/api.w.org\/{rel}","templated":true}]}}