{"id":11097,"date":"2020-12-16T16:01:03","date_gmt":"2020-12-16T14:01:03","guid":{"rendered":"https:\/\/www.welovecycling.com\/cs\/?p=11097"},"modified":"2020-12-21T00:00:18","modified_gmt":"2020-12-20T22:00:18","slug":"kolo-je-volnost-a-bezstarostnost-rika-ceska-miss-andrea-bezdekova","status":"publish","type":"post","link":"https:\/\/www.welovecycling.com\/cs\/2020\/12\/16\/kolo-je-volnost-a-bezstarostnost-rika-ceska-miss-andrea-bezdekova\/","title":{"rendered":"Kolo je volnost a bezstarostnost, \u0159\u00edk\u00e1 \u010cesk\u00e1 Miss Andrea Bezd\u011bkov\u00e1"},"content":{"rendered":"<p><strong>Je kr\u00e1sn\u00e1. Je talentovan\u00e1. A nav\u00edc miluje sport a cyklistiku zvl\u00e1\u0161\u0165. Andrea Bezd\u011bkov\u00e1 rozhodn\u011b nen\u00ed jen k\u0159ehkou kr\u00e1skou, jakou byste si pod pojmem \u201emodelka\u201c nebo \u201e\u010cesk\u00e1 Miss\u201c p\u0159edstavili. Ve t\u0159ech letech ujela prvn\u00ed rovinku bez p\u0159\u00eddavn\u00fdch kole\u010dek a v leto\u0161n\u00edm roce na\u0161la odvahu a z\u00fa\u010dastnila se 2222 km dlouh\u00e9ho cyklistick\u00e9ho z\u00e1vodu. Nav\u00edc j\u00ed to na kole neskute\u010dn\u011b slu\u0161\u00ed! Kdo jin\u00fd by proto nem\u011bl chyb\u011bt ve speci\u00e1lu #BikeFashion? Rozhodn\u011b ona!<\/strong><\/p>\n<h2><strong>Andreo, jak\u00e1 t\u0159i slova pro tebe <\/strong><strong>charakterizuj\u00ed l\u00e1sku k cyklistice?<\/strong><\/h2>\n<p>Volnost, oddanost, bezstarostnost.<\/p>\n<h2><strong>Kam a\u017e sahaj\u00ed tvoje sportovn\u00ed za\u010d\u00e1tky? Co t\u011b bavilo jako malou holku?<\/strong><\/h2>\n<p>Pr\u00e1v\u011b mi odbyly 2 roky a j\u00e1 slavnostn\u011b zahazuji druh\u00fd ruk\u00e1vek na plav\u00e1n\u00ed. Ve t\u0159ech letech jsem ujela prvn\u00ed rovinku na kole bez p\u0159\u00eddavn\u00fdch kole\u010dek a ve 4 letech na ly\u017e\u00edch sama sjedu sjezdovku. Za to, jak\u00fd ve mn\u011b d\u0159\u00edm\u00e1 spor\u0165\u00e1k, vd\u011b\u010d\u00edm miluj\u00edc\u00edm a trp\u011bliv\u00fdm rodi\u010d\u016fm.<\/p>\n<h2><strong>Kdo t\u011b p\u0159ivedl na kolo?<\/strong><\/h2>\n<p>M\u00e1m o 4 roky star\u0161\u00edho br\u00e1chu. Byl m\u00fdm d\u011btsk\u00fdm hrdinou. Cht\u011bla jsem d\u011blat v\u0161echno, co d\u011blal on. A kdy\u017e jsem vid\u011bla, \u017ee se proh\u00e1n\u00ed na kole, pochopiteln\u011b jsem se na n\u011bm cht\u011bla a musela proh\u00e1n\u011bt taky.<\/p>\n<h2><strong>Jakou nejlep\u0161\u00ed radu jsi ohledn\u011b j\u00edzdy na kole dostala?<\/strong><\/h2>\n<p>Kdy\u017e nem\u016f\u017ee\u0161, tak p\u0159idej.<\/p>\n<h2><strong>Vzpom\u00edn\u00e1\u0161 si na sv\u016fj prvn\u00ed z\u00e1vod?<\/strong><\/h2>\n<p>Nen\u00ed tomu tak d\u00e1vno. M\u00e1 prvn\u00ed \u00fa\u010dast na Handy cyklo maratonu byla z\u00e1rove\u0148 m\u00e1 prvn\u00ed zku\u0161enost s cyklistick\u00fdmi z\u00e1vody. Od mali\u010dka bojuji s obrovskou tr\u00e9mou. Kdy\u017e jsem b\u011b\u017eela prvn\u00ed p\u016flmaraton, po 500 metrech jsem myslela, \u017ee mi puknou pl\u00edce. Kdy\u017e jsem jela prvn\u00ed \u00fasek na kole, m\u011bla jsem pocit, \u017ee mi ochrnuly nohy. T\u011b\u017ek\u00fd \u017eivot tr\u00e9mist\u016f.<\/p>\n<h2><strong>Je n\u011bco, co t\u011b na sportovn\u00ed cyklistice oproti t\u00e9 rekrea\u010dn\u00ed p\u0159ekvapilo?<\/strong><\/h2>\n<p>To skoro zn\u00ed, jako byste m\u011b u\u017e pasovali na profesion\u00e1ln\u00edho cyklistick\u00e9ho jezdce. Co\u017e j\u00e1, p\u0159i v\u0161\u00ed up\u0159\u00edmnosti, nejsem ani zdaleka. Cyklistika se mi l\u00edb\u00ed, stra\u0161n\u011b m\u011b bav\u00ed, ale st\u00e1le se \u0159ad\u00edm sp\u00ed\u0161 mezi nad\u0161en\u00e9 rekrea\u010dn\u00ed jezdce.<\/p>\n<h2><strong>Tv\u016fj di\u00e1\u0159 je hodn\u011b pln\u00fd. Jak \u010dasto se na kolo dostane\u0161?<\/strong><\/h2>\n<p>M\u00e1 cyklistick\u00e1 sez\u00f3na za\u010d\u00edn\u00e1 na ja\u0159e a kon\u010d\u00ed, kdy\u017e venkovn\u00ed teplota klesne pod 10 stup\u0148\u016f. Oblast, ve kter\u00e9 pracuji je \u010dasov\u011b tak neuchopiteln\u00e1, \u017ee bych pravidelnost ve vyj\u00ed\u017e\u010fk\u00e1ch hledala jen t\u011b\u017eko. Pokud mi to v\u0161ak \u010das a po\u010das\u00ed dovol\u00ed, odhodlan\u011b vyr\u00e1\u017e\u00edm na lov dal\u0161\u00edch ujet\u00fdch kilometr\u016f. Pravdou je, \u017ee tento rok pracovn\u011b pln\u00fd zase tak nebyl. M\u011bla jsem \u010das na v\u0161echno, co p\u0159i pracovn\u00edch povinnostech mus\u00ed j\u00edt stranou. Letos jsem dokonce zvl\u00e1dla i n\u011bkolikr\u00e1t nav\u0161t\u00edvit Rakousku, kde u\u017e kopce um\u00ed po\u0159\u00e1dn\u011b potr\u00e1pit.<\/p>\n<h2><strong>\u0158e\u0161\u00ed\u0161 jak <\/strong><strong>se na kole obl\u00e9knout? A te\u010f nemysl\u00edm jen funk\u010dn\u00ed str\u00e1nku v\u011bci, ale i tu m\u00f3dn\u00ed, ke kter\u00e9 m\u00e1\u0161 jako \u017eena a Miss hodn\u011b bl\u00edzko.<\/strong><\/h2>\n<p>Potrp\u00edm si na to, aby v\u0161echno ladilo, nicm\u00e9n\u011b funk\u010dnost u\u017e d\u00e1vno nem\u00e1m na druh\u00e9m m\u00edst\u011b. S rozvahou lad\u00edm v\u00fdstroj tak, aby mi p\u0159inesla co nejv\u00edc pohodl\u00ed.<\/p>\n<h2><strong>Jak\u00e9 jsou tvoje nejobl\u00edben\u011bj\u0161\u00ed kousky z cyklistick\u00e9 garderoby?<\/strong><\/h2>\n<p>Up\u0159\u00edmn\u011b zbo\u017e\u0148uji v\u00fdbavu, kterou jsem byla obdarov\u00e1na od We LOVE Cycling p\u0159i Handy cyklo maratonu. Maj\u00ed velice kvalitn\u011b zpracovan\u00e9 dresy a ty nejpohodln\u011bj\u0161\u00ed cyklistick\u00e9 kalhoty.<\/p>\n<h2><strong>Existuje n\u011bjak\u00fd cyklo kousek, kter\u00fd r\u00e1da obl\u00e9kne\u0161 i v b\u011b\u017en\u00e9m \u017eivot\u011b?<\/strong><\/h2>\n<p>\u0158ekla bych, \u017ee cyklistick\u00e1 garderoba je tak specifick\u00e1, \u017ee m\u00e1lokter\u00fd smrteln\u00edk by v n\u00ed vyrazil do v\u00edru velkom\u011bsta.<\/p>\n<p><a href=\"https:\/\/d2p6e6u75xmxt8.cloudfront.net\/13\/2020\/12\/01.jpeg\"><img loading=\"lazy\" decoding=\"async\" class=\"alignnone size-extra-large wp-image-11098\" src=\"https:\/\/d2p6e6u75xmxt8.cloudfront.net\/13\/2020\/12\/01-1920x1280.jpeg\" alt=\"\" width=\"1920\" height=\"1280\" \/><\/a><\/p>\n<h2><strong>Kdybych te\u010f cht\u011bla jako naprost\u00fd za\u010d\u00e1te\u010dn\u00edk nasednout na kolo, co bych si m\u011bla koupit do \u0161atn\u00edku?<\/strong><\/h2>\n<p>P\u0159edpokl\u00e1dejme tedy, \u017ee helma je ned\u00edlnou sou\u010d\u00e1st\u00ed. Dovol\u00edm si tvrdit, \u017ee jako za\u010d\u00e1te\u010dn\u00edk \u010dlov\u011bk nepot\u0159ebuje plnou v\u00fdstroj, aby dos\u00e1hl v\u011bhlasn\u00e9ho po\u017eitku z j\u00edzdy. V tom je cyklistika kr\u00e1sn\u00e1. Je \u00fapln\u011b pro v\u0161echny. Pokud ale postoup\u00edme o jednu j\u00edzdu d\u00e1l, nepostradateln\u00fdm z\u00e1kladem jsou za m\u011b cyklistick\u00e9 kalhoty. Bez nich u\u017e bych dnes nejela ani okolo kom\u00edna.<\/p>\n<h2><strong>Kter\u00e9 barvy na kolo nejrad\u011bji obl\u00e9k\u00e1\u0161?<\/strong><\/h2>\n<p>\u010cern\u00e1 barva m\u011b doprov\u00e1z\u00ed nap\u0159\u00ed\u010d cel\u00fdm \u0161atn\u00edkem. Nen\u00ed tomu jinak ani v tom cyklistick\u00e9m. Rozsv\u00edtit se to pak sna\u017e\u00edm n\u011bjak\u00fdmi barevn\u00fdmi detaily.<\/p>\n<h2><strong>Jak\u00fd je tv\u016fj m\u00f3dn\u00ed styl v soukrom\u00ed? Bav\u00ed t\u011b sp\u00ed\u0161 nad\u010dasov\u00e9 kousky nebo jsi milovnice posledn\u00edch m\u00f3dn\u00edch trend\u016f?<\/strong><\/h2>\n<p>Bav\u00ed m\u011b kombinovat, oprostila jsem se od hromad\u011bn\u00ed zbyte\u010dn\u00fdch v\u011bc\u00ed (p\u0159ev\u00e1\u017en\u011b t\u011bch, kter\u00e9 si vezmu jednou nebo nikdy) na sebe a u nakupov\u00e1n\u00ed tro\u0161ku v\u00edc p\u0159em\u00fd\u0161l\u00edm. Rad\u011bji zvol\u00edm jeden dra\u017e\u0161\u00ed kousek, kter\u00fd se mnou m\u016f\u017ee str\u00e1vit n\u011bkolik sez\u00f3n a bude se dob\u0159e kombinovat ne\u017e n\u011bkolik m\u00f3dn\u00edch v\u00fdst\u0159elk\u016f, jim\u017e se stejn\u011b nakonec budu vyh\u00fdbat obloukem. Hlasuji tedy pro \u201cnad\u010dasov\u00e9 kousky\u201d.<\/p>\n<h2><strong>Co ti nikdy nechyb\u00ed v batohu\/ledvince, kdy\u017e vyr\u00e1\u017e\u00ed\u0161 na kolo?<\/strong><\/h2>\n<p>Mobil, kl\u00ed\u010de a drobn\u00e9 na Kofolu. Jsem klasik.<\/p>\n<h2><strong>Jak\u00e9 jsou tvoje obl\u00edben\u00e9 cyklo zna\u010dky?<\/strong><\/h2>\n<p>M\u016f\u017eu tvrdit, \u017ee Rapha je m\u016fj lovebrand, a\u010dkoliv od n\u00ed nic nem\u00e1m? (Sm\u011bje se)<\/p>\n<h2><strong>Na jak\u00e9m kole jezd\u00ed\u0161?<\/strong><\/h2>\n<p>J\u00edzdn\u00ed kolo \u0160koda MTB 29 FULL.<\/p>\n<h2><strong>M\u00e1\u0161 n\u011bjakou obl\u00edbenou trasu, kterou r\u00e1da jezd\u00ed\u0161? <\/strong><\/h2>\n<p>Pokud bych m\u011bla vsadit na jistotu, bylo by to jistojist\u011b okol\u00ed Adr\u0161pachu.<\/p>\n<h2><strong>Jak\u00e9 je tv\u00e9 \u017eivotn\u00ed motto?<\/strong><\/h2>\n<p>Dokud to nezkus\u00ed\u0161, nikdy se nedozv\u00ed\u0161, jak\u00e9 to mohlo b\u00fdt.<\/p>\n<p>&nbsp;<\/p>\n<p>&nbsp;<\/p>\n<h2><em><strong>3x stylov\u011b na kolo podle Andrey Bezd\u011bkov\u00e9:<\/strong><\/em><\/h2>\n<p><a href=\"https:\/\/d2p6e6u75xmxt8.cloudfront.net\/13\/2020\/12\/02.jpeg\"><img loading=\"lazy\" decoding=\"async\" class=\"alignnone size-full wp-image-11099\" src=\"https:\/\/d2p6e6u75xmxt8.cloudfront.net\/13\/2020\/12\/02.jpeg\" alt=\"\" width=\"1200\" height=\"1600\" \/><\/a><\/p>\n<p>BAREVN\u00c1 MIKINA \u2013 Mikina Adidas, kra\u0165asy \u0160koda<\/p>\n<p><a href=\"https:\/\/d2p6e6u75xmxt8.cloudfront.net\/13\/2020\/12\/03.jpeg\"><img loading=\"lazy\" decoding=\"async\" class=\"alignnone size-full wp-image-11100\" src=\"https:\/\/d2p6e6u75xmxt8.cloudfront.net\/13\/2020\/12\/03.jpeg\" alt=\"\" width=\"1200\" height=\"1600\" \/><\/a><\/p>\n<p>KOLO \u2013 komplet \u0160koda<\/p>\n<p><a href=\"https:\/\/d2p6e6u75xmxt8.cloudfront.net\/13\/2020\/12\/04.jpeg\"><img loading=\"lazy\" decoding=\"async\" class=\"alignnone size-full wp-image-11101\" src=\"https:\/\/d2p6e6u75xmxt8.cloudfront.net\/13\/2020\/12\/04.jpeg\" alt=\"\" width=\"1200\" height=\"1600\" \/><\/a><\/p>\n<p>R\u016e\u017dOV\u00c9 kalhoty \u2013 Bunda Adidas, cyklokalhoty Kalas<\/p>\n<p>&nbsp;<\/p>\n<p>&nbsp;<\/p>\n<p><a href=\"https:\/\/d2p6e6u75xmxt8.cloudfront.net\/13\/2020\/11\/posledni-foto-1.png\"><img loading=\"lazy\" decoding=\"async\" class=\"alignnone wp-image-10624\" src=\"https:\/\/d2p6e6u75xmxt8.cloudfront.net\/13\/2020\/11\/posledni-foto-1.png\" alt=\"\" width=\"261\" height=\"261\" \/><\/a><\/p>\n<p>Va\u0161e Lucie<\/p>\n<p>&nbsp;<\/p>\n<p>&nbsp;<\/p>\n<p><a href=\"https:\/\/www.facebook.com\/welovecycling.cz\">Facebook<\/a>, <a href=\"https:\/\/www.instagram.com\/welovecycling.cz\/\">Instagram<\/a><\/p>\n","protected":false},"excerpt":{"rendered":"<p>Je kr\u00e1sn\u00e1. Je talentovan\u00e1. A nav\u00edc miluje sport a cyklistiku zvl\u00e1\u0161\u0165. Andrea Bezd\u011bkov\u00e1 rozhodn\u011b nen\u00ed jen k\u0159ehkou kr\u00e1skou, jakou byste [&hellip;]<\/p>\n","protected":false},"author":129,"featured_media":11103,"comment_status":"open","ping_status":"open","sticky":false,"template":"","format":"standard","meta":{"footnotes":""},"categories":[1230],"tags":[768,126,43],"global-categories":[411],"class_list":["post-11097","post","type-post","status-publish","format-standard","has-post-thumbnail","hentry","category-fashion","tag-bikefluencer","tag-cyklistika","tag-zeny","global-categories-cycling"],"yoast_head":"<!-- This site is optimized with the Yoast SEO Premium plugin v25.3 (Yoast SEO v25.9) - https:\/\/yoast.com\/wordpress\/plugins\/seo\/ -->\n<title>Kolo je volnost a bezstarostnost, \u0159\u00edk\u00e1 \u010cesk\u00e1 Miss Andrea Bezd\u011bkov\u00e1 | \u0160koda We Love Cycling - \u010cesk\u00e1 republika<\/title>\n<meta name=\"robots\" content=\"index, follow, max-snippet:-1, max-image-preview:large, max-video-preview:-1\" \/>\n<link rel=\"canonical\" href=\"https:\/\/www.welovecycling.com\/cs\/2020\/12\/16\/kolo-je-volnost-a-bezstarostnost-rika-ceska-miss-andrea-bezdekova\/\" \/>\n<meta property=\"og:locale\" content=\"cs_CZ\" \/>\n<meta property=\"og:type\" content=\"article\" \/>\n<meta property=\"og:title\" content=\"Kolo je volnost a bezstarostnost, \u0159\u00edk\u00e1 \u010cesk\u00e1 Miss Andrea Bezd\u011bkov\u00e1\" \/>\n<meta property=\"og:description\" content=\"Je kr\u00e1sn\u00e1. Je talentovan\u00e1. A nav\u00edc miluje sport a cyklistiku zvl\u00e1\u0161\u0165. Andrea Bezd\u011bkov\u00e1 rozhodn\u011b nen\u00ed jen k\u0159ehkou kr\u00e1skou, jakou byste [&hellip;]\" \/>\n<meta property=\"og:url\" content=\"https:\/\/www.welovecycling.com\/cs\/2020\/12\/16\/kolo-je-volnost-a-bezstarostnost-rika-ceska-miss-andrea-bezdekova\/\" \/>\n<meta property=\"og:site_name\" content=\"\u0160koda We Love Cycling - \u010cesk\u00e1 republika\" \/>\n<meta property=\"article:published_time\" content=\"2020-12-16T14:01:03+00:00\" \/>\n<meta property=\"article:modified_time\" content=\"2020-12-20T22:00:18+00:00\" \/>\n<meta property=\"og:image\" content=\"https:\/\/d2p6e6u75xmxt8.cloudfront.net\/13\/2020\/12\/SKO033_2560x1440_header-clanek06_01hk.webp\" \/>\n\t<meta property=\"og:image:width\" content=\"2560\" \/>\n\t<meta property=\"og:image:height\" content=\"1440\" \/>\n\t<meta property=\"og:image:type\" content=\"image\/webp\" \/>\n<meta name=\"author\" content=\"martin.formanek\" \/>\n<meta name=\"twitter:card\" content=\"summary_large_image\" \/>\n<meta name=\"twitter:label1\" content=\"Written by\" \/>\n\t<meta name=\"twitter:data1\" content=\"Lucie Janotov\u00e1\" \/>\n\t<meta name=\"twitter:label2\" content=\"Est. reading time\" \/>\n\t<meta name=\"twitter:data2\" content=\"5 minut\" \/>\n<script type=\"application\/ld+json\" class=\"yoast-schema-graph\">{\"@context\":\"https:\/\/schema.org\",\"@graph\":[{\"@type\":\"WebPage\",\"@id\":\"https:\/\/www.welovecycling.com\/cs\/2020\/12\/16\/kolo-je-volnost-a-bezstarostnost-rika-ceska-miss-andrea-bezdekova\/\",\"url\":\"https:\/\/www.welovecycling.com\/cs\/2020\/12\/16\/kolo-je-volnost-a-bezstarostnost-rika-ceska-miss-andrea-bezdekova\/\",\"name\":\"Kolo je volnost a bezstarostnost, \u0159\u00edk\u00e1 \u010cesk\u00e1 Miss Andrea Bezd\u011bkov\u00e1 | \u0160koda We Love Cycling - \u010cesk\u00e1 republika\",\"isPartOf\":{\"@id\":\"https:\/\/www.welovecycling.com\/cs\/#website\"},\"primaryImageOfPage\":{\"@id\":\"https:\/\/www.welovecycling.com\/cs\/2020\/12\/16\/kolo-je-volnost-a-bezstarostnost-rika-ceska-miss-andrea-bezdekova\/#primaryimage\"},\"image\":{\"@id\":\"https:\/\/www.welovecycling.com\/cs\/2020\/12\/16\/kolo-je-volnost-a-bezstarostnost-rika-ceska-miss-andrea-bezdekova\/#primaryimage\"},\"thumbnailUrl\":\"https:\/\/d2p6e6u75xmxt8.cloudfront.net\/13\/2020\/12\/SKO033_2560x1440_header-clanek06_01hk.webp\",\"datePublished\":\"2020-12-16T14:01:03+00:00\",\"dateModified\":\"2020-12-20T22:00:18+00:00\",\"author\":{\"@id\":\"https:\/\/www.welovecycling.com\/cs\/#\/schema\/person\/0397a732c1ffad42ec2543106d54b8c5\"},\"inLanguage\":\"cs\",\"potentialAction\":[{\"@type\":\"ReadAction\",\"target\":[\"https:\/\/www.welovecycling.com\/cs\/2020\/12\/16\/kolo-je-volnost-a-bezstarostnost-rika-ceska-miss-andrea-bezdekova\/\"]}]},{\"@type\":\"ImageObject\",\"inLanguage\":\"cs\",\"@id\":\"https:\/\/www.welovecycling.com\/cs\/2020\/12\/16\/kolo-je-volnost-a-bezstarostnost-rika-ceska-miss-andrea-bezdekova\/#primaryimage\",\"url\":\"https:\/\/d2p6e6u75xmxt8.cloudfront.net\/13\/2020\/12\/SKO033_2560x1440_header-clanek06_01hk.webp\",\"contentUrl\":\"https:\/\/d2p6e6u75xmxt8.cloudfront.net\/13\/2020\/12\/SKO033_2560x1440_header-clanek06_01hk.webp\",\"width\":2560,\"height\":1440},{\"@type\":\"WebSite\",\"@id\":\"https:\/\/www.welovecycling.com\/cs\/#website\",\"url\":\"https:\/\/www.welovecycling.com\/cs\/\",\"name\":\"\u0160koda We Love Cycling - \u010cesk\u00e1 republika\",\"description\":\"WeLoveCycling.cz je online magaz\u00edn, kter\u00fd v\u00e1m pravideln\u011b p\u0159in\u00e1\u0161\u00ed rady a tipy, zaj\u00edmav\u00e9 \u010dl\u00e1nky, videa a jedine\u010dn\u00e9 report\u00e1\u017ee ze sv\u011bta cyklistiky.\",\"potentialAction\":[{\"@type\":\"SearchAction\",\"target\":{\"@type\":\"EntryPoint\",\"urlTemplate\":\"https:\/\/www.welovecycling.com\/cs\/?s={search_term_string}\"},\"query-input\":{\"@type\":\"PropertyValueSpecification\",\"valueRequired\":true,\"valueName\":\"search_term_string\"}}],\"inLanguage\":\"cs\"},{\"@type\":\"Person\",\"@id\":\"https:\/\/www.welovecycling.com\/cs\/#\/schema\/person\/0397a732c1ffad42ec2543106d54b8c5\",\"name\":\"martin.formanek\",\"image\":{\"@type\":\"ImageObject\",\"inLanguage\":\"cs\",\"@id\":\"https:\/\/www.welovecycling.com\/cs\/#\/schema\/person\/image\/\",\"url\":\"https:\/\/secure.gravatar.com\/avatar\/61bc22c45d15772cb6124c9a0e82efc1ec860e973c3531f387d7563619c23e33?s=96&d=mm&r=g\",\"contentUrl\":\"https:\/\/secure.gravatar.com\/avatar\/61bc22c45d15772cb6124c9a0e82efc1ec860e973c3531f387d7563619c23e33?s=96&d=mm&r=g\",\"caption\":\"martin.formanek\"},\"url\":\"https:\/\/www.welovecycling.com\/cs\/author\/martin-formanek\/\"}]}<\/script>\n<!-- \/ Yoast SEO Premium plugin. -->","yoast_head_json":{"title":"Kolo je volnost a bezstarostnost, \u0159\u00edk\u00e1 \u010cesk\u00e1 Miss Andrea Bezd\u011bkov\u00e1 | \u0160koda We Love Cycling - \u010cesk\u00e1 republika","robots":{"index":"index","follow":"follow","max-snippet":"max-snippet:-1","max-image-preview":"max-image-preview:large","max-video-preview":"max-video-preview:-1"},"canonical":"https:\/\/www.welovecycling.com\/cs\/2020\/12\/16\/kolo-je-volnost-a-bezstarostnost-rika-ceska-miss-andrea-bezdekova\/","og_locale":"cs_CZ","og_type":"article","og_title":"Kolo je volnost a bezstarostnost, \u0159\u00edk\u00e1 \u010cesk\u00e1 Miss Andrea Bezd\u011bkov\u00e1","og_description":"Je kr\u00e1sn\u00e1. Je talentovan\u00e1. A nav\u00edc miluje sport a cyklistiku zvl\u00e1\u0161\u0165. Andrea Bezd\u011bkov\u00e1 rozhodn\u011b nen\u00ed jen k\u0159ehkou kr\u00e1skou, jakou byste [&hellip;]","og_url":"https:\/\/www.welovecycling.com\/cs\/2020\/12\/16\/kolo-je-volnost-a-bezstarostnost-rika-ceska-miss-andrea-bezdekova\/","og_site_name":"\u0160koda We Love Cycling - \u010cesk\u00e1 republika","article_published_time":"2020-12-16T14:01:03+00:00","article_modified_time":"2020-12-20T22:00:18+00:00","og_image":[{"width":2560,"height":1440,"url":"https:\/\/d2p6e6u75xmxt8.cloudfront.net\/13\/2020\/12\/SKO033_2560x1440_header-clanek06_01hk.webp","type":"image\/webp"}],"author":"martin.formanek","twitter_card":"summary_large_image","twitter_misc":{"Written by":"Lucie Janotov\u00e1","Est. reading time":"5 minut"},"schema":{"@context":"https:\/\/schema.org","@graph":[{"@type":"WebPage","@id":"https:\/\/www.welovecycling.com\/cs\/2020\/12\/16\/kolo-je-volnost-a-bezstarostnost-rika-ceska-miss-andrea-bezdekova\/","url":"https:\/\/www.welovecycling.com\/cs\/2020\/12\/16\/kolo-je-volnost-a-bezstarostnost-rika-ceska-miss-andrea-bezdekova\/","name":"Kolo je volnost a bezstarostnost, \u0159\u00edk\u00e1 \u010cesk\u00e1 Miss Andrea Bezd\u011bkov\u00e1 | \u0160koda We Love Cycling - \u010cesk\u00e1 republika","isPartOf":{"@id":"https:\/\/www.welovecycling.com\/cs\/#website"},"primaryImageOfPage":{"@id":"https:\/\/www.welovecycling.com\/cs\/2020\/12\/16\/kolo-je-volnost-a-bezstarostnost-rika-ceska-miss-andrea-bezdekova\/#primaryimage"},"image":{"@id":"https:\/\/www.welovecycling.com\/cs\/2020\/12\/16\/kolo-je-volnost-a-bezstarostnost-rika-ceska-miss-andrea-bezdekova\/#primaryimage"},"thumbnailUrl":"https:\/\/d2p6e6u75xmxt8.cloudfront.net\/13\/2020\/12\/SKO033_2560x1440_header-clanek06_01hk.webp","datePublished":"2020-12-16T14:01:03+00:00","dateModified":"2020-12-20T22:00:18+00:00","author":{"@id":"https:\/\/www.welovecycling.com\/cs\/#\/schema\/person\/0397a732c1ffad42ec2543106d54b8c5"},"inLanguage":"cs","potentialAction":[{"@type":"ReadAction","target":["https:\/\/www.welovecycling.com\/cs\/2020\/12\/16\/kolo-je-volnost-a-bezstarostnost-rika-ceska-miss-andrea-bezdekova\/"]}]},{"@type":"ImageObject","inLanguage":"cs","@id":"https:\/\/www.welovecycling.com\/cs\/2020\/12\/16\/kolo-je-volnost-a-bezstarostnost-rika-ceska-miss-andrea-bezdekova\/#primaryimage","url":"https:\/\/d2p6e6u75xmxt8.cloudfront.net\/13\/2020\/12\/SKO033_2560x1440_header-clanek06_01hk.webp","contentUrl":"https:\/\/d2p6e6u75xmxt8.cloudfront.net\/13\/2020\/12\/SKO033_2560x1440_header-clanek06_01hk.webp","width":2560,"height":1440},{"@type":"WebSite","@id":"https:\/\/www.welovecycling.com\/cs\/#website","url":"https:\/\/www.welovecycling.com\/cs\/","name":"\u0160koda We Love Cycling - \u010cesk\u00e1 republika","description":"WeLoveCycling.cz je online magaz\u00edn, kter\u00fd v\u00e1m pravideln\u011b p\u0159in\u00e1\u0161\u00ed rady a tipy, zaj\u00edmav\u00e9 \u010dl\u00e1nky, videa a jedine\u010dn\u00e9 report\u00e1\u017ee ze sv\u011bta cyklistiky.","potentialAction":[{"@type":"SearchAction","target":{"@type":"EntryPoint","urlTemplate":"https:\/\/www.welovecycling.com\/cs\/?s={search_term_string}"},"query-input":{"@type":"PropertyValueSpecification","valueRequired":true,"valueName":"search_term_string"}}],"inLanguage":"cs"},{"@type":"Person","@id":"https:\/\/www.welovecycling.com\/cs\/#\/schema\/person\/0397a732c1ffad42ec2543106d54b8c5","name":"martin.formanek","image":{"@type":"ImageObject","inLanguage":"cs","@id":"https:\/\/www.welovecycling.com\/cs\/#\/schema\/person\/image\/","url":"https:\/\/secure.gravatar.com\/avatar\/61bc22c45d15772cb6124c9a0e82efc1ec860e973c3531f387d7563619c23e33?s=96&d=mm&r=g","contentUrl":"https:\/\/secure.gravatar.com\/avatar\/61bc22c45d15772cb6124c9a0e82efc1ec860e973c3531f387d7563619c23e33?s=96&d=mm&r=g","caption":"martin.formanek"},"url":"https:\/\/www.welovecycling.com\/cs\/author\/martin-formanek\/"}]}},"_links":{"self":[{"href":"https:\/\/www.welovecycling.com\/cs\/wp-json\/wp\/v2\/posts\/11097","targetHints":{"allow":["GET"]}}],"collection":[{"href":"https:\/\/www.welovecycling.com\/cs\/wp-json\/wp\/v2\/posts"}],"about":[{"href":"https:\/\/www.welovecycling.com\/cs\/wp-json\/wp\/v2\/types\/post"}],"author":[{"embeddable":true,"href":"https:\/\/www.welovecycling.com\/cs\/wp-json\/wp\/v2\/users\/129"}],"replies":[{"embeddable":true,"href":"https:\/\/www.welovecycling.com\/cs\/wp-json\/wp\/v2\/comments?post=11097"}],"version-history":[{"count":2,"href":"https:\/\/www.welovecycling.com\/cs\/wp-json\/wp\/v2\/posts\/11097\/revisions"}],"predecessor-version":[{"id":11164,"href":"https:\/\/www.welovecycling.com\/cs\/wp-json\/wp\/v2\/posts\/11097\/revisions\/11164"}],"wp:featuredmedia":[{"embeddable":true,"href":"https:\/\/www.welovecycling.com\/cs\/wp-json\/wp\/v2\/media\/11103"}],"wp:attachment":[{"href":"https:\/\/www.welovecycling.com\/cs\/wp-json\/wp\/v2\/media?parent=11097"}],"wp:term":[{"taxonomy":"category","embeddable":true,"href":"https:\/\/www.welovecycling.com\/cs\/wp-json\/wp\/v2\/categories?post=11097"},{"taxonomy":"post_tag","embeddable":true,"href":"https:\/\/www.welovecycling.com\/cs\/wp-json\/wp\/v2\/tags?post=11097"},{"taxonomy":"global-categories","embeddable":true,"href":"https:\/\/www.welovecycling.com\/cs\/wp-json\/wp\/v2\/global-categories?post=11097"}],"curies":[{"name":"wp","href":"https:\/\/api.w.org\/{rel}","templated":true}]}}