{"id":11030,"date":"2020-12-12T07:00:20","date_gmt":"2020-12-12T05:00:20","guid":{"rendered":"https:\/\/www.welovecycling.com\/cs\/?p=11030"},"modified":"2020-12-11T13:13:18","modified_gmt":"2020-12-11T11:13:18","slug":"petr-vakoc-mathieu-van-der-poel-je-zivel-bez-manyru-hvezdy","status":"publish","type":"post","link":"https:\/\/www.welovecycling.com\/cs\/2020\/12\/12\/petr-vakoc-mathieu-van-der-poel-je-zivel-bez-manyru-hvezdy\/","title":{"rendered":"Petr Vako\u010d: Sezonu jako leto\u0161n\u00ed u\u017e douf\u00e1m neza\u017eiju"},"content":{"rendered":"<p><strong>Petr Vako\u010d douf\u00e1, \u017ee sezona 2020 poznamenan\u00e1 pandemi\u00ed koronaviru, z\u016fstane do budoucna jen jak\u00fdmsi mementem a p\u0159\u00ed\u0161t\u00ed rok u\u017e se bude z\u00e1vodit norm\u00e1ln\u011b. \u201eJin\u00fd sc\u00e9n\u00e1\u0159 zat\u00edm v hlav\u011b nem\u00e1m, i kdy\u017e to m\u016f\u017ee b\u00fdt ze dne na den zase v\u0161echno jinak. J\u00e1 jsem typ cyklisty, kter\u00fd pot\u0159ebuje co nejv\u00edc z\u00e1vod\u016f. Kdy\u017e je program nacpan\u00fd do t\u0159\u00ed m\u011bs\u00edc\u016f, tak mi to moc nesed\u00ed,\u201c \u0159\u00edk\u00e1 28let\u00fd z\u00e1vodn\u00edk st\u00e1je Alpecin-Fenix v exkluzivn\u00edm rozhovoru pro We Love Cycling.<\/strong><\/p>\n<p>Pr\u00e1v\u011b je s t\u00fdmem na prvn\u00edm soust\u0159ed\u011bn\u00ed ve \u0161pan\u011blsk\u00e9m Benicassimu a za\u010d\u00edn\u00e1 \u0159e\u0161it novou sezonu, v n\u00ed\u017e jeho st\u00e1j bude automaticky dost\u00e1vat pozv\u00e1nky na v\u0161echny World Tour z\u00e1vody v\u010detn\u011b Grand Tour, proto\u017ee opanovala \u017eeb\u0159\u00ed\u010dek druhodivizn\u00edch celk\u016f. Tak\u017ee by Petra nem\u011bly minout kr\u00e1lovny klasik nebo t\u0159eba Tour de France po boku nejv\u011bt\u0161\u00ed hv\u011bzdy Mathieu van der Poela.<\/p>\n<h2><strong>Jak si prvn\u00ed soust\u0159ed\u011bn\u00ed u\u017e\u00edv\u00e1te?<\/strong><\/h2>\n<p>V\u0161echno je zat\u00edm super. Je tu p\u0159\u00edjemn\u00e9 po\u010das\u00ed, od Canynonu jsme dostali nov\u00e1 kola, kter\u00e1 jsou fakt par\u00e1dn\u00ed, a j\u00edzda na nich je \u00fa\u017easn\u00e1. M\u00e1lokdy se st\u00e1v\u00e1, \u017ee bych m\u011bl u\u017e po prvn\u00ed j\u00edzd\u011b na nov\u00e9m kole tak skv\u011bl\u00e9 pocity.<\/p>\n<h2><strong>T\u00fdm Alpecin-Fenix se pos\u00edlil, co \u0159\u00edk\u00e1te na nov\u00e9 akvizice?<\/strong><\/h2>\n<p>V\u011b\u0159\u00edm, \u017ee budeme siln\u011bj\u0161\u00ed. Letos jsme nastavili la\u0165ku hodn\u011b vysoko a s\u00a0nov\u00fdmi posilami bychom to m\u011bli je\u0161t\u011b vylep\u0161it, i kdy\u017e to nebude snadn\u00e9. P\u0159i\u0161el t\u0159eba Silvan Dillier, co\u017e je podobn\u00fd typ z\u00e1vodn\u00edka jako j\u00e1, v\u00fdborn\u00fd klasik\u00e1\u0159. Jasper Philipsen je mlad\u00fd Belgi\u010dan, kter\u00fd letos vyhr\u00e1l etapu na Vuelt\u011b, a je velk\u00fdm p\u0159\u00edslibem. Ale i dal\u0161\u00ed kluci, co p\u0159i\u0161li, by m\u011bli kvalitu je\u0161t\u011b zvednout. M\u00e1m z\u00a0toho opravdu super pocit.<\/p>\n<figure id=\"attachment_9206\" aria-describedby=\"caption-attachment-9206\" style=\"width: 1920px\" class=\"wp-caption alignnone\"><a href=\"https:\/\/d2p6e6u75xmxt8.cloudfront.net\/13\/2020\/08\/vako\u010d-krakono\u0161-2.jpg\"><img loading=\"lazy\" decoding=\"async\" class=\"size-extra-large wp-image-9206\" src=\"https:\/\/d2p6e6u75xmxt8.cloudfront.net\/13\/2020\/08\/vako\u010d-krakono\u0161-2-1920x1280.jpg\" alt=\"Petr Vako\u010d z t\u00fdmu Alpecin-Fenix douf\u00e1, \u017ee sezona 2021 prob\u011bhne v norm\u00e1ln\u00edm re\u017eimu. Foto: Michal \u010cerven\u00fd\" width=\"1920\" height=\"1280\" \/><\/a><figcaption id=\"caption-attachment-9206\" class=\"wp-caption-text\"><em>Petr Vako\u010d z t\u00fdmu Alpecin-Fenix douf\u00e1, \u017ee sezona 2021 prob\u011bhne v norm\u00e1ln\u00edm re\u017eimu. Foto: Michal \u010cerven\u00fd<\/em><\/figcaption><\/figure>\n<h2><strong>Pet\u0159e, jak\u00e9 to vlastn\u011b je, b\u00fdt v t\u00fdmu, kde se v podstat\u011b v\u0161e to\u010d\u00ed kolem van der Poela?<\/strong><\/h2>\n<p>Je to v\u00fdjime\u010dn\u00fd z\u00e1vodn\u00edk a \u0159\u00edk\u00e1m, \u017ee je daleko lep\u0161\u00ed m\u00edt ho v t\u00fdmu, ne\u017e z\u00e1vodit proti n\u011bmu.<\/p>\n<h2><strong>Ale borec jeho kalibru bude asi na klasiky poka\u017ed\u00e9 hlavn\u00edm l\u00eddrem. A vy na t\u011bchto z\u00e1vodech m\u00e1te tak\u00e9 nemal\u00e9 ambice.<\/strong><\/h2>\n<p>To je pravda, pl\u00e1n A bude v\u017edycky Mathieu. Ale j\u00e1 nem\u00e1m strach, \u017ee bych nedostal prostor. Kdy\u017e z\u00e1vod\u016f bude hodn\u011b, ur\u010dit\u011b budu m\u00edt n\u011bkdy volnou ruku. Klasiky jsou nevyzpytateln\u00e9. Mathieuho u\u017e si hl\u00eddaj\u00ed v\u0161ichni favorit\u00e9 v ka\u017ed\u00e9m z\u00e1vod\u011b a n\u011bkdo s n\u00edm mus\u00ed co nejd\u00e9le z\u016fstat. No, a kdy\u017e p\u0159ijde \u0161ance, tak se d\u00e1 za\u00fato\u010dit. Ur\u010dit\u011b to nen\u00ed tak, \u017ee bych se musel v ka\u017ed\u00e9m z\u00e1vod\u011b ob\u011btovat. Kdy\u017e jsem byl v Quick-Stepu, tak l\u00eddr\u016f na klasiky bylo je\u0161t\u011b v\u00edc.<\/p>\n<div class=\"shortcode-ys-post-pinup\"><article class=\"loop-simple post-10946 post type-post status-publish format-standard has-post-thumbnail hentry category-https-www-welovecycling-com-cs-category-zabava tag-ben-foster tag-cyklistika tag-silnicni-cyklistika tag-tao-geoghegan-hart tag-the-cycling-gk global-categories-cycling\" data-postid=\"10946\" role=\"article\" data-post-id=\"10946\" data-word-count=\"475\" data-headline-length=\"85\" data-category=\"Z\u00c1BAVA\" data-global-category=\"Cycling\" data-author=\"Jan Kr\u016fta\" data-published=\"2020-12-05T07:00:49+02:00\" data-published-day=\"Saturday\">\n    <div class=\"entry-thumbnail article-thumbnail\" content=\"https:\/\/d2p6e6u75xmxt8.cloudfront.net\/13\/2020\/12\/ben-foster-profil.PNG-150x150.webp\"><a href=\"https:\/\/www.welovecycling.com\/cs\/2020\/12\/05\/ben-foster-fotbalovy-brankar-a-cyklista-ktery-jezdi-na-svih-i-s-vitezem-gira\/\" class=\"image-holder\" target=\"_self\"><img decoding=\"async\" loading=\"lazy\" class=\"\" src=\"https:\/\/d2p6e6u75xmxt8.cloudfront.net\/13\/2020\/12\/ben-foster-profil.PNG.webp\" srcset=\"https:\/\/d2p6e6u75xmxt8.cloudfront.net\/13\/2020\/12\/ben-foster-profil.PNG.webp 632w, https:\/\/d2p6e6u75xmxt8.cloudfront.net\/13\/2020\/12\/ben-foster-profil.PNG-300x209.webp 300w\" width=\"632\" height=\"440\" sizes=\"auto, (min-width: 1200px) 300px, (min-width: 768px) 25vw, 100vw\" alt=\"ben-foster-fotbalovy-brankar-a-cyklista-ktery-jezdi-na-svih-i-s-vitezem-gira\"\/><\/a><\/div>    <div class=\"entry-meta\">\n        <a class=\"label label-secondary post-category\" href=\"https:\/\/www.welovecycling.com\/cs\/category\/https-www-welovecycling-com-cs-category-zabava\/\" title=\"Z\u00c1BAVA\">Z\u00c1BAVA<\/a>\n    <\/div>\n    <div class=\"entry-details\">\n        <a href=\"https:\/\/www.welovecycling.com\/cs\/2020\/12\/05\/ben-foster-fotbalovy-brankar-a-cyklista-ktery-jezdi-na-svih-i-s-vitezem-gira\/\" class='entry-title-wrapper'>\n            <h3 class=\"entry-title\"><span>Ben Foster: fotbalov\u00fd brank\u00e1\u0159 a cyklista, kter\u00fd jezd\u00ed na \u0161vih s\u00a0v\u00edt\u011bzem Gira<\/span><\/h3>\n        <\/a>\n    <\/div>\n    <\/article>\n<\/div>\n<h2><strong>Jak\u00fd je vlastn\u011b van der Poel? M\u011bn\u00ed se, kdy\u017e ka\u017ed\u00fdm rokem stoup\u00e1 jeho kredit?<\/strong><\/h2>\n<p>Lidi, co ho znaj\u00ed dlouho, \u0159\u00edkaj\u00ed, \u017ee je klidn\u011bj\u0161\u00ed. Za m\u011b je to po\u0159\u00e1d takov\u00fd ten spr\u00e1vn\u00fd \u017eivel, kter\u00fd je pln\u00fd energie a je s n\u00edm spousta legrace. A\u0165 u\u017e p\u0159i tr\u00e9ninku nebo t\u0159eba u stolu p\u0159i ve\u010de\u0159i. Nem\u00e1te pocit, \u017ee se bav\u00edte s \u010dlov\u011bkem, kter\u00fd vyhr\u00e1l des\u00edtky z\u00e1vod\u016f. Je to po\u0159\u00e1d kluk, kter\u00fd se bav\u00ed t\u00edm, co d\u011bl\u00e1 a sl\u00e1va se na n\u011bm nijak zvl\u00e1\u0161\u0165 nepodepisuje. Ne\u0159\u00edk\u00e1m, \u017ee je vylo\u017een\u011b skromn\u00fd, ale rozhodn\u011b nem\u00e1 man\u00fdry hv\u011bzdy.<\/p>\n<h2><strong>Pokud to sezona dovol\u00ed, v roce 2021 chce jet cyklokros, silnici a na horsk\u00e9m kole bojovat o zlato na OH. Je v jeho sil\u00e1ch v\u0161e zvl\u00e1dnout?<\/strong><\/h2>\n<p>Nem\u00e1m o n\u011bj strach. Letos m\u011bl tu sezonu odpo\u010dinkov\u011bj\u0161\u00ed, nejel \u017e\u00e1dn\u00e9 bikov\u00e9 z\u00e1vody. Mysl\u00edm, \u017ee mu to pom\u016f\u017ee. Ur\u010dit\u011b je v jeho sil\u00e1ch n\u00e1ro\u010dn\u00fd program zvl\u00e1dat. Ne\u0159\u00edk\u00e1m, \u017ee po\u0159\u00e1d. Jestli se na n\u011bm na\u0161lapan\u00fd kalend\u00e1\u0159 podep\u00ed\u0161e, tak mo\u017en\u00e1 za p\u011bt let, ale te\u010f to pro n\u011bj nebude probl\u00e9m.<\/p>\n<figure id=\"attachment_9207\" aria-describedby=\"caption-attachment-9207\" style=\"width: 1830px\" class=\"wp-caption alignnone\"><a href=\"https:\/\/d2p6e6u75xmxt8.cloudfront.net\/13\/2020\/08\/Vako\u010d-michal-\u010derven\u00fd-22.jpg\"><img loading=\"lazy\" decoding=\"async\" class=\"size-full wp-image-9207\" src=\"https:\/\/d2p6e6u75xmxt8.cloudfront.net\/13\/2020\/08\/Vako\u010d-michal-\u010derven\u00fd-22.jpg\" alt=\"Petr Vako\u010d p\u0159i Krakono\u0161ov\u011b maratonu, kter\u00fd p\u0159edstavoval zpest\u0159en\u00ed p\u0159eru\u0161en\u00e9 sezony. Foto: Michal \u010cerven\u00fd\" width=\"1830\" height=\"1220\" \/><\/a><figcaption id=\"caption-attachment-9207\" class=\"wp-caption-text\"><em>Petr Vako\u010d p\u0159i Krakono\u0161ov\u011b maratonu, kter\u00fd p\u0159edstavoval zpest\u0159en\u00ed p\u0159eru\u0161en\u00e9 sezony 2020. Foto: Michal \u010cerven\u00fd<\/em><\/figcaption><\/figure>\n<h2><strong>U\u017e v\u00edte, co bude prioritou sezony 2021 pro v\u00e1s?<\/strong><\/h2>\n<p>Detailn\u00ed program budeme \u0159e\u0161it b\u011bhem p\u00e1r dn\u00ed. P\u0159edpokl\u00e1d\u00e1m, \u017ee se mimo Evropu z\u00e1vodit neza\u010dne, tak bych r\u00e1d zah\u00e1jil sezonu v \u00fanoru na Etoile de Bess\u00e9ges ve Francii, pak bych r\u00e1d jel Andalusii a n\u00e1sledn\u011b klasiky, kter\u00e9 bychom m\u011bli absolvovat v\u0161echny. Po\u010d\u00edt\u00e1m s t\u00edm, \u017ee bych jel kostkov\u00e9 i ty ardensk\u00e9. Zvl\u00e1dnout se to ur\u010dit\u011b d\u00e1, kdy\u017e m\u00e1 \u010dlov\u011bk formu. Po\u010d\u00edt\u00e1m, \u017ee budu m\u00edt podobn\u00fd program jako Mathieu. D\u00e1l bude z\u00e1le\u017eet, jestli pojedeme Pa\u0159\u00ed\u017e-Nice nebo Tirreno. Jeden z t\u011bch z\u00e1vod\u016f bych taky r\u00e1d zkusil.<\/p>\n<h2><strong>A co Grand Tour? M\u011bli byste m\u00edt garantovanou \u00fa\u010dast na v\u0161ech&#8230;<\/strong><\/h2>\n<p>Je to tak, \u017ee si z\u00e1vody budeme vyb\u00edrat. Nen\u00ed mo\u017en\u00e9, abychom jeli \u00fapln\u011b v\u0161echny. Na to nem\u00e1me tolik z\u00e1vodn\u00edk\u016f a bylo by to na hran\u011b i po str\u00e1nce logistiky a vybaven\u00ed. Ur\u010dit\u011b bychom m\u011bli jet Tour de France, kde bych r\u00e1d startoval. A jestli k tomu p\u0159ibude t\u0159eba je\u0161t\u011b Giro, to se dozv\u00edme brzy. Samoz\u0159ejm\u011b bude z\u00e1le\u017eet, jak se sezona bude vyv\u00edjet a jestli nenastanou n\u011bjak\u00e1 dal\u0161\u00ed omezen\u00ed \u010di p\u0159ekl\u00e1d\u00e1n\u00ed z\u00e1vod\u016f jako letos.<\/p>\n<div class=\"shortcode-ys-post-pinup\"><article class=\"loop-simple post-10983 post type-post status-publish format-standard has-post-thumbnail hentry category-rady-tipy category-https-www-welovecycling-com-cs-category-zabava tag-cyklisticky-multiklic tag-pariz-roubaix tag-pariz-roubaix-challenge tag-primoz-roglic tag-zatezove-vysetreni tag-zeleny-dres-tour-de-france global-categories-cycling\" data-postid=\"10983\" role=\"article\" data-post-id=\"10983\" data-word-count=\"780\" data-headline-length=\"101\" data-category=\"Rady &amp; tipy\" data-global-category=\"Cycling\" data-author=\"We Love Cycling\" data-published=\"2020-12-09T07:00:38+02:00\" data-published-day=\"Wednesday\">\n    <div class=\"entry-thumbnail article-thumbnail\" content=\"https:\/\/d2p6e6u75xmxt8.cloudfront.net\/13\/2020\/12\/multiklic-150x150.webp\"><a href=\"https:\/\/www.welovecycling.com\/cs\/2020\/12\/09\/tipy-na-cyklisticke-vanocni-darky-pro-muze-tricko-od-roglice-vysetreni-srdce-ci-roubaix\/\" class=\"image-holder\" target=\"_self\"><img decoding=\"async\" loading=\"lazy\" class=\"\" src=\"https:\/\/d2p6e6u75xmxt8.cloudfront.net\/13\/2020\/12\/multiklic-1024x636.webp\" srcset=\"https:\/\/d2p6e6u75xmxt8.cloudfront.net\/13\/2020\/12\/multiklic.webp 1094w, https:\/\/d2p6e6u75xmxt8.cloudfront.net\/13\/2020\/12\/multiklic-300x186.webp 300w, https:\/\/d2p6e6u75xmxt8.cloudfront.net\/13\/2020\/12\/multiklic-1024x636.webp 1024w, https:\/\/d2p6e6u75xmxt8.cloudfront.net\/13\/2020\/12\/multiklic-768x477.webp 768w\" width=\"1024\" height=\"636\" sizes=\"auto, (min-width: 1200px) 322px, (min-width: 768px) 27vw, 100vw\" alt=\"tipy-na-cyklisticke-vanocni-darky-pro-muze-tricko-od-roglice-vysetreni-srdce-ci-roubaix\"\/><\/a><\/div>    <div class=\"entry-meta\">\n        <a class=\"label label-secondary post-category\" href=\"https:\/\/www.welovecycling.com\/cs\/category\/rady-tipy\/\" title=\"Rady &amp; tipy\">Rady &amp; tipy<\/a>\n    <\/div>\n    <div class=\"entry-details\">\n        <a href=\"https:\/\/www.welovecycling.com\/cs\/2020\/12\/09\/tipy-na-cyklisticke-vanocni-darky-pro-muze-tricko-od-roglice-vysetreni-srdce-ci-roubaix\/\" class='entry-title-wrapper'>\n            <h3 class=\"entry-title\"><span>Tipy na cyklistick\u00e9 v\u00e1no\u010dn\u00ed d\u00e1rky pro mu\u017ee: tri\u010dko od Rogli\u010de, vy\u0161et\u0159en\u00ed srdce \u010di Roubaix<\/span><\/h3>\n        <\/a>\n    <\/div>\n    <\/article>\n<\/div>\n<h2><strong>V\u011b\u0159\u00edte, \u017ee po leto\u0161n\u00edm programu na\u0161lapan\u00e9m kv\u016fli pandemii koronaviru do stovky dn\u016f bude sezona 2021 norm\u00e1ln\u00ed?<\/strong><\/h2>\n<p>Snad se to u\u017e vyblbnulo&#8230; Zat\u00edm si nic jin\u00e9ho nep\u0159ipou\u0161t\u00edm. Ale \u010dlov\u011bk nikdy nev\u00ed. Letos to fakt bylo na palici. Dote\u010f m\u00e1m asi p\u011btadvacet test\u016f na covid-19&#8230;<\/p>\n<h2><strong>Jsou z\u00e1vodn\u00edci, kte\u0159\u00ed se s\u00a0na\u0161lapan\u00fdm programem vypo\u0159\u00e1dali l\u00e9pe, jin\u00ed se sp\u00ed\u0161 tr\u00e1pili. Jak jste to m\u011bl vy?<\/strong><\/h2>\n<p>Rozhodn\u011b mi to \u00fapln\u011b nesedlo a nenaplnilo moje o\u010dek\u00e1v\u00e1n\u00ed. Hlavn\u011b v \u00favodu sezony. Bylo vid\u011bt, \u017ee postr\u00e1d\u00e1m z\u00e1vodn\u00ed kilometry, zlep\u0161oval jsem se pomalu. Prvn\u00ed m\u011bs\u00edc trvalo, ne\u017e jsem se do toho dostal, konec u\u017e byl dobr\u00fd. V\u00e1\u017e\u00edm si 6. m\u00edsta na Pa\u0159\u00ed\u017e-Tours, kde jsem do posledn\u00ed chv\u00edle byl ve h\u0159e o v\u00edt\u011bzstv\u00ed. A byl jsem spokojen i s etap\u00e1kem Kolem Lucemburska a Flandrami, kter\u00e9 Mathieu vyhr\u00e1l. Poprv\u00e9 jsem byl sou\u010d\u00e1st\u00ed v\u00edt\u011bzstv\u00ed na klasik\u00e1\u0159sk\u00e9m Monumentu. A moc jsem si to u\u017e\u00edval. Na Flandry jsem se t\u011b\u0161il od prvn\u00edho roku, co jsem p\u0159i\u0161el k prof\u00edk\u016fm. A te\u010f jsem je kone\u010dn\u011b jel.<\/p>\n<figure id=\"attachment_7913\" aria-describedby=\"caption-attachment-7913\" style=\"width: 1600px\" class=\"wp-caption alignnone\"><a href=\"https:\/\/d2p6e6u75xmxt8.cloudfront.net\/13\/2020\/06\/WLC-vako\u010d-bike-13-kopc\u016f-1.jpg\"><img loading=\"lazy\" decoding=\"async\" class=\"size-full wp-image-7913\" src=\"https:\/\/d2p6e6u75xmxt8.cloudfront.net\/13\/2020\/06\/WLC-vako\u010d-bike-13-kopc\u016f-1.jpg\" alt=\"Petr Vako\u010d z t\u00fdmu Alpecin-Fenix absolvoval prvn\u00ed tr\u00e9ninky po dovolen\u00e9 v sedle horsk\u00e9ho kola. oto: Michal \u010cerven\u00fd\" width=\"1600\" height=\"1067\" \/><\/a><figcaption id=\"caption-attachment-7913\" class=\"wp-caption-text\"><em>Petr Vako\u010d z t\u00fdmu Alpecin-Fenix absolvoval prvn\u00ed tr\u00e9ninky po dovolen\u00e9 v sedle horsk\u00e9ho kola. Foto: Michal \u010cerven\u00fd<\/em><\/figcaption><\/figure>\n<h2><strong>Stihl jste si po n\u00e1ro\u010dn\u00e9m programu odpo\u010dinout?<\/strong><\/h2>\n<p>M\u011bl jsem necel\u00fd m\u011bs\u00edc volno, z toho dva t\u00fddny \u00fapln\u011b bez kola. V\u0161echno sice zav\u0159eli, ale j\u00e1 na posledn\u00ed chv\u00edli stihl s kamar\u00e1dem odlet\u011bt na Kr\u00e9tu. U\u017eil jsem si tam dva t\u00fddny pohody. Nebylo to na celodenn\u00ed v\u00e1len\u00ed na pl\u00e1\u017ei, ale koupat se dalo. \u00a0Koupil jsem si dokonce neopren, abych ve vod\u011b vydr\u017eel d\u00e9le a mohl jsem i \u0161norchlovat a pot\u00e1p\u011bt se na n\u00e1dech. Krom\u011b toho se tam d\u00e1 kr\u00e1sn\u011b i chodit po hor\u00e1ch, tak\u017ee to byl takov\u00fd aktivn\u00ed odpo\u010dinek. Po n\u00e1vratu dom\u016f u\u017e jsem se za\u010dal vozit na horsk\u00e9m kole a p\u0159ed prvn\u00edm soust\u0159ed\u011bn\u00edm jsem se je\u0161t\u011b zastavil na p\u00e1r dn\u016f v Ando\u0159e a absolvoval tam n\u011bkolik tr\u00e9nink\u016f.<\/p>\n<div class=\"shortcode-ys-post-pinup\"><article class=\"loop-simple post-11008 post type-post status-publish format-standard has-post-thumbnail hentry category-fashion tag-bikefluencer tag-cyklistika tag-zeny global-categories-cycling\" data-postid=\"11008\" role=\"article\" data-post-id=\"11008\" data-word-count=\"624\" data-headline-length=\"83\" data-category=\"WE LOVE BIKE FASHION\" data-global-category=\"Cycling\" data-author=\"Lucie Janotov\u00e1\" data-published=\"2020-12-10T16:58:09+02:00\" data-published-day=\"Thursday\">\n    <div class=\"entry-thumbnail article-thumbnail\" content=\"https:\/\/d2p6e6u75xmxt8.cloudfront.net\/13\/2020\/12\/SKO033_2560x1440_header-clanek05_01hk-150x150.webp\"><a href=\"https:\/\/www.welovecycling.com\/cs\/2020\/12\/10\/bikujeme-stylove-a-bezpecne-s-aktivni-cyklistkou-a-modelkou-gretou-slezakovou\/\" class=\"image-holder\" target=\"_self\"><img decoding=\"async\" loading=\"lazy\" class=\"\" src=\"https:\/\/d2p6e6u75xmxt8.cloudfront.net\/13\/2020\/12\/SKO033_2560x1440_header-clanek05_01hk-1024x576.webp\" srcset=\"https:\/\/d2p6e6u75xmxt8.cloudfront.net\/13\/2020\/12\/SKO033_2560x1440_header-clanek05_01hk.webp 2560w, https:\/\/d2p6e6u75xmxt8.cloudfront.net\/13\/2020\/12\/SKO033_2560x1440_header-clanek05_01hk-300x169.webp 300w, https:\/\/d2p6e6u75xmxt8.cloudfront.net\/13\/2020\/12\/SKO033_2560x1440_header-clanek05_01hk-1024x576.webp 1024w, https:\/\/d2p6e6u75xmxt8.cloudfront.net\/13\/2020\/12\/SKO033_2560x1440_header-clanek05_01hk-768x432.webp 768w, https:\/\/d2p6e6u75xmxt8.cloudfront.net\/13\/2020\/12\/SKO033_2560x1440_header-clanek05_01hk-1536x864.webp 1536w, https:\/\/d2p6e6u75xmxt8.cloudfront.net\/13\/2020\/12\/SKO033_2560x1440_header-clanek05_01hk-2048x1152.webp 2048w, https:\/\/d2p6e6u75xmxt8.cloudfront.net\/13\/2020\/12\/SKO033_2560x1440_header-clanek05_01hk-1920x1080.webp 1920w, https:\/\/d2p6e6u75xmxt8.cloudfront.net\/13\/2020\/12\/SKO033_2560x1440_header-clanek05_01hk-1920x1080.webp 1920w\" width=\"1024\" height=\"576\" sizes=\"auto, (min-width: 1200px) 356px, (min-width: 768px) 30vw, 100vw\" alt=\"bikujeme-stylove-a-bezpecne-s-aktivni-cyklistkou-a-modelkou-gretou-slezakovou\"\/><\/a><\/div>    <div class=\"entry-meta\">\n        <a class=\"label label-secondary post-category\" href=\"https:\/\/www.welovecycling.com\/cs\/category\/fashion\/\" title=\"WE LOVE BIKE FASHION\">WE LOVE BIKE FASHION<\/a>\n    <\/div>\n    <div class=\"entry-details\">\n        <a href=\"https:\/\/www.welovecycling.com\/cs\/2020\/12\/10\/bikujeme-stylove-a-bezpecne-s-aktivni-cyklistkou-a-modelkou-gretou-slezakovou\/\" class='entry-title-wrapper'>\n            <h3 class=\"entry-title\"><span>Bikujeme stylov\u011b a bezpe\u010dn\u011b s aktivn\u00ed cyklistkou a modelkou Gr\u00e9tou Slez\u00e1kovou<\/span><\/h3>\n        <\/a>\n    <\/div>\n    <\/article>\n<\/div>\n<h2><strong>Pro\u010d pr\u00e1v\u011b Andorra? P\u0159ipravujete se tam hodn\u011b \u010dasto&#8230;<\/strong><\/h2>\n<p>P\u0159ijde mi jako ide\u00e1ln\u00ed m\u00edsto na tr\u00e9nink. M\u00e1m tam dlouhodob\u011b pronajat\u00fd apartm\u00e1n. Stejn\u011b jako spousta dal\u0161\u00edch cyklist\u016f. J\u00e1 jsem v La Massan\u011b. Skoro m\u00fdm sousedem je Dan Martin, kousek vedle bydl\u00ed Julian Alaphilippe, Carlos Verona, Rohan Dennis, Pavel Sivakov, Simon Clarke, Jack Haig&#8230; Plno lid\u00ed zase bydl\u00ed p\u0159es kopec ve vy\u0161\u0161\u00ed v\u00fd\u0161ce jako t\u0159eba Tao Geoghegan Hart, Robert Gesink nebo George Bennett.<\/p>\n<h2><strong>Kdy se do Andorry vr\u00e1t\u00edte?<\/strong><\/h2>\n<p>Cht\u011bl bych to ud\u011blat stejn\u011b jako v p\u0159edchoz\u00edch letech. Polet\u00edm ze soust\u0159ed\u011bn\u00ed ve \u0160pan\u011blsku dom\u016f, pak si d\u00e1me v Praze klasick\u00e9 \u010desk\u00e9 V\u00e1noce s rodinou a v\u0161\u00edm, co k tomu pat\u0159\u00ed. U\u017e jsem vy\u0159e\u0161il i d\u00e1rky, by\u0165 tedy na posledn\u00ed chv\u00edli&#8230; A do Andorry bych cht\u011bl odlet\u011bt po p\u00e1r dnech, p\u0159i\u010dem\u017e rodina by na konec roku p\u0159ijela za mnou.\u00a0\u00a0Ale bude z\u00e1le\u017eet na omezen\u00edch kv\u016fli pandemii.<\/p>\n","protected":false},"excerpt":{"rendered":"<p>Petr Vako\u010d douf\u00e1, \u017ee sezona 2020 poznamenan\u00e1 pandemi\u00ed koronaviru, z\u016fstane do budoucna jen jak\u00fdmsi mementem a p\u0159\u00ed\u0161t\u00ed rok u\u017e se [&hellip;]<\/p>\n","protected":false},"author":122,"featured_media":11032,"comment_status":"open","ping_status":"open","sticky":false,"template":"","format":"standard","meta":{"footnotes":""},"categories":[10],"tags":[1337,126,178,257,9],"global-categories":[411],"class_list":["post-11030","post","type-post","status-publish","format-standard","has-post-thumbnail","hentry","category-silnicni-cyklistika","tag-alpecin-fenix","tag-cyklistika","tag-mathieu-van-der-poel","tag-petr-vakoc","tag-silnicni-cyklistika","global-categories-cycling"],"yoast_head":"<!-- This site is optimized with the Yoast SEO Premium plugin v25.3 (Yoast SEO v25.9) - https:\/\/yoast.com\/wordpress\/plugins\/seo\/ -->\n<title>Petr Vako\u010d: Sezonu jako leto\u0161n\u00ed u\u017e douf\u00e1m neza\u017eiju | \u0160koda We Love Cycling - \u010cesk\u00e1 republika<\/title>\n<meta name=\"description\" content=\"Petr Vako\u010d, z\u00e1vodn\u00edk Alpecin-F\u00e9nix, o prvn\u00ed sezon\u011b po boku Mathieu van der Poela, sezon\u011b poznamenan\u00e9 koronavirem i pl\u00e1nech na rok 2021.\" \/>\n<meta name=\"robots\" content=\"index, follow, max-snippet:-1, max-image-preview:large, max-video-preview:-1\" \/>\n<link rel=\"canonical\" href=\"https:\/\/www.welovecycling.com\/cs\/2020\/12\/12\/petr-vakoc-mathieu-van-der-poel-je-zivel-bez-manyru-hvezdy\/\" \/>\n<meta property=\"og:locale\" content=\"cs_CZ\" \/>\n<meta property=\"og:type\" content=\"article\" \/>\n<meta property=\"og:title\" content=\"Petr Vako\u010d: Sezonu jako leto\u0161n\u00ed u\u017e douf\u00e1m neza\u017eiju\" \/>\n<meta property=\"og:description\" content=\"Petr Vako\u010d, z\u00e1vodn\u00edk Alpecin-F\u00e9nix, o prvn\u00ed sezon\u011b po boku Mathieu van der Poela, sezon\u011b poznamenan\u00e9 koronavirem i pl\u00e1nech na rok 2021.\" \/>\n<meta property=\"og:url\" content=\"https:\/\/www.welovecycling.com\/cs\/2020\/12\/12\/petr-vakoc-mathieu-van-der-poel-je-zivel-bez-manyru-hvezdy\/\" \/>\n<meta property=\"og:site_name\" content=\"\u0160koda We Love Cycling - \u010cesk\u00e1 republika\" \/>\n<meta property=\"article:published_time\" content=\"2020-12-12T05:00:20+00:00\" \/>\n<meta property=\"og:image\" content=\"https:\/\/d2p6e6u75xmxt8.cloudfront.net\/13\/2020\/12\/Vakoc-Petr-Alexandr-Satinsky-MAFRA-Profimedia.webp\" \/>\n\t<meta property=\"og:image:width\" content=\"1800\" \/>\n\t<meta property=\"og:image:height\" content=\"937\" \/>\n\t<meta property=\"og:image:type\" content=\"image\/webp\" \/>\n<meta name=\"twitter:card\" content=\"summary_large_image\" \/>\n<meta name=\"twitter:label1\" content=\"Written by\" \/>\n\t<meta name=\"twitter:data1\" content=\"Lucie Janotov\u00e1\" \/>\n\t<meta name=\"twitter:label2\" content=\"Est. reading time\" \/>\n\t<meta name=\"twitter:data2\" content=\"7\" \/>\n<script type=\"application\/ld+json\" class=\"yoast-schema-graph\">{\"@context\":\"https:\/\/schema.org\",\"@graph\":[{\"@type\":\"WebPage\",\"@id\":\"https:\/\/www.welovecycling.com\/cs\/2020\/12\/12\/petr-vakoc-mathieu-van-der-poel-je-zivel-bez-manyru-hvezdy\/\",\"url\":\"https:\/\/www.welovecycling.com\/cs\/2020\/12\/12\/petr-vakoc-mathieu-van-der-poel-je-zivel-bez-manyru-hvezdy\/\",\"name\":\"Petr Vako\u010d: Sezonu jako leto\u0161n\u00ed u\u017e douf\u00e1m neza\u017eiju | \u0160koda We Love Cycling - \u010cesk\u00e1 republika\",\"isPartOf\":{\"@id\":\"https:\/\/www.welovecycling.com\/cs\/#website\"},\"primaryImageOfPage\":{\"@id\":\"https:\/\/www.welovecycling.com\/cs\/2020\/12\/12\/petr-vakoc-mathieu-van-der-poel-je-zivel-bez-manyru-hvezdy\/#primaryimage\"},\"image\":{\"@id\":\"https:\/\/www.welovecycling.com\/cs\/2020\/12\/12\/petr-vakoc-mathieu-van-der-poel-je-zivel-bez-manyru-hvezdy\/#primaryimage\"},\"thumbnailUrl\":\"https:\/\/d2p6e6u75xmxt8.cloudfront.net\/13\/2020\/12\/Vakoc-Petr-Alexandr-Satinsky-MAFRA-Profimedia.webp\",\"datePublished\":\"2020-12-12T05:00:20+00:00\",\"author\":{\"@id\":\"\"},\"description\":\"Petr Vako\u010d, z\u00e1vodn\u00edk Alpecin-F\u00e9nix, o prvn\u00ed sezon\u011b po boku Mathieu van der Poela, sezon\u011b poznamenan\u00e9 koronavirem i pl\u00e1nech na rok 2021.\",\"inLanguage\":\"cs\",\"potentialAction\":[{\"@type\":\"ReadAction\",\"target\":[\"https:\/\/www.welovecycling.com\/cs\/2020\/12\/12\/petr-vakoc-mathieu-van-der-poel-je-zivel-bez-manyru-hvezdy\/\"]}]},{\"@type\":\"ImageObject\",\"inLanguage\":\"cs\",\"@id\":\"https:\/\/www.welovecycling.com\/cs\/2020\/12\/12\/petr-vakoc-mathieu-van-der-poel-je-zivel-bez-manyru-hvezdy\/#primaryimage\",\"url\":\"https:\/\/d2p6e6u75xmxt8.cloudfront.net\/13\/2020\/12\/Vakoc-Petr-Alexandr-Satinsky-MAFRA-Profimedia.webp\",\"contentUrl\":\"https:\/\/d2p6e6u75xmxt8.cloudfront.net\/13\/2020\/12\/Vakoc-Petr-Alexandr-Satinsky-MAFRA-Profimedia.webp\",\"width\":1800,\"height\":937},{\"@type\":\"WebSite\",\"@id\":\"https:\/\/www.welovecycling.com\/cs\/#website\",\"url\":\"https:\/\/www.welovecycling.com\/cs\/\",\"name\":\"\u0160koda We Love Cycling - \u010cesk\u00e1 republika\",\"description\":\"WeLoveCycling.cz je online magaz\u00edn, kter\u00fd v\u00e1m pravideln\u011b p\u0159in\u00e1\u0161\u00ed rady a tipy, zaj\u00edmav\u00e9 \u010dl\u00e1nky, videa a jedine\u010dn\u00e9 report\u00e1\u017ee ze sv\u011bta cyklistiky.\",\"potentialAction\":[{\"@type\":\"SearchAction\",\"target\":{\"@type\":\"EntryPoint\",\"urlTemplate\":\"https:\/\/www.welovecycling.com\/cs\/?s={search_term_string}\"},\"query-input\":{\"@type\":\"PropertyValueSpecification\",\"valueRequired\":true,\"valueName\":\"search_term_string\"}}],\"inLanguage\":\"cs\"},{\"@type\":\"Person\",\"@id\":\"\",\"url\":\"https:\/\/www.welovecycling.com\/cs\/author\/\"}]}<\/script>\n<!-- \/ Yoast SEO Premium plugin. -->","yoast_head_json":{"title":"Petr Vako\u010d: Sezonu jako leto\u0161n\u00ed u\u017e douf\u00e1m neza\u017eiju | \u0160koda We Love Cycling - \u010cesk\u00e1 republika","description":"Petr Vako\u010d, z\u00e1vodn\u00edk Alpecin-F\u00e9nix, o prvn\u00ed sezon\u011b po boku Mathieu van der Poela, sezon\u011b poznamenan\u00e9 koronavirem i pl\u00e1nech na rok 2021.","robots":{"index":"index","follow":"follow","max-snippet":"max-snippet:-1","max-image-preview":"max-image-preview:large","max-video-preview":"max-video-preview:-1"},"canonical":"https:\/\/www.welovecycling.com\/cs\/2020\/12\/12\/petr-vakoc-mathieu-van-der-poel-je-zivel-bez-manyru-hvezdy\/","og_locale":"cs_CZ","og_type":"article","og_title":"Petr Vako\u010d: Sezonu jako leto\u0161n\u00ed u\u017e douf\u00e1m neza\u017eiju","og_description":"Petr Vako\u010d, z\u00e1vodn\u00edk Alpecin-F\u00e9nix, o prvn\u00ed sezon\u011b po boku Mathieu van der Poela, sezon\u011b poznamenan\u00e9 koronavirem i pl\u00e1nech na rok 2021.","og_url":"https:\/\/www.welovecycling.com\/cs\/2020\/12\/12\/petr-vakoc-mathieu-van-der-poel-je-zivel-bez-manyru-hvezdy\/","og_site_name":"\u0160koda We Love Cycling - \u010cesk\u00e1 republika","article_published_time":"2020-12-12T05:00:20+00:00","og_image":[{"width":1800,"height":937,"url":"https:\/\/d2p6e6u75xmxt8.cloudfront.net\/13\/2020\/12\/Vakoc-Petr-Alexandr-Satinsky-MAFRA-Profimedia.webp","type":"image\/webp"}],"twitter_card":"summary_large_image","twitter_misc":{"Written by":"Lucie Janotov\u00e1","Est. reading time":"7"},"schema":{"@context":"https:\/\/schema.org","@graph":[{"@type":"WebPage","@id":"https:\/\/www.welovecycling.com\/cs\/2020\/12\/12\/petr-vakoc-mathieu-van-der-poel-je-zivel-bez-manyru-hvezdy\/","url":"https:\/\/www.welovecycling.com\/cs\/2020\/12\/12\/petr-vakoc-mathieu-van-der-poel-je-zivel-bez-manyru-hvezdy\/","name":"Petr Vako\u010d: Sezonu jako leto\u0161n\u00ed u\u017e douf\u00e1m neza\u017eiju | \u0160koda We Love Cycling - \u010cesk\u00e1 republika","isPartOf":{"@id":"https:\/\/www.welovecycling.com\/cs\/#website"},"primaryImageOfPage":{"@id":"https:\/\/www.welovecycling.com\/cs\/2020\/12\/12\/petr-vakoc-mathieu-van-der-poel-je-zivel-bez-manyru-hvezdy\/#primaryimage"},"image":{"@id":"https:\/\/www.welovecycling.com\/cs\/2020\/12\/12\/petr-vakoc-mathieu-van-der-poel-je-zivel-bez-manyru-hvezdy\/#primaryimage"},"thumbnailUrl":"https:\/\/d2p6e6u75xmxt8.cloudfront.net\/13\/2020\/12\/Vakoc-Petr-Alexandr-Satinsky-MAFRA-Profimedia.webp","datePublished":"2020-12-12T05:00:20+00:00","author":{"@id":""},"description":"Petr Vako\u010d, z\u00e1vodn\u00edk Alpecin-F\u00e9nix, o prvn\u00ed sezon\u011b po boku Mathieu van der Poela, sezon\u011b poznamenan\u00e9 koronavirem i pl\u00e1nech na rok 2021.","inLanguage":"cs","potentialAction":[{"@type":"ReadAction","target":["https:\/\/www.welovecycling.com\/cs\/2020\/12\/12\/petr-vakoc-mathieu-van-der-poel-je-zivel-bez-manyru-hvezdy\/"]}]},{"@type":"ImageObject","inLanguage":"cs","@id":"https:\/\/www.welovecycling.com\/cs\/2020\/12\/12\/petr-vakoc-mathieu-van-der-poel-je-zivel-bez-manyru-hvezdy\/#primaryimage","url":"https:\/\/d2p6e6u75xmxt8.cloudfront.net\/13\/2020\/12\/Vakoc-Petr-Alexandr-Satinsky-MAFRA-Profimedia.webp","contentUrl":"https:\/\/d2p6e6u75xmxt8.cloudfront.net\/13\/2020\/12\/Vakoc-Petr-Alexandr-Satinsky-MAFRA-Profimedia.webp","width":1800,"height":937},{"@type":"WebSite","@id":"https:\/\/www.welovecycling.com\/cs\/#website","url":"https:\/\/www.welovecycling.com\/cs\/","name":"\u0160koda We Love Cycling - \u010cesk\u00e1 republika","description":"WeLoveCycling.cz je online magaz\u00edn, kter\u00fd v\u00e1m pravideln\u011b p\u0159in\u00e1\u0161\u00ed rady a tipy, zaj\u00edmav\u00e9 \u010dl\u00e1nky, videa a jedine\u010dn\u00e9 report\u00e1\u017ee ze sv\u011bta cyklistiky.","potentialAction":[{"@type":"SearchAction","target":{"@type":"EntryPoint","urlTemplate":"https:\/\/www.welovecycling.com\/cs\/?s={search_term_string}"},"query-input":{"@type":"PropertyValueSpecification","valueRequired":true,"valueName":"search_term_string"}}],"inLanguage":"cs"},{"@type":"Person","@id":"","url":"https:\/\/www.welovecycling.com\/cs\/author\/"}]}},"_links":{"self":[{"href":"https:\/\/www.welovecycling.com\/cs\/wp-json\/wp\/v2\/posts\/11030","targetHints":{"allow":["GET"]}}],"collection":[{"href":"https:\/\/www.welovecycling.com\/cs\/wp-json\/wp\/v2\/posts"}],"about":[{"href":"https:\/\/www.welovecycling.com\/cs\/wp-json\/wp\/v2\/types\/post"}],"author":[{"embeddable":true,"href":"https:\/\/www.welovecycling.com\/cs\/wp-json\/wp\/v2\/users\/122"}],"replies":[{"embeddable":true,"href":"https:\/\/www.welovecycling.com\/cs\/wp-json\/wp\/v2\/comments?post=11030"}],"version-history":[{"count":2,"href":"https:\/\/www.welovecycling.com\/cs\/wp-json\/wp\/v2\/posts\/11030\/revisions"}],"predecessor-version":[{"id":11043,"href":"https:\/\/www.welovecycling.com\/cs\/wp-json\/wp\/v2\/posts\/11030\/revisions\/11043"}],"wp:featuredmedia":[{"embeddable":true,"href":"https:\/\/www.welovecycling.com\/cs\/wp-json\/wp\/v2\/media\/11032"}],"wp:attachment":[{"href":"https:\/\/www.welovecycling.com\/cs\/wp-json\/wp\/v2\/media?parent=11030"}],"wp:term":[{"taxonomy":"category","embeddable":true,"href":"https:\/\/www.welovecycling.com\/cs\/wp-json\/wp\/v2\/categories?post=11030"},{"taxonomy":"post_tag","embeddable":true,"href":"https:\/\/www.welovecycling.com\/cs\/wp-json\/wp\/v2\/tags?post=11030"},{"taxonomy":"global-categories","embeddable":true,"href":"https:\/\/www.welovecycling.com\/cs\/wp-json\/wp\/v2\/global-categories?post=11030"}],"curies":[{"name":"wp","href":"https:\/\/api.w.org\/{rel}","templated":true}]}}