{"id":10848,"date":"2020-11-25T17:30:23","date_gmt":"2020-11-25T15:30:23","guid":{"rendered":"https:\/\/www.welovecycling.com\/cs\/?p=10848"},"modified":"2020-11-25T17:06:18","modified_gmt":"2020-11-25T15:06:18","slug":"nejista-sezona-jak-covid-zmrzacil-cyklokros-v-tabore","status":"publish","type":"post","link":"https:\/\/www.welovecycling.com\/cs\/2020\/11\/25\/nejista-sezona-jak-covid-zmrzacil-cyklokros-v-tabore\/","title":{"rendered":"Nejist\u00e1 sezona. Jak covid zmrza\u010dil cyklokros v T\u00e1bo\u0159e"},"content":{"rendered":"<p><strong>M\u011blo jich b\u00fdt \u010dtrn\u00e1ct, ale z\u016fstala jen p\u011btice. Prvn\u00ed ze z\u00e1vod\u016f se m\u011bl jet za\u010d\u00e1tkem \u0159\u00edjna za oce\u00e1nem v americk\u00e9m Waterloo, ale nakonec zmrza\u010den\u00fd Sv\u011btov\u00fd poh\u00e1r cyklokrosa\u0159\u016f odstartuje a\u017e posledn\u00ed listopadov\u00fd v\u00edkend v T\u00e1bo\u0159e. A jestli\u017ee se nad Lu\u017enic\u00ed m\u011bly konat velkolep\u00e9 oslavy 600 let od zalo\u017een\u00ed husitsk\u00e9ho m\u011bsta, tak jedin\u011b bez div\u00e1k\u016f, proto\u017ee ti maj\u00ed z\u00e1kaz se by\u0165 i jen p\u0159ibl\u00ed\u017eit z\u00e1vodn\u00edm trat\u00edm.<\/strong><\/p>\n<p>Nen\u00ed snad dom\u00e9na, kterou by rok 2020 a jeho nejv\u011bt\u0161\u00ed hybatel skryt\u00fd za rou\u0161kami n\u011bjak\u00fdm zp\u016fsobem neovlivnil. A p\u0159esto\u017ee t\u00e1bor\u0161t\u00ed po\u0159adatel\u00e9 na ja\u0159e v dob\u011b prvn\u00ed vlny koronaviru sebejist\u011b prohla\u0161ovali, \u017ee jejich Sv\u011btov\u00fd poh\u00e1r za ka\u017edou cenu bude, m\u011bli i oni do posledn\u00ed mo\u017en\u00e9 chv\u00edle nahn\u00e1no.<\/p>\n<div class=\"shortcode-ys-post-pinup\"><article class=\"loop-simple post-10784 post type-post status-publish format-standard has-post-thumbnail hentry category-rady-tipy tag-cyklistika tag-cyklokros tag-gravel-bike tag-horska-cyklistika tag-horske-kolo tag-jak-na-nakup-jizdniho-kola tag-silnicni-cyklistika tag-silnicni-kolo tag-trail-bike tag-trenink global-categories-cycling\" data-postid=\"10784\" role=\"article\" data-post-id=\"10784\" data-word-count=\"730\" data-headline-length=\"70\" data-category=\"Rady &amp; tipy\" data-global-category=\"Cycling\" data-author=\"Kry\u0161tof Kopic\" data-published=\"2020-11-23T07:00:58+02:00\" data-published-day=\"Monday\">\n    <div class=\"entry-thumbnail article-thumbnail\" content=\"https:\/\/d2p6e6u75xmxt8.cloudfront.net\/13\/2020\/10\/koda-silni\u010dn\u00ed-ROAD-ELITE_sas_9515-final-scaled-150x150.webp\"><a href=\"https:\/\/www.welovecycling.com\/cs\/2020\/11\/23\/pruvodce-nakupem-jizdniho-kola-pribylo-skatulek-podstata-zustava\/\" class=\"image-holder\" target=\"_self\"><img decoding=\"async\" loading=\"lazy\" class=\"\" src=\"https:\/\/d2p6e6u75xmxt8.cloudfront.net\/13\/2020\/10\/koda-silni\u010dn\u00ed-ROAD-ELITE_sas_9515-final-scaled-1024x683.webp\" srcset=\"https:\/\/d2p6e6u75xmxt8.cloudfront.net\/13\/2020\/10\/koda-silni\u010dn\u00ed-ROAD-ELITE_sas_9515-final-scaled.webp 2560w, https:\/\/d2p6e6u75xmxt8.cloudfront.net\/13\/2020\/10\/koda-silni\u010dn\u00ed-ROAD-ELITE_sas_9515-final-scaled-300x200.webp 300w, https:\/\/d2p6e6u75xmxt8.cloudfront.net\/13\/2020\/10\/koda-silni\u010dn\u00ed-ROAD-ELITE_sas_9515-final-scaled-1024x683.webp 1024w, https:\/\/d2p6e6u75xmxt8.cloudfront.net\/13\/2020\/10\/koda-silni\u010dn\u00ed-ROAD-ELITE_sas_9515-final-scaled-768x512.webp 768w, https:\/\/d2p6e6u75xmxt8.cloudfront.net\/13\/2020\/10\/koda-silni\u010dn\u00ed-ROAD-ELITE_sas_9515-final-scaled-1536x1024.webp 1536w, https:\/\/d2p6e6u75xmxt8.cloudfront.net\/13\/2020\/10\/koda-silni\u010dn\u00ed-ROAD-ELITE_sas_9515-final-scaled-2048x1366.webp 2048w, https:\/\/d2p6e6u75xmxt8.cloudfront.net\/13\/2020\/10\/koda-silni\u010dn\u00ed-ROAD-ELITE_sas_9515-final-scaled-1920x1280.webp 1920w, https:\/\/d2p6e6u75xmxt8.cloudfront.net\/13\/2020\/10\/koda-silni\u010dn\u00ed-ROAD-ELITE_sas_9515-final-scaled-272x182.webp 272w, https:\/\/d2p6e6u75xmxt8.cloudfront.net\/13\/2020\/10\/koda-silni\u010dn\u00ed-ROAD-ELITE_sas_9515-final-scaled-1920x1280.webp 1920w\" width=\"1024\" height=\"683\" sizes=\"auto, (min-width: 1200px) 300px, (min-width: 768px) 25vw, 100vw\" alt=\"pruvodce-nakupem-jizdniho-kola-pribylo-skatulek-podstata-zustava\"\/><\/a><\/div>    <div class=\"entry-meta\">\n        <a class=\"label label-secondary post-category\" href=\"https:\/\/www.welovecycling.com\/cs\/category\/rady-tipy\/\" title=\"Rady &amp; tipy\">Rady &amp; tipy<\/a>\n    <\/div>\n    <div class=\"entry-details\">\n        <a href=\"https:\/\/www.welovecycling.com\/cs\/2020\/11\/23\/pruvodce-nakupem-jizdniho-kola-pribylo-skatulek-podstata-zustava\/\" class='entry-title-wrapper'>\n            <h3 class=\"entry-title\"><span>Jak na n\u00e1kup j\u00edzdn\u00edho kola: p\u0159ibylo \u0161katulek, podstata z\u016fst\u00e1v\u00e1<\/span><\/h3>\n        <\/a>\n    <\/div>\n    <\/article>\n<\/div>\n<p>\u201eM\u016f\u017eu \u0159\u00edct, \u017ee to bylo nejhor\u0161\u00ed rozhodov\u00e1n\u00ed v historii po\u0159\u00e1d\u00e1n\u00ed cyklokrosov\u00fdch z\u00e1vod\u016f v T\u00e1bo\u0159e,\u201c \u0159\u00edkal sklesl\u00fdm hlasem \u0159editel z\u00e1vodu Petr Balogh. Pr\u00e1v\u011b on byl t\u00edm, kdo je\u0161t\u011b na ja\u0159e sr\u0161el optimismem. \u201eKdybych nec\u00edtil podporu m\u011bsta, kraje i na\u0161ich partner\u016f a kdybychom tu nem\u011bli m\u00edt mistrovstv\u00ed sv\u011bta v roce 2024, tak \u00fapln\u011b nev\u00edm, jestli bych to nevzdal. Rozhodlo jedn\u00e1n\u00ed s b\u00fdvalou pan\u00ed hejtmankou. P\u0159esv\u011bd\u010dovala n\u00e1s, \u017ee cyklokros d\u011bl\u00e1 ji\u017en\u00edm \u010cech\u00e1m a m\u011bstu T\u00e1bor velkou reklamu, a pomohla n\u00e1m. Definitivn\u011b se rozhodlo a\u017e v z\u00e1\u0159\u00ed.\u201c<\/p>\n<h2><strong>Bez div\u00e1k\u016f? Milionov\u00fd z\u00e1sek<\/strong><\/h2>\n<p>Ale i kdyby do \u017eivota nejen cyklokrosa\u0159\u016f nezas\u00e1hl v\u0161emocn\u00fd bacil, m\u011bl Balogh rok od roku v\u011bt\u0161\u00ed tr\u00e1pen\u00ed s t\u00edm, aby dal dohromady z\u00e1vod podle \u010d\u00edm d\u00e1l t\u00ed\u017eiv\u011bj\u0161\u00edch not cyklistick\u00e9 federace UCI. Unie chce konstantn\u011b navy\u0161ovat pr\u00e9mie pro v\u00edt\u011bze a pokud mo\u017eno vyrovnat prize money pro mu\u017ee a \u017eeny, mezi nimi\u017e st\u00e1le panuje zna\u010dn\u00fd genderov\u00fd rozd\u00edl.<\/p>\n<figure id=\"attachment_10850\" aria-describedby=\"caption-attachment-10850\" style=\"width: 1800px\" class=\"wp-caption alignnone\"><a href=\"https:\/\/d2p6e6u75xmxt8.cloudfront.net\/13\/2020\/11\/cyklokros-profimedia-0483662140.jpg\"><img loading=\"lazy\" decoding=\"async\" class=\"size-full wp-image-10850\" src=\"https:\/\/d2p6e6u75xmxt8.cloudfront.net\/13\/2020\/11\/cyklokros-profimedia-0483662140.jpg\" alt=\"Josef Jel\u00ednek na trati SP v T\u00e1bo\u0159e 2019. oto: Michal Sv\u00e1\u010dek\/MAFRA\/Profimedia\" width=\"1800\" height=\"1200\" \/><\/a><figcaption id=\"caption-attachment-10850\" class=\"wp-caption-text\"><em>Josef Jel\u00ednek na trati Sv\u011btov\u00e9ho poh\u00e1ru v T\u00e1bo\u0159e 2019. Foto: Michal Sv\u00e1\u010dek\/Mafra\/Profimedia<\/em><\/figcaption><\/figure>\n<p>\u201eA to m\u00e1te 20 tis\u00edc eur tady, 20 tis\u00edc tamhle&#8230; A najednou je z toho dal\u0161\u00ed milion,\u201c spo\u010d\u00edt\u00e1 \u0159editel cyklokrosu v T\u00e1bo\u0159e a hned se vrac\u00ed k leto\u0161n\u00edmu roku: \u201eA to, \u017ee tady nebudou div\u00e1ci, je pro n\u00e1s z\u00e1sek pr\u00e1v\u011b ten milion. V\u011b\u0159te, \u017ee to je ob\u0159\u00ed d\u00edra do rozpo\u010dtu, proto\u017ee tolik pen\u011bz v\u00e1m nikdo jen tak ned\u00e1. Nikdy jsem si nemyslel, \u017ee budu vyh\u00e1n\u011bt lidi, aby nechodili na cyklokros.\u201c<\/p>\n<h2><strong>Vydr\u017e\u00ed minim\u00e1ln\u011b do MS 2024<\/strong><\/h2>\n<p>Navrch nen\u00ed tajemstv\u00edm, \u017ee \u010cech\u016fm se po zlat\u00fdch letech \u0160tybar\u016f \u010di \u0160im\u016fnk\u016f v cyklokrosu \u00fapln\u011b neda\u0159\u00ed. Tak\u017ee pen\u00edze se sh\u00e1n\u011bj\u00ed je\u0161t\u011b o to h\u016f\u0159. \u201eT\u00e1bor ale je cyklokrosov\u00e9 m\u011bsto a chceme d\u011blat z\u00e1vody. Minim\u00e1ln\u011b do mistrovstv\u00ed sv\u011bta je tady chci udr\u017eet, ale pak&#8230; \u00dapln\u011b nev\u00edm, jestli budu m\u00edt je\u0161t\u011b energii,\u201c strachuje se Balogh.<\/p>\n<p>Leto\u0161n\u00ed rok a snaha o z\u00e1chranu aspo\u0148 trosek Sv\u011btov\u00e9ho poh\u00e1ru toti\u017e p\u0159inesly t\u00e1borsk\u00e9mu \u0161\u00e9fovi nejednu \u0161edinu. Vedle zabezpe\u010dov\u00e1n\u00ed rozpo\u010dtu toti\u017e hlavn\u011b administrativa spolkla spoustu \u010dasu i jeho odhodl\u00e1n\u00ed.<\/p>\n<div class=\"shortcode-ys-post-pinup\"><article class=\"loop-simple post-9380 post type-post status-publish format-standard has-post-thumbnail hentry category-silnicni-cyklistika tag-adam-toupalik tag-cyklistika tag-jarmila-machacova tag-josef-cerny tag-mcr-skoda-auto-2020 tag-mcr-v-silnicni-cyklistice-2020 tag-nikola-noskova tag-zdenek-stybar global-categories-cycling\" data-postid=\"9380\" role=\"article\" data-post-id=\"9380\" data-word-count=\"577\" data-headline-length=\"47\" data-category=\"Silni\u010dn\u00ed cyklistika\" data-global-category=\"Cycling\" data-author=\"Radek Malina\" data-published=\"2020-08-23T18:30:02+02:00\" data-published-day=\"Sunday\">\n    <div class=\"entry-thumbnail article-thumbnail\" content=\"https:\/\/d2p6e6u75xmxt8.cloudfront.net\/13\/2020\/08\/WLC-\u0164oupal\u00edk-M\u010cR-brychta-150x150.webp\"><a href=\"https:\/\/www.welovecycling.com\/cs\/2020\/08\/23\/vlady-se-ujal-byvaly-cyklokrosar-toupalik\/\" class=\"image-holder\" target=\"_self\"><img decoding=\"async\" loading=\"lazy\" class=\"\" src=\"https:\/\/d2p6e6u75xmxt8.cloudfront.net\/13\/2020\/08\/WLC-\u0164oupal\u00edk-M\u010cR-brychta-1024x680.webp\" srcset=\"https:\/\/d2p6e6u75xmxt8.cloudfront.net\/13\/2020\/08\/WLC-\u0164oupal\u00edk-M\u010cR-brychta.webp 1600w, https:\/\/d2p6e6u75xmxt8.cloudfront.net\/13\/2020\/08\/WLC-\u0164oupal\u00edk-M\u010cR-brychta-300x199.webp 300w, https:\/\/d2p6e6u75xmxt8.cloudfront.net\/13\/2020\/08\/WLC-\u0164oupal\u00edk-M\u010cR-brychta-1024x680.webp 1024w, https:\/\/d2p6e6u75xmxt8.cloudfront.net\/13\/2020\/08\/WLC-\u0164oupal\u00edk-M\u010cR-brychta-768x510.webp 768w, https:\/\/d2p6e6u75xmxt8.cloudfront.net\/13\/2020\/08\/WLC-\u0164oupal\u00edk-M\u010cR-brychta-1536x1020.webp 1536w, https:\/\/d2p6e6u75xmxt8.cloudfront.net\/13\/2020\/08\/WLC-\u0164oupal\u00edk-M\u010cR-brychta-272x182.webp 272w\" width=\"1024\" height=\"680\" sizes=\"auto, (min-width: 1200px) 302px, (min-width: 768px) 25vw, 100vw\" alt=\"vlady-se-ujal-byvaly-cyklokrosar-toupalik\"\/><\/a><\/div>    <div class=\"entry-meta\">\n        <a class=\"label label-secondary post-category\" href=\"https:\/\/www.welovecycling.com\/cs\/category\/silnicni-cyklistika\/\" title=\"Silni\u010dn\u00ed cyklistika\">Silni\u010dn\u00ed cyklistika<\/a>\n    <\/div>\n    <div class=\"entry-details\">\n        <a href=\"https:\/\/www.welovecycling.com\/cs\/2020\/08\/23\/vlady-se-ujal-byvaly-cyklokrosar-toupalik\/\" class='entry-title-wrapper'>\n            <h3 class=\"entry-title\"><span>Vl\u00e1dy se ujal b\u00fdval\u00fd cyklokrosa\u0159 \u0164oupal\u00edk<\/span><\/h3>\n        <\/a>\n    <\/div>\n    <\/article>\n<\/div>\n<p>Tak t\u0159eba mimoevropsk\u00fdm z\u00e1vodn\u00edk\u016f (jedn\u00e1 se o asi des\u00edtku borc\u016f z Ameriky) putovala z T\u00e1bora ofici\u00e1ln\u00ed pozv\u00e1nka. Jinak by do \u010cech nesm\u011bli p\u0159ijet. V\u0161ichni, kdo doraz\u00ed, musej\u00ed m\u00edt samoz\u0159ejm\u011b negativn\u00ed test. A \u00fapln\u011b na za\u010d\u00e1tku musela hlavn\u00ed hygieni\u010dka Jarmila R\u00e1\u017eov\u00e1 ud\u011blit zelenou pro takov\u00e9 srocen\u00ed lid\u00ed na jednom m\u00edst\u011b.<\/p>\n<p>A kdy\u017e pak Balogh pronese v\u011btu \u201enebylo to jednoduch\u00e9\u201c, c\u00edt\u00edte z t\u011bch slov siln\u00fd eufemizmus. \u201eAle nakonec jsem r\u00e1d, \u017ee se n\u00e1m poda\u0159ilo zvr\u00e1tit nep\u0159\u00edjemn\u00fd stav, kdy se tady m\u011bs\u00edc a p\u016fl \u017e\u00e1dn\u00e9 z\u00e1vody nejezdily,\u201c hled\u00e1 to pozitivn\u00ed. \u201eVr\u00e1tili jsme se do aspo\u0148 n\u011bjak\u00e9ho funk\u010dn\u00edho m\u00f3du.\u201c<\/p>\n<h2><strong>Doraz\u00ed i hv\u011bzdn\u00fd Wout van Aert<\/strong><\/h2>\n<p>Malou n\u00e1plast\u00ed na trable kolem t\u00e1borsk\u00e9 organizace bude start jedn\u00e9 ze dvou nejv\u011bt\u0161\u00edch hv\u011bzd cyklokrosov\u00fdch ter\u00e9n\u016f. Po fam\u00f3zn\u00edm vystoupen\u00ed na Tour de France, kde vyhr\u00e1l dv\u011b etapy a je\u0161t\u011b byl oddan\u00fdm pomocn\u00edkem sv\u00e9ho l\u00eddra Rogli\u010de, se na start dostav\u00ed belgick\u00e1 superstar Wout van Aert, trojn\u00e1sobn\u00fd mistr sv\u011bta. By\u0165 dnes u\u017e jsou jeho prioritou hlavn\u011b silni\u010dn\u00ed etalony.<\/p>\n<figure id=\"attachment_10852\" aria-describedby=\"caption-attachment-10852\" style=\"width: 1800px\" class=\"wp-caption alignnone\"><a href=\"https:\/\/d2p6e6u75xmxt8.cloudfront.net\/13\/2020\/11\/wout-van-aert-profimedia-0216950112.jpg\"><img loading=\"lazy\" decoding=\"async\" class=\"size-full wp-image-10852\" src=\"https:\/\/d2p6e6u75xmxt8.cloudfront.net\/13\/2020\/11\/wout-van-aert-profimedia-0216950112.jpg\" alt=\"Mladi\u010dk\u00fd Wout van Aert na trati mistrovstv\u00ed sv\u011bta 2015 v T\u00e1bo\u0159e. Foto: Michal Sv\u00e1\u010dek\/Mafra\/Profimedia\" width=\"1800\" height=\"1200\" \/><\/a><figcaption id=\"caption-attachment-10852\" class=\"wp-caption-text\"><em>Mladi\u010dk\u00fd Wout van Aert na trati mistrovstv\u00ed sv\u011bta 2015 v T\u00e1bo\u0159e. Foto: Michal Sv\u00e1\u010dek\/Mafra\/Profimedia<\/em><\/figcaption><\/figure>\n<p>V ned\u011bli nejprve na zrevidovanou tra\u0165, je\u017e u\u017e odpov\u00edd\u00e1 d\u00e9lkou i podobou t\u00e9 mistrovsk\u00e9 pro rok 2024, vystartuj\u00ed \u017eeny (12:45) a dv\u011b hodiny nato mu\u017ei. A\u017e budou v\u0161ichni \u201eeli\u0165\u00e1ci\u201c po 60 minut\u00e1ch a jednom kole zase v c\u00edli, pak se i Baloghovi ulev\u00ed. A bude moct vyhl\u00ed\u017eet lep\u0161\u00ed roky bez n\u00e1kazy a probl\u00e9m\u016f. \u201eC\u00edt\u00edm odpov\u011bdnost v\u016f\u010di T\u00e1boru, tak\u017ee jsem necht\u011bl zbab\u011ble ut\u00e9ct,\u201c burcuje. Ale vz\u00e1p\u011bt\u00ed zase propadne skepsi. \u201eNen\u00ed to jednoduch\u00e9, ale mus\u00edme zkusit z\u016fstat pozitivn\u00ed.\u201c<\/p>\n","protected":false},"excerpt":{"rendered":"<p>M\u011blo jich b\u00fdt \u010dtrn\u00e1ct, ale z\u016fstala jen p\u011btice. Prvn\u00ed ze z\u00e1vod\u016f se m\u011bl jet za\u010d\u00e1tkem \u0159\u00edjna za oce\u00e1nem v americk\u00e9m [&hellip;]<\/p>\n","protected":false},"author":122,"featured_media":10851,"comment_status":"open","ping_status":"open","sticky":false,"template":"","format":"standard","meta":{"footnotes":""},"categories":[1303],"tags":[723,1302,1301,1300,1073],"global-categories":[411],"class_list":["post-10848","post","type-post","status-publish","format-standard","has-post-thumbnail","hentry","category-cyklokros","tag-cyklokros","tag-petr-balogh","tag-sp-cyklokros-tabor","tag-svetovy-pohar-v-cyklokrosu","tag-wout-van-aert","global-categories-cycling"],"yoast_head":"<!-- This site is optimized with the Yoast SEO Premium plugin v25.3 (Yoast SEO v25.9) - https:\/\/yoast.com\/wordpress\/plugins\/seo\/ -->\n<title>Nejist\u00e1 sezona. Jak covid zmrza\u010dil cyklokros v T\u00e1bo\u0159e | \u0160koda We Love Cycling - \u010cesk\u00e1 republika<\/title>\n<meta name=\"description\" content=\"Sv\u011btov\u00fd poh\u00e1r cyklokrosa\u0159\u016f odstartuje posledn\u00ed listopadov\u00fd v\u00edkend v T\u00e1bo\u0159e. Na startu bude i trojn\u00e1sobn\u00fd mistr sv\u011bta Wout van Aert.\" \/>\n<meta name=\"robots\" content=\"index, follow, max-snippet:-1, max-image-preview:large, max-video-preview:-1\" \/>\n<link rel=\"canonical\" href=\"https:\/\/www.welovecycling.com\/cs\/2020\/11\/25\/nejista-sezona-jak-covid-zmrzacil-cyklokros-v-tabore\/\" \/>\n<meta property=\"og:locale\" content=\"cs_CZ\" \/>\n<meta property=\"og:type\" content=\"article\" \/>\n<meta property=\"og:title\" content=\"Nejist\u00e1 sezona. Jak covid zmrza\u010dil cyklokros v T\u00e1bo\u0159e\" \/>\n<meta property=\"og:description\" content=\"Sv\u011btov\u00fd poh\u00e1r cyklokrosa\u0159\u016f odstartuje posledn\u00ed listopadov\u00fd v\u00edkend v T\u00e1bo\u0159e. Na startu bude i trojn\u00e1sobn\u00fd mistr sv\u011bta Wout van Aert.\" \/>\n<meta property=\"og:url\" content=\"https:\/\/www.welovecycling.com\/cs\/2020\/11\/25\/nejista-sezona-jak-covid-zmrzacil-cyklokros-v-tabore\/\" \/>\n<meta property=\"og:site_name\" content=\"\u0160koda We Love Cycling - \u010cesk\u00e1 republika\" \/>\n<meta property=\"article:published_time\" content=\"2020-11-25T15:30:23+00:00\" \/>\n<meta property=\"og:image\" content=\"https:\/\/d2p6e6u75xmxt8.cloudfront.net\/13\/2020\/11\/cyklokros-profimedia-0483662165.webp\" \/>\n\t<meta property=\"og:image:width\" content=\"1800\" \/>\n\t<meta property=\"og:image:height\" content=\"1199\" \/>\n\t<meta property=\"og:image:type\" content=\"image\/webp\" \/>\n<meta name=\"twitter:card\" content=\"summary_large_image\" \/>\n<meta name=\"twitter:label1\" content=\"Written by\" \/>\n\t<meta name=\"twitter:data1\" content=\"Radek Malina\" \/>\n\t<meta name=\"twitter:label2\" content=\"Est. reading time\" \/>\n\t<meta name=\"twitter:data2\" content=\"5\" \/>\n<script type=\"application\/ld+json\" class=\"yoast-schema-graph\">{\"@context\":\"https:\/\/schema.org\",\"@graph\":[{\"@type\":\"WebPage\",\"@id\":\"https:\/\/www.welovecycling.com\/cs\/2020\/11\/25\/nejista-sezona-jak-covid-zmrzacil-cyklokros-v-tabore\/\",\"url\":\"https:\/\/www.welovecycling.com\/cs\/2020\/11\/25\/nejista-sezona-jak-covid-zmrzacil-cyklokros-v-tabore\/\",\"name\":\"Nejist\u00e1 sezona. Jak covid zmrza\u010dil cyklokros v T\u00e1bo\u0159e | \u0160koda We Love Cycling - \u010cesk\u00e1 republika\",\"isPartOf\":{\"@id\":\"https:\/\/www.welovecycling.com\/cs\/#website\"},\"primaryImageOfPage\":{\"@id\":\"https:\/\/www.welovecycling.com\/cs\/2020\/11\/25\/nejista-sezona-jak-covid-zmrzacil-cyklokros-v-tabore\/#primaryimage\"},\"image\":{\"@id\":\"https:\/\/www.welovecycling.com\/cs\/2020\/11\/25\/nejista-sezona-jak-covid-zmrzacil-cyklokros-v-tabore\/#primaryimage\"},\"thumbnailUrl\":\"https:\/\/d2p6e6u75xmxt8.cloudfront.net\/13\/2020\/11\/cyklokros-profimedia-0483662165.webp\",\"datePublished\":\"2020-11-25T15:30:23+00:00\",\"author\":{\"@id\":\"\"},\"description\":\"Sv\u011btov\u00fd poh\u00e1r cyklokrosa\u0159\u016f odstartuje posledn\u00ed listopadov\u00fd v\u00edkend v T\u00e1bo\u0159e. Na startu bude i trojn\u00e1sobn\u00fd mistr sv\u011bta Wout van Aert.\",\"inLanguage\":\"cs\",\"potentialAction\":[{\"@type\":\"ReadAction\",\"target\":[\"https:\/\/www.welovecycling.com\/cs\/2020\/11\/25\/nejista-sezona-jak-covid-zmrzacil-cyklokros-v-tabore\/\"]}]},{\"@type\":\"ImageObject\",\"inLanguage\":\"cs\",\"@id\":\"https:\/\/www.welovecycling.com\/cs\/2020\/11\/25\/nejista-sezona-jak-covid-zmrzacil-cyklokros-v-tabore\/#primaryimage\",\"url\":\"https:\/\/d2p6e6u75xmxt8.cloudfront.net\/13\/2020\/11\/cyklokros-profimedia-0483662165.webp\",\"contentUrl\":\"https:\/\/d2p6e6u75xmxt8.cloudfront.net\/13\/2020\/11\/cyklokros-profimedia-0483662165.webp\",\"width\":1800,\"height\":1199},{\"@type\":\"WebSite\",\"@id\":\"https:\/\/www.welovecycling.com\/cs\/#website\",\"url\":\"https:\/\/www.welovecycling.com\/cs\/\",\"name\":\"\u0160koda We Love Cycling - \u010cesk\u00e1 republika\",\"description\":\"WeLoveCycling.cz je online magaz\u00edn, kter\u00fd v\u00e1m pravideln\u011b p\u0159in\u00e1\u0161\u00ed rady a tipy, zaj\u00edmav\u00e9 \u010dl\u00e1nky, videa a jedine\u010dn\u00e9 report\u00e1\u017ee ze sv\u011bta cyklistiky.\",\"potentialAction\":[{\"@type\":\"SearchAction\",\"target\":{\"@type\":\"EntryPoint\",\"urlTemplate\":\"https:\/\/www.welovecycling.com\/cs\/?s={search_term_string}\"},\"query-input\":{\"@type\":\"PropertyValueSpecification\",\"valueRequired\":true,\"valueName\":\"search_term_string\"}}],\"inLanguage\":\"cs\"},{\"@type\":\"Person\",\"@id\":\"\",\"url\":\"https:\/\/www.welovecycling.com\/cs\/author\/\"}]}<\/script>\n<!-- \/ Yoast SEO Premium plugin. -->","yoast_head_json":{"title":"Nejist\u00e1 sezona. Jak covid zmrza\u010dil cyklokros v T\u00e1bo\u0159e | \u0160koda We Love Cycling - \u010cesk\u00e1 republika","description":"Sv\u011btov\u00fd poh\u00e1r cyklokrosa\u0159\u016f odstartuje posledn\u00ed listopadov\u00fd v\u00edkend v T\u00e1bo\u0159e. Na startu bude i trojn\u00e1sobn\u00fd mistr sv\u011bta Wout van Aert.","robots":{"index":"index","follow":"follow","max-snippet":"max-snippet:-1","max-image-preview":"max-image-preview:large","max-video-preview":"max-video-preview:-1"},"canonical":"https:\/\/www.welovecycling.com\/cs\/2020\/11\/25\/nejista-sezona-jak-covid-zmrzacil-cyklokros-v-tabore\/","og_locale":"cs_CZ","og_type":"article","og_title":"Nejist\u00e1 sezona. Jak covid zmrza\u010dil cyklokros v T\u00e1bo\u0159e","og_description":"Sv\u011btov\u00fd poh\u00e1r cyklokrosa\u0159\u016f odstartuje posledn\u00ed listopadov\u00fd v\u00edkend v T\u00e1bo\u0159e. Na startu bude i trojn\u00e1sobn\u00fd mistr sv\u011bta Wout van Aert.","og_url":"https:\/\/www.welovecycling.com\/cs\/2020\/11\/25\/nejista-sezona-jak-covid-zmrzacil-cyklokros-v-tabore\/","og_site_name":"\u0160koda We Love Cycling - \u010cesk\u00e1 republika","article_published_time":"2020-11-25T15:30:23+00:00","og_image":[{"width":1800,"height":1199,"url":"https:\/\/d2p6e6u75xmxt8.cloudfront.net\/13\/2020\/11\/cyklokros-profimedia-0483662165.webp","type":"image\/webp"}],"twitter_card":"summary_large_image","twitter_misc":{"Written by":"Radek Malina","Est. reading time":"5"},"schema":{"@context":"https:\/\/schema.org","@graph":[{"@type":"WebPage","@id":"https:\/\/www.welovecycling.com\/cs\/2020\/11\/25\/nejista-sezona-jak-covid-zmrzacil-cyklokros-v-tabore\/","url":"https:\/\/www.welovecycling.com\/cs\/2020\/11\/25\/nejista-sezona-jak-covid-zmrzacil-cyklokros-v-tabore\/","name":"Nejist\u00e1 sezona. Jak covid zmrza\u010dil cyklokros v T\u00e1bo\u0159e | \u0160koda We Love Cycling - \u010cesk\u00e1 republika","isPartOf":{"@id":"https:\/\/www.welovecycling.com\/cs\/#website"},"primaryImageOfPage":{"@id":"https:\/\/www.welovecycling.com\/cs\/2020\/11\/25\/nejista-sezona-jak-covid-zmrzacil-cyklokros-v-tabore\/#primaryimage"},"image":{"@id":"https:\/\/www.welovecycling.com\/cs\/2020\/11\/25\/nejista-sezona-jak-covid-zmrzacil-cyklokros-v-tabore\/#primaryimage"},"thumbnailUrl":"https:\/\/d2p6e6u75xmxt8.cloudfront.net\/13\/2020\/11\/cyklokros-profimedia-0483662165.webp","datePublished":"2020-11-25T15:30:23+00:00","author":{"@id":""},"description":"Sv\u011btov\u00fd poh\u00e1r cyklokrosa\u0159\u016f odstartuje posledn\u00ed listopadov\u00fd v\u00edkend v T\u00e1bo\u0159e. Na startu bude i trojn\u00e1sobn\u00fd mistr sv\u011bta Wout van Aert.","inLanguage":"cs","potentialAction":[{"@type":"ReadAction","target":["https:\/\/www.welovecycling.com\/cs\/2020\/11\/25\/nejista-sezona-jak-covid-zmrzacil-cyklokros-v-tabore\/"]}]},{"@type":"ImageObject","inLanguage":"cs","@id":"https:\/\/www.welovecycling.com\/cs\/2020\/11\/25\/nejista-sezona-jak-covid-zmrzacil-cyklokros-v-tabore\/#primaryimage","url":"https:\/\/d2p6e6u75xmxt8.cloudfront.net\/13\/2020\/11\/cyklokros-profimedia-0483662165.webp","contentUrl":"https:\/\/d2p6e6u75xmxt8.cloudfront.net\/13\/2020\/11\/cyklokros-profimedia-0483662165.webp","width":1800,"height":1199},{"@type":"WebSite","@id":"https:\/\/www.welovecycling.com\/cs\/#website","url":"https:\/\/www.welovecycling.com\/cs\/","name":"\u0160koda We Love Cycling - \u010cesk\u00e1 republika","description":"WeLoveCycling.cz je online magaz\u00edn, kter\u00fd v\u00e1m pravideln\u011b p\u0159in\u00e1\u0161\u00ed rady a tipy, zaj\u00edmav\u00e9 \u010dl\u00e1nky, videa a jedine\u010dn\u00e9 report\u00e1\u017ee ze sv\u011bta cyklistiky.","potentialAction":[{"@type":"SearchAction","target":{"@type":"EntryPoint","urlTemplate":"https:\/\/www.welovecycling.com\/cs\/?s={search_term_string}"},"query-input":{"@type":"PropertyValueSpecification","valueRequired":true,"valueName":"search_term_string"}}],"inLanguage":"cs"},{"@type":"Person","@id":"","url":"https:\/\/www.welovecycling.com\/cs\/author\/"}]}},"_links":{"self":[{"href":"https:\/\/www.welovecycling.com\/cs\/wp-json\/wp\/v2\/posts\/10848","targetHints":{"allow":["GET"]}}],"collection":[{"href":"https:\/\/www.welovecycling.com\/cs\/wp-json\/wp\/v2\/posts"}],"about":[{"href":"https:\/\/www.welovecycling.com\/cs\/wp-json\/wp\/v2\/types\/post"}],"author":[{"embeddable":true,"href":"https:\/\/www.welovecycling.com\/cs\/wp-json\/wp\/v2\/users\/122"}],"replies":[{"embeddable":true,"href":"https:\/\/www.welovecycling.com\/cs\/wp-json\/wp\/v2\/comments?post=10848"}],"version-history":[{"count":2,"href":"https:\/\/www.welovecycling.com\/cs\/wp-json\/wp\/v2\/posts\/10848\/revisions"}],"predecessor-version":[{"id":10853,"href":"https:\/\/www.welovecycling.com\/cs\/wp-json\/wp\/v2\/posts\/10848\/revisions\/10853"}],"wp:featuredmedia":[{"embeddable":true,"href":"https:\/\/www.welovecycling.com\/cs\/wp-json\/wp\/v2\/media\/10851"}],"wp:attachment":[{"href":"https:\/\/www.welovecycling.com\/cs\/wp-json\/wp\/v2\/media?parent=10848"}],"wp:term":[{"taxonomy":"category","embeddable":true,"href":"https:\/\/www.welovecycling.com\/cs\/wp-json\/wp\/v2\/categories?post=10848"},{"taxonomy":"post_tag","embeddable":true,"href":"https:\/\/www.welovecycling.com\/cs\/wp-json\/wp\/v2\/tags?post=10848"},{"taxonomy":"global-categories","embeddable":true,"href":"https:\/\/www.welovecycling.com\/cs\/wp-json\/wp\/v2\/global-categories?post=10848"}],"curies":[{"name":"wp","href":"https:\/\/api.w.org\/{rel}","templated":true}]}}