{"id":10670,"date":"2020-11-13T07:00:24","date_gmt":"2020-11-13T05:00:24","guid":{"rendered":"https:\/\/www.welovecycling.com\/cs\/?p=10670"},"modified":"2020-11-12T21:47:30","modified_gmt":"2020-11-12T19:47:30","slug":"koho-smetl-koronavirus-na-jedne-strane-blahobyt-na-druhe-nejistota-ci-konec","status":"publish","type":"post","link":"https:\/\/www.welovecycling.com\/cs\/2020\/11\/13\/koho-smetl-koronavirus-na-jedne-strane-blahobyt-na-druhe-nejistota-ci-konec\/","title":{"rendered":"Koho smetl koronavirus? Krach \u010di nejistota versus blahobyt"},"content":{"rendered":"<p><strong>Ekonomick\u00e1 situace nen\u00ed kv\u016fli pandemii koronaviru v leto\u0161n\u00edm roce v \u0159ad\u011b odv\u011btv\u00ed zrovna p\u0159\u00edzniv\u00e1. Velk\u00e9 firmy zaznamen\u00e1vaj\u00ed obrovsk\u00e9 ztr\u00e1ty, co\u017e se odraz\u00ed i ve sportu, cyklistiku nevyj\u00edmaje. N\u011bkter\u00e9 t\u00fdmy nejvy\u0161\u0161\u00ed divize World Tour nadobro zmiz\u00ed z mapy, jin\u00e9 budou fungovat v ni\u017e\u0161\u00ed divizi, \u0159ada z nich se bude muset uskromnit. Ale po\u0159\u00e1d z\u016fst\u00e1vaj\u00ed takov\u00e9, kter\u00e9 si koup\u00ed, na koho uk\u00e1\u017eou prstem a naserv\u00edruj\u00ed kontrakt za des\u00edtky milion\u016f korun.<\/strong><\/p>\n<h2><strong>CCC kon\u010d\u00ed. Hv\u011bzdy u\u017e d\u00e1vno podepsaly jinde<\/strong><\/h2>\n<p>V tuto chv\u00edli je jist\u00e9, \u017ee z cyklistick\u00e9 mapy nejvy\u0161\u0161\u00ed divize zmiz\u00ed oran\u017eov\u00e9 dresy s n\u00e1pisem CCC Sprandi. Polsk\u00fd obuvnick\u00fd gigant CCC p\u0159i\u0161el kv\u016fli koronaviru o miliony eur a u\u017e v kv\u011btnu vyhl\u00e1sil majitel Dariusz Milek, \u017ee na konci sezony p\u0159estane t\u00fdm financovat.<\/p>\n<p>U\u017e od kv\u011btna p\u0159itom z\u00e1vodn\u00edci museli p\u0159istoupit na sn\u00ed\u017een\u00ed plat\u016f o polovinu a \u0159ada zam\u011bstnanc\u016f skon\u010dila. \u201eNem\u00e1m jinou volbu. Bylo by nef\u00e9r sni\u017eovat po\u010dty zam\u011bstnanc\u016f ve firm\u011b a nech\u00e1vat stejn\u00e9 pen\u00edze pro cyklistiku,\u201c \u0159ekl tehdy Milek.<\/p>\n<figure id=\"attachment_8237\" aria-describedby=\"caption-attachment-8237\" style=\"width: 2549px\" class=\"wp-caption alignnone\"><a href=\"https:\/\/d2p6e6u75xmxt8.cloudfront.net\/13\/2020\/07\/HIRT-44-michal-\u010derven\u00fd.jpg\"><img loading=\"lazy\" decoding=\"async\" class=\"size-full wp-image-8237\" src=\"https:\/\/d2p6e6u75xmxt8.cloudfront.net\/13\/2020\/07\/HIRT-44-michal-\u010derven\u00fd.jpg\" alt=\"Jan Hirt (vpravo) se zdrav\u00ed s t\u00fdmov\u00fdm kolegou z formace CCC Josefem \u010cern\u00fdm. Foto: Michal \u010cerven\u00fd\" width=\"2549\" height=\"1699\" \/><\/a><figcaption id=\"caption-attachment-8237\" class=\"wp-caption-text\"><em>Jan Hirt (vpravo) se zdrav\u00ed s t\u00fdmov\u00fdm kolegou z formace CCC Josefem \u010cern\u00fdm. V p\u0159\u00ed\u0161t\u00ed sezon\u011b budou ka\u017ed\u00fd obl\u00e9kat dres jin\u00e9ho t\u00fdmu. Foto: Michal \u010cerven\u00fd<\/em><\/figcaption><\/figure>\n<p>S p\u0159ib\u00fdvaj\u00edc\u00edmi m\u011bs\u00edci bylo jasn\u00e9, \u017ee se situace asi t\u011b\u017eko zlep\u0161\u00ed. A tak \u0159ada hv\u011bzd t\u00fdmu ji\u017e d\u0159\u00edve podepsala smlouvy na p\u0159\u00ed\u0161t\u00ed rok \u010di roky jinde: Greg van Avermaet v AG2R, Matteo Trentin v UAE-Team Emirates, lukrativn\u00ed kontrakt p\u0159il\u00e1kal Ilnura Zakarina do druhodivizn\u00edho Gazprom RusVelo.<\/p>\n<div class=\"shortcode-ys-post-pinup\"><article class=\"loop-simple post-10631 post type-post status-publish format-standard has-post-thumbnail hentry category-silnicni-cyklistika tag-cyklistika tag-jumbo-visma tag-primoz-roglic tag-tour-de-france tag-vuelta global-categories-cycling\" data-postid=\"10631\" role=\"article\" data-post-id=\"10631\" data-word-count=\"520\" data-headline-length=\"84\" data-category=\"Silni\u010dn\u00ed cyklistika\" data-global-category=\"Cycling\" data-author=\"Jan Kr\u016fta\" data-published=\"2020-11-11T07:00:42+02:00\" data-published-day=\"Wednesday\">\n    <div class=\"entry-thumbnail article-thumbnail\" content=\"https:\/\/d2p6e6u75xmxt8.cloudfront.net\/13\/2020\/11\/roglic-vuelta-carapaz-150x150.webp\"><a href=\"https:\/\/www.welovecycling.com\/cs\/2020\/11\/11\/je-roglic-nejlepsi-cyklista-sezony-na-tour-se-poklonil-krajanovi-vueltu-ovladl\/\" class=\"image-holder\" target=\"_self\"><img decoding=\"async\" loading=\"lazy\" class=\"\" src=\"https:\/\/d2p6e6u75xmxt8.cloudfront.net\/13\/2020\/11\/roglic-vuelta-carapaz-1024x558.webp\" srcset=\"https:\/\/d2p6e6u75xmxt8.cloudfront.net\/13\/2020\/11\/roglic-vuelta-carapaz.webp 1134w, https:\/\/d2p6e6u75xmxt8.cloudfront.net\/13\/2020\/11\/roglic-vuelta-carapaz-300x163.webp 300w, https:\/\/d2p6e6u75xmxt8.cloudfront.net\/13\/2020\/11\/roglic-vuelta-carapaz-1024x558.webp 1024w, https:\/\/d2p6e6u75xmxt8.cloudfront.net\/13\/2020\/11\/roglic-vuelta-carapaz-768x419.webp 768w\" width=\"1024\" height=\"558\" sizes=\"auto, (min-width: 1200px) 368px, (min-width: 768px) 31vw, 100vw\" alt=\"je-roglic-nejlepsi-cyklista-sezony-na-tour-se-poklonil-krajanovi-vueltu-ovladl\"\/><\/a><\/div>    <div class=\"entry-meta\">\n        <a class=\"label label-secondary post-category\" href=\"https:\/\/www.welovecycling.com\/cs\/category\/silnicni-cyklistika\/\" title=\"Silni\u010dn\u00ed cyklistika\">Silni\u010dn\u00ed cyklistika<\/a>\n    <\/div>\n    <div class=\"entry-details\">\n        <a href=\"https:\/\/www.welovecycling.com\/cs\/2020\/11\/11\/je-roglic-nejlepsi-cyklista-sezony-na-tour-se-poklonil-krajanovi-vueltu-ovladl\/\" class='entry-title-wrapper'>\n            <h3 class=\"entry-title\"><span>Je Rogli\u010d nejlep\u0161\u00ed cyklista sezony? Na Tour se poklonil krajanovi, Vueltu ovl\u00e1dl<\/span><\/h3>\n        <\/a>\n    <\/div>\n    <\/article>\n<\/div>\n<p>Licenci od t\u00fdmu nakonec zakoupil belgick\u00fd prokontinent\u00e1ln\u00ed t\u00fdm Circus &#8211; Wanty Gobert a n\u011bkter\u00e9 z\u00e1vodn\u00edky z CCC podepsal. T\u0159eba Jana Hirta, kter\u00fd bude m\u00edt velkou \u0161anci jet na n\u011bkterou z Grand Tour jako jednozna\u010dn\u00fd l\u00eddr. Jeho st\u00e1jov\u00fd kolega z CCC Josef \u010cern\u00fd zat\u00edm jm\u00e9no nov\u00e9ho t\u00fdmu neozn\u00e1mil, ale vzhledem k fam\u00f3zn\u00ed sezon\u011b by m\u011bl ur\u010dit\u011b z\u016fstat ve World Tour a podepsat nejlep\u0161\u00ed smlouvu v dosavadn\u00ed kari\u00e9\u0159e.<\/p>\n<p>Ot\u00e1zkou je, zda CCC zcela zmiz\u00ed z\u00a0cyklistick\u00e9 mapy, nebo bude alespo\u0148 \u010d\u00e1ste\u010dn\u011b podporovat sv\u016fj t\u00fdm nad\u011bj\u00ed. Ten m\u00e1 statut kontinent\u00e1ln\u00edho t\u00fdmu a ned\u00e1vno vyhl\u00e1sil, \u017ee sh\u00e1n\u00ed sponzory, abych nezanikl. Jeho \u010desk\u00fd \u010dlen Petr Kelemen v\u0161ak u\u017e sh\u00e1n\u00ed anga\u017em\u00e1 jinde, budoucnost je siln\u011b nejist\u00e1.<\/p>\n<h2><strong>Kreuziger\u016fv t\u00fdm nevzd\u00e1v\u00e1 bitvu o z\u00e1chranu<\/strong><\/h2>\n<p>Jihoafrick\u00e1 st\u00e1j NTT Pro Cycling, kde p\u016fsob\u00ed i Roman Kreuziger, m\u00e1 rovn\u011b\u017e velk\u00e9 probl\u00e9my. Japonsk\u00e1 technologick\u00e1 spole\u010dnost NTT v z\u00e1\u0159\u00ed ozn\u00e1mila, \u017ee se sponzoringem kon\u010d\u00ed. Jednak kv\u016fli velk\u00fdm finan\u010dn\u00edm ztr\u00e1t\u00e1m a dost mo\u017en\u00e1 i kv\u016fli mizern\u00e9 sezon\u011b, v n\u00ed\u017e z\u00e1vodn\u00edci st\u00e1je vybojovali ve World Tour pouze dv\u011b v\u00edt\u011bzstv\u00ed.<\/p>\n<p>Po roce opustil t\u00fdm mana\u017eer Bjarne Riis, kter\u00fd vid\u00ed budoucnost st\u00e1je hodn\u011b \u010dern\u011b. \u201eNemysl\u00edm si, \u017ee by se poda\u0159ilo sponzora sehnat,\u201c \u0159ekl v minul\u00e9m t\u00fddnu, ne\u017e ozn\u00e1mil odchod. Boss st\u00e1je Douglas Ryder je v\u0161ak st\u00e1le optimistou. \u201eV cel\u00e9m sv\u011bt\u011b m\u00e1 \u0159ada firem velk\u00e9 ekonomick\u00e9 probl\u00e9my, ale n\u011bkter\u00e9 ne. Jsme velmi bl\u00edzko k tomu, abychom byli na silnici vid\u011bt i p\u0159\u00ed\u0161t\u00ed rok,\u201c prohl\u00e1sil.<\/p>\n<figure id=\"attachment_9488\" aria-describedby=\"caption-attachment-9488\" style=\"width: 1280px\" class=\"wp-caption alignnone\"><a href=\"https:\/\/d2p6e6u75xmxt8.cloudfront.net\/13\/2020\/08\/Roman-Kreuziger-SaudiTour_GettySport6.jpg\"><img loading=\"lazy\" decoding=\"async\" class=\"size-full wp-image-9488\" src=\"https:\/\/d2p6e6u75xmxt8.cloudfront.net\/13\/2020\/08\/Roman-Kreuziger-SaudiTour_GettySport6.jpg\" alt=\"Roman Kreuziger v barv\u00e1ch t\u00fdmu NTT. Nyn\u00ed i on s nap\u011bt\u00edm vyhl\u00ed\u017e\u00ed, jak\u00fd bude osud formace.. Foto: Getty Sport\" width=\"1280\" height=\"853\" \/><\/a><figcaption id=\"caption-attachment-9488\" class=\"wp-caption-text\"><em>Roman Kreuziger v barv\u00e1ch t\u00fdmu NTT. Nyn\u00ed i \u010desk\u00fd cyklista s nejlep\u0161\u00edm v\u00fdsledkem z Tour de France s nap\u011bt\u00edm vyhl\u00ed\u017e\u00ed budoucnost. Foto: Getty Sport<\/em><\/figcaption><\/figure>\n<p>Tahle slova ov\u0161em u\u017e \u0159ekl n\u011bkolikr\u00e1t a po\u0159\u00e1d se nic ned\u011bje. T\u00fdm m\u00e1 pod smlouvou na dal\u0161\u00ed rok osm z\u00e1vodn\u00edk\u016f v\u010detn\u011b belgick\u00e9ho excelentn\u00edho \u010dasovk\u00e1\u0159e Victora Campenaertse nebo italsk\u00e9ho veter\u00e1na Domenica Pozzoviva, 11. mu\u017ee leto\u0161n\u00edho Gira.<\/p>\n<p>V\u011bt\u0161ina z\u00e1vodn\u00edk\u016f NTT v\u0161ak smlouvy na dal\u0161\u00ed sezonu nem\u00e1, ale skoro nikdo p\u0159estup jinam zat\u00edm neozn\u00e1mil. V\u010detn\u011b Romana Kreuzigera, kter\u00fd vzhledem ke \u0161patn\u00e9 sezon\u011b a p\u0159etlaku z\u00e1vodn\u00edk\u016f asi nebude p\u0159i vyjedn\u00e1v\u00e1n\u00ed o nov\u00e9m anga\u017em\u00e1 zrovna v komfortn\u00ed pozici.<\/p>\n<h2><strong>Odm\u011bna za v\u011brnost: v\u0161ichni dostanete kontrakt<\/strong><\/h2>\n<p>Na druhou stranu se na\u0161ly i t\u00fdmy, kter\u00e9 si sv\u00fdch z\u00e1vodn\u00edk\u016f v\u00e1\u017e\u00ed a dok\u00e1\u017eou je odm\u011bnit za loaj\u00e1lnost. Respektive za to, \u017ee v nelehk\u00e9 sezon\u011b p\u0159istoupili na sn\u00ed\u017een\u00ed plat\u016f. To se t\u00fdk\u00e1 nap\u0159\u00edklad americk\u00e9 formace EF Pro Cycling. V\u0161em z\u00e1vodn\u00edk\u016fm, kte\u0159\u00ed na sn\u00ed\u017een\u00ed plat\u016f p\u0159istoupili, nab\u00eddla automaticky prodlou\u017een\u00ed kontrakt\u016f o rok.<\/p>\n<p>Tak\u017ee i v sezon\u011b 2021 v dresu st\u00e1je budou d\u00e1l jezdit t\u0159eba Tejay van Garderen, Rigoberto Ur\u00e1n \u010di objev leto\u0161n\u00ed Vuelty Hugh Carthy. N\u011bkte\u0159\u00ed v\u0161ak u\u017e d\u0159\u00edve neodolali v\u00e1ben\u00ed z jin\u00fdch t\u00fdm\u016f. Dani Mart\u00ednez podepsal do Ineosu, Tanel Kangert do Mitchelton-Scott a Sep Vanmarcke s Michaelem Woodsem m\u00ed\u0159\u00ed do Israel Start-Up Nation.<\/p>\n<figure id=\"attachment_9084\" aria-describedby=\"caption-attachment-9084\" style=\"width: 1200px\" class=\"wp-caption alignnone\"><a href=\"https:\/\/d2p6e6u75xmxt8.cloudfront.net\/13\/2020\/08\/tybar-strade-bianche-4.jpg\"><img loading=\"lazy\" decoding=\"async\" class=\"size-full wp-image-9084\" src=\"https:\/\/d2p6e6u75xmxt8.cloudfront.net\/13\/2020\/08\/tybar-strade-bianche-4.jpg\" alt=\"Zden\u011bk \u0160tybar m\u00e1 jistotu kontraktu v Deceuninck Quick Step kontrakt i na dal\u0161\u00ed sezonu.. Foto: Tim de Waele\/Getty Images\/Deceuninck Quick Step\" width=\"1200\" height=\"799\" \/><\/a><figcaption id=\"caption-attachment-9084\" class=\"wp-caption-text\"><em>Zden\u011bk \u0160tybar m\u00e1 jistotu kontraktu v Deceuninck Quick Step kontrakt i na dal\u0161\u00ed sezonu. Foto: Tim de Waele\/Getty Images\/Deceuninck Quick Step<\/em><\/figcaption><\/figure>\n<p>\u201eV\u00e1\u017e\u00edm si v\u0161ech z\u00e1vodn\u00edk\u016f, kte\u0159\u00ed p\u0159istoupili na sn\u00ed\u017een\u00ed plat\u016f v\u00a0t\u00e9to nelehk\u00e9 dob\u011b. A nab\u00eddnut\u00ed smluv na p\u0159\u00ed\u0161t\u00ed rok bylo jedinou spr\u00e1vnou odm\u011bnou,\u201c uvedl gener\u00e1ln\u00ed mana\u017eer st\u00e1je Jonathan Vaughters.<\/p>\n<div class=\"shortcode-ys-post-pinup\"><article class=\"loop-simple post-10370 post type-post status-publish format-standard has-post-thumbnail hentry category-silnicni-cyklistika tag-ccc-team tag-cesti-vitezove-etap-na-grand-tour tag-etapove-vitezstvi tag-giro-ditalia-2020 tag-giro-ditalia tag-josef-cerny global-categories-cycling\" data-postid=\"10370\" role=\"article\" data-post-id=\"10370\" data-word-count=\"461\" data-headline-length=\"92\" data-category=\"Silni\u010dn\u00ed cyklistika\" data-global-category=\"Cycling\" data-author=\"Jan Kr\u016fta\" data-published=\"2020-10-24T07:30:33+02:00\" data-published-day=\"Saturday\">\n    <div class=\"entry-thumbnail article-thumbnail\" content=\"https:\/\/d2p6e6u75xmxt8.cloudfront.net\/13\/2020\/10\/ern\u00fd-2.PNG-150x150.webp\"><a href=\"https:\/\/www.welovecycling.com\/cs\/2020\/10\/24\/famozni-cerny-solo-v-desti-a-etapove-vitezstvi-na-giru-kam-ho-vystreli\/\" class=\"image-holder\" target=\"_self\"><img decoding=\"async\" loading=\"lazy\" class=\"\" src=\"https:\/\/d2p6e6u75xmxt8.cloudfront.net\/13\/2020\/10\/ern\u00fd-2.PNG.webp\" srcset=\"https:\/\/d2p6e6u75xmxt8.cloudfront.net\/13\/2020\/10\/ern\u00fd-2.PNG.webp 936w, https:\/\/d2p6e6u75xmxt8.cloudfront.net\/13\/2020\/10\/ern\u00fd-2.PNG-300x168.webp 300w, https:\/\/d2p6e6u75xmxt8.cloudfront.net\/13\/2020\/10\/ern\u00fd-2.PNG-768x430.webp 768w\" width=\"936\" height=\"524\" sizes=\"auto, (min-width: 1200px) 358px, (min-width: 768px) 30vw, 100vw\" alt=\"famozni-cerny-solo-v-desti-a-etapove-vitezstvi-na-giru-kam-ho-vystreli\"\/><\/a><\/div>    <div class=\"entry-meta\">\n        <a class=\"label label-secondary post-category\" href=\"https:\/\/www.welovecycling.com\/cs\/category\/silnicni-cyklistika\/\" title=\"Silni\u010dn\u00ed cyklistika\">Silni\u010dn\u00ed cyklistika<\/a>\n    <\/div>\n    <div class=\"entry-details\">\n        <a href=\"https:\/\/www.welovecycling.com\/cs\/2020\/10\/24\/famozni-cerny-solo-v-desti-a-etapove-vitezstvi-na-giru-kam-ho-vystreli\/\" class='entry-title-wrapper'>\n            <h3 class=\"entry-title\"><span>Fam\u00f3zn\u00ed Josef \u010cern\u00fd: s\u00f3lo v\u00a0de\u0161ti a etapov\u00e9 v\u00edt\u011bzstv\u00ed na Giru. Kam ho vyst\u0159el\u00ed?<\/span><\/h3>\n        <\/a>\n    <\/div>\n    <\/article>\n<\/div>\n<p>Podobn\u011b se zachoval i boss belgick\u00e9 formace Deceuninck-Quick Step Patrick Lefevere, kter\u00fd dal kontrakty skoro v\u0161em, kdo cht\u011bl z\u016fstat. A tak z hv\u011bzd odch\u00e1z\u00ed jen Bob Jungels, kter\u00fd podepsal na dva roky v AG2R. Z\u016fst\u00e1vaj\u00ed v\u0161ak skoro v\u0161echna esa v \u010dele s \u00fa\u0159aduj\u00edc\u00edm mistrem sv\u011bta Julianem Alaphilippem a k \u010desk\u00e9 radosti bude barvy belgick\u00e9ho t\u00fdmu h\u00e1jit i v roce 2021 Zden\u011bk \u0160tybar.<\/p>\n<h2><strong>Ineos skoupil dal\u0161\u00ed hv\u011bzdy<\/strong><\/h2>\n<p>Zat\u00edmco \u0159ada t\u00fdm\u016f v sezon\u011b bojovala o p\u0159e\u017eit\u00ed a do dal\u0161\u00edch let se dost mo\u017en\u00e1 budou muset uskromnit, tak v britsk\u00e9m Ineosu Grenadiers tyhle starosti o\u010dividn\u011b nemaj\u00ed. Sice pustili Chrise Frooma do Israel Start-Up Nation a \u201ezbavili se\u201c tak jeho ro\u010dn\u00edho platu 4,5 mil. eur, ale p\u0159i\u0161ly dal\u0161\u00ed hv\u011bzdy, kter\u00e9 v britsk\u00e9 formaci nebudou jezdit zrovna za hubi\u010dku: Adam Yates, Daniel Mart\u00ednez a Richie Porte.<\/p>\n<figure id=\"attachment_10262\" aria-describedby=\"caption-attachment-10262\" style=\"width: 1600px\" class=\"wp-caption alignnone\"><a href=\"https:\/\/d2p6e6u75xmxt8.cloudfront.net\/13\/2020\/10\/pidcock-z\u00e1vod-MS-\u010derven\u00fd-michal.jpg\"><img loading=\"lazy\" decoding=\"async\" class=\"size-full wp-image-10262\" src=\"https:\/\/d2p6e6u75xmxt8.cloudfront.net\/13\/2020\/10\/pidcock-z\u00e1vod-MS-\u010derven\u00fd-michal.jpg\" alt=\"Thomas Pidcock bude od b\u0159ezna jednou z hv\u011bzd na v\u00fdplatn\u00ed listin\u011b Ineos Grenadiers.Foto: Michal \u010cerven\u00fd\" width=\"1600\" height=\"1067\" \/><\/a><figcaption id=\"caption-attachment-10262\" class=\"wp-caption-text\"><em>Thomas Pidcock bude od b\u0159ezna jednou z hv\u011bzd na v\u00fdplatn\u00ed listin\u011b Ineos Grenadiers. Foto: Michal \u010cerven\u00fd<\/em><\/figcaption><\/figure>\n<p>A k nim se mus\u00ed p\u0159ipo\u010d\u00edtat je\u0161t\u011b multitalent britsk\u00e9 i sv\u011btov\u00e9 cyklistiky Thomas Pidcock, kter\u00fd do Ineosu p\u016fjde od 1. b\u0159ezna po cyklokrosov\u00e9 sezon\u011b. Jist\u00e9 je, \u017ee pen\u00edze na platy zm\u00edn\u011bn\u00e9 \u010dtve\u0159ice ur\u010dit\u011b p\u0159ev\u00fd\u0161\u00ed Froomovu ro\u010dn\u00ed g\u00e1\u017ei. Tedy p\u0159es sto milion\u016f korun. A to je\u0161t\u011b nen\u00ed v\u00fd\u010det posil dost mo\u017en\u00e1 kone\u010dn\u00fd.<\/p>\n<div class=\"shortcode-ys-post-pinup\"><article class=\"loop-simple post-10235 post type-post status-publish format-standard has-post-thumbnail hentry category-horska-cyklistika category-silnicni-cyklistika tag-cyklistika tag-silnicni-cyklistika tag-thomas-pidcock global-categories-cycling\" data-postid=\"10235\" role=\"article\" data-post-id=\"10235\" data-word-count=\"535\" data-headline-length=\"96\" data-category=\"Horsk\u00e1 cyklistika\" data-global-category=\"Cycling\" data-author=\"Jan Kr\u016fta\" data-published=\"2020-10-18T07:00:05+02:00\" data-published-day=\"Sunday\">\n    <div class=\"entry-thumbnail article-thumbnail\" content=\"https:\/\/d2p6e6u75xmxt8.cloudfront.net\/13\/2020\/10\/pidcock-zlato-\u010derven\u00fd-michal-150x150.webp\"><a href=\"https:\/\/www.welovecycling.com\/cs\/2020\/10\/18\/supertalent-thomas-pidcock-kraci-ve-stopach-van-der-poela-a-van-aerta-sazi-na-nej-ineos\/\" class=\"image-holder\" target=\"_self\"><img decoding=\"async\" loading=\"lazy\" class=\"\" src=\"https:\/\/d2p6e6u75xmxt8.cloudfront.net\/13\/2020\/10\/pidcock-zlato-\u010derven\u00fd-michal-1024x683.webp\" srcset=\"https:\/\/d2p6e6u75xmxt8.cloudfront.net\/13\/2020\/10\/pidcock-zlato-\u010derven\u00fd-michal.webp 1600w, https:\/\/d2p6e6u75xmxt8.cloudfront.net\/13\/2020\/10\/pidcock-zlato-\u010derven\u00fd-michal-300x200.webp 300w, https:\/\/d2p6e6u75xmxt8.cloudfront.net\/13\/2020\/10\/pidcock-zlato-\u010derven\u00fd-michal-1024x683.webp 1024w, https:\/\/d2p6e6u75xmxt8.cloudfront.net\/13\/2020\/10\/pidcock-zlato-\u010derven\u00fd-michal-768x512.webp 768w, https:\/\/d2p6e6u75xmxt8.cloudfront.net\/13\/2020\/10\/pidcock-zlato-\u010derven\u00fd-michal-1536x1024.webp 1536w, https:\/\/d2p6e6u75xmxt8.cloudfront.net\/13\/2020\/10\/pidcock-zlato-\u010derven\u00fd-michal-272x182.webp 272w\" width=\"1024\" height=\"683\" sizes=\"auto, (min-width: 1200px) 300px, (min-width: 768px) 25vw, 100vw\" alt=\"supertalent-thomas-pidcock-kraci-ve-stopach-van-der-poela-a-van-aerta-sazi-na-nej-ineos\"\/><\/a><\/div>    <div class=\"entry-meta\">\n        <a class=\"label label-secondary post-category\" href=\"https:\/\/www.welovecycling.com\/cs\/category\/horska-cyklistika\/\" title=\"Horsk\u00e1 cyklistika\">Horsk\u00e1 cyklistika<\/a>\n    <\/div>\n    <div class=\"entry-details\">\n        <a href=\"https:\/\/www.welovecycling.com\/cs\/2020\/10\/18\/supertalent-thomas-pidcock-kraci-ve-stopach-van-der-poela-a-van-aerta-sazi-na-nej-ineos\/\" class='entry-title-wrapper'>\n            <h3 class=\"entry-title\"><span>Supertalent Thomas Pidcock! Kr\u00e1\u010d\u00ed ve stop\u00e1ch van der Poela a van Aerta, s\u00e1z\u00ed na n\u011bj Ineos<\/span><\/h3>\n        <\/a>\n    <\/div>\n    <\/article>\n<\/div>\n<p>Jak je vid\u011bt, ekonomick\u00e1 krize m\u011bla na t\u00fdmy r\u016fzn\u00fd dopad. A je mo\u017en\u00e9, \u017ee se situace bude je\u0161t\u011b dost m\u011bnit. Z\u00e1vodn\u00edk\u016f bez smlouvy je v\u00a0tuto chv\u00edli po\u0159\u00e1d dost a je ot\u00e1zkou, kde se uchyt\u00ed, pokud by je\u0161t\u011b n\u011bjak\u00fd t\u00fdm vyhl\u00e1sil konec kv\u016fli nedostatku financ\u00ed.<\/p>\n","protected":false},"excerpt":{"rendered":"<p>Ekonomick\u00e1 situace nen\u00ed kv\u016fli pandemii koronaviru v leto\u0161n\u00edm roce v \u0159ad\u011b odv\u011btv\u00ed zrovna p\u0159\u00edzniv\u00e1. Velk\u00e9 firmy zaznamen\u00e1vaj\u00ed obrovsk\u00e9 ztr\u00e1ty, co\u017e [&hellip;]<\/p>\n","protected":false},"author":122,"featured_media":10378,"comment_status":"open","ping_status":"open","sticky":false,"template":"","format":"standard","meta":{"footnotes":""},"categories":[10],"tags":[271,126,215,216,1281,92,9],"global-categories":[411],"class_list":["post-10670","post","type-post","status-publish","format-standard","has-post-thumbnail","hentry","category-silnicni-cyklistika","tag-ccc-team","tag-cyklistika","tag-jan-hirt","tag-josef-cerny","tag-ntt-pro-cycling","tag-roman-kreuziger","tag-silnicni-cyklistika","global-categories-cycling"],"yoast_head":"<!-- This site is optimized with the Yoast SEO Premium plugin v25.3 (Yoast SEO v25.9) - https:\/\/yoast.com\/wordpress\/plugins\/seo\/ -->\n<title>Koho smetl koronavirus? Krach \u010di nejistota versus blahobyt | \u0160koda We Love Cycling - \u010cesk\u00e1 republika<\/title>\n<meta name=\"description\" content=\"N\u011bkter\u00e9 t\u00fdmy World Tour zmiz\u00ed z mapy, jin\u00e9 budou fungovat v ni\u017e\u0161\u00ed divizi. Jak pandemie koronaviru a finan\u010dn\u00ed krize poznamenaly cyklistiku?\" \/>\n<meta name=\"robots\" content=\"index, follow, max-snippet:-1, max-image-preview:large, max-video-preview:-1\" \/>\n<link rel=\"canonical\" href=\"https:\/\/www.welovecycling.com\/cs\/2020\/11\/13\/koho-smetl-koronavirus-na-jedne-strane-blahobyt-na-druhe-nejistota-ci-konec\/\" \/>\n<meta property=\"og:locale\" content=\"cs_CZ\" \/>\n<meta property=\"og:type\" content=\"article\" \/>\n<meta property=\"og:title\" content=\"Koho smetl koronavirus? Krach \u010di nejistota versus blahobyt\" \/>\n<meta property=\"og:description\" content=\"N\u011bkter\u00e9 t\u00fdmy World Tour zmiz\u00ed z mapy, jin\u00e9 budou fungovat v ni\u017e\u0161\u00ed divizi. Jak pandemie koronaviru a finan\u010dn\u00ed krize poznamenaly cyklistiku?\" \/>\n<meta property=\"og:url\" content=\"https:\/\/www.welovecycling.com\/cs\/2020\/11\/13\/koho-smetl-koronavirus-na-jedne-strane-blahobyt-na-druhe-nejistota-ci-konec\/\" \/>\n<meta property=\"og:site_name\" content=\"\u0160koda We Love Cycling - \u010cesk\u00e1 republika\" \/>\n<meta property=\"article:published_time\" content=\"2020-11-13T05:00:24+00:00\" \/>\n<meta property=\"og:image\" content=\"https:\/\/d2p6e6u75xmxt8.cloudfront.net\/13\/2020\/10\/ern\u00fd.PNG.webp\" \/>\n\t<meta property=\"og:image:width\" content=\"939\" \/>\n\t<meta property=\"og:image:height\" content=\"528\" \/>\n\t<meta property=\"og:image:type\" content=\"image\/webp\" \/>\n<meta name=\"twitter:card\" content=\"summary_large_image\" \/>\n<meta name=\"twitter:label1\" content=\"Written by\" \/>\n\t<meta name=\"twitter:data1\" content=\"Jan Kr\u016fta\" \/>\n\t<meta name=\"twitter:label2\" content=\"Est. reading time\" \/>\n\t<meta name=\"twitter:data2\" content=\"6\" \/>\n<script type=\"application\/ld+json\" class=\"yoast-schema-graph\">{\"@context\":\"https:\/\/schema.org\",\"@graph\":[{\"@type\":\"WebPage\",\"@id\":\"https:\/\/www.welovecycling.com\/cs\/2020\/11\/13\/koho-smetl-koronavirus-na-jedne-strane-blahobyt-na-druhe-nejistota-ci-konec\/\",\"url\":\"https:\/\/www.welovecycling.com\/cs\/2020\/11\/13\/koho-smetl-koronavirus-na-jedne-strane-blahobyt-na-druhe-nejistota-ci-konec\/\",\"name\":\"Koho smetl koronavirus? Krach \u010di nejistota versus blahobyt | \u0160koda We Love Cycling - \u010cesk\u00e1 republika\",\"isPartOf\":{\"@id\":\"https:\/\/www.welovecycling.com\/cs\/#website\"},\"primaryImageOfPage\":{\"@id\":\"https:\/\/www.welovecycling.com\/cs\/2020\/11\/13\/koho-smetl-koronavirus-na-jedne-strane-blahobyt-na-druhe-nejistota-ci-konec\/#primaryimage\"},\"image\":{\"@id\":\"https:\/\/www.welovecycling.com\/cs\/2020\/11\/13\/koho-smetl-koronavirus-na-jedne-strane-blahobyt-na-druhe-nejistota-ci-konec\/#primaryimage\"},\"thumbnailUrl\":\"https:\/\/d2p6e6u75xmxt8.cloudfront.net\/13\/2020\/10\/ern\u00fd.PNG.webp\",\"datePublished\":\"2020-11-13T05:00:24+00:00\",\"author\":{\"@id\":\"\"},\"description\":\"N\u011bkter\u00e9 t\u00fdmy World Tour zmiz\u00ed z mapy, jin\u00e9 budou fungovat v ni\u017e\u0161\u00ed divizi. Jak pandemie koronaviru a finan\u010dn\u00ed krize poznamenaly cyklistiku?\",\"inLanguage\":\"cs\",\"potentialAction\":[{\"@type\":\"ReadAction\",\"target\":[\"https:\/\/www.welovecycling.com\/cs\/2020\/11\/13\/koho-smetl-koronavirus-na-jedne-strane-blahobyt-na-druhe-nejistota-ci-konec\/\"]}]},{\"@type\":\"ImageObject\",\"inLanguage\":\"cs\",\"@id\":\"https:\/\/www.welovecycling.com\/cs\/2020\/11\/13\/koho-smetl-koronavirus-na-jedne-strane-blahobyt-na-druhe-nejistota-ci-konec\/#primaryimage\",\"url\":\"https:\/\/d2p6e6u75xmxt8.cloudfront.net\/13\/2020\/10\/ern\u00fd.PNG.webp\",\"contentUrl\":\"https:\/\/d2p6e6u75xmxt8.cloudfront.net\/13\/2020\/10\/ern\u00fd.PNG.webp\",\"width\":939,\"height\":528,\"caption\":\"Josef \u010cern\u00fd m\u00ed\u0159\u00ed za \u017eivotn\u00edm triumfem p\u0159i 19. etap\u011b italsk\u00e9ho Gira. Foto: www.girodiitalia.it\"},{\"@type\":\"WebSite\",\"@id\":\"https:\/\/www.welovecycling.com\/cs\/#website\",\"url\":\"https:\/\/www.welovecycling.com\/cs\/\",\"name\":\"\u0160koda We Love Cycling - \u010cesk\u00e1 republika\",\"description\":\"WeLoveCycling.cz je online magaz\u00edn, kter\u00fd v\u00e1m pravideln\u011b p\u0159in\u00e1\u0161\u00ed rady a tipy, zaj\u00edmav\u00e9 \u010dl\u00e1nky, videa a jedine\u010dn\u00e9 report\u00e1\u017ee ze sv\u011bta cyklistiky.\",\"potentialAction\":[{\"@type\":\"SearchAction\",\"target\":{\"@type\":\"EntryPoint\",\"urlTemplate\":\"https:\/\/www.welovecycling.com\/cs\/?s={search_term_string}\"},\"query-input\":{\"@type\":\"PropertyValueSpecification\",\"valueRequired\":true,\"valueName\":\"search_term_string\"}}],\"inLanguage\":\"cs\"},{\"@type\":\"Person\",\"@id\":\"\",\"url\":\"https:\/\/www.welovecycling.com\/cs\/author\/\"}]}<\/script>\n<!-- \/ Yoast SEO Premium plugin. -->","yoast_head_json":{"title":"Koho smetl koronavirus? Krach \u010di nejistota versus blahobyt | \u0160koda We Love Cycling - \u010cesk\u00e1 republika","description":"N\u011bkter\u00e9 t\u00fdmy World Tour zmiz\u00ed z mapy, jin\u00e9 budou fungovat v ni\u017e\u0161\u00ed divizi. Jak pandemie koronaviru a finan\u010dn\u00ed krize poznamenaly cyklistiku?","robots":{"index":"index","follow":"follow","max-snippet":"max-snippet:-1","max-image-preview":"max-image-preview:large","max-video-preview":"max-video-preview:-1"},"canonical":"https:\/\/www.welovecycling.com\/cs\/2020\/11\/13\/koho-smetl-koronavirus-na-jedne-strane-blahobyt-na-druhe-nejistota-ci-konec\/","og_locale":"cs_CZ","og_type":"article","og_title":"Koho smetl koronavirus? Krach \u010di nejistota versus blahobyt","og_description":"N\u011bkter\u00e9 t\u00fdmy World Tour zmiz\u00ed z mapy, jin\u00e9 budou fungovat v ni\u017e\u0161\u00ed divizi. Jak pandemie koronaviru a finan\u010dn\u00ed krize poznamenaly cyklistiku?","og_url":"https:\/\/www.welovecycling.com\/cs\/2020\/11\/13\/koho-smetl-koronavirus-na-jedne-strane-blahobyt-na-druhe-nejistota-ci-konec\/","og_site_name":"\u0160koda We Love Cycling - \u010cesk\u00e1 republika","article_published_time":"2020-11-13T05:00:24+00:00","og_image":[{"width":939,"height":528,"url":"https:\/\/d2p6e6u75xmxt8.cloudfront.net\/13\/2020\/10\/ern\u00fd.PNG.webp","type":"image\/webp"}],"twitter_card":"summary_large_image","twitter_misc":{"Written by":"Jan Kr\u016fta","Est. reading time":"6"},"schema":{"@context":"https:\/\/schema.org","@graph":[{"@type":"WebPage","@id":"https:\/\/www.welovecycling.com\/cs\/2020\/11\/13\/koho-smetl-koronavirus-na-jedne-strane-blahobyt-na-druhe-nejistota-ci-konec\/","url":"https:\/\/www.welovecycling.com\/cs\/2020\/11\/13\/koho-smetl-koronavirus-na-jedne-strane-blahobyt-na-druhe-nejistota-ci-konec\/","name":"Koho smetl koronavirus? Krach \u010di nejistota versus blahobyt | \u0160koda We Love Cycling - \u010cesk\u00e1 republika","isPartOf":{"@id":"https:\/\/www.welovecycling.com\/cs\/#website"},"primaryImageOfPage":{"@id":"https:\/\/www.welovecycling.com\/cs\/2020\/11\/13\/koho-smetl-koronavirus-na-jedne-strane-blahobyt-na-druhe-nejistota-ci-konec\/#primaryimage"},"image":{"@id":"https:\/\/www.welovecycling.com\/cs\/2020\/11\/13\/koho-smetl-koronavirus-na-jedne-strane-blahobyt-na-druhe-nejistota-ci-konec\/#primaryimage"},"thumbnailUrl":"https:\/\/d2p6e6u75xmxt8.cloudfront.net\/13\/2020\/10\/ern\u00fd.PNG.webp","datePublished":"2020-11-13T05:00:24+00:00","author":{"@id":""},"description":"N\u011bkter\u00e9 t\u00fdmy World Tour zmiz\u00ed z mapy, jin\u00e9 budou fungovat v ni\u017e\u0161\u00ed divizi. Jak pandemie koronaviru a finan\u010dn\u00ed krize poznamenaly cyklistiku?","inLanguage":"cs","potentialAction":[{"@type":"ReadAction","target":["https:\/\/www.welovecycling.com\/cs\/2020\/11\/13\/koho-smetl-koronavirus-na-jedne-strane-blahobyt-na-druhe-nejistota-ci-konec\/"]}]},{"@type":"ImageObject","inLanguage":"cs","@id":"https:\/\/www.welovecycling.com\/cs\/2020\/11\/13\/koho-smetl-koronavirus-na-jedne-strane-blahobyt-na-druhe-nejistota-ci-konec\/#primaryimage","url":"https:\/\/d2p6e6u75xmxt8.cloudfront.net\/13\/2020\/10\/ern\u00fd.PNG.webp","contentUrl":"https:\/\/d2p6e6u75xmxt8.cloudfront.net\/13\/2020\/10\/ern\u00fd.PNG.webp","width":939,"height":528,"caption":"Josef \u010cern\u00fd m\u00ed\u0159\u00ed za \u017eivotn\u00edm triumfem p\u0159i 19. etap\u011b italsk\u00e9ho Gira. Foto: www.girodiitalia.it"},{"@type":"WebSite","@id":"https:\/\/www.welovecycling.com\/cs\/#website","url":"https:\/\/www.welovecycling.com\/cs\/","name":"\u0160koda We Love Cycling - \u010cesk\u00e1 republika","description":"WeLoveCycling.cz je online magaz\u00edn, kter\u00fd v\u00e1m pravideln\u011b p\u0159in\u00e1\u0161\u00ed rady a tipy, zaj\u00edmav\u00e9 \u010dl\u00e1nky, videa a jedine\u010dn\u00e9 report\u00e1\u017ee ze sv\u011bta cyklistiky.","potentialAction":[{"@type":"SearchAction","target":{"@type":"EntryPoint","urlTemplate":"https:\/\/www.welovecycling.com\/cs\/?s={search_term_string}"},"query-input":{"@type":"PropertyValueSpecification","valueRequired":true,"valueName":"search_term_string"}}],"inLanguage":"cs"},{"@type":"Person","@id":"","url":"https:\/\/www.welovecycling.com\/cs\/author\/"}]}},"_links":{"self":[{"href":"https:\/\/www.welovecycling.com\/cs\/wp-json\/wp\/v2\/posts\/10670","targetHints":{"allow":["GET"]}}],"collection":[{"href":"https:\/\/www.welovecycling.com\/cs\/wp-json\/wp\/v2\/posts"}],"about":[{"href":"https:\/\/www.welovecycling.com\/cs\/wp-json\/wp\/v2\/types\/post"}],"author":[{"embeddable":true,"href":"https:\/\/www.welovecycling.com\/cs\/wp-json\/wp\/v2\/users\/122"}],"replies":[{"embeddable":true,"href":"https:\/\/www.welovecycling.com\/cs\/wp-json\/wp\/v2\/comments?post=10670"}],"version-history":[{"count":2,"href":"https:\/\/www.welovecycling.com\/cs\/wp-json\/wp\/v2\/posts\/10670\/revisions"}],"predecessor-version":[{"id":10675,"href":"https:\/\/www.welovecycling.com\/cs\/wp-json\/wp\/v2\/posts\/10670\/revisions\/10675"}],"wp:featuredmedia":[{"embeddable":true,"href":"https:\/\/www.welovecycling.com\/cs\/wp-json\/wp\/v2\/media\/10378"}],"wp:attachment":[{"href":"https:\/\/www.welovecycling.com\/cs\/wp-json\/wp\/v2\/media?parent=10670"}],"wp:term":[{"taxonomy":"category","embeddable":true,"href":"https:\/\/www.welovecycling.com\/cs\/wp-json\/wp\/v2\/categories?post=10670"},{"taxonomy":"post_tag","embeddable":true,"href":"https:\/\/www.welovecycling.com\/cs\/wp-json\/wp\/v2\/tags?post=10670"},{"taxonomy":"global-categories","embeddable":true,"href":"https:\/\/www.welovecycling.com\/cs\/wp-json\/wp\/v2\/global-categories?post=10670"}],"curies":[{"name":"wp","href":"https:\/\/api.w.org\/{rel}","templated":true}]}}