{"id":10649,"date":"2020-11-15T07:00:00","date_gmt":"2020-11-15T05:00:00","guid":{"rendered":"https:\/\/www.welovecycling.com\/cs\/?p=10649"},"modified":"2022-11-23T18:10:08","modified_gmt":"2022-11-23T16:10:08","slug":"vychytavky-pro-cyklisty-na-zimu-specialni-navleky-ci-elektricke-vyhrivani","status":"publish","type":"post","link":"https:\/\/www.welovecycling.com\/cs\/2020\/11\/15\/vychytavky-pro-cyklisty-na-zimu-specialni-navleky-ci-elektricke-vyhrivani\/","title":{"rendered":"Vychyt\u00e1vky pro cyklisty na zimu: speci\u00e1ln\u00ed n\u00e1vleky \u010di elektrick\u00e9 vyh\u0159\u00edv\u00e1n\u00ed"},"content":{"rendered":"<p><strong>Modern\u00ed funk\u010dn\u00ed materi\u00e1ly ud\u011blaly z cyklistiky v podstat\u011b celoro\u010dn\u011b komfortn\u00ed aktivitu. \u010cesk\u00e1 zima je v\u0161ak siln\u00fd soupe\u0159, kter\u00e9ho se nevyplat\u00ed podcenit. Ochranu trupu a kon\u010detin snadno vy\u0159e\u0161\u00edte dnes ji\u017e nikterak z\u00e1vratnou investic\u00ed do kvalitn\u00edho oble\u010den\u00ed. Ale ruce, nohy a hlava st\u00e1le b\u00fdvaj\u00ed zdrojem nepohodl\u00ed.<\/strong><\/p>\n<p>Cyklistika v chladn\u011bj\u0161\u00ed \u010d\u00e1sti roku nepochybn\u011b vy\u017eaduje v\u00edce zku\u0161enost\u00ed ne\u017e j\u00edzda za ide\u00e1ln\u00edho po\u010das\u00ed. Je pot\u0159eba napl\u00e1novat okruh tak, aby na n\u011bm p\u0159\u00edli\u0161 nefoukalo, aby nebyl moc kopcovit\u00fd, proto\u017ee ve sjezdech snadno prochladnete, je nutn\u00e9 udr\u017eovat p\u0159im\u011b\u0159en\u00e9 tempo, aby se v\u00e1m pod bundou nehromadila vlhkost, kter\u00e1 by pak za\u010dala studit. Av\u0161ak tou \u00fapln\u011b nejt\u011b\u017e\u0161\u00ed discipl\u00ednou je zvolit na z\u00e1klad\u011b pohledu z okna vhodn\u00e9 oble\u010den\u00ed. Na n\u00e1sleduj\u00edc\u00edch \u0159\u00e1dc\u00edch naleznete n\u011bkolik doporu\u010den\u00ed, jak v zim\u011b ochr\u00e1nit hlavu a citliv\u00e9 \u010d\u00e1sti t\u011bla.<\/p>\n<h2><strong>Ochrana hlavy: n\u00e1vlek na p\u0159ilbu \u010di p\u00e1ska p\u0159es otvory<\/strong><\/h2>\n<p>Cyklistickou zimn\u00ed klasikou je tenk\u00e1 p\u0159il\u00e9hav\u00e1 \u010depi\u010dka pod p\u0159ilbu. P\u0159i v\u00fdb\u011bru dbejte na st\u0159ih \u2013 m\u011bla by dostate\u010dn\u011b kr\u00fdt \u010delo i u\u0161i. Ve v\u011bt\u0161\u00edm chladu ocen\u00edte, je-li alespo\u0148 p\u0159edn\u00ed d\u00edl vyroben z v\u011btruodoln\u00e9ho materi\u00e1lu a dok\u00e1\u017ee tak l\u00e9pe ochr\u00e1nit dutiny p\u0159ed prochladnut\u00edm.<\/p>\n<div class=\"shortcode-ys-post-pinup\"><article class=\"loop-simple post-10551 post type-post status-publish format-standard has-post-thumbnail hentry category-zima2022 category-rady-tipy tag-bezpecnost tag-blatniky tag-cyklistika tag-jak-pripravit-kolo-na-zimu tag-mazivo tag-ochrana-laku tag-trenink\" data-postid=\"10551\" role=\"article\" data-post-id=\"10551\" data-word-count=\"530\" data-headline-length=\"40\" data-category=\"Na kole v zim\u011b\" data-author=\"Kry\u0161tof Kopic\" data-published=\"2020-11-08T07:00:10+02:00\" data-published-day=\"Sunday\">\n    <div class=\"entry-thumbnail article-thumbnail\" content=\"https:\/\/d2p6e6u75xmxt8.cloudfront.net\/13\/2020\/11\/WLC-bahno-scaled-150x150.webp\"><a href=\"https:\/\/www.welovecycling.com\/cs\/2020\/11\/08\/deset-tipu-jak-pripravit-kolo-na-zimu\/\" class=\"image-holder\" target=\"_self\"><img decoding=\"async\" loading=\"lazy\" class=\"\" src=\"https:\/\/d2p6e6u75xmxt8.cloudfront.net\/13\/2020\/11\/WLC-bahno-scaled-1024x576.webp\" srcset=\"https:\/\/d2p6e6u75xmxt8.cloudfront.net\/13\/2020\/11\/WLC-bahno-scaled.webp 2560w, https:\/\/d2p6e6u75xmxt8.cloudfront.net\/13\/2020\/11\/WLC-bahno-scaled-300x169.webp 300w, https:\/\/d2p6e6u75xmxt8.cloudfront.net\/13\/2020\/11\/WLC-bahno-scaled-1024x576.webp 1024w, https:\/\/d2p6e6u75xmxt8.cloudfront.net\/13\/2020\/11\/WLC-bahno-scaled-768x432.webp 768w, https:\/\/d2p6e6u75xmxt8.cloudfront.net\/13\/2020\/11\/WLC-bahno-scaled-1536x864.webp 1536w, https:\/\/d2p6e6u75xmxt8.cloudfront.net\/13\/2020\/11\/WLC-bahno-scaled-2048x1152.webp 2048w, https:\/\/d2p6e6u75xmxt8.cloudfront.net\/13\/2020\/11\/WLC-bahno-scaled-1920x1080.webp 1920w, https:\/\/d2p6e6u75xmxt8.cloudfront.net\/13\/2020\/11\/WLC-bahno-scaled-1920x1080.webp 1920w\" width=\"1024\" height=\"576\" sizes=\"auto, (min-width: 1200px) 356px, (min-width: 768px) 30vw, 100vw\" alt=\"deset-tipu-jak-pripravit-kolo-na-zimu\"\/><\/a><\/div>    <div class=\"entry-meta\">\n        <a class=\"label label-secondary post-category\" href=\"https:\/\/www.welovecycling.com\/cs\/category\/zima2022\/\" title=\"Na kole v zim\u011b\">Na kole v zim\u011b<\/a>\n    <\/div>\n    <div class=\"entry-details\">\n        <a href=\"https:\/\/www.welovecycling.com\/cs\/2020\/11\/08\/deset-tipu-jak-pripravit-kolo-na-zimu\/\" class='entry-title-wrapper'>\n            <h3 class=\"entry-title\"><span>Deset tip\u016f, jak p\u0159ipravit kolo na zimu<\/span><\/h3>\n        <\/a>\n    <\/div>\n    <\/article>\n<\/div>\n<p>V mraziv\u00fdch dnech n\u011bkte\u0159\u00ed cyklist\u00e9 r\u00e1di pou\u017e\u00edvaj\u00ed m\u00edsto \u010depi\u010dky kuklu kryj\u00edc\u00ed tak\u00e9 nos a \u00fasta. Jin\u00ed toto \u0159e\u0161en\u00ed ale pova\u017euj\u00ed za nekomfortn\u00ed, t\u0159eba u\u017e jen kv\u016fli kondenzaci vydechovan\u00fdch par na l\u00e1tce.<\/p>\n<figure id=\"attachment_10651\" aria-describedby=\"caption-attachment-10651\" style=\"width: 1280px\" class=\"wp-caption alignnone\"><a href=\"https:\/\/d2p6e6u75xmxt8.cloudfront.net\/13\/2020\/11\/navlek-na-prilbu.jpg\"><img loading=\"lazy\" decoding=\"async\" class=\"size-full wp-image-10651\" src=\"https:\/\/d2p6e6u75xmxt8.cloudfront.net\/13\/2020\/11\/navlek-na-prilbu.jpg\" alt=\"N\u00e1vlek na p\u0159ilbu\" width=\"1280\" height=\"960\" \/><\/a><figcaption id=\"caption-attachment-10651\" class=\"wp-caption-text\"><em>Speci\u00e1ln\u00ed n\u00e1vlek na p\u0159ilbu pom\u016f\u017ee proti v\u011btru a ochr\u00e1n\u00ed hlavu i v de\u0161ti.<\/em><\/figcaption><\/figure>\n<p>Zaj\u00edmav\u00fdm trikem, jak omezit ochlazov\u00e1n\u00ed hlavy, je p\u0159elepen\u00ed ventila\u010dn\u00edch otvor\u016f helmy p\u00e1skou, alternativn\u011b po\u0159\u00edzen\u00ed speci\u00e1ln\u00edho n\u00e1vleku na p\u0159ilbu. Ten pom\u016f\u017ee nejen proti v\u011btru, ale i v de\u0161ti. V zimn\u00edch m\u011bs\u00edc\u00edch ocen\u00edte tak\u00e9 \u010dir\u00e9 br\u00fdle s velk\u00fdm zorn\u00edkem, proto\u017ee ka\u017ed\u00e1 ochrana obli\u010deje se po\u010d\u00edt\u00e1.<\/p>\n<h2><strong>Ochrana krku: kl\u00ed\u010dov\u00e1 pro tepeln\u00fd komfort<\/strong><\/h2>\n<p>Oblast krku a p\u0159edev\u0161\u00edm \u0161\u00edje je pro pocit tepeln\u00e9ho komfortu kl\u00ed\u010dov\u00e1. Volte proto svr\u0161ky s vy\u0161\u0161\u00edm l\u00edmcem zpracovan\u00fdm tak, aby za n\u011bj nezafukovalo. V \u017e\u00e1dn\u00e9m p\u0159\u00edpad\u011b ale neud\u011bl\u00e1te chybu, kdy\u017e p\u0159es l\u00edmec bundy nat\u00e1hnete n\u00e1kr\u010dn\u00edk (tubusov\u00fd \u0161\u00e1tek).<\/p>\n<h2><strong>Ochrana rukou: krab\u00ed modely \u010di n\u00e1vleky na \u0159\u00edd\u00edtka<\/strong><\/h2>\n<p>Co si po\u010d\u00edt, kdy\u017e ani kvalitn\u00ed zimn\u00ed rukavice nedok\u00e1\u017e\u00ed zabr\u00e1nit mrznut\u00ed prst\u016f? Pokud nejsou va\u0161e st\u00e1vaj\u00edc\u00ed rukavice \u00fapln\u011b t\u011bsn\u00e9, m\u016f\u017eete do nich po\u0159\u00eddit je\u0161t\u011b tenk\u00e9 vlo\u017eky (nap\u0159\u00edklad i vln\u011bn\u00e9).<\/p>\n<figure id=\"attachment_10654\" aria-describedby=\"caption-attachment-10654\" style=\"width: 1280px\" class=\"wp-caption alignnone\"><a href=\"https:\/\/d2p6e6u75xmxt8.cloudfront.net\/13\/2020\/11\/triprste-rukavice.jpg\"><img loading=\"lazy\" decoding=\"async\" class=\"size-full wp-image-10654\" src=\"https:\/\/d2p6e6u75xmxt8.cloudfront.net\/13\/2020\/11\/triprste-rukavice.jpg\" alt=\"T\u0159\u00edprst\u00e9 rukavice zajist\u00ed ka\u017ed\u00e9mu cyklistovi n\u00e1le\u017eit\u00fd tepeln\u00fd komfort i v mraziv\u00fdch podm\u00ednk\u00e1ch.\" width=\"1280\" height=\"1214\" \/><\/a><figcaption id=\"caption-attachment-10654\" class=\"wp-caption-text\"><em>T\u0159\u00edprst\u00e9 rukavice zajist\u00ed ka\u017ed\u00e9mu cyklistovi n\u00e1le\u017eit\u00fd tepeln\u00fd komfort i v mraziv\u00fdch podm\u00ednk\u00e1ch.<\/em><\/figcaption><\/figure>\n<p>Vcelku \u00fa\u010dinn\u00fdm \u0159e\u0161en\u00edm je tak\u00e9 netradi\u010dn\u00ed st\u0159ih rukavic, kde jsou v\u017edy dva prsty pohromad\u011b. Tyto \u201ekrab\u00ed\u201c modely vznikly ve snaze zprost\u0159edkovat vlastnosti pal\u010d\u00e1k\u016f p\u0159i zachov\u00e1n\u00ed schopnosti ovl\u00e1dat kolo.<\/p>\n<figure id=\"attachment_10652\" aria-describedby=\"caption-attachment-10652\" style=\"width: 720px\" class=\"wp-caption alignnone\"><a href=\"https:\/\/d2p6e6u75xmxt8.cloudfront.net\/13\/2020\/11\/navleky-na-ruce_riditka.jpg\"><img loading=\"lazy\" decoding=\"async\" class=\"size-full wp-image-10652\" src=\"https:\/\/d2p6e6u75xmxt8.cloudfront.net\/13\/2020\/11\/navleky-na-ruce_riditka.jpg\" alt=\"N\u00e1vleky na \u0159\u00edd\u00edtka\" width=\"720\" height=\"720\" \/><\/a><figcaption id=\"caption-attachment-10652\" class=\"wp-caption-text\"><em>Zateplen\u00e9 n\u00e1vleky na \u0159\u00edd\u00edtka p\u0159edstavuj\u00ed maxim\u00e1ln\u00ed \u00farove\u0148 pasivn\u00ed ochrany p\u0159ed zimou.<\/em><\/figcaption><\/figure>\n<p>V \u010desk\u00fdch zem\u011bpisn\u00fdch \u0161\u00ed\u0159k\u00e1ch z\u0159\u00eddka v\u00eddan\u00e9, ale v seversk\u00fdch zem\u00edch b\u011b\u017en\u00e9, jsou zateplen\u00e9 n\u00e1vleky na \u0159\u00edd\u00edtka. Ty p\u0159edstavuj\u00ed maxim\u00e1ln\u00ed \u00farove\u0148 pasivn\u00ed ochrany p\u0159ed chladem.<\/p>\n<div class=\"shortcode-ys-post-pinup\"><article class=\"loop-simple post-10459 post type-post status-publish format-standard has-post-thumbnail hentry category-silnicni-cyklistika category-https-www-welovecycling-com-cs-category-zabava tag-cyklistika tag-fixie tag-ganteruv-most tag-gottharsky-prusmyk tag-patrick-seabase tag-silnicni-cyklistika tag-trenink global-categories-cycling\" data-postid=\"10459\" role=\"article\" data-post-id=\"10459\" data-word-count=\"580\" data-headline-length=\"65\" data-category=\"Silni\u010dn\u00ed cyklistika\" data-global-category=\"Cycling\" data-author=\"Marek Novotn\u00fd\" data-published=\"2020-11-01T07:00:16+02:00\" data-published-day=\"Sunday\">\n    <div class=\"entry-thumbnail article-thumbnail\" content=\"https:\/\/d2p6e6u75xmxt8.cloudfront.net\/13\/2020\/10\/seabase-2-scaled-150x150.webp\"><a href=\"https:\/\/www.welovecycling.com\/cs\/2020\/11\/01\/330-kilometru-pres-alpska-sedla-jeden-prevod-zadne-brzdy\/\" class=\"image-holder\" target=\"_self\"><img decoding=\"async\" loading=\"lazy\" class=\"\" src=\"https:\/\/d2p6e6u75xmxt8.cloudfront.net\/13\/2020\/10\/seabase-2-scaled-1024x682.webp\" srcset=\"https:\/\/d2p6e6u75xmxt8.cloudfront.net\/13\/2020\/10\/seabase-2-scaled.webp 2560w, https:\/\/d2p6e6u75xmxt8.cloudfront.net\/13\/2020\/10\/seabase-2-scaled-300x200.webp 300w, https:\/\/d2p6e6u75xmxt8.cloudfront.net\/13\/2020\/10\/seabase-2-scaled-1024x682.webp 1024w, https:\/\/d2p6e6u75xmxt8.cloudfront.net\/13\/2020\/10\/seabase-2-scaled-768x512.webp 768w, https:\/\/d2p6e6u75xmxt8.cloudfront.net\/13\/2020\/10\/seabase-2-scaled-1536x1024.webp 1536w, https:\/\/d2p6e6u75xmxt8.cloudfront.net\/13\/2020\/10\/seabase-2-scaled-2048x1365.webp 2048w, https:\/\/d2p6e6u75xmxt8.cloudfront.net\/13\/2020\/10\/seabase-2-scaled-1920x1280.webp 1920w, https:\/\/d2p6e6u75xmxt8.cloudfront.net\/13\/2020\/10\/seabase-2-scaled-272x182.webp 272w, https:\/\/d2p6e6u75xmxt8.cloudfront.net\/13\/2020\/10\/seabase-2-scaled-1920x1280.webp 1920w\" width=\"1024\" height=\"682\" sizes=\"auto, (min-width: 1200px) 300px, (min-width: 768px) 25vw, 100vw\" alt=\"330-kilometru-pres-alpska-sedla-jeden-prevod-zadne-brzdy\"\/><\/a><\/div>    <div class=\"entry-meta\">\n        <a class=\"label label-secondary post-category\" href=\"https:\/\/www.welovecycling.com\/cs\/category\/silnicni-cyklistika\/\" title=\"Silni\u010dn\u00ed cyklistika\">Silni\u010dn\u00ed cyklistika<\/a>\n    <\/div>\n    <div class=\"entry-details\">\n        <a href=\"https:\/\/www.welovecycling.com\/cs\/2020\/11\/01\/330-kilometru-pres-alpska-sedla-jeden-prevod-zadne-brzdy\/\" class='entry-title-wrapper'>\n            <h3 class=\"entry-title\"><span>330 kilometr\u016f p\u0159es alpsk\u00e1 sedla, jeden p\u0159evod, \u017e\u00e1dn\u00e9 brzdy<\/span><\/h3>\n        <\/a>\n    <\/div>\n    <\/article>\n<\/div>\n<p>Dal\u0161\u00ed mo\u017enost\u00ed je dodat teplo ruk\u00e1m um\u011ble. Na trhu jsou dnes i rukavice s elektrick\u00fdm vyh\u0159\u00edv\u00e1n\u00edm (nap\u00e1jen\u00ed akumul\u00e1torem), p\u0159\u00edpadn\u011b lze do rukavic zakoupit s\u00e1\u010dky, kter\u00e9 vytv\u00e1\u0159\u00ed teplo chemickou reakc\u00ed.<\/p>\n<h2><strong>Ochrana nohou: hlin\u00edkov\u00e1 f\u00f3lie \u010di speci\u00e1ln\u00ed tretry<\/strong><\/h2>\n<p>Z\u00e1kladem pohodln\u00e9 zimn\u00ed j\u00edzdy jsou kvalitn\u00ed tepl\u00e9 pono\u017eky a spr\u00e1vn\u011b zvolen\u00e1 velikost obuvi, noha toti\u017e nesm\u00ed b\u00fdt v bot\u011b p\u0159\u00edli\u0161 utiskov\u00e1na. Tretry by tedy m\u011bly b\u00fdt sp\u00ed\u0161e v\u011bt\u0161\u00ed a tak\u00e9 pozor na p\u0159im\u011b\u0159en\u00e9 sta\u017een\u00ed up\u00ednac\u00edho mechanizmu. Dal\u0161\u00edm trikem je pou\u017eit\u00ed izolovan\u00fdch zimn\u00edch st\u00e9lek, p\u0159\u00edpadn\u011b um\u00edst\u011bn\u00ed hlin\u00edkov\u00e9 f\u00f3lie mezi st\u00e9lku a pode\u0161ev.<\/p>\n<figure id=\"attachment_10655\" aria-describedby=\"caption-attachment-10655\" style=\"width: 800px\" class=\"wp-caption alignnone\"><a href=\"https:\/\/d2p6e6u75xmxt8.cloudfront.net\/13\/2020\/11\/vyhrivane-vlozky.jpg\"><img loading=\"lazy\" decoding=\"async\" class=\"size-full wp-image-10655\" src=\"https:\/\/d2p6e6u75xmxt8.cloudfront.net\/13\/2020\/11\/vyhrivane-vlozky.jpg\" alt=\"Vyh\u0159\u00edvan\u00e9 vlo\u017eky jsou v zim\u011b v\u00edtan\u00fdm dopl\u0148kem cyklistick\u00e9 v\u00fdbavy..\" width=\"800\" height=\"800\" \/><\/a><figcaption id=\"caption-attachment-10655\" class=\"wp-caption-text\"><em>Vyh\u0159\u00edvan\u00e9 vlo\u017eky jsou v zim\u011b v\u00edtan\u00fdm dopl\u0148kem cyklistick\u00e9 v\u00fdbavy..<\/em><\/figcaption><\/figure>\n<p>Navazuj\u00edc\u00edm stupn\u011bm ochrany jsou n\u00e1vleky na tretry. Ne v\u0161echny jsou ale stejn\u00e9, existuj\u00ed \u010dasovk\u00e1\u0159sk\u00e9 modely, kter\u00e9 jen vylep\u0161uj\u00ed aerodynamiku, lehk\u00e9 membr\u00e1nov\u00e9 typy pro jaro \u010di podzim, tenk\u00e9 pogumovan\u00e9 proti de\u0161ti&#8230; Do zimn\u00edch pl\u00edskanic se nejl\u00e9pe hod\u00ed n\u00e1vleky ze siln\u00e9ho neoprenu, kter\u00e9 p\u0159in\u00e1\u0161\u00ed vod\u011bodolnost, dobrou termoizolaci a navrch je\u0161t\u011b solidn\u00ed \u017eivotnost.<\/p>\n<figure id=\"attachment_10656\" aria-describedby=\"caption-attachment-10656\" style=\"width: 1000px\" class=\"wp-caption alignnone\"><a href=\"https:\/\/d2p6e6u75xmxt8.cloudfront.net\/13\/2020\/11\/zimni-tretry.jpg\"><img loading=\"lazy\" decoding=\"async\" class=\"size-full wp-image-10656\" src=\"https:\/\/d2p6e6u75xmxt8.cloudfront.net\/13\/2020\/11\/zimni-tretry.jpg\" alt=\"Zimn\u00ed tretry jsou v p\u0159\u00edpad\u011b pravideln\u00e9ho tr\u00e9ninku v ne\u010dase velmi dobrou investic\u00ed.\" width=\"1000\" height=\"1000\" \/><\/a><figcaption id=\"caption-attachment-10656\" class=\"wp-caption-text\"><em>Zimn\u00ed tretry jsou v p\u0159\u00edpad\u011b pravideln\u00e9ho tr\u00e9ninku v ne\u010dase velmi dobrou investic\u00ed.<\/em><\/figcaption><\/figure>\n<p>Pokud v\u0161ak jezd\u00edte pravideln\u011b, zamyslete se nad po\u0159\u00edzen\u00edm zimn\u00edch treter. Investice je to vysok\u00e1 pouze zd\u00e1nliv\u011b \u2013 vydr\u017e\u00ed mnohem d\u00e9le ne\u017e n\u00e1vleky, umo\u017en\u00ed v\u00e1m \u0161et\u0159it va\u0161e letn\u00ed tretry a komfort u\u017e\u00edv\u00e1n\u00ed je nesrovnateln\u011b vy\u0161\u0161\u00ed. Pokud by ani zimn\u00ed tretry nepomohly, op\u011bt jsou tu elektricky vyh\u0159\u00edvan\u00e9 st\u00e9lky nebo pono\u017eky, p\u0159\u00edpadn\u011b h\u0159ejiv\u00e9 s\u00e1\u010dky.<\/p>\n","protected":false},"excerpt":{"rendered":"<p>Modern\u00ed funk\u010dn\u00ed materi\u00e1ly ud\u011blaly z cyklistiky v podstat\u011b celoro\u010dn\u011b komfortn\u00ed aktivitu. \u010cesk\u00e1 zima je v\u0161ak siln\u00fd soupe\u0159, kter\u00e9ho se nevyplat\u00ed [&hellip;]<\/p>\n","protected":false},"author":137,"featured_media":10653,"comment_status":"open","ping_status":"open","sticky":false,"template":"","format":"standard","meta":{"footnotes":""},"categories":[2704,6],"tags":[1277,684,126,278,56,1279,9,27,1278],"global-categories":[411],"class_list":["post-10649","post","type-post","status-publish","format-standard","has-post-thumbnail","hentry","category-zima2022","category-zdravi-a-trenink","tag-cyklisticka-cepicka","tag-cyklisticke-obleceni","tag-cyklistika","tag-cyklotrenink","tag-horska-cyklistika","tag-navleky-na-tretry","tag-silnicni-cyklistika","tag-trenink","tag-zimni-cyklisticke-tretry","global-categories-cycling"],"yoast_head":"<!-- This site is optimized with the Yoast SEO Premium plugin v25.3 (Yoast SEO v25.9) - https:\/\/yoast.com\/wordpress\/plugins\/seo\/ -->\n<title>Vychyt\u00e1vky pro cyklisty na zimu: speci\u00e1ln\u00ed n\u00e1vleky \u010di elektrick\u00e9 vyh\u0159\u00edv\u00e1n\u00ed | \u0160koda We Love Cycling - \u010cesk\u00e1 republika<\/title>\n<meta name=\"description\" content=\"Ruce, nohy a hlava b\u00fdvaj\u00ed p\u0159i zimn\u00ed cyklistice zdrojem nepohodl\u00ed. .Jak v sedle kola ochr\u00e1nit citliv\u00e9 \u010d\u00e1sti t\u011bla pomoc\u00ed speci\u00e1ln\u00edch dopl\u0148k\u016f?\" \/>\n<meta name=\"robots\" content=\"index, follow, max-snippet:-1, max-image-preview:large, max-video-preview:-1\" \/>\n<link rel=\"canonical\" href=\"https:\/\/www.welovecycling.com\/cs\/2020\/11\/15\/vychytavky-pro-cyklisty-na-zimu-specialni-navleky-ci-elektricke-vyhrivani\/\" \/>\n<meta property=\"og:locale\" content=\"cs_CZ\" \/>\n<meta property=\"og:type\" content=\"article\" \/>\n<meta property=\"og:title\" content=\"Vychyt\u00e1vky pro cyklisty na zimu: speci\u00e1ln\u00ed n\u00e1vleky \u010di elektrick\u00e9 vyh\u0159\u00edv\u00e1n\u00ed\" \/>\n<meta property=\"og:description\" content=\"Ruce, nohy a hlava b\u00fdvaj\u00ed p\u0159i zimn\u00ed cyklistice zdrojem nepohodl\u00ed. .Jak v sedle kola ochr\u00e1nit citliv\u00e9 \u010d\u00e1sti t\u011bla pomoc\u00ed speci\u00e1ln\u00edch dopl\u0148k\u016f?\" \/>\n<meta property=\"og:url\" content=\"https:\/\/www.welovecycling.com\/cs\/2020\/11\/15\/vychytavky-pro-cyklisty-na-zimu-specialni-navleky-ci-elektricke-vyhrivani\/\" \/>\n<meta property=\"og:site_name\" content=\"\u0160koda We Love Cycling - \u010cesk\u00e1 republika\" \/>\n<meta property=\"article:published_time\" content=\"2020-11-15T05:00:00+00:00\" \/>\n<meta property=\"article:modified_time\" content=\"2022-11-23T16:10:08+00:00\" \/>\n<meta property=\"og:image\" content=\"https:\/\/d2p6e6u75xmxt8.cloudfront.net\/13\/2020\/11\/navleky_na_tretry.webp\" \/>\n\t<meta property=\"og:image:width\" content=\"2500\" \/>\n\t<meta property=\"og:image:height\" content=\"2500\" \/>\n\t<meta property=\"og:image:type\" content=\"image\/webp\" \/>\n<meta name=\"author\" content=\"bartosek\" \/>\n<meta name=\"twitter:card\" content=\"summary_large_image\" \/>\n<meta name=\"twitter:label1\" content=\"Written by\" \/>\n\t<meta name=\"twitter:data1\" content=\"Marek Novotn\u00fd\" \/>\n\t<meta name=\"twitter:label2\" content=\"Est. reading time\" \/>\n\t<meta name=\"twitter:data2\" content=\"5\" \/>\n<script type=\"application\/ld+json\" class=\"yoast-schema-graph\">{\"@context\":\"https:\/\/schema.org\",\"@graph\":[{\"@type\":\"WebPage\",\"@id\":\"https:\/\/www.welovecycling.com\/cs\/2020\/11\/15\/vychytavky-pro-cyklisty-na-zimu-specialni-navleky-ci-elektricke-vyhrivani\/\",\"url\":\"https:\/\/www.welovecycling.com\/cs\/2020\/11\/15\/vychytavky-pro-cyklisty-na-zimu-specialni-navleky-ci-elektricke-vyhrivani\/\",\"name\":\"Vychyt\u00e1vky pro cyklisty na zimu: speci\u00e1ln\u00ed n\u00e1vleky \u010di elektrick\u00e9 vyh\u0159\u00edv\u00e1n\u00ed | \u0160koda We Love Cycling - \u010cesk\u00e1 republika\",\"isPartOf\":{\"@id\":\"https:\/\/www.welovecycling.com\/cs\/#website\"},\"primaryImageOfPage\":{\"@id\":\"https:\/\/www.welovecycling.com\/cs\/2020\/11\/15\/vychytavky-pro-cyklisty-na-zimu-specialni-navleky-ci-elektricke-vyhrivani\/#primaryimage\"},\"image\":{\"@id\":\"https:\/\/www.welovecycling.com\/cs\/2020\/11\/15\/vychytavky-pro-cyklisty-na-zimu-specialni-navleky-ci-elektricke-vyhrivani\/#primaryimage\"},\"thumbnailUrl\":\"https:\/\/d2p6e6u75xmxt8.cloudfront.net\/13\/2020\/11\/navleky_na_tretry.webp\",\"datePublished\":\"2020-11-15T05:00:00+00:00\",\"dateModified\":\"2022-11-23T16:10:08+00:00\",\"author\":{\"@id\":\"https:\/\/www.welovecycling.com\/cs\/#\/schema\/person\/e1c6405fe3725f2ffb5db320c875ea31\"},\"description\":\"Ruce, nohy a hlava b\u00fdvaj\u00ed p\u0159i zimn\u00ed cyklistice zdrojem nepohodl\u00ed. .Jak v sedle kola ochr\u00e1nit citliv\u00e9 \u010d\u00e1sti t\u011bla pomoc\u00ed speci\u00e1ln\u00edch dopl\u0148k\u016f?\",\"inLanguage\":\"cs\",\"potentialAction\":[{\"@type\":\"ReadAction\",\"target\":[\"https:\/\/www.welovecycling.com\/cs\/2020\/11\/15\/vychytavky-pro-cyklisty-na-zimu-specialni-navleky-ci-elektricke-vyhrivani\/\"]}]},{\"@type\":\"ImageObject\",\"inLanguage\":\"cs\",\"@id\":\"https:\/\/www.welovecycling.com\/cs\/2020\/11\/15\/vychytavky-pro-cyklisty-na-zimu-specialni-navleky-ci-elektricke-vyhrivani\/#primaryimage\",\"url\":\"https:\/\/d2p6e6u75xmxt8.cloudfront.net\/13\/2020\/11\/navleky_na_tretry.webp\",\"contentUrl\":\"https:\/\/d2p6e6u75xmxt8.cloudfront.net\/13\/2020\/11\/navleky_na_tretry.webp\",\"width\":2500,\"height\":2500},{\"@type\":\"WebSite\",\"@id\":\"https:\/\/www.welovecycling.com\/cs\/#website\",\"url\":\"https:\/\/www.welovecycling.com\/cs\/\",\"name\":\"\u0160koda We Love Cycling - \u010cesk\u00e1 republika\",\"description\":\"WeLoveCycling.cz je online magaz\u00edn, kter\u00fd v\u00e1m pravideln\u011b p\u0159in\u00e1\u0161\u00ed rady a tipy, zaj\u00edmav\u00e9 \u010dl\u00e1nky, videa a jedine\u010dn\u00e9 report\u00e1\u017ee ze sv\u011bta cyklistiky.\",\"potentialAction\":[{\"@type\":\"SearchAction\",\"target\":{\"@type\":\"EntryPoint\",\"urlTemplate\":\"https:\/\/www.welovecycling.com\/cs\/?s={search_term_string}\"},\"query-input\":{\"@type\":\"PropertyValueSpecification\",\"valueRequired\":true,\"valueName\":\"search_term_string\"}}],\"inLanguage\":\"cs\"},{\"@type\":\"Person\",\"@id\":\"https:\/\/www.welovecycling.com\/cs\/#\/schema\/person\/e1c6405fe3725f2ffb5db320c875ea31\",\"name\":\"bartosek\",\"image\":{\"@type\":\"ImageObject\",\"inLanguage\":\"cs\",\"@id\":\"https:\/\/www.welovecycling.com\/cs\/#\/schema\/person\/image\/\",\"url\":\"https:\/\/secure.gravatar.com\/avatar\/0e88996c3e5788daece0439a835b6439c171a42e3978ec00cfb1913dd71bef33?s=96&d=mm&r=g\",\"contentUrl\":\"https:\/\/secure.gravatar.com\/avatar\/0e88996c3e5788daece0439a835b6439c171a42e3978ec00cfb1913dd71bef33?s=96&d=mm&r=g\",\"caption\":\"bartosek\"},\"url\":\"https:\/\/www.welovecycling.com\/cs\/author\/bartosek\/\"}]}<\/script>\n<!-- \/ Yoast SEO Premium plugin. -->","yoast_head_json":{"title":"Vychyt\u00e1vky pro cyklisty na zimu: speci\u00e1ln\u00ed n\u00e1vleky \u010di elektrick\u00e9 vyh\u0159\u00edv\u00e1n\u00ed | \u0160koda We Love Cycling - \u010cesk\u00e1 republika","description":"Ruce, nohy a hlava b\u00fdvaj\u00ed p\u0159i zimn\u00ed cyklistice zdrojem nepohodl\u00ed. .Jak v sedle kola ochr\u00e1nit citliv\u00e9 \u010d\u00e1sti t\u011bla pomoc\u00ed speci\u00e1ln\u00edch dopl\u0148k\u016f?","robots":{"index":"index","follow":"follow","max-snippet":"max-snippet:-1","max-image-preview":"max-image-preview:large","max-video-preview":"max-video-preview:-1"},"canonical":"https:\/\/www.welovecycling.com\/cs\/2020\/11\/15\/vychytavky-pro-cyklisty-na-zimu-specialni-navleky-ci-elektricke-vyhrivani\/","og_locale":"cs_CZ","og_type":"article","og_title":"Vychyt\u00e1vky pro cyklisty na zimu: speci\u00e1ln\u00ed n\u00e1vleky \u010di elektrick\u00e9 vyh\u0159\u00edv\u00e1n\u00ed","og_description":"Ruce, nohy a hlava b\u00fdvaj\u00ed p\u0159i zimn\u00ed cyklistice zdrojem nepohodl\u00ed. .Jak v sedle kola ochr\u00e1nit citliv\u00e9 \u010d\u00e1sti t\u011bla pomoc\u00ed speci\u00e1ln\u00edch dopl\u0148k\u016f?","og_url":"https:\/\/www.welovecycling.com\/cs\/2020\/11\/15\/vychytavky-pro-cyklisty-na-zimu-specialni-navleky-ci-elektricke-vyhrivani\/","og_site_name":"\u0160koda We Love Cycling - \u010cesk\u00e1 republika","article_published_time":"2020-11-15T05:00:00+00:00","article_modified_time":"2022-11-23T16:10:08+00:00","og_image":[{"width":2500,"height":2500,"url":"https:\/\/d2p6e6u75xmxt8.cloudfront.net\/13\/2020\/11\/navleky_na_tretry.webp","type":"image\/webp"}],"author":"bartosek","twitter_card":"summary_large_image","twitter_misc":{"Written by":"Marek Novotn\u00fd","Est. reading time":"5"},"schema":{"@context":"https:\/\/schema.org","@graph":[{"@type":"WebPage","@id":"https:\/\/www.welovecycling.com\/cs\/2020\/11\/15\/vychytavky-pro-cyklisty-na-zimu-specialni-navleky-ci-elektricke-vyhrivani\/","url":"https:\/\/www.welovecycling.com\/cs\/2020\/11\/15\/vychytavky-pro-cyklisty-na-zimu-specialni-navleky-ci-elektricke-vyhrivani\/","name":"Vychyt\u00e1vky pro cyklisty na zimu: speci\u00e1ln\u00ed n\u00e1vleky \u010di elektrick\u00e9 vyh\u0159\u00edv\u00e1n\u00ed | \u0160koda We Love Cycling - \u010cesk\u00e1 republika","isPartOf":{"@id":"https:\/\/www.welovecycling.com\/cs\/#website"},"primaryImageOfPage":{"@id":"https:\/\/www.welovecycling.com\/cs\/2020\/11\/15\/vychytavky-pro-cyklisty-na-zimu-specialni-navleky-ci-elektricke-vyhrivani\/#primaryimage"},"image":{"@id":"https:\/\/www.welovecycling.com\/cs\/2020\/11\/15\/vychytavky-pro-cyklisty-na-zimu-specialni-navleky-ci-elektricke-vyhrivani\/#primaryimage"},"thumbnailUrl":"https:\/\/d2p6e6u75xmxt8.cloudfront.net\/13\/2020\/11\/navleky_na_tretry.webp","datePublished":"2020-11-15T05:00:00+00:00","dateModified":"2022-11-23T16:10:08+00:00","author":{"@id":"https:\/\/www.welovecycling.com\/cs\/#\/schema\/person\/e1c6405fe3725f2ffb5db320c875ea31"},"description":"Ruce, nohy a hlava b\u00fdvaj\u00ed p\u0159i zimn\u00ed cyklistice zdrojem nepohodl\u00ed. .Jak v sedle kola ochr\u00e1nit citliv\u00e9 \u010d\u00e1sti t\u011bla pomoc\u00ed speci\u00e1ln\u00edch dopl\u0148k\u016f?","inLanguage":"cs","potentialAction":[{"@type":"ReadAction","target":["https:\/\/www.welovecycling.com\/cs\/2020\/11\/15\/vychytavky-pro-cyklisty-na-zimu-specialni-navleky-ci-elektricke-vyhrivani\/"]}]},{"@type":"ImageObject","inLanguage":"cs","@id":"https:\/\/www.welovecycling.com\/cs\/2020\/11\/15\/vychytavky-pro-cyklisty-na-zimu-specialni-navleky-ci-elektricke-vyhrivani\/#primaryimage","url":"https:\/\/d2p6e6u75xmxt8.cloudfront.net\/13\/2020\/11\/navleky_na_tretry.webp","contentUrl":"https:\/\/d2p6e6u75xmxt8.cloudfront.net\/13\/2020\/11\/navleky_na_tretry.webp","width":2500,"height":2500},{"@type":"WebSite","@id":"https:\/\/www.welovecycling.com\/cs\/#website","url":"https:\/\/www.welovecycling.com\/cs\/","name":"\u0160koda We Love Cycling - \u010cesk\u00e1 republika","description":"WeLoveCycling.cz je online magaz\u00edn, kter\u00fd v\u00e1m pravideln\u011b p\u0159in\u00e1\u0161\u00ed rady a tipy, zaj\u00edmav\u00e9 \u010dl\u00e1nky, videa a jedine\u010dn\u00e9 report\u00e1\u017ee ze sv\u011bta cyklistiky.","potentialAction":[{"@type":"SearchAction","target":{"@type":"EntryPoint","urlTemplate":"https:\/\/www.welovecycling.com\/cs\/?s={search_term_string}"},"query-input":{"@type":"PropertyValueSpecification","valueRequired":true,"valueName":"search_term_string"}}],"inLanguage":"cs"},{"@type":"Person","@id":"https:\/\/www.welovecycling.com\/cs\/#\/schema\/person\/e1c6405fe3725f2ffb5db320c875ea31","name":"bartosek","image":{"@type":"ImageObject","inLanguage":"cs","@id":"https:\/\/www.welovecycling.com\/cs\/#\/schema\/person\/image\/","url":"https:\/\/secure.gravatar.com\/avatar\/0e88996c3e5788daece0439a835b6439c171a42e3978ec00cfb1913dd71bef33?s=96&d=mm&r=g","contentUrl":"https:\/\/secure.gravatar.com\/avatar\/0e88996c3e5788daece0439a835b6439c171a42e3978ec00cfb1913dd71bef33?s=96&d=mm&r=g","caption":"bartosek"},"url":"https:\/\/www.welovecycling.com\/cs\/author\/bartosek\/"}]}},"_links":{"self":[{"href":"https:\/\/www.welovecycling.com\/cs\/wp-json\/wp\/v2\/posts\/10649","targetHints":{"allow":["GET"]}}],"collection":[{"href":"https:\/\/www.welovecycling.com\/cs\/wp-json\/wp\/v2\/posts"}],"about":[{"href":"https:\/\/www.welovecycling.com\/cs\/wp-json\/wp\/v2\/types\/post"}],"author":[{"embeddable":true,"href":"https:\/\/www.welovecycling.com\/cs\/wp-json\/wp\/v2\/users\/137"}],"replies":[{"embeddable":true,"href":"https:\/\/www.welovecycling.com\/cs\/wp-json\/wp\/v2\/comments?post=10649"}],"version-history":[{"count":2,"href":"https:\/\/www.welovecycling.com\/cs\/wp-json\/wp\/v2\/posts\/10649\/revisions"}],"predecessor-version":[{"id":10662,"href":"https:\/\/www.welovecycling.com\/cs\/wp-json\/wp\/v2\/posts\/10649\/revisions\/10662"}],"wp:featuredmedia":[{"embeddable":true,"href":"https:\/\/www.welovecycling.com\/cs\/wp-json\/wp\/v2\/media\/10653"}],"wp:attachment":[{"href":"https:\/\/www.welovecycling.com\/cs\/wp-json\/wp\/v2\/media?parent=10649"}],"wp:term":[{"taxonomy":"category","embeddable":true,"href":"https:\/\/www.welovecycling.com\/cs\/wp-json\/wp\/v2\/categories?post=10649"},{"taxonomy":"post_tag","embeddable":true,"href":"https:\/\/www.welovecycling.com\/cs\/wp-json\/wp\/v2\/tags?post=10649"},{"taxonomy":"global-categories","embeddable":true,"href":"https:\/\/www.welovecycling.com\/cs\/wp-json\/wp\/v2\/global-categories?post=10649"}],"curies":[{"name":"wp","href":"https:\/\/api.w.org\/{rel}","templated":true}]}}