{"id":10631,"date":"2020-11-11T07:00:42","date_gmt":"2020-11-11T05:00:42","guid":{"rendered":"https:\/\/www.welovecycling.com\/cs\/?p=10631"},"modified":"2020-11-09T18:33:19","modified_gmt":"2020-11-09T16:33:19","slug":"je-roglic-nejlepsi-cyklista-sezony-na-tour-se-poklonil-krajanovi-vueltu-ovladl","status":"publish","type":"post","link":"https:\/\/www.welovecycling.com\/cs\/2020\/11\/11\/je-roglic-nejlepsi-cyklista-sezony-na-tour-se-poklonil-krajanovi-vueltu-ovladl\/","title":{"rendered":"Je Rogli\u010d nejlep\u0161\u00ed cyklista sezony? Na Tour se poklonil krajanovi, Vueltu ovl\u00e1dl"},"content":{"rendered":"<p><strong>Jestli se bude vyhla\u0161ovat cyklista roku i v t\u00e9to divn\u00e9 sezon\u011b ovlivn\u011bn\u00e9 koronavirovou pandemi\u00ed, asi t\u011b\u017eko jej n\u011bkdo p\u0159edstihne. Primo\u017e Rogli\u010d, Slovinec z t\u00fdmu Jumbo-Visma, je bezesporu kr\u00e1lem cyklistick\u00e9ho roku 2020.<\/strong><\/p>\n<p>Hodn\u011b mu k tomu pomohl a\u017e posledn\u00ed z\u00e1vod prapodivn\u00e9ho cyklistick\u00e9ho roku 2020. A sice \u0161pan\u011blsk\u00e1 Vuelta. Jednat\u0159icetilet\u00fd b\u00fdval\u00fd skokan na ly\u017e\u00edch dok\u00e1zal obh\u00e1jit lo\u0148sk\u00e9 prvenstv\u00ed. Stal se \u0161est\u00fdm mu\u017eem historie, kter\u00fd Vueltu vyhr\u00e1l minim\u00e1ln\u011b dvakr\u00e1t za sebou.<\/p>\n<p>\u201eJe kr\u00e1sn\u00e9 b\u00fdt na nejvy\u0161\u0161\u00edm stupni i v roce 2020, kter\u00fd byl pro cyklistiku i cel\u00fd sv\u011bt hodn\u011b zvl\u00e1\u0161tn\u00ed kv\u016fli koronaviru,\u201c \u0159ekl Rogli\u010d. Vueltu vyhr\u00e1l s n\u00e1skokem \u010dty\u0159iadvacet vte\u0159in p\u0159ed Ekv\u00e1dorcem Richardem Carapazem (Ineos Grenadiers), t\u0159et\u00ed byl Brit Hugh Carthy (EF Pro Cycling).<\/p>\n<figure id=\"attachment_9788\" aria-describedby=\"caption-attachment-9788\" style=\"width: 1200px\" class=\"wp-caption alignnone\"><a href=\"https:\/\/d2p6e6u75xmxt8.cloudfront.net\/13\/2020\/09\/wlc-primo\u017e-rogli\u010d-sam-benett-Tim-De-Waele-Getty-Images.jpg\"><img loading=\"lazy\" decoding=\"async\" class=\"size-full wp-image-9788\" src=\"https:\/\/d2p6e6u75xmxt8.cloudfront.net\/13\/2020\/09\/wlc-primo\u017e-rogli\u010d-sam-benett-Tim-De-Waele-Getty-Images.jpg\" alt=\"Primo\u017e Rogli\u010d je\u0161t\u011b ve \u017elut\u00e9m trikotu l\u00eddra Tour de France spole\u010dn\u011b se Samem Bennetem coby l\u00eddrem bodovac\u00ed sout\u011b\u017ee. Foto: Tim De Waele\/Getty-Images\/Deceuninck Quick Step\" width=\"1200\" height=\"800\" \/><\/a><figcaption id=\"caption-attachment-9788\" class=\"wp-caption-text\"><em>Primo\u017e Rogli\u010d ve \u017elut\u00e9m trikotu l\u00eddra Tour de France se Samem Bennetem jako vedouc\u00edm mu\u017eem bodovac\u00ed sout\u011b\u017ee. Foto: Tim De Waele\/Getty-Images\/Deceuninck Quick Step<\/em><\/figcaption><\/figure>\n<p>St\u0159ih o p\u00e1r t\u00fddn\u016f zp\u00e1tky. Bylo 19. z\u00e1\u0159\u00ed a na Tour de France se jela p\u0159edposledn\u00ed etapa, kter\u00e1 m\u011bla potvrdit historicky prvn\u00ed triumf Rogli\u010de na Star\u00e9 d\u00e1m\u011b &#8211; horsk\u00e1 \u010dasovka na Planche des Belles Filles. Jen\u017ee Slovinec si tam vybral hor\u0161\u00ed den a naopak heroick\u00fd v\u00fdkon p\u0159evedl jeho krajan Tadej Poga\u010dar. A senza\u010dn\u00ed v\u00edt\u011bzstv\u00ed na Tour vybojoval mlad\u0161\u00ed ze slovinsk\u00fdch z\u00e1vodn\u00edk\u016f. Rogli\u010d se musel spokojit s druh\u00fdm m\u00edstem.<\/p>\n<div class=\"shortcode-ys-post-pinup\"><article class=\"loop-simple post-10470 post type-post status-publish format-standard has-post-thumbnail hentry category-welovecycling-com-cs-tdf tag-christian-prudhomme tag-mont-ventoux tag-silnicni-cyklistika tag-tour-de-france tag-tour-de-france-2021 tag-tourmalet global-categories-cycling\" data-postid=\"10470\" role=\"article\" data-post-id=\"10470\" data-word-count=\"460\" data-headline-length=\"72\" data-category=\"TdF\" data-global-category=\"Cycling\" data-author=\"Adam Bouda\" data-published=\"2020-11-02T09:01:14+02:00\" data-published-day=\"Monday\">\n    <div class=\"entry-thumbnail article-thumbnail\" content=\"https:\/\/d2p6e6u75xmxt8.cloudfront.net\/13\/2020\/09\/poga\u010dar-colnago-bettiniphoto_0462494_1_originali-150x150.webp\"><a href=\"https:\/\/www.welovecycling.com\/cs\/2020\/11\/02\/tour-de-france-2021-z-brestu-na-tourmalet-a-dvakrat-pres-mont-ventoux\/\" class=\"image-holder\" target=\"_self\"><img decoding=\"async\" loading=\"lazy\" class=\"\" src=\"https:\/\/d2p6e6u75xmxt8.cloudfront.net\/13\/2020\/09\/poga\u010dar-colnago-bettiniphoto_0462494_1_originali-1024x683.webp\" srcset=\"https:\/\/d2p6e6u75xmxt8.cloudfront.net\/13\/2020\/09\/poga\u010dar-colnago-bettiniphoto_0462494_1_originali.webp 1368w, https:\/\/d2p6e6u75xmxt8.cloudfront.net\/13\/2020\/09\/poga\u010dar-colnago-bettiniphoto_0462494_1_originali-300x200.webp 300w, https:\/\/d2p6e6u75xmxt8.cloudfront.net\/13\/2020\/09\/poga\u010dar-colnago-bettiniphoto_0462494_1_originali-1024x683.webp 1024w, https:\/\/d2p6e6u75xmxt8.cloudfront.net\/13\/2020\/09\/poga\u010dar-colnago-bettiniphoto_0462494_1_originali-768x512.webp 768w, https:\/\/d2p6e6u75xmxt8.cloudfront.net\/13\/2020\/09\/poga\u010dar-colnago-bettiniphoto_0462494_1_originali-272x182.webp 272w\" width=\"1024\" height=\"683\" sizes=\"auto, (min-width: 1200px) 300px, (min-width: 768px) 25vw, 100vw\" alt=\"tour-de-france-2021-z-brestu-na-tourmalet-a-dvakrat-pres-mont-ventoux\"\/><\/a><\/div>    <div class=\"entry-meta\">\n        <a class=\"label label-secondary post-category\" href=\"https:\/\/www.welovecycling.com\/cs\/category\/welovecycling-com-cs-tdf\/\" title=\"TdF\">TdF<\/a>\n    <\/div>\n    <div class=\"entry-details\">\n        <a href=\"https:\/\/www.welovecycling.com\/cs\/2020\/11\/02\/tour-de-france-2021-z-brestu-na-tourmalet-a-dvakrat-pres-mont-ventoux\/\" class='entry-title-wrapper'>\n            <h3 class=\"entry-title\"><span>Tour de France 2021: z Brestu na Tourmalet a dvakr\u00e1t p\u0159es Mont Ventoux<\/span><\/h3>\n        <\/a>\n    <\/div>\n    <\/article>\n<\/div>\n<p>\u201eNevzd\u00e1m to,\u201c \u0159ekl o p\u00e1r dn\u00ed pozd\u011bji. Zat\u00edmco Poga\u010dar ukon\u010dil po Lutychu sezonu, Rogli\u010d ozn\u00e1mil, \u017ee pojede i na Vueltu. A tu si podmanil. Jeho bilance je tak letos fam\u00f3zn\u00ed.<\/p>\n<h2><strong>Monument a Grand Tour v jedn\u00e9 sezon\u011b<\/strong><\/h2>\n<p>Celkem v\u00a0roce 2020 posb\u00edral dvan\u00e1ct profesion\u00e1ln\u00edch v\u00edt\u011bzstv\u00ed. Ovl\u00e1dl celkov\u00e9 po\u0159ad\u00ed Vuelty, kde nav\u00edc p\u0159idal \u010dty\u0159i etapov\u00e1 prvenstv\u00ed. Jedno d\u00edl\u010d\u00ed v\u00edt\u011bzstv\u00ed slavil i na Tour de France, kde byl celkov\u011b druh\u00fd. Opanoval monument Lutych-Basto\u0148-Lutych. Celkov\u011b byl prvn\u00ed p\u0159i etapov\u00e9m kl\u00e1n\u00ed Tour de l\u00b4Ain, z\u00a0n\u011bho\u017e si nav\u00edc na cestu dom\u016f p\u0159ibalil dv\u011b v\u00edt\u011bzn\u00e9 etapy. Jednu etapu slavil rovn\u011b p\u0159i Crit\u00e9rium du Dauphin\u00e9. Stal se \u0161ampionem Slovinska v\u00a0silni\u010dn\u00edm z\u00e1vod\u011b, na n\u00e1rodn\u00edm \u0161ampion\u00e1tu byl nav\u00edc v\u00a0\u010dasovce druh\u00fd.<\/p>\n<p>Byl to rok Rogli\u010de? Jednozna\u010dn\u011b ano. Dok\u00e1zal si udr\u017eet formu po celou sezonu. Po Tour neslo\u017eil zbran\u011b, vyhr\u00e1l monument Lutych-Basto\u0148-Lutych a zvl\u00e1dl se fantasticky nachystat na Vueltu. Krom\u011b \u010derven\u00e9ho dresu pro kr\u00e1le \u0161pan\u011blsk\u00e9 Grand Tour z\u00edskal i zelen\u00fd pro v\u00edt\u011bze bodovac\u00ed sout\u011b\u017ee. Stal se tak prvn\u00edm cyklistou po p\u011btadvaceti letech, kter\u00fd slavil triumf z Grand Tour a cyklistick\u00e9ho monumentu v jedin\u00e9 sezon\u011b. Naposledy se tak v\u00fdjime\u010dnou kombinac\u00ed mohl chlubit Laurent Jalabert, kter\u00fd v roce 1995 vyhr\u00e1l Mil\u00e1n-San Remo a Vueltu.<\/p>\n<figure id=\"attachment_10632\" aria-describedby=\"caption-attachment-10632\" style=\"width: 1134px\" class=\"wp-caption alignnone\"><a href=\"https:\/\/d2p6e6u75xmxt8.cloudfront.net\/13\/2020\/11\/Roglic-vuelta-2.jpg\"><img loading=\"lazy\" decoding=\"async\" class=\"size-full wp-image-10632\" src=\"https:\/\/d2p6e6u75xmxt8.cloudfront.net\/13\/2020\/11\/Roglic-vuelta-2.jpg\" alt=\"Primo\u017e Rogli\u010d v rud\u00e9m dresu v\u00edt\u011bze Vuelty 2020 s t\u00fdmov\u00fdmi kolegy p\u0159i dojezdu do Madridu. Foto: teamjumbovisma.nl\" width=\"1134\" height=\"618\" \/><\/a><figcaption id=\"caption-attachment-10632\" class=\"wp-caption-text\"><em>Primo\u017e Rogli\u010d v rud\u00e9m dresu v\u00edt\u011bze Vuelty 2020 s t\u00fdmov\u00fdmi kolegy p\u0159i dojezdu do Madridu. Foto: teamjumbovisma.nl<\/em><\/figcaption><\/figure>\n<p>\u201eS m\u00fdmi kolegy z t\u00fdmu jsme bojovali ka\u017ed\u00fd den. Brali jsme ka\u017edou etapu jako jednor\u00e1zov\u00fd z\u00e1vod. Nic jsme necht\u011bli podcenit. Bylo t\u011b\u017ek\u00e9 udr\u017eet formu, ale j\u00e1 se po cel\u00e9 t\u0159i t\u00fddny c\u00edtil dob\u0159e. A jsem \u0161\u0165astn\u00fd, \u017ee jsem mohl sezonu zakon\u010dit t\u00edmto zp\u016fsobem,\u201c p\u0159iznal slovinsk\u00fd z\u00e1vodn\u00edk.<\/p>\n<p>\u201eLo\u0148sk\u00e9 v\u00edt\u011bzstv\u00ed pro m\u011b bylo speci\u00e1ln\u00ed, proto\u017ee \u0161lo o prvn\u00ed vyhranou Grand Tour. Ale i tohle prvenstv\u00ed stav\u00edm hodn\u011b vysoko. Byla to atypick\u00e1 sezona a m\u016f\u017eeme b\u00fdt v\u016fbec r\u00e1di, \u017ee jsme v situaci, v jak\u00e9 se sv\u011bt nach\u00e1z\u00ed, v\u016fbec mohli Vueltu jet. Za to pat\u0159\u00ed i organiz\u00e1tor\u016fm velk\u00fd d\u00edk,\u201c dodal Rogli\u010d.<\/p>\n<h2><strong>Kontrakt v Jumbo Visma m\u00e1 je\u0161t\u011b na t\u0159i roky<\/strong><\/h2>\n<p>Vloni mu doma po n\u00e1vratu z Vuelty p\u0159ichystali doma ve Slovinsku velkolepou uv\u00edtac\u00ed show, letos se z\u0159ejm\u011b \u017e\u00e1dn\u00e1 velk\u00e1 \u201eRogli\u010d party\u201c kv\u016fli opat\u0159en\u00edm souvisej\u00edc\u00edm s nemoc\u00ed covid-19 neuskute\u010dn\u00ed. Ale zaslou\u017een\u00e9 volno p\u0159ijde tak jako tak. Sezona 2020 je u konce.<\/p>\n<div class=\"shortcode-ys-post-pinup\"><article class=\"loop-simple post-10551 post type-post status-publish format-standard has-post-thumbnail hentry category-zima2022 category-rady-tipy tag-bezpecnost tag-blatniky tag-cyklistika tag-jak-pripravit-kolo-na-zimu tag-mazivo tag-ochrana-laku tag-trenink\" data-postid=\"10551\" role=\"article\" data-post-id=\"10551\" data-word-count=\"530\" data-headline-length=\"40\" data-category=\"Na kole v zim\u011b\" data-author=\"Kry\u0161tof Kopic\" data-published=\"2020-11-08T07:00:10+02:00\" data-published-day=\"Sunday\">\n    <div class=\"entry-thumbnail article-thumbnail\" content=\"https:\/\/d2p6e6u75xmxt8.cloudfront.net\/13\/2020\/11\/WLC-bahno-scaled-150x150.webp\"><a href=\"https:\/\/www.welovecycling.com\/cs\/2020\/11\/08\/deset-tipu-jak-pripravit-kolo-na-zimu\/\" class=\"image-holder\" target=\"_self\"><img decoding=\"async\" loading=\"lazy\" class=\"\" src=\"https:\/\/d2p6e6u75xmxt8.cloudfront.net\/13\/2020\/11\/WLC-bahno-scaled-1024x576.webp\" srcset=\"https:\/\/d2p6e6u75xmxt8.cloudfront.net\/13\/2020\/11\/WLC-bahno-scaled.webp 2560w, https:\/\/d2p6e6u75xmxt8.cloudfront.net\/13\/2020\/11\/WLC-bahno-scaled-300x169.webp 300w, https:\/\/d2p6e6u75xmxt8.cloudfront.net\/13\/2020\/11\/WLC-bahno-scaled-1024x576.webp 1024w, https:\/\/d2p6e6u75xmxt8.cloudfront.net\/13\/2020\/11\/WLC-bahno-scaled-768x432.webp 768w, https:\/\/d2p6e6u75xmxt8.cloudfront.net\/13\/2020\/11\/WLC-bahno-scaled-1536x864.webp 1536w, https:\/\/d2p6e6u75xmxt8.cloudfront.net\/13\/2020\/11\/WLC-bahno-scaled-2048x1152.webp 2048w, https:\/\/d2p6e6u75xmxt8.cloudfront.net\/13\/2020\/11\/WLC-bahno-scaled-1920x1080.webp 1920w, https:\/\/d2p6e6u75xmxt8.cloudfront.net\/13\/2020\/11\/WLC-bahno-scaled-1920x1080.webp 1920w\" width=\"1024\" height=\"576\" sizes=\"auto, (min-width: 1200px) 356px, (min-width: 768px) 30vw, 100vw\" alt=\"deset-tipu-jak-pripravit-kolo-na-zimu\"\/><\/a><\/div>    <div class=\"entry-meta\">\n        <a class=\"label label-secondary post-category\" href=\"https:\/\/www.welovecycling.com\/cs\/category\/zima2022\/\" title=\"Na kole v zim\u011b\">Na kole v zim\u011b<\/a>\n    <\/div>\n    <div class=\"entry-details\">\n        <a href=\"https:\/\/www.welovecycling.com\/cs\/2020\/11\/08\/deset-tipu-jak-pripravit-kolo-na-zimu\/\" class='entry-title-wrapper'>\n            <h3 class=\"entry-title\"><span>Deset tip\u016f, jak p\u0159ipravit kolo na zimu<\/span><\/h3>\n        <\/a>\n    <\/div>\n    <\/article>\n<\/div>\n<p>\u201ePot\u0159ebuji pauzu,\u201c t\u011b\u0161il se na chv\u00edle s partnerkou Lorou a synem Lvem. \u201eA a\u017e si po\u0159\u00e1dn\u011b odpo\u010dinu, za\u010dnu pl\u00e1novat rok 2021. P\u0159\u00e1l bych si, aby u\u017e to byla klasick\u00e1 sezona bez omezen\u00ed. Budu m\u00edt znovu velkou motivaci, proto\u017ee je tu po\u0159\u00e1d p\u00e1r c\u00edl\u016f, jich\u017e bych v kari\u00e9\u0159e je\u0161t\u011b r\u00e1d dos\u00e1hl,\u201c prozradil b\u00fdval\u00fd skokan na ly\u017e\u00edch, kter\u00fd m\u00e1 v nizozemsk\u00e9m t\u00fdmu kontrakt podepsan\u00fd a\u017e do konce roku 2023.<\/p>\n<p><a href=\"https:\/\/d2p6e6u75xmxt8.cloudfront.net\/13\/2020\/09\/WLC-rogli\u010d-.jpg\"><img loading=\"lazy\" decoding=\"async\" class=\"alignnone size-full wp-image-9634\" src=\"https:\/\/d2p6e6u75xmxt8.cloudfront.net\/13\/2020\/09\/WLC-rogli\u010d-.jpg\" alt=\"\" width=\"1080\" height=\"810\" \/><\/a><\/p>\n<p>\u201ePrimo\u017e se dok\u00e1zal neskute\u010dn\u011b zvednout po zklam\u00e1n\u00ed z Tour de France. Na mistrovstv\u00ed sv\u011bta je\u0161t\u011b nebyl v top form\u011b, ale na Lutychu u\u017e ka\u017ed\u00fd musel vid\u011bt, jak je znovu motivovan\u00fd. I ve zkr\u00e1cen\u00e9 podob\u011b byla sezona dlouh\u00e1 a on dok\u00e1zal vyhr\u00e1vat od za\u010d\u00e1tku do konce. Na r\u016fzn\u00fdch m\u00edstech, v r\u016fzn\u00fdch ter\u00e9nech. Hlavn\u011b je to skv\u011bl\u00fd t\u00fdmov\u00fd hr\u00e1\u010d. To mluv\u00ed za v\u0161echno. Jasn\u00e1 jedni\u010dka prapodivn\u00e9ho cyklistick\u00e9ho roku, rozen\u00fd v\u00edt\u011bz a kluk, s n\u00edm\u017e je radost pracovat,\u201c pochv\u00e1lil klenot nizozemsk\u00e9 st\u00e1je jeden z jejich sportovn\u00edch \u0159editel\u016f, N\u011bmec Grischa Niermann.<\/p>\n","protected":false},"excerpt":{"rendered":"<p>Jestli se bude vyhla\u0161ovat cyklista roku i v t\u00e9to divn\u00e9 sezon\u011b ovlivn\u011bn\u00e9 koronavirovou pandemi\u00ed, asi t\u011b\u017eko jej n\u011bkdo p\u0159edstihne. Primo\u017e [&hellip;]<\/p>\n","protected":false},"author":122,"featured_media":10633,"comment_status":"open","ping_status":"open","sticky":false,"template":"","format":"standard","meta":{"footnotes":""},"categories":[10],"tags":[126,501,102,23,273],"global-categories":[411],"class_list":["post-10631","post","type-post","status-publish","format-standard","has-post-thumbnail","hentry","category-silnicni-cyklistika","tag-cyklistika","tag-jumbo-visma","tag-primoz-roglic","tag-tour-de-france","tag-vuelta","global-categories-cycling"],"yoast_head":"<!-- This site is optimized with the Yoast SEO Premium plugin v25.3 (Yoast SEO v25.9) - https:\/\/yoast.com\/wordpress\/plugins\/seo\/ -->\n<title>Je Rogli\u010d nejlep\u0161\u00ed cyklista sezony? Na Tour se poklonil krajanovi, Vueltu ovl\u00e1dl | \u0160koda We Love Cycling - \u010cesk\u00e1 republika<\/title>\n<meta name=\"description\" content=\"Primo\u017e Rogli\u010d si p\u0159ipsal v roce 2020 dvan\u00e1ct profesion\u00e1ln\u00edch v\u00edt\u011bzstv\u00ed. Je nejlep\u0161\u00edm cyklistou sezony poznamenan\u00e9 pandemi\u00ed koronaviru?\" \/>\n<meta name=\"robots\" content=\"index, follow, max-snippet:-1, max-image-preview:large, max-video-preview:-1\" \/>\n<link rel=\"canonical\" href=\"https:\/\/www.welovecycling.com\/cs\/2020\/11\/11\/je-roglic-nejlepsi-cyklista-sezony-na-tour-se-poklonil-krajanovi-vueltu-ovladl\/\" \/>\n<meta property=\"og:locale\" content=\"cs_CZ\" \/>\n<meta property=\"og:type\" content=\"article\" \/>\n<meta property=\"og:title\" content=\"Je Rogli\u010d nejlep\u0161\u00ed cyklista sezony? Na Tour se poklonil krajanovi, Vueltu ovl\u00e1dl\" \/>\n<meta property=\"og:description\" content=\"Primo\u017e Rogli\u010d si p\u0159ipsal v roce 2020 dvan\u00e1ct profesion\u00e1ln\u00edch v\u00edt\u011bzstv\u00ed. Je nejlep\u0161\u00edm cyklistou sezony poznamenan\u00e9 pandemi\u00ed koronaviru?\" \/>\n<meta property=\"og:url\" content=\"https:\/\/www.welovecycling.com\/cs\/2020\/11\/11\/je-roglic-nejlepsi-cyklista-sezony-na-tour-se-poklonil-krajanovi-vueltu-ovladl\/\" \/>\n<meta property=\"og:site_name\" content=\"\u0160koda We Love Cycling - \u010cesk\u00e1 republika\" \/>\n<meta property=\"article:published_time\" content=\"2020-11-11T05:00:42+00:00\" \/>\n<meta property=\"og:image\" content=\"https:\/\/d2p6e6u75xmxt8.cloudfront.net\/13\/2020\/11\/roglic-vuelta-carapaz.webp\" \/>\n\t<meta property=\"og:image:width\" content=\"1134\" \/>\n\t<meta property=\"og:image:height\" content=\"618\" \/>\n\t<meta property=\"og:image:type\" content=\"image\/webp\" \/>\n<meta name=\"twitter:card\" content=\"summary_large_image\" \/>\n<meta name=\"twitter:label1\" content=\"Written by\" \/>\n\t<meta name=\"twitter:data1\" content=\"Kry\u0161tof Kopic\" \/>\n\t<meta name=\"twitter:label2\" content=\"Est. reading time\" \/>\n\t<meta name=\"twitter:data2\" content=\"5\" \/>\n<script type=\"application\/ld+json\" class=\"yoast-schema-graph\">{\"@context\":\"https:\/\/schema.org\",\"@graph\":[{\"@type\":\"WebPage\",\"@id\":\"https:\/\/www.welovecycling.com\/cs\/2020\/11\/11\/je-roglic-nejlepsi-cyklista-sezony-na-tour-se-poklonil-krajanovi-vueltu-ovladl\/\",\"url\":\"https:\/\/www.welovecycling.com\/cs\/2020\/11\/11\/je-roglic-nejlepsi-cyklista-sezony-na-tour-se-poklonil-krajanovi-vueltu-ovladl\/\",\"name\":\"Je Rogli\u010d nejlep\u0161\u00ed cyklista sezony? Na Tour se poklonil krajanovi, Vueltu ovl\u00e1dl | \u0160koda We Love Cycling - \u010cesk\u00e1 republika\",\"isPartOf\":{\"@id\":\"https:\/\/www.welovecycling.com\/cs\/#website\"},\"primaryImageOfPage\":{\"@id\":\"https:\/\/www.welovecycling.com\/cs\/2020\/11\/11\/je-roglic-nejlepsi-cyklista-sezony-na-tour-se-poklonil-krajanovi-vueltu-ovladl\/#primaryimage\"},\"image\":{\"@id\":\"https:\/\/www.welovecycling.com\/cs\/2020\/11\/11\/je-roglic-nejlepsi-cyklista-sezony-na-tour-se-poklonil-krajanovi-vueltu-ovladl\/#primaryimage\"},\"thumbnailUrl\":\"https:\/\/d2p6e6u75xmxt8.cloudfront.net\/13\/2020\/11\/roglic-vuelta-carapaz.webp\",\"datePublished\":\"2020-11-11T05:00:42+00:00\",\"author\":{\"@id\":\"\"},\"description\":\"Primo\u017e Rogli\u010d si p\u0159ipsal v roce 2020 dvan\u00e1ct profesion\u00e1ln\u00edch v\u00edt\u011bzstv\u00ed. Je nejlep\u0161\u00edm cyklistou sezony poznamenan\u00e9 pandemi\u00ed koronaviru?\",\"inLanguage\":\"cs\",\"potentialAction\":[{\"@type\":\"ReadAction\",\"target\":[\"https:\/\/www.welovecycling.com\/cs\/2020\/11\/11\/je-roglic-nejlepsi-cyklista-sezony-na-tour-se-poklonil-krajanovi-vueltu-ovladl\/\"]}]},{\"@type\":\"ImageObject\",\"inLanguage\":\"cs\",\"@id\":\"https:\/\/www.welovecycling.com\/cs\/2020\/11\/11\/je-roglic-nejlepsi-cyklista-sezony-na-tour-se-poklonil-krajanovi-vueltu-ovladl\/#primaryimage\",\"url\":\"https:\/\/d2p6e6u75xmxt8.cloudfront.net\/13\/2020\/11\/roglic-vuelta-carapaz.webp\",\"contentUrl\":\"https:\/\/d2p6e6u75xmxt8.cloudfront.net\/13\/2020\/11\/roglic-vuelta-carapaz.webp\",\"width\":1134,\"height\":618},{\"@type\":\"WebSite\",\"@id\":\"https:\/\/www.welovecycling.com\/cs\/#website\",\"url\":\"https:\/\/www.welovecycling.com\/cs\/\",\"name\":\"\u0160koda We Love Cycling - \u010cesk\u00e1 republika\",\"description\":\"WeLoveCycling.cz je online magaz\u00edn, kter\u00fd v\u00e1m pravideln\u011b p\u0159in\u00e1\u0161\u00ed rady a tipy, zaj\u00edmav\u00e9 \u010dl\u00e1nky, videa a jedine\u010dn\u00e9 report\u00e1\u017ee ze sv\u011bta cyklistiky.\",\"potentialAction\":[{\"@type\":\"SearchAction\",\"target\":{\"@type\":\"EntryPoint\",\"urlTemplate\":\"https:\/\/www.welovecycling.com\/cs\/?s={search_term_string}\"},\"query-input\":{\"@type\":\"PropertyValueSpecification\",\"valueRequired\":true,\"valueName\":\"search_term_string\"}}],\"inLanguage\":\"cs\"},{\"@type\":\"Person\",\"@id\":\"\",\"url\":\"https:\/\/www.welovecycling.com\/cs\/author\/\"}]}<\/script>\n<!-- \/ Yoast SEO Premium plugin. -->","yoast_head_json":{"title":"Je Rogli\u010d nejlep\u0161\u00ed cyklista sezony? Na Tour se poklonil krajanovi, Vueltu ovl\u00e1dl | \u0160koda We Love Cycling - \u010cesk\u00e1 republika","description":"Primo\u017e Rogli\u010d si p\u0159ipsal v roce 2020 dvan\u00e1ct profesion\u00e1ln\u00edch v\u00edt\u011bzstv\u00ed. Je nejlep\u0161\u00edm cyklistou sezony poznamenan\u00e9 pandemi\u00ed koronaviru?","robots":{"index":"index","follow":"follow","max-snippet":"max-snippet:-1","max-image-preview":"max-image-preview:large","max-video-preview":"max-video-preview:-1"},"canonical":"https:\/\/www.welovecycling.com\/cs\/2020\/11\/11\/je-roglic-nejlepsi-cyklista-sezony-na-tour-se-poklonil-krajanovi-vueltu-ovladl\/","og_locale":"cs_CZ","og_type":"article","og_title":"Je Rogli\u010d nejlep\u0161\u00ed cyklista sezony? Na Tour se poklonil krajanovi, Vueltu ovl\u00e1dl","og_description":"Primo\u017e Rogli\u010d si p\u0159ipsal v roce 2020 dvan\u00e1ct profesion\u00e1ln\u00edch v\u00edt\u011bzstv\u00ed. Je nejlep\u0161\u00edm cyklistou sezony poznamenan\u00e9 pandemi\u00ed koronaviru?","og_url":"https:\/\/www.welovecycling.com\/cs\/2020\/11\/11\/je-roglic-nejlepsi-cyklista-sezony-na-tour-se-poklonil-krajanovi-vueltu-ovladl\/","og_site_name":"\u0160koda We Love Cycling - \u010cesk\u00e1 republika","article_published_time":"2020-11-11T05:00:42+00:00","og_image":[{"width":1134,"height":618,"url":"https:\/\/d2p6e6u75xmxt8.cloudfront.net\/13\/2020\/11\/roglic-vuelta-carapaz.webp","type":"image\/webp"}],"twitter_card":"summary_large_image","twitter_misc":{"Written by":"Kry\u0161tof Kopic","Est. reading time":"5"},"schema":{"@context":"https:\/\/schema.org","@graph":[{"@type":"WebPage","@id":"https:\/\/www.welovecycling.com\/cs\/2020\/11\/11\/je-roglic-nejlepsi-cyklista-sezony-na-tour-se-poklonil-krajanovi-vueltu-ovladl\/","url":"https:\/\/www.welovecycling.com\/cs\/2020\/11\/11\/je-roglic-nejlepsi-cyklista-sezony-na-tour-se-poklonil-krajanovi-vueltu-ovladl\/","name":"Je Rogli\u010d nejlep\u0161\u00ed cyklista sezony? Na Tour se poklonil krajanovi, Vueltu ovl\u00e1dl | \u0160koda We Love Cycling - \u010cesk\u00e1 republika","isPartOf":{"@id":"https:\/\/www.welovecycling.com\/cs\/#website"},"primaryImageOfPage":{"@id":"https:\/\/www.welovecycling.com\/cs\/2020\/11\/11\/je-roglic-nejlepsi-cyklista-sezony-na-tour-se-poklonil-krajanovi-vueltu-ovladl\/#primaryimage"},"image":{"@id":"https:\/\/www.welovecycling.com\/cs\/2020\/11\/11\/je-roglic-nejlepsi-cyklista-sezony-na-tour-se-poklonil-krajanovi-vueltu-ovladl\/#primaryimage"},"thumbnailUrl":"https:\/\/d2p6e6u75xmxt8.cloudfront.net\/13\/2020\/11\/roglic-vuelta-carapaz.webp","datePublished":"2020-11-11T05:00:42+00:00","author":{"@id":""},"description":"Primo\u017e Rogli\u010d si p\u0159ipsal v roce 2020 dvan\u00e1ct profesion\u00e1ln\u00edch v\u00edt\u011bzstv\u00ed. Je nejlep\u0161\u00edm cyklistou sezony poznamenan\u00e9 pandemi\u00ed koronaviru?","inLanguage":"cs","potentialAction":[{"@type":"ReadAction","target":["https:\/\/www.welovecycling.com\/cs\/2020\/11\/11\/je-roglic-nejlepsi-cyklista-sezony-na-tour-se-poklonil-krajanovi-vueltu-ovladl\/"]}]},{"@type":"ImageObject","inLanguage":"cs","@id":"https:\/\/www.welovecycling.com\/cs\/2020\/11\/11\/je-roglic-nejlepsi-cyklista-sezony-na-tour-se-poklonil-krajanovi-vueltu-ovladl\/#primaryimage","url":"https:\/\/d2p6e6u75xmxt8.cloudfront.net\/13\/2020\/11\/roglic-vuelta-carapaz.webp","contentUrl":"https:\/\/d2p6e6u75xmxt8.cloudfront.net\/13\/2020\/11\/roglic-vuelta-carapaz.webp","width":1134,"height":618},{"@type":"WebSite","@id":"https:\/\/www.welovecycling.com\/cs\/#website","url":"https:\/\/www.welovecycling.com\/cs\/","name":"\u0160koda We Love Cycling - \u010cesk\u00e1 republika","description":"WeLoveCycling.cz je online magaz\u00edn, kter\u00fd v\u00e1m pravideln\u011b p\u0159in\u00e1\u0161\u00ed rady a tipy, zaj\u00edmav\u00e9 \u010dl\u00e1nky, videa a jedine\u010dn\u00e9 report\u00e1\u017ee ze sv\u011bta cyklistiky.","potentialAction":[{"@type":"SearchAction","target":{"@type":"EntryPoint","urlTemplate":"https:\/\/www.welovecycling.com\/cs\/?s={search_term_string}"},"query-input":{"@type":"PropertyValueSpecification","valueRequired":true,"valueName":"search_term_string"}}],"inLanguage":"cs"},{"@type":"Person","@id":"","url":"https:\/\/www.welovecycling.com\/cs\/author\/"}]}},"_links":{"self":[{"href":"https:\/\/www.welovecycling.com\/cs\/wp-json\/wp\/v2\/posts\/10631","targetHints":{"allow":["GET"]}}],"collection":[{"href":"https:\/\/www.welovecycling.com\/cs\/wp-json\/wp\/v2\/posts"}],"about":[{"href":"https:\/\/www.welovecycling.com\/cs\/wp-json\/wp\/v2\/types\/post"}],"author":[{"embeddable":true,"href":"https:\/\/www.welovecycling.com\/cs\/wp-json\/wp\/v2\/users\/122"}],"replies":[{"embeddable":true,"href":"https:\/\/www.welovecycling.com\/cs\/wp-json\/wp\/v2\/comments?post=10631"}],"version-history":[{"count":2,"href":"https:\/\/www.welovecycling.com\/cs\/wp-json\/wp\/v2\/posts\/10631\/revisions"}],"predecessor-version":[{"id":10640,"href":"https:\/\/www.welovecycling.com\/cs\/wp-json\/wp\/v2\/posts\/10631\/revisions\/10640"}],"wp:featuredmedia":[{"embeddable":true,"href":"https:\/\/www.welovecycling.com\/cs\/wp-json\/wp\/v2\/media\/10633"}],"wp:attachment":[{"href":"https:\/\/www.welovecycling.com\/cs\/wp-json\/wp\/v2\/media?parent=10631"}],"wp:term":[{"taxonomy":"category","embeddable":true,"href":"https:\/\/www.welovecycling.com\/cs\/wp-json\/wp\/v2\/categories?post=10631"},{"taxonomy":"post_tag","embeddable":true,"href":"https:\/\/www.welovecycling.com\/cs\/wp-json\/wp\/v2\/tags?post=10631"},{"taxonomy":"global-categories","embeddable":true,"href":"https:\/\/www.welovecycling.com\/cs\/wp-json\/wp\/v2\/global-categories?post=10631"}],"curies":[{"name":"wp","href":"https:\/\/api.w.org\/{rel}","templated":true}]}}