{"id":10247,"date":"2020-10-16T11:00:29","date_gmt":"2020-10-16T09:00:29","guid":{"rendered":"https:\/\/www.welovecycling.com\/cs\/?p=10247"},"modified":"2020-10-16T10:02:13","modified_gmt":"2020-10-16T08:02:13","slug":"kde-vyrustal-pirat-giro-vzdalo-hold-pantanimu","status":"publish","type":"post","link":"https:\/\/www.welovecycling.com\/cs\/2020\/10\/16\/kde-vyrustal-pirat-giro-vzdalo-hold-pantanimu\/","title":{"rendered":"Kde vyr\u016fstal Marco Pantani. Giro vzdalo hold Pir\u00e1tovi"},"content":{"rendered":"<p><strong>Nem\u016f\u017eete \u0159\u00edct Cesenatico bez toho, \u017ee byste dodali Marco Pantani. Nem\u016f\u017eete pomyslet na historii cyklistick\u00e9ho Gira a nevzpomenout na u\u0161at\u00e9ho vrcha\u0159e s n\u00e1u\u0161nic\u00ed, co pr\u00e1v\u011b z m\u011bsta om\u00fdvan\u00e9ho Jadranem poch\u00e1zel. A pr\u00e1v\u011b tam doputoval ve 12. etap\u011b peloton 103. ro\u010dn\u00edku r\u016f\u017eov\u00e9ho z\u00e1vodu. Ekv\u00e1dorec Jhonatan Narv\u00e1ez z Ineosu do c\u00edle dorazil zmokl\u00fd, ale prvn\u00ed a i on si t\u00edm p\u0159ipomn\u011bl slavnou, p\u0159itom tragickou osobnost italsk\u00e9 cyklistiky, kter\u00e1 by letos v lednu oslavila pades\u00e1tiny.<\/strong><\/p>\n<p>\u201eJsem narkoman a u\u017e se z toho nedostanu!\u201c<\/p>\n<p>Byl listopad 1999, kdy\u017e Pantani, do t\u00e9 doby oslavovan\u00fd\u00a0 \u0161ampion a nejlep\u0161\u00ed vrcha\u0159 sv\u00e9 generace, toto p\u0159iznal sv\u00e9 mana\u017eerce Manuele Ronchiov\u00e9. Do t\u00e9 doby o n\u011bm sice tvrdili, \u017ee je k\u0159ehk\u00fd jako sklen\u011bn\u00e1 v\u00e1za, ale z\u00e1rove\u0148 pevn\u00fd jak \u017eula. Toho roku se nastartoval jeho konec.<\/p>\n<h2><strong>Nev\u00eddan\u00fd double Giro a Tour<\/strong><\/h2>\n<p>Na sc\u00e9nu vtrhl v roce 1994, kdy vyhr\u00e1l dv\u011b etapy a skon\u010dil celkov\u011b druh\u00fd na Giru. Rok na to ale hroziv\u011b spadl na jednor\u00e1zovce Mil\u00e1n-Tur\u00edn a utrp\u011bl \u017eivot ohro\u017euj\u00edc\u00ed zran\u011bn\u00ed, ze kter\u00e9ho se dost\u00e1val celou sezonu. Vr\u00e1til se s nov\u00fdm vzhledem \u2013 oholenou hlavou, \u0161\u00e1tkem, zpod kter\u00e9ho odst\u00e1valy u\u0161i, a p\u0159ezd\u00edvkou Pir\u00e1t.<\/p>\n<div class=\"shortcode-ys-post-pinup\"><article class=\"loop-simple post-10118 post type-post status-publish format-standard has-post-thumbnail hentry category-silnicni-cyklistika tag-cyklistika tag-giro-ditalia-2020 tag-giro-ditalia tag-monte-crostis tag-passo-dello-stelvio tag-pavel-padrnos global-categories-cycling\" data-postid=\"10118\" role=\"article\" data-post-id=\"10118\" data-word-count=\"526\" data-headline-length=\"60\" data-category=\"Silni\u010dn\u00ed cyklistika\" data-global-category=\"Cycling\" data-author=\"Adam Bouda\" data-published=\"2020-10-09T07:00:10+02:00\" data-published-day=\"Friday\">\n    <div class=\"entry-thumbnail article-thumbnail\" content=\"https:\/\/d2p6e6u75xmxt8.cloudfront.net\/13\/2020\/10\/giro-sagan.PNG-150x150.webp\"><a href=\"https:\/\/www.welovecycling.com\/cs\/2020\/10\/09\/giro-ditalia-proc-ho-peloton-miluje-a-nekdy-nesnasi\/\" class=\"image-holder\" target=\"_self\"><img decoding=\"async\" loading=\"lazy\" class=\"\" src=\"https:\/\/d2p6e6u75xmxt8.cloudfront.net\/13\/2020\/10\/giro-sagan.PNG.webp\" srcset=\"https:\/\/d2p6e6u75xmxt8.cloudfront.net\/13\/2020\/10\/giro-sagan.PNG.webp 925w, https:\/\/d2p6e6u75xmxt8.cloudfront.net\/13\/2020\/10\/giro-sagan.PNG-300x161.webp 300w, https:\/\/d2p6e6u75xmxt8.cloudfront.net\/13\/2020\/10\/giro-sagan.PNG-768x412.webp 768w\" width=\"925\" height=\"496\" sizes=\"auto, (min-width: 1200px) 372px, (min-width: 768px) 31vw, 100vw\" alt=\"giro-ditalia-proc-ho-peloton-miluje-a-nekdy-nesnasi\"\/><\/a><\/div>    <div class=\"entry-meta\">\n        <a class=\"label label-secondary post-category\" href=\"https:\/\/www.welovecycling.com\/cs\/category\/silnicni-cyklistika\/\" title=\"Silni\u010dn\u00ed cyklistika\">Silni\u010dn\u00ed cyklistika<\/a>\n    <\/div>\n    <div class=\"entry-details\">\n        <a href=\"https:\/\/www.welovecycling.com\/cs\/2020\/10\/09\/giro-ditalia-proc-ho-peloton-miluje-a-nekdy-nesnasi\/\" class='entry-title-wrapper'>\n            <h3 class=\"entry-title\"><span>Giro d\u2019Italia: pro\u010d ho peloton miluje a n\u011bkdy nesn\u00e1\u0161\u00ed<\/span><\/h3>\n        <\/a>\n    <\/div>\n    <\/article>\n<\/div>\n<p>Jeho vrcha\u0159sk\u00fd styl byl explozivn\u00ed a \u00fa\u010dinn\u00fd, sou\u010dasn\u011b se ale zd\u00e1l b\u00fdt tak elegantn\u00ed, jako by se jen s minim\u00e1ln\u00edm \u00fasil\u00edm op\u00edral o ped\u00e1ly, a\u017e to evokovalo slavnou v\u011btu boxersk\u00e9ho m\u00e1ga Muhammada Aliho: \u201eL\u00e9t\u00e1m jako mot\u00fdl a bod\u00e1m jako v\u010dela\u201c.<\/p>\n<p>Kdykoliv chytil \u0159\u00edd\u00edtka ve spodn\u00edm oblouku a zadek zvedl ze sedla, m\u011bli soupe\u0159i probl\u00e9m. Te\u010f to bude bolet, v\u011bd\u011bli. Tohle italsk\u00e9 bolero Pantanimu vyneslo osm etap na Giru, osm na Tour a kdy\u017e p\u0159i\u0161la sezona 1998, stalo se cosi roky nev\u00eddan\u00e9ho a od t\u00e9 doby nik\u00fdm nezopakovan\u00e9ho \u2013 italsk\u00fd drobek dobyl cen\u011bn\u00fd double Giro + Tour.<\/p>\n<h2><strong>Vylou\u010den v trikotu l\u00eddra Gira<\/strong><\/h2>\n<p>Od p\u0159\u00edrody to byl hr\u00e1\u010d, neust\u00e1le m\u011bl pot\u0159ebu s n\u011bk\u00fdm se vs\u00e1zet, bojovat o prvn\u00ed m\u00edsto. V saun\u011b o to, kdo vydr\u017e\u00ed v parnu d\u00e9le; na pl\u00e1\u017ei o nejlep\u0161\u00ed hrad z p\u00edsku; v restauraci zase o to, kdo sn\u00ed nejv\u011bt\u0161\u00ed kopec t\u011bstovin. A kdo v\u017edy vyhr\u00e1l? \u017de se v\u016fbec pt\u00e1te&#8230;<\/p>\n<p>Stejn\u00e1 sout\u011b\u017eivost se u n\u011bj projevovala i v sedle, co\u017e podtrhovala i odvaha riskovat a \u00fato\u010dit na dlouhou vzd\u00e1lenost, jak je to dnes k vid\u011bn\u00ed u\u017e jen m\u00e1lo. Pantani si p\u0159itom nikdy nem\u011b\u0159il watty, nikdy na kole nepou\u017e\u00edval tachometr. Ten m\u011bl na \u0159\u00edd\u00edtk\u00e1ch jen proto, aby byl sponzor spokojen\u00fd, ale on s\u00e1m \u010d\u00edsla nikdy nesledoval. Z\u00e1vodil na pocit, \u0159\u00edzen instinktem. A to jeho fanou\u0161ci milovali.<\/p>\n<figure id=\"attachment_10249\" aria-describedby=\"caption-attachment-10249\" style=\"width: 1396px\" class=\"wp-caption alignnone\"><a href=\"https:\/\/d2p6e6u75xmxt8.cloudfront.net\/13\/2020\/10\/pantani-profimedia-0068763788.jpg\"><img loading=\"lazy\" decoding=\"async\" class=\"size-full wp-image-10249\" src=\"https:\/\/d2p6e6u75xmxt8.cloudfront.net\/13\/2020\/10\/pantani-profimedia-0068763788.jpg\" alt=\"Marco Pantani, legenda italsk\u00e9 cyklistiky, v trikotu l\u00eddra Gira. Foto: profimedia\" width=\"1396\" height=\"1800\" \/><\/a><figcaption id=\"caption-attachment-10249\" class=\"wp-caption-text\"><em>Marco Pantani, legenda italsk\u00e9 cyklistiky, v trikotu l\u00eddra Gira. Foto: profimedia<\/em><\/figcaption><\/figure>\n<p>Rok po v\u00edt\u011bzn\u00e9m dvojboji st\u00e1l znovu na startu Gira a asi m\u00e1lo kdo pochyboval o tom, kdo by m\u011bl r\u016f\u017eov\u00fd dres obh\u00e1jit.<\/p>\n<p>Jenom\u017ee 5. \u010dervna na vrcholu stoup\u00e1n\u00ed Madonna di Campiglio, kdy m\u011bl na sob\u011b trikot l\u00eddra, ho ze z\u00e1vodu vylou\u010dili. Nam\u011b\u0159ili mu toti\u017e vy\u0161\u0161\u00ed hladinu hematokritu v krvi, co\u017e se sice automaticky nerovnalo u\u017e\u00edv\u00e1n\u00ed zak\u00e1zan\u00fdch l\u00e1tek (to mu ostatn\u011b nikdy v kari\u00e9\u0159e nedok\u00e1zali), ale znamenalo to suspendaci.<\/p>\n<p>A ta m\u011bla dalekos\u00e1hl\u00e9 dopady. Tento direkt na solar se nakonec uk\u00e1zal jako za\u010d\u00e1tek Pantaniho strm\u00e9ho p\u00e1du, kter\u00fd dos\u00e1hl dna m\u00e9n\u011b ne\u017e p\u011bt let pot\u00e9.<\/p>\n<h2><strong>Pir\u00e1t s depresemi v m\u011bst\u011b duch\u016f<\/strong><\/h2>\n<p>V zim\u011b b\u00fdv\u00e1 Rimini m\u011bstem duch\u016f \u2013 obchody, hotely, korza, v\u0161e je zav\u0159en\u00e9, mrtv\u00e1 sezona. Tam Pantani 9. \u00fanora 2004 p\u0159ijel v jednu po poledni tax\u00edkem z Mil\u00e1na a p\u011b\u0161ky si to nam\u00ed\u0159il ke sv\u00e9mu dealerovi. Kokain, to byl jeho jedin\u00fd smysl \u017eivota, domn\u011bl\u00fd l\u00e9k na spir\u00e1lu jeho depres\u00ed.<\/p>\n<p>Zaplatil si pokoj v R\u00e9sidence Le Rose a nikdo si ho nev\u0161\u00edmal. Mo\u017en\u00e1 netu\u0161ili, \u017ee slavn\u00fd campionissimo by mohl vypadat takto a ubytovat se v oby\u010dejn\u00e9m hotelu. Str\u00e1vil tam p\u011bt dn\u016f, ven vych\u00e1zel jen m\u00e1lo a kdy\u017e, tak telefonovat do budky naproti.<\/p>\n<figure id=\"attachment_10251\" aria-describedby=\"caption-attachment-10251\" style=\"width: 1800px\" class=\"wp-caption alignnone\"><a href=\"https:\/\/d2p6e6u75xmxt8.cloudfront.net\/13\/2020\/10\/pantani-policie-profimedia-0068765609.jpg\"><img loading=\"lazy\" decoding=\"async\" class=\"size-full wp-image-10251\" src=\"https:\/\/d2p6e6u75xmxt8.cloudfront.net\/13\/2020\/10\/pantani-policie-profimedia-0068765609.jpg\" alt=\"Marco Pantani v doprovodu policist\u016f opou\u0161t\u00ed Giro po zv\u00fd\u0161en\u00e9 hladin\u011b hematokritu v krvi. Foto: profimedia\" width=\"1800\" height=\"1567\" \/><\/a><figcaption id=\"caption-attachment-10251\" class=\"wp-caption-text\"><em>Marco Pantani v doprovodu policist\u016f opou\u0161t\u00ed Giro po zv\u00fd\u0161en\u00e9 hladin\u011b hematokritu v krvi. Foto: profimedia<\/em><\/figcaption><\/figure>\n<p>V\u00a0p\u00e1tek t\u0159in\u00e1ct\u00e9ho si objednal omeletu, \u0161unku, s\u00fdr a ovocn\u00fd d\u017eus. Svoji posledn\u00ed ve\u010de\u0159i. N\u00e1sleduj\u00edc\u00ed r\u00e1no na Svat\u00e9ho Valent\u00fdna si je\u0161t\u011b st\u011b\u017eoval u recep\u010dn\u00edho na hluk a dokonce \u017e\u00e1dal, aby zas\u00e1hli karabini\u00e9\u0159i. Odpoledne se k\u00a0n\u011bmu sna\u017eil mlad\u00edk z\u00a0recepce doklepat, ale marn\u011b. Ve t\u0159i \u010dtvrt\u011b na dev\u011bt ve\u010der pak otev\u00edr\u00e1 Pantaniho pokoj univerz\u00e1ln\u00edm kl\u00ed\u010dem, ale dve\u0159e jsou zablokovan\u00e9. Jen s\u00a0velkou n\u00e1mahou se mu poda\u0159\u00ed odtla\u010dit n\u00e1bytek.<\/p>\n<p>V\u00a0pokoji je nepo\u0159\u00e1dek, v\u00a0koupeln\u011b se v\u00e1l\u00ed rozh\u00e1zen\u00e9 krabi\u010dky od l\u00e9k\u016f, na z\u00e1bradl\u00ed schod\u016f vedouc\u00edch do lo\u017enice v\u00a0mezaninu p\u0159iv\u00e1zan\u00e9 prost\u011bradlo. Na posteli i no\u010dn\u00edm stolku le\u017e\u00ed l\u00e9ky a v\u0161ude kolem b\u00edl\u00fd pr\u00e1\u0161ek.<\/p>\n<div class=\"shortcode-ys-post-pinup\"><article class=\"loop-simple post-10001 post type-post status-publish format-standard has-post-thumbnail hentry category-horska-cyklistika category-tipy-na-vylet tag-cyklistika tag-cyklovylet tag-lago-di-garda tag-punta-del-larici global-categories-cycling\" data-postid=\"10001\" role=\"article\" data-post-id=\"10001\" data-word-count=\"424\" data-headline-length=\"55\" data-category=\"Tipy na v\u00fdlet\" data-global-category=\"Cycling\" data-author=\"Michaela Bu\u010dkov\u00e1\" data-published=\"2020-10-07T06:30:05+02:00\" data-published-day=\"Wednesday\">\n    <div class=\"entry-thumbnail article-thumbnail\" content=\"https:\/\/d2p6e6u75xmxt8.cloudfront.net\/13\/2020\/10\/garda-5-scaled-150x150.webp\"><a href=\"https:\/\/www.welovecycling.com\/cs\/2020\/10\/07\/punta-dei-larici-misto-kde-se-zamilujete-do-jezera-garda\/\" class=\"image-holder\" target=\"_self\"><img decoding=\"async\" loading=\"lazy\" class=\"\" src=\"https:\/\/d2p6e6u75xmxt8.cloudfront.net\/13\/2020\/10\/garda-5-scaled-1024x576.webp\" srcset=\"https:\/\/d2p6e6u75xmxt8.cloudfront.net\/13\/2020\/10\/garda-5-scaled.webp 2560w, https:\/\/d2p6e6u75xmxt8.cloudfront.net\/13\/2020\/10\/garda-5-scaled-300x169.webp 300w, https:\/\/d2p6e6u75xmxt8.cloudfront.net\/13\/2020\/10\/garda-5-scaled-1024x576.webp 1024w, https:\/\/d2p6e6u75xmxt8.cloudfront.net\/13\/2020\/10\/garda-5-scaled-768x432.webp 768w, https:\/\/d2p6e6u75xmxt8.cloudfront.net\/13\/2020\/10\/garda-5-scaled-1536x864.webp 1536w, https:\/\/d2p6e6u75xmxt8.cloudfront.net\/13\/2020\/10\/garda-5-scaled-2048x1152.webp 2048w, https:\/\/d2p6e6u75xmxt8.cloudfront.net\/13\/2020\/10\/garda-5-scaled-1920x1080.webp 1920w, https:\/\/d2p6e6u75xmxt8.cloudfront.net\/13\/2020\/10\/garda-5-scaled-1920x1080.webp 1920w\" width=\"1024\" height=\"576\" sizes=\"auto, (min-width: 1200px) 356px, (min-width: 768px) 30vw, 100vw\" alt=\"punta-dei-larici-misto-kde-se-zamilujete-do-jezera-garda\"\/><\/a><\/div>    <div class=\"entry-meta\">\n        <a class=\"label label-secondary post-category\" href=\"https:\/\/www.welovecycling.com\/cs\/category\/https-www-welovecycling-com-cs-otestovano-jizdou\/tipy-na-vylet\/\" title=\"Tipy na v\u00fdlet\">Tipy na v\u00fdlet<\/a>\n    <\/div>\n    <div class=\"entry-details\">\n        <a href=\"https:\/\/www.welovecycling.com\/cs\/2020\/10\/07\/punta-dei-larici-misto-kde-se-zamilujete-do-jezera-garda\/\" class='entry-title-wrapper'>\n            <h3 class=\"entry-title\"><span>Punta Larici: m\u00edsto, kde se zamilujete do jezera Garda<\/span><\/h3>\n        <\/a>\n    <\/div>\n    <\/article>\n<\/div>\n<p>Hlavou dol\u016f vis\u00ed z postele Pantaniho bezvl\u00e1dn\u00e9 t\u011blo. Ve 34 letech se p\u0159ed\u00e1vkoval kokainem v kombinaci s antidepresivy a soudn\u00ed l\u00e9ka\u0159 Fortuni uzav\u0159e ohled\u00e1n\u00ed slovy: \u201ePlicn\u00ed a mozkov\u00fd otok.\u201c<\/p>\n<p>P\u0159esto\u017ee Pantaniho \u017eivot skon\u010dil trag\u00e9di\u00ed, jeho legenda dodnes rezonuje. I \u0161estn\u00e1ct let po sv\u00e9 smrti je Pir\u00e1t s odst\u00e1t\u00fdma u\u0161ima nezapomenuteln\u00fd.<\/p>\n","protected":false},"excerpt":{"rendered":"<p>Nem\u016f\u017eete \u0159\u00edct Cesenatico bez toho, \u017ee byste dodali Marco Pantani. Nem\u016f\u017eete pomyslet na historii cyklistick\u00e9ho Gira a nevzpomenout na u\u0161at\u00e9ho [&hellip;]<\/p>\n","protected":false},"author":122,"featured_media":10252,"comment_status":"open","ping_status":"open","sticky":false,"template":"","format":"standard","meta":{"footnotes":""},"categories":[10],"tags":[126,161,1214,9,23],"global-categories":[411],"class_list":["post-10247","post","type-post","status-publish","format-standard","has-post-thumbnail","hentry","category-silnicni-cyklistika","tag-cyklistika","tag-giro-ditalia","tag-marco-pantani","tag-silnicni-cyklistika","tag-tour-de-france","global-categories-cycling"],"yoast_head":"<!-- This site is optimized with the Yoast SEO Premium plugin v25.3 (Yoast SEO v25.9) - https:\/\/yoast.com\/wordpress\/plugins\/seo\/ -->\n<title>Kde vyr\u016fstal Marco Pantani. Giro vzdalo hold Pir\u00e1tovi | \u0160koda We Love Cycling - \u010cesk\u00e1 republika<\/title>\n<meta name=\"robots\" content=\"index, follow, max-snippet:-1, max-image-preview:large, max-video-preview:-1\" \/>\n<link rel=\"canonical\" href=\"https:\/\/www.welovecycling.com\/cs\/2020\/10\/16\/kde-vyrustal-pirat-giro-vzdalo-hold-pantanimu\/\" \/>\n<meta property=\"og:locale\" content=\"cs_CZ\" \/>\n<meta property=\"og:type\" content=\"article\" \/>\n<meta property=\"og:title\" content=\"Kde vyr\u016fstal Marco Pantani. Giro vzdalo hold Pir\u00e1tovi\" \/>\n<meta property=\"og:description\" content=\"Nem\u016f\u017eete \u0159\u00edct Cesenatico bez toho, \u017ee byste dodali Marco Pantani. Nem\u016f\u017eete pomyslet na historii cyklistick\u00e9ho Gira a nevzpomenout na u\u0161at\u00e9ho [&hellip;]\" \/>\n<meta property=\"og:url\" content=\"https:\/\/www.welovecycling.com\/cs\/2020\/10\/16\/kde-vyrustal-pirat-giro-vzdalo-hold-pantanimu\/\" \/>\n<meta property=\"og:site_name\" content=\"\u0160koda We Love Cycling - \u010cesk\u00e1 republika\" \/>\n<meta property=\"article:published_time\" content=\"2020-10-16T09:00:29+00:00\" \/>\n<meta property=\"og:image\" content=\"https:\/\/d2p6e6u75xmxt8.cloudfront.net\/13\/2020\/10\/pantani-stoup\u00e1n\u00ed-giro-profimedia-0068939700.webp\" \/>\n\t<meta property=\"og:image:width\" content=\"1800\" \/>\n\t<meta property=\"og:image:height\" content=\"1357\" \/>\n\t<meta property=\"og:image:type\" content=\"image\/webp\" \/>\n<meta name=\"twitter:card\" content=\"summary_large_image\" \/>\n<meta name=\"twitter:label1\" content=\"Written by\" \/>\n\t<meta name=\"twitter:data1\" content=\"Michaela Bu\u010dkov\u00e1\" \/>\n\t<meta name=\"twitter:label2\" content=\"Est. reading time\" \/>\n\t<meta name=\"twitter:data2\" content=\"5\" \/>\n<script type=\"application\/ld+json\" class=\"yoast-schema-graph\">{\"@context\":\"https:\/\/schema.org\",\"@graph\":[{\"@type\":\"WebPage\",\"@id\":\"https:\/\/www.welovecycling.com\/cs\/2020\/10\/16\/kde-vyrustal-pirat-giro-vzdalo-hold-pantanimu\/\",\"url\":\"https:\/\/www.welovecycling.com\/cs\/2020\/10\/16\/kde-vyrustal-pirat-giro-vzdalo-hold-pantanimu\/\",\"name\":\"Kde vyr\u016fstal Marco Pantani. Giro vzdalo hold Pir\u00e1tovi | \u0160koda We Love Cycling - \u010cesk\u00e1 republika\",\"isPartOf\":{\"@id\":\"https:\/\/www.welovecycling.com\/cs\/#website\"},\"primaryImageOfPage\":{\"@id\":\"https:\/\/www.welovecycling.com\/cs\/2020\/10\/16\/kde-vyrustal-pirat-giro-vzdalo-hold-pantanimu\/#primaryimage\"},\"image\":{\"@id\":\"https:\/\/www.welovecycling.com\/cs\/2020\/10\/16\/kde-vyrustal-pirat-giro-vzdalo-hold-pantanimu\/#primaryimage\"},\"thumbnailUrl\":\"https:\/\/d2p6e6u75xmxt8.cloudfront.net\/13\/2020\/10\/pantani-stoup\u00e1n\u00ed-giro-profimedia-0068939700.webp\",\"datePublished\":\"2020-10-16T09:00:29+00:00\",\"author\":{\"@id\":\"\"},\"inLanguage\":\"cs\",\"potentialAction\":[{\"@type\":\"ReadAction\",\"target\":[\"https:\/\/www.welovecycling.com\/cs\/2020\/10\/16\/kde-vyrustal-pirat-giro-vzdalo-hold-pantanimu\/\"]}]},{\"@type\":\"ImageObject\",\"inLanguage\":\"cs\",\"@id\":\"https:\/\/www.welovecycling.com\/cs\/2020\/10\/16\/kde-vyrustal-pirat-giro-vzdalo-hold-pantanimu\/#primaryimage\",\"url\":\"https:\/\/d2p6e6u75xmxt8.cloudfront.net\/13\/2020\/10\/pantani-stoup\u00e1n\u00ed-giro-profimedia-0068939700.webp\",\"contentUrl\":\"https:\/\/d2p6e6u75xmxt8.cloudfront.net\/13\/2020\/10\/pantani-stoup\u00e1n\u00ed-giro-profimedia-0068939700.webp\",\"width\":1800,\"height\":1357,\"caption\":\"Marco Pantani\"},{\"@type\":\"WebSite\",\"@id\":\"https:\/\/www.welovecycling.com\/cs\/#website\",\"url\":\"https:\/\/www.welovecycling.com\/cs\/\",\"name\":\"\u0160koda We Love Cycling - \u010cesk\u00e1 republika\",\"description\":\"WeLoveCycling.cz je online magaz\u00edn, kter\u00fd v\u00e1m pravideln\u011b p\u0159in\u00e1\u0161\u00ed rady a tipy, zaj\u00edmav\u00e9 \u010dl\u00e1nky, videa a jedine\u010dn\u00e9 report\u00e1\u017ee ze sv\u011bta cyklistiky.\",\"potentialAction\":[{\"@type\":\"SearchAction\",\"target\":{\"@type\":\"EntryPoint\",\"urlTemplate\":\"https:\/\/www.welovecycling.com\/cs\/?s={search_term_string}\"},\"query-input\":{\"@type\":\"PropertyValueSpecification\",\"valueRequired\":true,\"valueName\":\"search_term_string\"}}],\"inLanguage\":\"cs\"},{\"@type\":\"Person\",\"@id\":\"\",\"url\":\"https:\/\/www.welovecycling.com\/cs\/author\/\"}]}<\/script>\n<!-- \/ Yoast SEO Premium plugin. -->","yoast_head_json":{"title":"Kde vyr\u016fstal Marco Pantani. Giro vzdalo hold Pir\u00e1tovi | \u0160koda We Love Cycling - \u010cesk\u00e1 republika","robots":{"index":"index","follow":"follow","max-snippet":"max-snippet:-1","max-image-preview":"max-image-preview:large","max-video-preview":"max-video-preview:-1"},"canonical":"https:\/\/www.welovecycling.com\/cs\/2020\/10\/16\/kde-vyrustal-pirat-giro-vzdalo-hold-pantanimu\/","og_locale":"cs_CZ","og_type":"article","og_title":"Kde vyr\u016fstal Marco Pantani. Giro vzdalo hold Pir\u00e1tovi","og_description":"Nem\u016f\u017eete \u0159\u00edct Cesenatico bez toho, \u017ee byste dodali Marco Pantani. Nem\u016f\u017eete pomyslet na historii cyklistick\u00e9ho Gira a nevzpomenout na u\u0161at\u00e9ho [&hellip;]","og_url":"https:\/\/www.welovecycling.com\/cs\/2020\/10\/16\/kde-vyrustal-pirat-giro-vzdalo-hold-pantanimu\/","og_site_name":"\u0160koda We Love Cycling - \u010cesk\u00e1 republika","article_published_time":"2020-10-16T09:00:29+00:00","og_image":[{"width":1800,"height":1357,"url":"https:\/\/d2p6e6u75xmxt8.cloudfront.net\/13\/2020\/10\/pantani-stoup\u00e1n\u00ed-giro-profimedia-0068939700.webp","type":"image\/webp"}],"twitter_card":"summary_large_image","twitter_misc":{"Written by":"Michaela Bu\u010dkov\u00e1","Est. reading time":"5"},"schema":{"@context":"https:\/\/schema.org","@graph":[{"@type":"WebPage","@id":"https:\/\/www.welovecycling.com\/cs\/2020\/10\/16\/kde-vyrustal-pirat-giro-vzdalo-hold-pantanimu\/","url":"https:\/\/www.welovecycling.com\/cs\/2020\/10\/16\/kde-vyrustal-pirat-giro-vzdalo-hold-pantanimu\/","name":"Kde vyr\u016fstal Marco Pantani. Giro vzdalo hold Pir\u00e1tovi | \u0160koda We Love Cycling - \u010cesk\u00e1 republika","isPartOf":{"@id":"https:\/\/www.welovecycling.com\/cs\/#website"},"primaryImageOfPage":{"@id":"https:\/\/www.welovecycling.com\/cs\/2020\/10\/16\/kde-vyrustal-pirat-giro-vzdalo-hold-pantanimu\/#primaryimage"},"image":{"@id":"https:\/\/www.welovecycling.com\/cs\/2020\/10\/16\/kde-vyrustal-pirat-giro-vzdalo-hold-pantanimu\/#primaryimage"},"thumbnailUrl":"https:\/\/d2p6e6u75xmxt8.cloudfront.net\/13\/2020\/10\/pantani-stoup\u00e1n\u00ed-giro-profimedia-0068939700.webp","datePublished":"2020-10-16T09:00:29+00:00","author":{"@id":""},"inLanguage":"cs","potentialAction":[{"@type":"ReadAction","target":["https:\/\/www.welovecycling.com\/cs\/2020\/10\/16\/kde-vyrustal-pirat-giro-vzdalo-hold-pantanimu\/"]}]},{"@type":"ImageObject","inLanguage":"cs","@id":"https:\/\/www.welovecycling.com\/cs\/2020\/10\/16\/kde-vyrustal-pirat-giro-vzdalo-hold-pantanimu\/#primaryimage","url":"https:\/\/d2p6e6u75xmxt8.cloudfront.net\/13\/2020\/10\/pantani-stoup\u00e1n\u00ed-giro-profimedia-0068939700.webp","contentUrl":"https:\/\/d2p6e6u75xmxt8.cloudfront.net\/13\/2020\/10\/pantani-stoup\u00e1n\u00ed-giro-profimedia-0068939700.webp","width":1800,"height":1357,"caption":"Marco Pantani"},{"@type":"WebSite","@id":"https:\/\/www.welovecycling.com\/cs\/#website","url":"https:\/\/www.welovecycling.com\/cs\/","name":"\u0160koda We Love Cycling - \u010cesk\u00e1 republika","description":"WeLoveCycling.cz je online magaz\u00edn, kter\u00fd v\u00e1m pravideln\u011b p\u0159in\u00e1\u0161\u00ed rady a tipy, zaj\u00edmav\u00e9 \u010dl\u00e1nky, videa a jedine\u010dn\u00e9 report\u00e1\u017ee ze sv\u011bta cyklistiky.","potentialAction":[{"@type":"SearchAction","target":{"@type":"EntryPoint","urlTemplate":"https:\/\/www.welovecycling.com\/cs\/?s={search_term_string}"},"query-input":{"@type":"PropertyValueSpecification","valueRequired":true,"valueName":"search_term_string"}}],"inLanguage":"cs"},{"@type":"Person","@id":"","url":"https:\/\/www.welovecycling.com\/cs\/author\/"}]}},"_links":{"self":[{"href":"https:\/\/www.welovecycling.com\/cs\/wp-json\/wp\/v2\/posts\/10247","targetHints":{"allow":["GET"]}}],"collection":[{"href":"https:\/\/www.welovecycling.com\/cs\/wp-json\/wp\/v2\/posts"}],"about":[{"href":"https:\/\/www.welovecycling.com\/cs\/wp-json\/wp\/v2\/types\/post"}],"author":[{"embeddable":true,"href":"https:\/\/www.welovecycling.com\/cs\/wp-json\/wp\/v2\/users\/122"}],"replies":[{"embeddable":true,"href":"https:\/\/www.welovecycling.com\/cs\/wp-json\/wp\/v2\/comments?post=10247"}],"version-history":[{"count":2,"href":"https:\/\/www.welovecycling.com\/cs\/wp-json\/wp\/v2\/posts\/10247\/revisions"}],"predecessor-version":[{"id":10257,"href":"https:\/\/www.welovecycling.com\/cs\/wp-json\/wp\/v2\/posts\/10247\/revisions\/10257"}],"wp:featuredmedia":[{"embeddable":true,"href":"https:\/\/www.welovecycling.com\/cs\/wp-json\/wp\/v2\/media\/10252"}],"wp:attachment":[{"href":"https:\/\/www.welovecycling.com\/cs\/wp-json\/wp\/v2\/media?parent=10247"}],"wp:term":[{"taxonomy":"category","embeddable":true,"href":"https:\/\/www.welovecycling.com\/cs\/wp-json\/wp\/v2\/categories?post=10247"},{"taxonomy":"post_tag","embeddable":true,"href":"https:\/\/www.welovecycling.com\/cs\/wp-json\/wp\/v2\/tags?post=10247"},{"taxonomy":"global-categories","embeddable":true,"href":"https:\/\/www.welovecycling.com\/cs\/wp-json\/wp\/v2\/global-categories?post=10247"}],"curies":[{"name":"wp","href":"https:\/\/api.w.org\/{rel}","templated":true}]}}