{"id":10235,"date":"2020-10-18T07:00:05","date_gmt":"2020-10-18T05:00:05","guid":{"rendered":"https:\/\/www.welovecycling.com\/cs\/?p=10235"},"modified":"2020-10-19T12:19:36","modified_gmt":"2020-10-19T10:19:36","slug":"supertalent-thomas-pidcock-kraci-ve-stopach-van-der-poela-a-van-aerta-sazi-na-nej-ineos","status":"publish","type":"post","link":"https:\/\/www.welovecycling.com\/cs\/2020\/10\/18\/supertalent-thomas-pidcock-kraci-ve-stopach-van-der-poela-a-van-aerta-sazi-na-nej-ineos\/","title":{"rendered":"Supertalent Thomas Pidcock! Kr\u00e1\u010d\u00ed ve stop\u00e1ch van der Poela a van Aerta, s\u00e1z\u00ed na n\u011bj Ineos"},"content":{"rendered":"<p><strong>Jmenuje se Thomas Pidcock, ale nikdo mu ne\u0159ekne jinak ne\u017e Tom. Je to Brit, kter\u00fd se narodil p\u0159ed jednadvaceti lety v Leedsu. A u\u017e v tomto \u00fatl\u00e9m v\u011bku je z n\u011bj fantastick\u00fd cyklista, kter\u00fd m\u00e1 podle v\u0161eho p\u0159ed sebou je\u0161t\u011b daleko lep\u0161\u00ed budoucnost. Proto\u017ee um\u00ed \u00fapln\u011b v\u0161echno a vyhr\u00e1v\u00e1 v cyklokrosu, na dr\u00e1ze i na silnici a stejn\u011b tak jsou jeho &#8222;domovem&#8220; horsk\u00e1 kola. Vypad\u00e1 to, \u017ee p\u016fjde ve stop\u00e1ch Nizozemce Mathieu van der Poela \u010di belgick\u00e9ho excelentn\u00edho cyklokrosa\u0159e a silni\u010d\u00e1\u0159e Wouta van Aerta.<\/strong><\/p>\n<p>V\u00a0cyklokrosu je juniorsk\u00fdm mistrem sv\u011bta i Evropy, to sam\u00e9 zopakoval v\u00a0kategorii U23 a letos u\u017e z\u00edskal st\u0159\u00edbro na MS mezi elitou, kdy\u017e nesta\u010dil jen na van der Poela. V\u00a0t\u00e9 dob\u011b mu bylo teprve 20. Na silnici je juniorsk\u00fdm mistrem sv\u011bta v\u00a0\u010dasovce, m\u00e1 bronz ze silni\u010dn\u00edho z\u00e1vodu kategorie U23, vyhr\u00e1l \u0159adu presti\u017en\u00edch z\u00e1vod\u016f v\u010detn\u011b juniorsk\u00e9ho Pa\u0159\u00ed\u017e-Roubaix nebo Giro Baby.<\/p>\n<h2><strong>Biky jen pro zpest\u0159en\u00ed: dva tituly!<\/strong><\/h2>\n<p>Na horsk\u00e9m kole v\u00a0podstat\u011b nez\u00e1vodil. Bral ho jako zpest\u0159en\u00ed. P\u0159ed p\u00e1r dny p\u0159ijel do Nov\u00e9ho M\u011bsta, aby si trochu otestoval formu p\u0159ed mistrovstv\u00edm sv\u011bta. V\u00a0cross country U23 startoval z\u00a0posledn\u00ed \u0159ady a vyhr\u00e1l oba z\u00e1vody. Na \u0161ampion\u00e1t do Leogangu p\u0159ijel bez stresu, bahenn\u00ed l\u00e1zn\u011b mu jako excelentn\u00edmu cyklokrosa\u0159i hr\u00e1ly do not.<\/p>\n<p>Jen tak pro z\u00e1bavu a kv\u016fli p\u0159\u00e1n\u00ed sponzora si st\u0159ihl na \u00favod z\u00e1vod elektrokol, kter\u00fd o parn\u00edk vyhr\u00e1l, a stejn\u00e9 to pak bylo i v cross country kategorie U23. Dom\u016f si tak odv\u00e1\u017eel dva duhov\u00e9 dresy za dva tituly, ten prvn\u00ed s bleskem na prsou symbolizuj\u00edc\u00ed ebiky. P\u0159itom to pro n\u011bj byly bikov\u00e9 z\u00e1vody s po\u0159adov\u00fdm \u010d\u00edslem 6 a 7 v \u017eivot\u011b!<\/p>\n<figure id=\"attachment_10262\" aria-describedby=\"caption-attachment-10262\" style=\"width: 1600px\" class=\"wp-caption alignnone\"><a href=\"https:\/\/d2p6e6u75xmxt8.cloudfront.net\/13\/2020\/10\/pidcock-z\u00e1vod-MS-\u010derven\u00fd-michal.jpg\"><img loading=\"lazy\" decoding=\"async\" class=\"size-full wp-image-10262\" src=\"https:\/\/d2p6e6u75xmxt8.cloudfront.net\/13\/2020\/10\/pidcock-z\u00e1vod-MS-\u010derven\u00fd-michal.jpg\" alt=\"Thomas Pidcock p\u0159i z\u00e1vod\u011b cross country na mistrovstv\u00ed sv\u011bta v Leogangu. Foto: Michal \u010cerven\u00fd\" width=\"1600\" height=\"1067\" \/><\/a><figcaption id=\"caption-attachment-10262\" class=\"wp-caption-text\"><em>Thomas Pidcock p\u0159i z\u00e1vod\u011b cross country na mistrovstv\u00ed sv\u011bta v Leogangu. Foto: Michal \u010cerven\u00fd<\/em><\/figcaption><\/figure>\n<p>\u201ePo\u0159\u00e1d se m\u00e1m co u\u010dit. Biky jsou pro m\u011b te\u010f a\u017e t\u0159et\u00ed discipl\u00edna, ale jsem rozhodnut\u00fd se p\u0159\u00ed\u0161t\u00ed sezonu posunout do elity. \u010cty\u0159i v\u00edt\u011bzstv\u00ed v \u0159ad\u011b a dva tituly, to je kr\u00e1sn\u00e1 te\u010dka za sezonou horsk\u00fdch kol, jsem za to moc vd\u011b\u010dn\u00fd,\u201c \u0159ekl Pidcock. Jin\u00fdmi slovy: v\u00a0kategorii U23 u\u017e by t\u011b\u017eko hledal motivaci. Ud\u011blal to u\u017e v\u00a0cyklokrosu i na silnici. Tak jako p\u0159ed lety van der Poel.<\/p>\n<div class=\"shortcode-ys-post-pinup\"><article class=\"loop-simple post-10241 post type-post status-publish format-standard has-post-thumbnail hentry category-rady-tipy tag-cyklistika tag-cyklistika-pro-deti tag-cyklotrenink tag-trenink tag-zdravi-a-trenink global-categories-cycling\" data-postid=\"10241\" role=\"article\" data-post-id=\"10241\" data-word-count=\"1017\" data-headline-length=\"87\" data-category=\"Rady &amp; tipy\" data-global-category=\"Cycling\" data-author=\"Michaela Bu\u010dkov\u00e1\" data-published=\"2020-10-17T07:00:56+02:00\" data-published-day=\"Saturday\">\n    <div class=\"entry-thumbnail article-thumbnail\" content=\"https:\/\/d2p6e6u75xmxt8.cloudfront.net\/13\/2020\/10\/WLC-jindrich-cesky-pohar-scaled-150x150.webp\"><a href=\"https:\/\/www.welovecycling.com\/cs\/2020\/10\/17\/cyklisticky-trenink-deti-problemem-byvaji-ambiciozni-rodice-rika-trener\/\" class=\"image-holder\" target=\"_self\"><img decoding=\"async\" loading=\"lazy\" class=\"\" src=\"https:\/\/d2p6e6u75xmxt8.cloudfront.net\/13\/2020\/10\/WLC-jindrich-cesky-pohar-scaled-1024x684.webp\" srcset=\"https:\/\/d2p6e6u75xmxt8.cloudfront.net\/13\/2020\/10\/WLC-jindrich-cesky-pohar-scaled.webp 2560w, https:\/\/d2p6e6u75xmxt8.cloudfront.net\/13\/2020\/10\/WLC-jindrich-cesky-pohar-scaled-300x200.webp 300w, https:\/\/d2p6e6u75xmxt8.cloudfront.net\/13\/2020\/10\/WLC-jindrich-cesky-pohar-scaled-1024x684.webp 1024w, https:\/\/d2p6e6u75xmxt8.cloudfront.net\/13\/2020\/10\/WLC-jindrich-cesky-pohar-scaled-768x513.webp 768w, https:\/\/d2p6e6u75xmxt8.cloudfront.net\/13\/2020\/10\/WLC-jindrich-cesky-pohar-scaled-1536x1025.webp 1536w, https:\/\/d2p6e6u75xmxt8.cloudfront.net\/13\/2020\/10\/WLC-jindrich-cesky-pohar-scaled-2048x1367.webp 2048w, https:\/\/d2p6e6u75xmxt8.cloudfront.net\/13\/2020\/10\/WLC-jindrich-cesky-pohar-scaled-1920x1282.webp 1920w, https:\/\/d2p6e6u75xmxt8.cloudfront.net\/13\/2020\/10\/WLC-jindrich-cesky-pohar-scaled-272x182.webp 272w, https:\/\/d2p6e6u75xmxt8.cloudfront.net\/13\/2020\/10\/WLC-jindrich-cesky-pohar-scaled-1920x1282.webp 1920w\" width=\"1024\" height=\"684\" sizes=\"auto, (min-width: 1200px) 300px, (min-width: 768px) 25vw, 100vw\" alt=\"cyklisticky-trenink-deti-problemem-byvaji-ambiciozni-rodice-rika-trener\"\/><\/a><\/div>    <div class=\"entry-meta\">\n        <a class=\"label label-secondary post-category\" href=\"https:\/\/www.welovecycling.com\/cs\/category\/rady-tipy\/\" title=\"Rady &amp; tipy\">Rady &amp; tipy<\/a>\n    <\/div>\n    <div class=\"entry-details\">\n        <a href=\"https:\/\/www.welovecycling.com\/cs\/2020\/10\/17\/cyklisticky-trenink-deti-problemem-byvaji-ambiciozni-rodice-rika-trener\/\" class='entry-title-wrapper'>\n            <h3 class=\"entry-title\"><span>Cyklistick\u00fd tr\u00e9nink d\u011bt\u00ed? Probl\u00e9mem b\u00fdvaj\u00ed ambici\u00f3zn\u00ed rodi\u010de, \u0159\u00edk\u00e1 tren\u00e9r<\/span><\/h3>\n        <\/a>\n    <\/div>\n    <\/article>\n<\/div>\n<p>Pidcock u\u017e t\u0159eba letos absolvoval poprv\u00e9 v kari\u00e9\u0159e silni\u010dn\u00ed z\u00e1vod mistrovstv\u00ed sv\u011bta mu\u017esk\u00e9 elity. Na 260 km, kde skon\u010dil dvaa\u010dty\u0159ic\u00e1t\u00fd. Jen tak pro zaj\u00edmavost, bylo to necel\u00fd t\u00fdden p\u0159ed z\u00e1vody v Nov\u00e9m M\u011bst\u011b na Morav\u011b, kde dvakr\u00e1t vyhr\u00e1l&#8230; \u201eCht\u011bl jsem si to zkusit. Sp\u00ed\u0161 kv\u016fli budoucnosti. Ze z\u00e1vod\u016f kategorie do t\u0159iadvaceti let je\u0161t\u011b nem\u00e1m s\u00edlu, abych vydr\u017eel takovou porci. Tak\u017ee mi po 230 kilometrech trochu ode\u0161ly nohy, ale dok\u00e1zal jsem to dojet, tak\u017ee jsem spokojen\u00fd,\u201c prozradil.<\/p>\n<h2><strong>Po pauze znovu cyklokros<\/strong><\/h2>\n<p>To jen dokl\u00e1d\u00e1, jak velk\u00fd je Pidcock talent. Dnes u\u017e to v\u00ed skoro cel\u00fd sv\u011bt a dob\u0159e to ji\u017e del\u0161\u00ed dobu v\u011bd\u00ed v britsk\u00e9m silni\u010dn\u00edm t\u00fdmu Ineos. Tento gigant necht\u011bl dopustit, aby mu nejv\u011bt\u0161\u00ed klenot britsk\u00e9 cyklistiky za posledn\u00ed roky vyfoukl n\u011bkdo jin\u00fd, proto u\u017e s n\u00edm podepsal smlouvu s platnost\u00ed od b\u0159ezna 2021.<\/p>\n<figure id=\"attachment_10259\" aria-describedby=\"caption-attachment-10259\" style=\"width: 1600px\" class=\"wp-caption alignnone\"><a href=\"https:\/\/d2p6e6u75xmxt8.cloudfront.net\/13\/2020\/10\/pidcock-portr\u00e9t-\u010derven\u00fd-michal-2.jpg\"><img loading=\"lazy\" decoding=\"async\" class=\"size-full wp-image-10259\" src=\"https:\/\/d2p6e6u75xmxt8.cloudfront.net\/13\/2020\/10\/pidcock-portr\u00e9t-\u010derven\u00fd-michal-2.jpg\" alt=\"Thomas Pidcock p\u0159i z\u00e1vod\u011b cross country na mistrovstv\u00ed sv\u011bta v Leogangu. Foto: Michal \u010cerven\u00fd\" width=\"1600\" height=\"1067\" \/><\/a><figcaption id=\"caption-attachment-10259\" class=\"wp-caption-text\"><em>Thomas Pidcock p\u0159i z\u00e1vod\u011b cross country na mistrovstv\u00ed sv\u011bta v Leogangu. Foto: Michal \u010cerven\u00fd<\/em><\/figcaption><\/figure>\n<p>Te\u010f ur\u010dit\u011b je\u0161t\u011b sko\u010d\u00ed do cyklokrosov\u00e9 sezony, pokud se ve sv\u011bt\u011b kv\u016fli Covidu-19 po\u0159\u00e1dn\u011b rozjede, ale n\u00e1sledn\u011b se z\u0159ejm\u011b bude realizovat hlavn\u011b na silnici. Tak, jako to te\u010f d\u011blaj\u00ed van Aert nebo van der Poel, kte\u0159\u00ed dok\u00e1\u017e\u00ed z\u00e1\u0159it v n\u011bkolika cyklistick\u00fdch discipl\u00edn\u00e1ch.<\/p>\n<div class=\"shortcode-ys-post-pinup\"><article class=\"loop-simple post-10118 post type-post status-publish format-standard has-post-thumbnail hentry category-silnicni-cyklistika tag-cyklistika tag-giro-ditalia-2020 tag-giro-ditalia tag-monte-crostis tag-passo-dello-stelvio tag-pavel-padrnos global-categories-cycling\" data-postid=\"10118\" role=\"article\" data-post-id=\"10118\" data-word-count=\"526\" data-headline-length=\"60\" data-category=\"Silni\u010dn\u00ed cyklistika\" data-global-category=\"Cycling\" data-author=\"Adam Bouda\" data-published=\"2020-10-09T07:00:10+02:00\" data-published-day=\"Friday\">\n    <div class=\"entry-thumbnail article-thumbnail\" content=\"https:\/\/d2p6e6u75xmxt8.cloudfront.net\/13\/2020\/10\/giro-sagan.PNG-150x150.webp\"><a href=\"https:\/\/www.welovecycling.com\/cs\/2020\/10\/09\/giro-ditalia-proc-ho-peloton-miluje-a-nekdy-nesnasi\/\" class=\"image-holder\" target=\"_self\"><img decoding=\"async\" loading=\"lazy\" class=\"\" src=\"https:\/\/d2p6e6u75xmxt8.cloudfront.net\/13\/2020\/10\/giro-sagan.PNG.webp\" srcset=\"https:\/\/d2p6e6u75xmxt8.cloudfront.net\/13\/2020\/10\/giro-sagan.PNG.webp 925w, https:\/\/d2p6e6u75xmxt8.cloudfront.net\/13\/2020\/10\/giro-sagan.PNG-300x161.webp 300w, https:\/\/d2p6e6u75xmxt8.cloudfront.net\/13\/2020\/10\/giro-sagan.PNG-768x412.webp 768w\" width=\"925\" height=\"496\" sizes=\"auto, (min-width: 1200px) 372px, (min-width: 768px) 31vw, 100vw\" alt=\"giro-ditalia-proc-ho-peloton-miluje-a-nekdy-nesnasi\"\/><\/a><\/div>    <div class=\"entry-meta\">\n        <a class=\"label label-secondary post-category\" href=\"https:\/\/www.welovecycling.com\/cs\/category\/silnicni-cyklistika\/\" title=\"Silni\u010dn\u00ed cyklistika\">Silni\u010dn\u00ed cyklistika<\/a>\n    <\/div>\n    <div class=\"entry-details\">\n        <a href=\"https:\/\/www.welovecycling.com\/cs\/2020\/10\/09\/giro-ditalia-proc-ho-peloton-miluje-a-nekdy-nesnasi\/\" class='entry-title-wrapper'>\n            <h3 class=\"entry-title\"><span>Giro d\u2019Italia: pro\u010d ho peloton miluje a n\u011bkdy nesn\u00e1\u0161\u00ed<\/span><\/h3>\n        <\/a>\n    <\/div>\n    <\/article>\n<\/div>\n<p>\u201eNyn\u00ed si d\u00e1m t\u0159i t\u00fddny pauzu. Sice jsem letos tolik nez\u00e1vodil, ale bylo to hodn\u011b psychicky n\u00e1ro\u010dn\u00e9, proto\u017ee z\u00e1vody byly nahu\u0161t\u011bn\u00e9 do p\u00e1r m\u011bs\u00edc\u016f. Byl jsem po\u0159\u00e1d pry\u010d, tak se t\u011b\u0161\u00edm, jak doma vypnu a pokus\u00edm se po\u0159\u00e1d ne\u0159e\u0161it jen glob\u00e1ln\u00ed situaci a z\u00e1vody, i kdy\u017e to bude t\u011b\u017ek\u00e9. N\u00e1sledn\u011b uvid\u00edm, co p\u0159ijde. Z\u00e1le\u017e\u00ed, jak\u00fd bude kalend\u00e1\u0159 v cyklokrosu, proto\u017ee spousta z\u00e1vod\u016f se ru\u0161\u00ed,\u201c posteskl si Pidcock.<\/p>\n<h2><strong>Sen? Vyhr\u00e1t Grand Tour&#8230;<\/strong><\/h2>\n<p>A co bude v silni\u010dn\u00ed sezon\u011b 2021? \u201eJe\u0161t\u011b v\u016fbec nev\u00edm, jak\u00fd budu m\u00edt program, ale cht\u011bl bych jet Strade Bianche, Tour de Yorkshire a ur\u010dit\u011b mistrovstv\u00ed sv\u011bta v Belgii. To je jen moje p\u0159\u00e1n\u00ed, ur\u010dit\u011b se to bude ladit. Samoz\u0159ejm\u011b je\u0161t\u011b po\u010d\u00edt\u00e1m s cyklokrosem i horsk\u00fdmi koly,\u201c \u0159ekl britsk\u00fd z\u00e1vodn\u00edk.<\/p>\n<figure id=\"attachment_10261\" aria-describedby=\"caption-attachment-10261\" style=\"width: 1600px\" class=\"wp-caption alignnone\"><a href=\"https:\/\/d2p6e6u75xmxt8.cloudfront.net\/13\/2020\/10\/pidcock-v-c\u00edli-MS-zlato-\u010derven\u00fd-michal.jpg\"><img loading=\"lazy\" decoding=\"async\" class=\"size-full wp-image-10261\" src=\"https:\/\/d2p6e6u75xmxt8.cloudfront.net\/13\/2020\/10\/pidcock-v-c\u00edli-MS-zlato-\u010derven\u00fd-michal.jpg\" alt=\"Thomas Pidcock triumf\u00e1ln\u011b v c\u00edli mistrovstv\u00ed sv\u011bta horsk\u00fdch kol. Douf\u00e1, \u017ee jednou bude stejn\u011b triumf\u00e1ln\u011b st\u00e1t na konci Grand Tour. Foto: Michal \u010cerven\u00fd\" width=\"1600\" height=\"1067\" \/><\/a><figcaption id=\"caption-attachment-10261\" class=\"wp-caption-text\"><em>Thomas Pidcock triumf\u00e1ln\u011b v c\u00edli mistrovstv\u00ed sv\u011bta horsk\u00fdch kol. Douf\u00e1, \u017ee jednou bude stejn\u011b st\u00e1t na konci Grand Tour. Foto: Michal \u010cerven\u00fd<\/em><\/figcaption><\/figure>\n<p>\u201eJednou bych r\u00e1d zkusil bojovat o v\u00edt\u011bzstv\u00ed na Grand Tour, ale tomu p\u0159edch\u00e1z\u00ed spousta ob\u011bt\u00ed. V\u00a0podstat\u011b mus\u00edte \u017e\u00edt jako mnich a jen se dlouhou dobu chystat na velk\u00fd vrchol. Tak\u017ee uvid\u00edme, jestli na to budu v\u016fbec m\u00edt. Te\u010f m\u011b ale hodn\u011b l\u00e1kaj\u00ed klasiky,\u201c p\u0159iznal.<\/p>\n<div class=\"shortcode-ys-post-pinup\"><article class=\"loop-simple post-9857 post type-post status-publish format-standard has-post-thumbnail hentry category-welovecycling-com-cs-tdf tag-cyklistika tag-silnicni-cyklistika tag-tadej-pogacar tag-tour-de-france tag-tour-de-france-2020 tag-uae-emirates-team tag-vitez-tour-de-france global-categories-cycling\" data-postid=\"9857\" role=\"article\" data-post-id=\"9857\" data-word-count=\"733\" data-headline-length=\"78\" data-category=\"TdF\" data-global-category=\"Cycling\" data-author=\"We Love Cycling\" data-published=\"2020-09-20T21:25:04+02:00\" data-published-day=\"Sunday\">\n    <div class=\"entry-thumbnail article-thumbnail\" content=\"https:\/\/d2p6e6u75xmxt8.cloudfront.net\/13\/2020\/09\/WLC-poga\u010dar-I-profimedia-0558933030-150x150.webp\"><a href=\"https:\/\/www.welovecycling.com\/cs\/2020\/09\/20\/tadej-pogacar-vladce-tour-de-france-z-nove-generace-utok-je-jeho-mantra\/\" class=\"image-holder\" target=\"_self\"><img decoding=\"async\" loading=\"lazy\" class=\"\" src=\"https:\/\/d2p6e6u75xmxt8.cloudfront.net\/13\/2020\/09\/WLC-poga\u010dar-I-profimedia-0558933030-1024x581.webp\" srcset=\"https:\/\/d2p6e6u75xmxt8.cloudfront.net\/13\/2020\/09\/WLC-poga\u010dar-I-profimedia-0558933030.webp 1800w, https:\/\/d2p6e6u75xmxt8.cloudfront.net\/13\/2020\/09\/WLC-poga\u010dar-I-profimedia-0558933030-300x170.webp 300w, https:\/\/d2p6e6u75xmxt8.cloudfront.net\/13\/2020\/09\/WLC-poga\u010dar-I-profimedia-0558933030-1024x581.webp 1024w, https:\/\/d2p6e6u75xmxt8.cloudfront.net\/13\/2020\/09\/WLC-poga\u010dar-I-profimedia-0558933030-768x436.webp 768w, https:\/\/d2p6e6u75xmxt8.cloudfront.net\/13\/2020\/09\/WLC-poga\u010dar-I-profimedia-0558933030-1536x872.webp 1536w\" width=\"1024\" height=\"581\" sizes=\"auto, (min-width: 1200px) 352px, (min-width: 768px) 29vw, 100vw\" alt=\"tadej-pogacar-vladce-tour-de-france-z-nove-generace-utok-je-jeho-mantra\"\/><\/a><\/div>    <div class=\"entry-meta\">\n        <a class=\"label label-secondary post-category\" href=\"https:\/\/www.welovecycling.com\/cs\/category\/welovecycling-com-cs-tdf\/\" title=\"TdF\">TdF<\/a>\n    <\/div>\n    <div class=\"entry-details\">\n        <a href=\"https:\/\/www.welovecycling.com\/cs\/2020\/09\/20\/tadej-pogacar-vladce-tour-de-france-z-nove-generace-utok-je-jeho-mantra\/\" class='entry-title-wrapper'>\n            <h3 class=\"entry-title\"><span>Tadej Poga\u010dar, vl\u00e1dce Tour de France z\u00a0nov\u00e9 generace. \u00datok je jeho mantra<\/span><\/h3>\n        <\/a>\n    <\/div>\n    <\/article>\n<\/div>\n<p>Jeho inspirac\u00ed sm\u011brem k\u00a0silnici jsou pr\u00e1v\u011b zmi\u0148ovan\u00ed van Aert a van der Poel. \u201eOni um\u00ed skoro v\u0161echno. Mo\u017en\u00e1 budu o tro\u0161ku lep\u0161\u00ed v\u00a0t\u011b\u017ek\u00fdch kopc\u00edch, oni jsou zase lep\u0161\u00ed sprinte\u0159i. Hodn\u011b m\u011b inspiruj\u00ed a t\u011b\u0161\u00edm se, a\u017e se s\u00a0nimi na silnici pom\u011b\u0159\u00edm. Tihle dva dokazuj\u00ed, \u017ee kdy \u010dlov\u011bk chce, m\u016f\u017ee v\u00a0cyklistice dok\u00e1zat skoro v\u0161echno,\u201c dodal Pidcock.<\/p>\n<p>Co uk\u00e1\u017ee v\u00a0roce 2021? Asi se m\u016f\u017eeme t\u011b\u0161it na velk\u00e9 v\u011bci&#8230;<\/p>\n","protected":false},"excerpt":{"rendered":"<p>Jmenuje se Thomas Pidcock, ale nikdo mu ne\u0159ekne jinak ne\u017e Tom. Je to Brit, kter\u00fd se narodil p\u0159ed jednadvaceti lety [&hellip;]<\/p>\n","protected":false},"author":122,"featured_media":10263,"comment_status":"open","ping_status":"open","sticky":false,"template":"","format":"standard","meta":{"footnotes":""},"categories":[11,10],"tags":[126,9,1215],"global-categories":[411],"class_list":["post-10235","post","type-post","status-publish","format-standard","has-post-thumbnail","hentry","category-horska-cyklistika","category-silnicni-cyklistika","tag-cyklistika","tag-silnicni-cyklistika","tag-thomas-pidcock","global-categories-cycling"],"yoast_head":"<!-- This site is optimized with the Yoast SEO Premium plugin v25.3 (Yoast SEO v25.9) - https:\/\/yoast.com\/wordpress\/plugins\/seo\/ -->\n<title>Supertalent Thomas Pidcock! Kr\u00e1\u010d\u00ed ve stop\u00e1ch van der Poela a van Aerta, s\u00e1z\u00ed na n\u011bj Ineos | \u0160koda We Love Cycling - \u010cesk\u00e1 republika<\/title>\n<meta name=\"robots\" content=\"index, follow, max-snippet:-1, max-image-preview:large, max-video-preview:-1\" \/>\n<link rel=\"canonical\" href=\"https:\/\/www.welovecycling.com\/cs\/2020\/10\/18\/supertalent-thomas-pidcock-kraci-ve-stopach-van-der-poela-a-van-aerta-sazi-na-nej-ineos\/\" \/>\n<meta property=\"og:locale\" content=\"cs_CZ\" \/>\n<meta property=\"og:type\" content=\"article\" \/>\n<meta property=\"og:title\" content=\"Supertalent Thomas Pidcock! Kr\u00e1\u010d\u00ed ve stop\u00e1ch van der Poela a van Aerta, s\u00e1z\u00ed na n\u011bj Ineos\" \/>\n<meta property=\"og:description\" content=\"Jmenuje se Thomas Pidcock, ale nikdo mu ne\u0159ekne jinak ne\u017e Tom. Je to Brit, kter\u00fd se narodil p\u0159ed jednadvaceti lety [&hellip;]\" \/>\n<meta property=\"og:url\" content=\"https:\/\/www.welovecycling.com\/cs\/2020\/10\/18\/supertalent-thomas-pidcock-kraci-ve-stopach-van-der-poela-a-van-aerta-sazi-na-nej-ineos\/\" \/>\n<meta property=\"og:site_name\" content=\"\u0160koda We Love Cycling - \u010cesk\u00e1 republika\" \/>\n<meta property=\"article:published_time\" content=\"2020-10-18T05:00:05+00:00\" \/>\n<meta property=\"article:modified_time\" content=\"2020-10-19T10:19:36+00:00\" \/>\n<meta property=\"og:image\" content=\"https:\/\/d2p6e6u75xmxt8.cloudfront.net\/13\/2020\/10\/pidcock-zlato-\u010derven\u00fd-michal.webp\" \/>\n\t<meta property=\"og:image:width\" content=\"1600\" \/>\n\t<meta property=\"og:image:height\" content=\"1067\" \/>\n\t<meta property=\"og:image:type\" content=\"image\/webp\" \/>\n<meta name=\"twitter:card\" content=\"summary_large_image\" \/>\n<meta name=\"twitter:label1\" content=\"Written by\" \/>\n\t<meta name=\"twitter:data1\" content=\"We Love Cycling\" \/>\n\t<meta name=\"twitter:label2\" content=\"Est. reading time\" \/>\n\t<meta name=\"twitter:data2\" content=\"8\" \/>\n<script type=\"application\/ld+json\" class=\"yoast-schema-graph\">{\"@context\":\"https:\/\/schema.org\",\"@graph\":[{\"@type\":\"WebPage\",\"@id\":\"https:\/\/www.welovecycling.com\/cs\/2020\/10\/18\/supertalent-thomas-pidcock-kraci-ve-stopach-van-der-poela-a-van-aerta-sazi-na-nej-ineos\/\",\"url\":\"https:\/\/www.welovecycling.com\/cs\/2020\/10\/18\/supertalent-thomas-pidcock-kraci-ve-stopach-van-der-poela-a-van-aerta-sazi-na-nej-ineos\/\",\"name\":\"Supertalent Thomas Pidcock! Kr\u00e1\u010d\u00ed ve stop\u00e1ch van der Poela a van Aerta, s\u00e1z\u00ed na n\u011bj Ineos | \u0160koda We Love Cycling - \u010cesk\u00e1 republika\",\"isPartOf\":{\"@id\":\"https:\/\/www.welovecycling.com\/cs\/#website\"},\"primaryImageOfPage\":{\"@id\":\"https:\/\/www.welovecycling.com\/cs\/2020\/10\/18\/supertalent-thomas-pidcock-kraci-ve-stopach-van-der-poela-a-van-aerta-sazi-na-nej-ineos\/#primaryimage\"},\"image\":{\"@id\":\"https:\/\/www.welovecycling.com\/cs\/2020\/10\/18\/supertalent-thomas-pidcock-kraci-ve-stopach-van-der-poela-a-van-aerta-sazi-na-nej-ineos\/#primaryimage\"},\"thumbnailUrl\":\"https:\/\/d2p6e6u75xmxt8.cloudfront.net\/13\/2020\/10\/pidcock-zlato-\u010derven\u00fd-michal.webp\",\"datePublished\":\"2020-10-18T05:00:05+00:00\",\"dateModified\":\"2020-10-19T10:19:36+00:00\",\"author\":{\"@id\":\"\"},\"inLanguage\":\"cs\",\"potentialAction\":[{\"@type\":\"ReadAction\",\"target\":[\"https:\/\/www.welovecycling.com\/cs\/2020\/10\/18\/supertalent-thomas-pidcock-kraci-ve-stopach-van-der-poela-a-van-aerta-sazi-na-nej-ineos\/\"]}]},{\"@type\":\"ImageObject\",\"inLanguage\":\"cs\",\"@id\":\"https:\/\/www.welovecycling.com\/cs\/2020\/10\/18\/supertalent-thomas-pidcock-kraci-ve-stopach-van-der-poela-a-van-aerta-sazi-na-nej-ineos\/#primaryimage\",\"url\":\"https:\/\/d2p6e6u75xmxt8.cloudfront.net\/13\/2020\/10\/pidcock-zlato-\u010derven\u00fd-michal.webp\",\"contentUrl\":\"https:\/\/d2p6e6u75xmxt8.cloudfront.net\/13\/2020\/10\/pidcock-zlato-\u010derven\u00fd-michal.webp\",\"width\":1600,\"height\":1067,\"caption\":\"Thomas Pidcock\"},{\"@type\":\"WebSite\",\"@id\":\"https:\/\/www.welovecycling.com\/cs\/#website\",\"url\":\"https:\/\/www.welovecycling.com\/cs\/\",\"name\":\"\u0160koda We Love Cycling - \u010cesk\u00e1 republika\",\"description\":\"WeLoveCycling.cz je online magaz\u00edn, kter\u00fd v\u00e1m pravideln\u011b p\u0159in\u00e1\u0161\u00ed rady a tipy, zaj\u00edmav\u00e9 \u010dl\u00e1nky, videa a jedine\u010dn\u00e9 report\u00e1\u017ee ze sv\u011bta cyklistiky.\",\"potentialAction\":[{\"@type\":\"SearchAction\",\"target\":{\"@type\":\"EntryPoint\",\"urlTemplate\":\"https:\/\/www.welovecycling.com\/cs\/?s={search_term_string}\"},\"query-input\":{\"@type\":\"PropertyValueSpecification\",\"valueRequired\":true,\"valueName\":\"search_term_string\"}}],\"inLanguage\":\"cs\"},{\"@type\":\"Person\",\"@id\":\"\",\"url\":\"https:\/\/www.welovecycling.com\/cs\/author\/\"}]}<\/script>\n<!-- \/ Yoast SEO Premium plugin. -->","yoast_head_json":{"title":"Supertalent Thomas Pidcock! Kr\u00e1\u010d\u00ed ve stop\u00e1ch van der Poela a van Aerta, s\u00e1z\u00ed na n\u011bj Ineos | \u0160koda We Love Cycling - \u010cesk\u00e1 republika","robots":{"index":"index","follow":"follow","max-snippet":"max-snippet:-1","max-image-preview":"max-image-preview:large","max-video-preview":"max-video-preview:-1"},"canonical":"https:\/\/www.welovecycling.com\/cs\/2020\/10\/18\/supertalent-thomas-pidcock-kraci-ve-stopach-van-der-poela-a-van-aerta-sazi-na-nej-ineos\/","og_locale":"cs_CZ","og_type":"article","og_title":"Supertalent Thomas Pidcock! Kr\u00e1\u010d\u00ed ve stop\u00e1ch van der Poela a van Aerta, s\u00e1z\u00ed na n\u011bj Ineos","og_description":"Jmenuje se Thomas Pidcock, ale nikdo mu ne\u0159ekne jinak ne\u017e Tom. Je to Brit, kter\u00fd se narodil p\u0159ed jednadvaceti lety [&hellip;]","og_url":"https:\/\/www.welovecycling.com\/cs\/2020\/10\/18\/supertalent-thomas-pidcock-kraci-ve-stopach-van-der-poela-a-van-aerta-sazi-na-nej-ineos\/","og_site_name":"\u0160koda We Love Cycling - \u010cesk\u00e1 republika","article_published_time":"2020-10-18T05:00:05+00:00","article_modified_time":"2020-10-19T10:19:36+00:00","og_image":[{"width":1600,"height":1067,"url":"https:\/\/d2p6e6u75xmxt8.cloudfront.net\/13\/2020\/10\/pidcock-zlato-\u010derven\u00fd-michal.webp","type":"image\/webp"}],"twitter_card":"summary_large_image","twitter_misc":{"Written by":"We Love Cycling","Est. reading time":"8"},"schema":{"@context":"https:\/\/schema.org","@graph":[{"@type":"WebPage","@id":"https:\/\/www.welovecycling.com\/cs\/2020\/10\/18\/supertalent-thomas-pidcock-kraci-ve-stopach-van-der-poela-a-van-aerta-sazi-na-nej-ineos\/","url":"https:\/\/www.welovecycling.com\/cs\/2020\/10\/18\/supertalent-thomas-pidcock-kraci-ve-stopach-van-der-poela-a-van-aerta-sazi-na-nej-ineos\/","name":"Supertalent Thomas Pidcock! Kr\u00e1\u010d\u00ed ve stop\u00e1ch van der Poela a van Aerta, s\u00e1z\u00ed na n\u011bj Ineos | \u0160koda We Love Cycling - \u010cesk\u00e1 republika","isPartOf":{"@id":"https:\/\/www.welovecycling.com\/cs\/#website"},"primaryImageOfPage":{"@id":"https:\/\/www.welovecycling.com\/cs\/2020\/10\/18\/supertalent-thomas-pidcock-kraci-ve-stopach-van-der-poela-a-van-aerta-sazi-na-nej-ineos\/#primaryimage"},"image":{"@id":"https:\/\/www.welovecycling.com\/cs\/2020\/10\/18\/supertalent-thomas-pidcock-kraci-ve-stopach-van-der-poela-a-van-aerta-sazi-na-nej-ineos\/#primaryimage"},"thumbnailUrl":"https:\/\/d2p6e6u75xmxt8.cloudfront.net\/13\/2020\/10\/pidcock-zlato-\u010derven\u00fd-michal.webp","datePublished":"2020-10-18T05:00:05+00:00","dateModified":"2020-10-19T10:19:36+00:00","author":{"@id":""},"inLanguage":"cs","potentialAction":[{"@type":"ReadAction","target":["https:\/\/www.welovecycling.com\/cs\/2020\/10\/18\/supertalent-thomas-pidcock-kraci-ve-stopach-van-der-poela-a-van-aerta-sazi-na-nej-ineos\/"]}]},{"@type":"ImageObject","inLanguage":"cs","@id":"https:\/\/www.welovecycling.com\/cs\/2020\/10\/18\/supertalent-thomas-pidcock-kraci-ve-stopach-van-der-poela-a-van-aerta-sazi-na-nej-ineos\/#primaryimage","url":"https:\/\/d2p6e6u75xmxt8.cloudfront.net\/13\/2020\/10\/pidcock-zlato-\u010derven\u00fd-michal.webp","contentUrl":"https:\/\/d2p6e6u75xmxt8.cloudfront.net\/13\/2020\/10\/pidcock-zlato-\u010derven\u00fd-michal.webp","width":1600,"height":1067,"caption":"Thomas Pidcock"},{"@type":"WebSite","@id":"https:\/\/www.welovecycling.com\/cs\/#website","url":"https:\/\/www.welovecycling.com\/cs\/","name":"\u0160koda We Love Cycling - \u010cesk\u00e1 republika","description":"WeLoveCycling.cz je online magaz\u00edn, kter\u00fd v\u00e1m pravideln\u011b p\u0159in\u00e1\u0161\u00ed rady a tipy, zaj\u00edmav\u00e9 \u010dl\u00e1nky, videa a jedine\u010dn\u00e9 report\u00e1\u017ee ze sv\u011bta cyklistiky.","potentialAction":[{"@type":"SearchAction","target":{"@type":"EntryPoint","urlTemplate":"https:\/\/www.welovecycling.com\/cs\/?s={search_term_string}"},"query-input":{"@type":"PropertyValueSpecification","valueRequired":true,"valueName":"search_term_string"}}],"inLanguage":"cs"},{"@type":"Person","@id":"","url":"https:\/\/www.welovecycling.com\/cs\/author\/"}]}},"_links":{"self":[{"href":"https:\/\/www.welovecycling.com\/cs\/wp-json\/wp\/v2\/posts\/10235","targetHints":{"allow":["GET"]}}],"collection":[{"href":"https:\/\/www.welovecycling.com\/cs\/wp-json\/wp\/v2\/posts"}],"about":[{"href":"https:\/\/www.welovecycling.com\/cs\/wp-json\/wp\/v2\/types\/post"}],"author":[{"embeddable":true,"href":"https:\/\/www.welovecycling.com\/cs\/wp-json\/wp\/v2\/users\/122"}],"replies":[{"embeddable":true,"href":"https:\/\/www.welovecycling.com\/cs\/wp-json\/wp\/v2\/comments?post=10235"}],"version-history":[{"count":2,"href":"https:\/\/www.welovecycling.com\/cs\/wp-json\/wp\/v2\/posts\/10235\/revisions"}],"predecessor-version":[{"id":10288,"href":"https:\/\/www.welovecycling.com\/cs\/wp-json\/wp\/v2\/posts\/10235\/revisions\/10288"}],"wp:featuredmedia":[{"embeddable":true,"href":"https:\/\/www.welovecycling.com\/cs\/wp-json\/wp\/v2\/media\/10263"}],"wp:attachment":[{"href":"https:\/\/www.welovecycling.com\/cs\/wp-json\/wp\/v2\/media?parent=10235"}],"wp:term":[{"taxonomy":"category","embeddable":true,"href":"https:\/\/www.welovecycling.com\/cs\/wp-json\/wp\/v2\/categories?post=10235"},{"taxonomy":"post_tag","embeddable":true,"href":"https:\/\/www.welovecycling.com\/cs\/wp-json\/wp\/v2\/tags?post=10235"},{"taxonomy":"global-categories","embeddable":true,"href":"https:\/\/www.welovecycling.com\/cs\/wp-json\/wp\/v2\/global-categories?post=10235"}],"curies":[{"name":"wp","href":"https:\/\/api.w.org\/{rel}","templated":true}]}}