{"id":10163,"date":"2020-11-12T07:00:36","date_gmt":"2020-11-12T05:00:36","guid":{"rendered":"https:\/\/www.welovecycling.com\/cs\/?p=10163"},"modified":"2020-11-11T11:43:31","modified_gmt":"2020-11-11T09:43:31","slug":"jsou-cykliste-vegetariani-stihlejsi","status":"publish","type":"post","link":"https:\/\/www.welovecycling.com\/cs\/2020\/11\/12\/jsou-cykliste-vegetariani-stihlejsi\/","title":{"rendered":"Jsou cyklist\u00e9 vegetari\u00e1ni \u0161t\u00edhlej\u0161\u00ed?"},"content":{"rendered":"<p><strong>Vegetari\u00e1ni jsou v pr\u016fm\u011bru \u0161t\u00edhlej\u0161\u00ed ne\u017e lid\u00e9, kte\u0159\u00ed jed\u00ed maso! Tvrd\u00ed to ned\u00e1vn\u00e1 studie, kter\u00e1 zkoumala v\u00fd\u017eivov\u00e9 n\u00e1vyky tak\u0159ka dev\u00edti tis\u00edc lid\u00ed.\u00a0 V\u00edte v\u0161ak, pro\u010d tomu tak je? V\u00fdzkumn\u00edci z University Hospital of Leipzig se tuto ot\u00e1zku pokusili zodpov\u011bd\u011bt.<\/strong><\/p>\n<p>Studie rovn\u011b\u017e zkoumala, jak volba potravin ovliv\u0148uje psychiku, bez ohledu na v\u011bk, pohlav\u00ed \u010di vzd\u011bl\u00e1n\u00ed. V\u00fdzkumn\u00edci zji\u0161\u0165ovali typ stravy na z\u00e1klad\u011b dotazn\u00edk\u016f, v nich\u017e \u00fa\u010dastn\u00edci odpov\u00eddali, jak \u010dasto jedli \u017eivo\u010di\u0161n\u00e9 potraviny v posledn\u00edch dvan\u00e1cti m\u011bs\u00edc\u00edch.<\/p>\n<div class=\"shortcode-ys-post-pinup\"><article class=\"loop-simple post-10551 post type-post status-publish format-standard has-post-thumbnail hentry category-zima2022 category-rady-tipy tag-bezpecnost tag-blatniky tag-cyklistika tag-jak-pripravit-kolo-na-zimu tag-mazivo tag-ochrana-laku tag-trenink\" data-postid=\"10551\" role=\"article\" data-post-id=\"10551\" data-word-count=\"530\" data-headline-length=\"40\" data-category=\"Na kole v zim\u011b\" data-author=\"Kry\u0161tof Kopic\" data-published=\"2020-11-08T07:00:10+02:00\" data-published-day=\"Sunday\">\n    <div class=\"entry-thumbnail article-thumbnail\" content=\"https:\/\/d2p6e6u75xmxt8.cloudfront.net\/13\/2020\/11\/WLC-bahno-scaled-150x150.webp\"><a href=\"https:\/\/www.welovecycling.com\/cs\/2020\/11\/08\/deset-tipu-jak-pripravit-kolo-na-zimu\/\" class=\"image-holder\" target=\"_self\"><img decoding=\"async\" loading=\"lazy\" class=\"\" src=\"https:\/\/d2p6e6u75xmxt8.cloudfront.net\/13\/2020\/11\/WLC-bahno-scaled-1024x576.webp\" srcset=\"https:\/\/d2p6e6u75xmxt8.cloudfront.net\/13\/2020\/11\/WLC-bahno-scaled.webp 2560w, https:\/\/d2p6e6u75xmxt8.cloudfront.net\/13\/2020\/11\/WLC-bahno-scaled-300x169.webp 300w, https:\/\/d2p6e6u75xmxt8.cloudfront.net\/13\/2020\/11\/WLC-bahno-scaled-1024x576.webp 1024w, https:\/\/d2p6e6u75xmxt8.cloudfront.net\/13\/2020\/11\/WLC-bahno-scaled-768x432.webp 768w, https:\/\/d2p6e6u75xmxt8.cloudfront.net\/13\/2020\/11\/WLC-bahno-scaled-1536x864.webp 1536w, https:\/\/d2p6e6u75xmxt8.cloudfront.net\/13\/2020\/11\/WLC-bahno-scaled-2048x1152.webp 2048w, https:\/\/d2p6e6u75xmxt8.cloudfront.net\/13\/2020\/11\/WLC-bahno-scaled-1920x1080.webp 1920w, https:\/\/d2p6e6u75xmxt8.cloudfront.net\/13\/2020\/11\/WLC-bahno-scaled-1920x1080.webp 1920w\" width=\"1024\" height=\"576\" sizes=\"auto, (min-width: 1200px) 356px, (min-width: 768px) 30vw, 100vw\" alt=\"deset-tipu-jak-pripravit-kolo-na-zimu\"\/><\/a><\/div>    <div class=\"entry-meta\">\n        <a class=\"label label-secondary post-category\" href=\"https:\/\/www.welovecycling.com\/cs\/category\/zima2022\/\" title=\"Na kole v zim\u011b\">Na kole v zim\u011b<\/a>\n    <\/div>\n    <div class=\"entry-details\">\n        <a href=\"https:\/\/www.welovecycling.com\/cs\/2020\/11\/08\/deset-tipu-jak-pripravit-kolo-na-zimu\/\" class='entry-title-wrapper'>\n            <h3 class=\"entry-title\"><span>Deset tip\u016f, jak p\u0159ipravit kolo na zimu<\/span><\/h3>\n        <\/a>\n    <\/div>\n    <\/article>\n<\/div>\n<p>Na jedn\u00e9 \u0159ad\u011b mo\u017enost\u00ed bylo \u201en\u011bkolikr\u00e1t denn\u011b\u201c a na druh\u00e9m konci \u201enikdy.\u201c V\u00fdsledky byly jednozna\u010dn\u00e9: \u010d\u00edm m\u00e9n\u011b \u017eivo\u010di\u0161n\u00fdch potravin \u010dlov\u011bk ve strav\u011b m\u011bl, t\u00edm ni\u017e\u0161\u00ed m\u011bl v pr\u016fm\u011bru BMI, index t\u011blesn\u00e9 hmotnosti.<\/p>\n<h2><strong>Pr\u016fmyslov\u011b zpracovan\u00e9 j\u00eddlo je probl\u00e9m<\/strong><\/h2>\n<p>Hlavn\u00ed autorka studie, Evelyn Medawar, vysv\u011btluje d\u016fvod pro v\u00fdsledky n\u00e1sledovn\u011b: \u201ePotraviny, kter\u00e9 jsou bohat\u00e9 na cukry a tuky snadno zp\u016fsobuj\u00ed p\u0159ib\u00fdv\u00e1n\u00ed na v\u00e1ze. Stimuluj\u00ed chu\u0165 k j\u00eddlu a oddaluj\u00ed pocit zasycen\u00ed. Kdy\u017e n\u011bkdo vynech\u00e1 \u017eivo\u010di\u0161n\u00e9 potraviny, tak se v pr\u016fm\u011bru vyhne i velk\u00e9 \u010d\u00e1sti t\u011bchto nevhodn\u00fdch potravin. Lid\u00e9, kte\u0159\u00ed j\u00ed p\u0159ev\u00e1\u017en\u011b rostlinn\u00e9 potraviny tak v pr\u016fm\u011bru vst\u0159ebaj\u00ed m\u00e9n\u011b energie.\u201c<\/p>\n<figure id=\"attachment_9656\" aria-describedby=\"caption-attachment-9656\" style=\"width: 1920px\" class=\"wp-caption alignnone\"><a href=\"https:\/\/d2p6e6u75xmxt8.cloudfront.net\/13\/2020\/09\/WLC-maso-klob\u00e1sy-scaled.jpg\"><img loading=\"lazy\" decoding=\"async\" class=\"size-extra-large wp-image-9656\" src=\"https:\/\/d2p6e6u75xmxt8.cloudfront.net\/13\/2020\/09\/WLC-maso-klob\u00e1sy-1920x1080.jpg\" alt=\"Pr\u016fmyslov\u011b zpracovan\u00e9 maso by v j\u00eddeln\u00ed\u010dku sportovc\u016f m\u011blo m\u00edt minim\u00e1ln\u00ed zastoupen\u00ed. Foto: We Love Cycling\" width=\"1920\" height=\"1080\" \/><\/a><figcaption id=\"caption-attachment-9656\" class=\"wp-caption-text\"><em>Pr\u016fmyslov\u011b zpracovan\u00e9 maso by v j\u00eddeln\u00ed\u010dku sportovc\u016f m\u011blo m\u00edt minim\u00e1ln\u00ed zastoupen\u00ed. Foto: We Love Cycling<\/em><\/figcaption><\/figure>\n<p>Dodala tak\u00e9, \u017ee dal\u0161\u00ed faktory jako sportovn\u00ed aktivita a pov\u011bdom\u00ed o zdrav\u00e9m \u017eivotn\u00edm stylu obecn\u011b hraj\u00ed v\u00fdznamnou roli.<\/p>\n<h2><strong>Maso a p\u00e1rky maj\u00ed v\u011bt\u0161\u00ed vliv ne\u017e vejce a ml\u00e9ko<\/strong><\/h2>\n<p>Studie tak\u00e9 uk\u00e1zala, \u017ee konzumace prim\u00e1rn\u00edch \u017eivo\u010di\u0161n\u00fdch potravin jako jsou ryby, maso \u010di p\u00e1rky byla spojena s vy\u0161\u0161\u00ed v\u00e1hou ne\u017e konzumace sekund\u00e1rn\u00edch potravin jako vejce a ml\u00e9\u010dn\u00e9 v\u00fdrobky.<\/p>\n<p>Autorka studie Evelyn Medawar uvedla p\u0159\u00edklad: \u201e\u010clov\u011bk, kter\u00fd m\u00e1 o 1,2 ni\u017e\u0161\u00ed BMI v pr\u016fm\u011bru bu\u010f zcela vy\u0159adil prim\u00e1rn\u00ed \u017eivo\u010di\u0161n\u00e9 v\u00fdrobky a stal se vegetari\u00e1nem nebo tyto potraviny j\u00ed m\u00e9n\u011b \u010dasto. Jestli je v\u0161ak strava p\u0159\u00ed\u010dinou ni\u017e\u0161\u00ed v\u00e1hy nebo zda jsou ve h\u0159e i dal\u0161\u00ed faktory v\u0161ak nelze z t\u011bchto dat \u0159\u00edci.\u201c<\/p>\n<p>V\u00fdzkumn\u00edci tak\u00e9 posuzovali osobnostn\u00ed rysy \u00fa\u010dastn\u00edk\u016f pomoc\u00ed osobnostn\u00edch test\u016f. D\u00edky tomu tak\u00e9 odhalili, \u017ee vegetari\u00e1nstv\u00ed je spojeno s\u00a0ur\u010dit\u00fdmi osobnostn\u00edmi rysy. Uk\u00e1zali, \u017ee lid\u00e9, kte\u0159\u00ed j\u00ed p\u0159ev\u00e1\u017en\u011b rostlinnou stravu jsou \u010dast\u011bji introvertn\u00ed ne\u017e lid\u00e9, kte\u0159\u00ed jed\u00ed v\u00edce \u017eivo\u010di\u0161n\u00fdch potravin.<\/p>\n<div class=\"shortcode-ys-post-pinup\"><article class=\"loop-simple post-10416 post type-post status-publish format-standard has-post-thumbnail hentry category-rady-tipy category-zdravi-a-trenink tag-cyklistika tag-horska-cyklistika tag-nejcastejsi-chyby-cyklistu tag-silnicni-cyklistika tag-trenink tag-unava-a-cyklistika tag-vyziva tag-zdravi global-categories-cycling\" data-postid=\"10416\" role=\"article\" data-post-id=\"10416\" data-word-count=\"413\" data-headline-length=\"57\" data-category=\"Rady &amp; tipy\" data-global-category=\"Cycling\" data-author=\"Ji\u0159\u00ed Kalo\u010d\" data-published=\"2020-10-28T06:00:17+02:00\" data-published-day=\"Wednesday\">\n    <div class=\"entry-thumbnail article-thumbnail\" content=\"https:\/\/d2p6e6u75xmxt8.cloudfront.net\/13\/2020\/08\/swiss-epic-horsk\u00e1-kola-\u0161t\u011bp\u00e1nov\u00e1-vy\u010derp\u00e1n\u00ed-\u00fanava-150x150.webp\"><a href=\"https:\/\/www.welovecycling.com\/cs\/2020\/10\/28\/nejcastejsi-chyby-ktere-delaji-unaveni-cykliste\/\" class=\"image-holder\" target=\"_self\"><img decoding=\"async\" loading=\"lazy\" class=\"\" src=\"https:\/\/d2p6e6u75xmxt8.cloudfront.net\/13\/2020\/08\/swiss-epic-horsk\u00e1-kola-\u0161t\u011bp\u00e1nov\u00e1-vy\u010derp\u00e1n\u00ed-\u00fanava-1024x683.webp\" srcset=\"https:\/\/d2p6e6u75xmxt8.cloudfront.net\/13\/2020\/08\/swiss-epic-horsk\u00e1-kola-\u0161t\u011bp\u00e1nov\u00e1-vy\u010derp\u00e1n\u00ed-\u00fanava.webp 1600w, https:\/\/d2p6e6u75xmxt8.cloudfront.net\/13\/2020\/08\/swiss-epic-horsk\u00e1-kola-\u0161t\u011bp\u00e1nov\u00e1-vy\u010derp\u00e1n\u00ed-\u00fanava-300x200.webp 300w, https:\/\/d2p6e6u75xmxt8.cloudfront.net\/13\/2020\/08\/swiss-epic-horsk\u00e1-kola-\u0161t\u011bp\u00e1nov\u00e1-vy\u010derp\u00e1n\u00ed-\u00fanava-1024x683.webp 1024w, https:\/\/d2p6e6u75xmxt8.cloudfront.net\/13\/2020\/08\/swiss-epic-horsk\u00e1-kola-\u0161t\u011bp\u00e1nov\u00e1-vy\u010derp\u00e1n\u00ed-\u00fanava-768x512.webp 768w, https:\/\/d2p6e6u75xmxt8.cloudfront.net\/13\/2020\/08\/swiss-epic-horsk\u00e1-kola-\u0161t\u011bp\u00e1nov\u00e1-vy\u010derp\u00e1n\u00ed-\u00fanava-1536x1024.webp 1536w, https:\/\/d2p6e6u75xmxt8.cloudfront.net\/13\/2020\/08\/swiss-epic-horsk\u00e1-kola-\u0161t\u011bp\u00e1nov\u00e1-vy\u010derp\u00e1n\u00ed-\u00fanava-272x182.webp 272w\" width=\"1024\" height=\"683\" sizes=\"auto, (min-width: 1200px) 300px, (min-width: 768px) 25vw, 100vw\" alt=\"nejcastejsi-chyby-ktere-delaji-unaveni-cykliste\"\/><\/a><\/div>    <div class=\"entry-meta\">\n        <a class=\"label label-secondary post-category\" href=\"https:\/\/www.welovecycling.com\/cs\/category\/rady-tipy\/\" title=\"Rady &amp; tipy\">Rady &amp; tipy<\/a>\n    <\/div>\n    <div class=\"entry-details\">\n        <a href=\"https:\/\/www.welovecycling.com\/cs\/2020\/10\/28\/nejcastejsi-chyby-ktere-delaji-unaveni-cykliste\/\" class='entry-title-wrapper'>\n            <h3 class=\"entry-title\"><span>Nej\u010dast\u011bj\u0161\u00ed chyby, kter\u00e9 d\u011blaj\u00ed unaven\u00ed cyklist\u00e9<\/span><\/h3>\n        <\/a>\n    <\/div>\n    <\/article>\n<\/div>\n<p>\u201eJe t\u011b\u017ek\u00e9 \u0159\u00edci, \u010d\u00edm je toto zp\u016fsobeno,\u201c \u0159ekla spoluautorka Veronica Witte. \u201eM\u016f\u017ee to b\u00fdt t\u00edm, \u017ee introvertn\u00ed lid\u00e9 maj\u00ed sklony k\u00a0restriktivn\u011bj\u0161\u00edm stravovac\u00edm n\u00e1vyk\u016fm nebo proto, \u017ee jsou spole\u010densky izolovan\u00ed kv\u016fli jejich stravovac\u00edm n\u00e1vyk\u016fm.\u201c<\/p>\n<p>Z\u00e1v\u011bry t\u00e9to studie tedy nazna\u010duj\u00ed, \u017ee omezen\u00ed \u017eivo\u010di\u0161n\u00fdch potravin m\u016f\u017ee b\u00fdt jednou z cest, jak podpo\u0159it hubnut\u00ed.<\/p>\n<p>A jak to m\u00e1te vy? Vzdali byste se n\u011bjak\u00fdch \u017eivo\u010di\u0161n\u00fdch potravin, kdyby to znamenalo snaz\u0161\u00ed hubnut\u00ed? Mysl\u00edte, \u017ee huben\u011bj\u0161\u00ed cyklist\u00e9 jsou \u010dasto introverti?<\/p>\n","protected":false},"excerpt":{"rendered":"<p>Vegetari\u00e1ni jsou v pr\u016fm\u011bru \u0161t\u00edhlej\u0161\u00ed ne\u017e lid\u00e9, kte\u0159\u00ed jed\u00ed maso! Tvrd\u00ed to ned\u00e1vn\u00e1 studie, kter\u00e1 zkoumala v\u00fd\u017eivov\u00e9 n\u00e1vyky tak\u0159ka dev\u00edti [&hellip;]<\/p>\n","protected":false},"author":122,"featured_media":666,"comment_status":"open","ping_status":"open","sticky":false,"template":"","format":"standard","meta":{"footnotes":""},"categories":[15,6],"tags":[126,56,9,1276,17,67],"global-categories":[411],"class_list":["post-10163","post","type-post","status-publish","format-standard","has-post-thumbnail","hentry","category-rady-tipy","category-zdravi-a-trenink","tag-cyklistika","tag-horska-cyklistika","tag-silnicni-cyklistika","tag-vegetariani","tag-vyziva","tag-zdravi-a-trenink","global-categories-cycling"],"yoast_head":"<!-- This site is optimized with the Yoast SEO Premium plugin v25.3 (Yoast SEO v25.9) - https:\/\/yoast.com\/wordpress\/plugins\/seo\/ -->\n<title>Jsou cyklist\u00e9 vegetari\u00e1ni \u0161t\u00edhlej\u0161\u00ed? | \u0160koda We Love Cycling - \u010cesk\u00e1 republika<\/title>\n<meta name=\"description\" content=\"Vegetari\u00e1ni jsou v pr\u016fm\u011bru \u0161t\u00edhlej\u0161\u00ed ne\u017e lid\u00e9, kte\u0159\u00ed jed\u00ed maso! Studie University Hospital of Leipzig tak\u00e9 zkoumala, jak volba potravin ovliv\u0148uje psychiku.\" \/>\n<meta name=\"robots\" content=\"index, follow, max-snippet:-1, max-image-preview:large, max-video-preview:-1\" \/>\n<link rel=\"canonical\" href=\"https:\/\/www.welovecycling.com\/cs\/2020\/11\/12\/jsou-cykliste-vegetariani-stihlejsi\/\" \/>\n<meta property=\"og:locale\" content=\"cs_CZ\" \/>\n<meta property=\"og:type\" content=\"article\" \/>\n<meta property=\"og:title\" content=\"Jsou cyklist\u00e9 vegetari\u00e1ni \u0161t\u00edhlej\u0161\u00ed?\" \/>\n<meta property=\"og:description\" content=\"Vegetari\u00e1ni jsou v pr\u016fm\u011bru \u0161t\u00edhlej\u0161\u00ed ne\u017e lid\u00e9, kte\u0159\u00ed jed\u00ed maso! Studie University Hospital of Leipzig tak\u00e9 zkoumala, jak volba potravin ovliv\u0148uje psychiku.\" \/>\n<meta property=\"og:url\" content=\"https:\/\/www.welovecycling.com\/cs\/2020\/11\/12\/jsou-cykliste-vegetariani-stihlejsi\/\" \/>\n<meta property=\"og:site_name\" content=\"\u0160koda We Love Cycling - \u010cesk\u00e1 republika\" \/>\n<meta property=\"article:published_time\" content=\"2020-11-12T05:00:36+00:00\" \/>\n<meta property=\"og:image\" content=\"https:\/\/d2p6e6u75xmxt8.cloudfront.net\/13\/2019\/03\/0185869053-scaled.webp\" \/>\n\t<meta property=\"og:image:width\" content=\"2560\" \/>\n\t<meta property=\"og:image:height\" content=\"1855\" \/>\n\t<meta property=\"og:image:type\" content=\"image\/webp\" \/>\n<meta name=\"twitter:card\" content=\"summary_large_image\" \/>\n<meta name=\"twitter:label1\" content=\"Written by\" \/>\n\t<meta name=\"twitter:data1\" content=\"Ji\u0159\u00ed Kalo\u010d\" \/>\n\t<meta name=\"twitter:label2\" content=\"Est. reading time\" \/>\n\t<meta name=\"twitter:data2\" content=\"5\" \/>\n<script type=\"application\/ld+json\" class=\"yoast-schema-graph\">{\"@context\":\"https:\/\/schema.org\",\"@graph\":[{\"@type\":\"WebPage\",\"@id\":\"https:\/\/www.welovecycling.com\/cs\/2020\/11\/12\/jsou-cykliste-vegetariani-stihlejsi\/\",\"url\":\"https:\/\/www.welovecycling.com\/cs\/2020\/11\/12\/jsou-cykliste-vegetariani-stihlejsi\/\",\"name\":\"Jsou cyklist\u00e9 vegetari\u00e1ni \u0161t\u00edhlej\u0161\u00ed? | \u0160koda We Love Cycling - \u010cesk\u00e1 republika\",\"isPartOf\":{\"@id\":\"https:\/\/www.welovecycling.com\/cs\/#website\"},\"primaryImageOfPage\":{\"@id\":\"https:\/\/www.welovecycling.com\/cs\/2020\/11\/12\/jsou-cykliste-vegetariani-stihlejsi\/#primaryimage\"},\"image\":{\"@id\":\"https:\/\/www.welovecycling.com\/cs\/2020\/11\/12\/jsou-cykliste-vegetariani-stihlejsi\/#primaryimage\"},\"thumbnailUrl\":\"https:\/\/d2p6e6u75xmxt8.cloudfront.net\/13\/2019\/03\/0185869053-scaled.webp\",\"datePublished\":\"2020-11-12T05:00:36+00:00\",\"author\":{\"@id\":\"\"},\"description\":\"Vegetari\u00e1ni jsou v pr\u016fm\u011bru \u0161t\u00edhlej\u0161\u00ed ne\u017e lid\u00e9, kte\u0159\u00ed jed\u00ed maso! Studie University Hospital of Leipzig tak\u00e9 zkoumala, jak volba potravin ovliv\u0148uje psychiku.\",\"inLanguage\":\"cs\",\"potentialAction\":[{\"@type\":\"ReadAction\",\"target\":[\"https:\/\/www.welovecycling.com\/cs\/2020\/11\/12\/jsou-cykliste-vegetariani-stihlejsi\/\"]}]},{\"@type\":\"ImageObject\",\"inLanguage\":\"cs\",\"@id\":\"https:\/\/www.welovecycling.com\/cs\/2020\/11\/12\/jsou-cykliste-vegetariani-stihlejsi\/#primaryimage\",\"url\":\"https:\/\/d2p6e6u75xmxt8.cloudfront.net\/13\/2019\/03\/0185869053-scaled.webp\",\"contentUrl\":\"https:\/\/d2p6e6u75xmxt8.cloudfront.net\/13\/2019\/03\/0185869053-scaled.webp\",\"width\":2560,\"height\":1855},{\"@type\":\"WebSite\",\"@id\":\"https:\/\/www.welovecycling.com\/cs\/#website\",\"url\":\"https:\/\/www.welovecycling.com\/cs\/\",\"name\":\"\u0160koda We Love Cycling - \u010cesk\u00e1 republika\",\"description\":\"WeLoveCycling.cz je online magaz\u00edn, kter\u00fd v\u00e1m pravideln\u011b p\u0159in\u00e1\u0161\u00ed rady a tipy, zaj\u00edmav\u00e9 \u010dl\u00e1nky, videa a jedine\u010dn\u00e9 report\u00e1\u017ee ze sv\u011bta cyklistiky.\",\"potentialAction\":[{\"@type\":\"SearchAction\",\"target\":{\"@type\":\"EntryPoint\",\"urlTemplate\":\"https:\/\/www.welovecycling.com\/cs\/?s={search_term_string}\"},\"query-input\":{\"@type\":\"PropertyValueSpecification\",\"valueRequired\":true,\"valueName\":\"search_term_string\"}}],\"inLanguage\":\"cs\"},{\"@type\":\"Person\",\"@id\":\"\",\"url\":\"https:\/\/www.welovecycling.com\/cs\/author\/\"}]}<\/script>\n<!-- \/ Yoast SEO Premium plugin. -->","yoast_head_json":{"title":"Jsou cyklist\u00e9 vegetari\u00e1ni \u0161t\u00edhlej\u0161\u00ed? | \u0160koda We Love Cycling - \u010cesk\u00e1 republika","description":"Vegetari\u00e1ni jsou v pr\u016fm\u011bru \u0161t\u00edhlej\u0161\u00ed ne\u017e lid\u00e9, kte\u0159\u00ed jed\u00ed maso! Studie University Hospital of Leipzig tak\u00e9 zkoumala, jak volba potravin ovliv\u0148uje psychiku.","robots":{"index":"index","follow":"follow","max-snippet":"max-snippet:-1","max-image-preview":"max-image-preview:large","max-video-preview":"max-video-preview:-1"},"canonical":"https:\/\/www.welovecycling.com\/cs\/2020\/11\/12\/jsou-cykliste-vegetariani-stihlejsi\/","og_locale":"cs_CZ","og_type":"article","og_title":"Jsou cyklist\u00e9 vegetari\u00e1ni \u0161t\u00edhlej\u0161\u00ed?","og_description":"Vegetari\u00e1ni jsou v pr\u016fm\u011bru \u0161t\u00edhlej\u0161\u00ed ne\u017e lid\u00e9, kte\u0159\u00ed jed\u00ed maso! Studie University Hospital of Leipzig tak\u00e9 zkoumala, jak volba potravin ovliv\u0148uje psychiku.","og_url":"https:\/\/www.welovecycling.com\/cs\/2020\/11\/12\/jsou-cykliste-vegetariani-stihlejsi\/","og_site_name":"\u0160koda We Love Cycling - \u010cesk\u00e1 republika","article_published_time":"2020-11-12T05:00:36+00:00","og_image":[{"width":2560,"height":1855,"url":"https:\/\/d2p6e6u75xmxt8.cloudfront.net\/13\/2019\/03\/0185869053-scaled.webp","type":"image\/webp"}],"twitter_card":"summary_large_image","twitter_misc":{"Written by":"Ji\u0159\u00ed Kalo\u010d","Est. reading time":"5"},"schema":{"@context":"https:\/\/schema.org","@graph":[{"@type":"WebPage","@id":"https:\/\/www.welovecycling.com\/cs\/2020\/11\/12\/jsou-cykliste-vegetariani-stihlejsi\/","url":"https:\/\/www.welovecycling.com\/cs\/2020\/11\/12\/jsou-cykliste-vegetariani-stihlejsi\/","name":"Jsou cyklist\u00e9 vegetari\u00e1ni \u0161t\u00edhlej\u0161\u00ed? | \u0160koda We Love Cycling - \u010cesk\u00e1 republika","isPartOf":{"@id":"https:\/\/www.welovecycling.com\/cs\/#website"},"primaryImageOfPage":{"@id":"https:\/\/www.welovecycling.com\/cs\/2020\/11\/12\/jsou-cykliste-vegetariani-stihlejsi\/#primaryimage"},"image":{"@id":"https:\/\/www.welovecycling.com\/cs\/2020\/11\/12\/jsou-cykliste-vegetariani-stihlejsi\/#primaryimage"},"thumbnailUrl":"https:\/\/d2p6e6u75xmxt8.cloudfront.net\/13\/2019\/03\/0185869053-scaled.webp","datePublished":"2020-11-12T05:00:36+00:00","author":{"@id":""},"description":"Vegetari\u00e1ni jsou v pr\u016fm\u011bru \u0161t\u00edhlej\u0161\u00ed ne\u017e lid\u00e9, kte\u0159\u00ed jed\u00ed maso! Studie University Hospital of Leipzig tak\u00e9 zkoumala, jak volba potravin ovliv\u0148uje psychiku.","inLanguage":"cs","potentialAction":[{"@type":"ReadAction","target":["https:\/\/www.welovecycling.com\/cs\/2020\/11\/12\/jsou-cykliste-vegetariani-stihlejsi\/"]}]},{"@type":"ImageObject","inLanguage":"cs","@id":"https:\/\/www.welovecycling.com\/cs\/2020\/11\/12\/jsou-cykliste-vegetariani-stihlejsi\/#primaryimage","url":"https:\/\/d2p6e6u75xmxt8.cloudfront.net\/13\/2019\/03\/0185869053-scaled.webp","contentUrl":"https:\/\/d2p6e6u75xmxt8.cloudfront.net\/13\/2019\/03\/0185869053-scaled.webp","width":2560,"height":1855},{"@type":"WebSite","@id":"https:\/\/www.welovecycling.com\/cs\/#website","url":"https:\/\/www.welovecycling.com\/cs\/","name":"\u0160koda We Love Cycling - \u010cesk\u00e1 republika","description":"WeLoveCycling.cz je online magaz\u00edn, kter\u00fd v\u00e1m pravideln\u011b p\u0159in\u00e1\u0161\u00ed rady a tipy, zaj\u00edmav\u00e9 \u010dl\u00e1nky, videa a jedine\u010dn\u00e9 report\u00e1\u017ee ze sv\u011bta cyklistiky.","potentialAction":[{"@type":"SearchAction","target":{"@type":"EntryPoint","urlTemplate":"https:\/\/www.welovecycling.com\/cs\/?s={search_term_string}"},"query-input":{"@type":"PropertyValueSpecification","valueRequired":true,"valueName":"search_term_string"}}],"inLanguage":"cs"},{"@type":"Person","@id":"","url":"https:\/\/www.welovecycling.com\/cs\/author\/"}]}},"_links":{"self":[{"href":"https:\/\/www.welovecycling.com\/cs\/wp-json\/wp\/v2\/posts\/10163","targetHints":{"allow":["GET"]}}],"collection":[{"href":"https:\/\/www.welovecycling.com\/cs\/wp-json\/wp\/v2\/posts"}],"about":[{"href":"https:\/\/www.welovecycling.com\/cs\/wp-json\/wp\/v2\/types\/post"}],"author":[{"embeddable":true,"href":"https:\/\/www.welovecycling.com\/cs\/wp-json\/wp\/v2\/users\/122"}],"replies":[{"embeddable":true,"href":"https:\/\/www.welovecycling.com\/cs\/wp-json\/wp\/v2\/comments?post=10163"}],"version-history":[{"count":2,"href":"https:\/\/www.welovecycling.com\/cs\/wp-json\/wp\/v2\/posts\/10163\/revisions"}],"predecessor-version":[{"id":10644,"href":"https:\/\/www.welovecycling.com\/cs\/wp-json\/wp\/v2\/posts\/10163\/revisions\/10644"}],"wp:featuredmedia":[{"embeddable":true,"href":"https:\/\/www.welovecycling.com\/cs\/wp-json\/wp\/v2\/media\/666"}],"wp:attachment":[{"href":"https:\/\/www.welovecycling.com\/cs\/wp-json\/wp\/v2\/media?parent=10163"}],"wp:term":[{"taxonomy":"category","embeddable":true,"href":"https:\/\/www.welovecycling.com\/cs\/wp-json\/wp\/v2\/categories?post=10163"},{"taxonomy":"post_tag","embeddable":true,"href":"https:\/\/www.welovecycling.com\/cs\/wp-json\/wp\/v2\/tags?post=10163"},{"taxonomy":"global-categories","embeddable":true,"href":"https:\/\/www.welovecycling.com\/cs\/wp-json\/wp\/v2\/global-categories?post=10163"}],"curies":[{"name":"wp","href":"https:\/\/api.w.org\/{rel}","templated":true}]}}