{"id":10083,"date":"2020-10-07T18:00:14","date_gmt":"2020-10-07T16:00:14","guid":{"rendered":"https:\/\/www.welovecycling.com\/cs\/?p=10083"},"modified":"2020-10-07T21:00:34","modified_gmt":"2020-10-07T19:00:34","slug":"gran-fondo-v-tabore-se-jede-koronaviru-navzdory","status":"publish","type":"post","link":"https:\/\/www.welovecycling.com\/cs\/2020\/10\/07\/gran-fondo-v-tabore-se-jede-koronaviru-navzdory\/","title":{"rendered":"Gran Fondo v T\u00e1bo\u0159e se jede. Koronaviru navzdory"},"content":{"rendered":"<p><strong>Barvy podzimu zdaleka neznamenaj\u00ed konec sezony a vl\u00e1dn\u00ed opat\u0159en\u00ed v\u00a0boji s\u00a0koronavirem nutn\u011b neznamenaj\u00ed stopku v\u0161em akc\u00edm! T\u00e1borsk\u00e9 Gran Fondo, kter\u00e9 po\u0159\u00e1d\u00e1 b\u00fdval\u00fd profesion\u00e1ln\u00ed biker Ivan Ryba\u0159\u00edk a jeho iniciativa \u010cist\u00fd sport, se tuto sobotu jede. Jak je to mo\u017en\u00e9?<\/strong><\/p>\n<p>\u201eSamoz\u0159ejm\u011b jsme to dlouho \u0159e\u0161ili,\u201c p\u0159izn\u00e1v\u00e1 pro We Love Cycling b\u00fdval\u00fd mistr republiky a v\u00edt\u011bz legend\u00e1rn\u00edho cross country etap\u00e1ku Crocodile Trophy. \u201eAle organiza\u010dn\u011b pat\u0159\u00edme pod Jiho\u010desk\u00fd poh\u00e1r, tud\u00ed\u017e spad\u00e1me pod svazovou \u00farove\u0148 a plat\u00ed pro n\u00e1s limit 130 osob. Je ale jasn\u00e9, \u017ee se budeme \u0159\u00eddit manu\u00e1lem a budou nastavena p\u0159\u00edslu\u0161n\u00e1 hygienick\u00e1 opat\u0159en\u00ed,\u201c avizuje Ryba\u0159\u00edk.<\/p>\n<h2><strong>Za\u010dalo to v Cesenaticu<\/strong><\/h2>\n<p>Bezm\u00e1la pades\u00e1t let u\u017e uteklo od prvn\u00edho Gran Fonda v italsk\u00e9m Cesenaticu, kdy se v p\u011bt r\u00e1no postavilo na start dvousetkilometrov\u00e9 trat\u011b sedmn\u00e1ct odv\u00e1\u017elivc\u016f. Dlouh\u00e9 amat\u00e9rsk\u00e9 j\u00edzdy \u010di z\u00e1vody si za tu dobu z\u00edskaly obrovskou popularitu i vlastn\u00ed filozofii. V\u00fdsledek je sp\u00ed\u0161 na druh\u00e9m m\u00edst\u011b a prim\u00e1rn\u00edm c\u00edlem je sd\u00edlen\u00fd pro\u017eitek cyklistick\u00e9 komunity, na startu se \u010dasto sch\u00e1zej\u00ed tis\u00edce nad\u0161enc\u016f.<\/p>\n<div style=\"width: 1280px;\" class=\"wp-video\"><!--[if lt IE 9]><script>document.createElement('video');<\/script><![endif]-->\n<video class=\"wp-video-shortcode\" id=\"video-10083-1\" width=\"1280\" height=\"720\" preload=\"metadata\" controls=\"controls\"><source type=\"video\/mp4\" src=\"https:\/\/d2p6e6u75xmxt8.cloudfront.net\/13\/2020\/10\/granfondo-cs-date.mp4?_=1\" \/><a href=\"https:\/\/d2p6e6u75xmxt8.cloudfront.net\/13\/2020\/10\/granfondo-cs-date.mp4\">https:\/\/d2p6e6u75xmxt8.cloudfront.net\/13\/2020\/10\/granfondo-cs-date.mp4<\/a><\/video><\/div>\n<p>Toho se ale Ryba\u0159\u00edk p\u0159ed druh\u00fdm ro\u010dn\u00edkem t\u00e1borsk\u00e9ho Gran Fonda neob\u00e1v\u00e1. \u201eJsme men\u0161\u00ed projekt, loni bylo na startu osmdes\u00e1t jezdc\u016f. Ani to zat\u00edm nekomunikujeme jako velkou akci. Bereme to jako akci pro na\u0161e sv\u011b\u0159ence, zakon\u010den\u00ed sezony s\u00a0charitativn\u00edm p\u0159esahem,\u201c vysv\u011btluje mu\u017e, kter\u00fd jako profesion\u00e1l proslul alternativn\u00edm p\u0159\u00edstupem k\u00a0v\u00fd\u017eiv\u011b a vrcholov\u00e9mu sportu obecn\u011b.<\/p>\n<h2><strong>\u010cist\u00fd sport jede pro cyklistick\u00e9 nad\u011bje<\/strong><\/h2>\n<p>I proto po ukon\u010den\u00ed kari\u00e9ry nastartoval p\u0159ed osmi lety \u010cist\u00fd sport. \u201eByla to p\u0159irozen\u00e1 volba. Jako u\u010ditel a z\u00e1vodn\u00edk v\u00a0jedn\u00e9 osob\u011b jsem cht\u011bl p\u0159edat zku\u0161enosti s\u00a0tr\u00e9ninkem a zdrav\u00fdm \u017eivotn\u00edm stylem. Podporovat ml\u00e1de\u017e i dobro\u010dinnou \u010dinnost,\u201c \u0159\u00edk\u00e1 Ryba\u0159\u00edk.<\/p>\n<div class=\"shortcode-ys-post-pinup\"><article class=\"loop-simple post-9985 post type-post status-publish format-standard has-post-thumbnail hentry category-silnicni-cyklistika tag-cyklistika tag-deceuninck-quick-step tag-julian-alaphilippe tag-marion-rousse tag-ms-2020 tag-ms-v-imole tag-ms-v-silnicni-cyklistice global-categories-cycling\" data-postid=\"9985\" role=\"article\" data-post-id=\"9985\" data-word-count=\"599\" data-headline-length=\"67\" data-category=\"Silni\u010dn\u00ed cyklistika\" data-global-category=\"Cycling\" data-author=\"Jan Kr\u016fta\" data-published=\"2020-09-28T16:30:05+02:00\" data-published-day=\"Monday\">\n    <div class=\"entry-thumbnail article-thumbnail\" content=\"https:\/\/d2p6e6u75xmxt8.cloudfront.net\/13\/2020\/09\/Julian-Alaphilippe-Rainbow-Jersey-_Tim-De-Waele-Getty-Images-scaled-150x150.webp\"><a href=\"https:\/\/www.welovecycling.com\/cs\/2020\/09\/28\/francouzsky-bojovnik-julian-alaphilippe-dosahl-na-vysnenou-duhu\/\" class=\"image-holder\" target=\"_self\"><img decoding=\"async\" loading=\"lazy\" class=\"\" src=\"https:\/\/d2p6e6u75xmxt8.cloudfront.net\/13\/2020\/09\/Julian-Alaphilippe-Rainbow-Jersey-_Tim-De-Waele-Getty-Images-scaled-1024x683.webp\" srcset=\"https:\/\/d2p6e6u75xmxt8.cloudfront.net\/13\/2020\/09\/Julian-Alaphilippe-Rainbow-Jersey-_Tim-De-Waele-Getty-Images-scaled.webp 2560w, https:\/\/d2p6e6u75xmxt8.cloudfront.net\/13\/2020\/09\/Julian-Alaphilippe-Rainbow-Jersey-_Tim-De-Waele-Getty-Images-scaled-300x200.webp 300w, https:\/\/d2p6e6u75xmxt8.cloudfront.net\/13\/2020\/09\/Julian-Alaphilippe-Rainbow-Jersey-_Tim-De-Waele-Getty-Images-scaled-1024x683.webp 1024w, https:\/\/d2p6e6u75xmxt8.cloudfront.net\/13\/2020\/09\/Julian-Alaphilippe-Rainbow-Jersey-_Tim-De-Waele-Getty-Images-scaled-768x512.webp 768w, https:\/\/d2p6e6u75xmxt8.cloudfront.net\/13\/2020\/09\/Julian-Alaphilippe-Rainbow-Jersey-_Tim-De-Waele-Getty-Images-scaled-1536x1024.webp 1536w, https:\/\/d2p6e6u75xmxt8.cloudfront.net\/13\/2020\/09\/Julian-Alaphilippe-Rainbow-Jersey-_Tim-De-Waele-Getty-Images-scaled-2048x1366.webp 2048w, https:\/\/d2p6e6u75xmxt8.cloudfront.net\/13\/2020\/09\/Julian-Alaphilippe-Rainbow-Jersey-_Tim-De-Waele-Getty-Images-scaled-1920x1280.webp 1920w, https:\/\/d2p6e6u75xmxt8.cloudfront.net\/13\/2020\/09\/Julian-Alaphilippe-Rainbow-Jersey-_Tim-De-Waele-Getty-Images-scaled-272x182.webp 272w, https:\/\/d2p6e6u75xmxt8.cloudfront.net\/13\/2020\/09\/Julian-Alaphilippe-Rainbow-Jersey-_Tim-De-Waele-Getty-Images-scaled-1920x1280.webp 1920w\" width=\"1024\" height=\"683\" sizes=\"auto, (min-width: 1200px) 300px, (min-width: 768px) 25vw, 100vw\" alt=\"francouzsky-bojovnik-julian-alaphilippe-dosahl-na-vysnenou-duhu\"\/><\/a><\/div>    <div class=\"entry-meta\">\n        <a class=\"label label-secondary post-category\" href=\"https:\/\/www.welovecycling.com\/cs\/category\/silnicni-cyklistika\/\" title=\"Silni\u010dn\u00ed cyklistika\">Silni\u010dn\u00ed cyklistika<\/a>\n    <\/div>\n    <div class=\"entry-details\">\n        <a href=\"https:\/\/www.welovecycling.com\/cs\/2020\/09\/28\/francouzsky-bojovnik-julian-alaphilippe-dosahl-na-vysnenou-duhu\/\" class='entry-title-wrapper'>\n            <h3 class=\"entry-title\"><span>Francouzsk\u00fd bojovn\u00edk Julian Alaphilippe dos\u00e1hl na vysn\u011bnou duhu<\/span><\/h3>\n        <\/a>\n    <\/div>\n    <\/article>\n<\/div>\n<p>V t\u00e1borsk\u00e9m Gran Fondu se tyto aspekty sch\u00e1zej\u00ed. \u201eZ\u00e1vod\u201c je spojen s benefic\u00ed a vybran\u00e9 prost\u0159edky putuj\u00ed na podporu na\u0161ich cyklistick\u00fdch nad\u011bj\u00ed. A po lo\u0148sk\u00e9 premi\u00e9\u0159e, kter\u00e1 pomohla mlad\u00fdm t\u00e1borsk\u00fdm cyklokrosa\u0159\u016fm, je tady druh\u00fd ro\u010dn\u00edk p\u0159in\u00e1\u0161ej\u00edc\u00ed jako novinku alternativn\u00ed d\u00e1mskou trasu v d\u00e9lce 80 kilometr\u016f.<\/p>\n<p>\u201eNavazujeme na Gran Fondo v \u010cesk\u00e9m Krumlov\u011b, kam jsme r\u00e1di jezdili. A pak jsme nav\u00e1zali tam, kde skon\u010dilo. Dr\u017e\u00edme se tradice, akce m\u00e1 atributy z\u00e1vodu, ale p\u0159edev\u0161\u00edm je to vyj\u00ed\u017e\u010fka,\u201c uzav\u00edr\u00e1 Ryba\u0159\u00edk. V\u00edce informac\u00ed najdete cistysport.cz.<\/p>\n","protected":false},"excerpt":{"rendered":"<p>Barvy podzimu zdaleka neznamenaj\u00ed konec sezony a vl\u00e1dn\u00ed opat\u0159en\u00ed v\u00a0boji s\u00a0koronavirem nutn\u011b neznamenaj\u00ed stopku v\u0161em akc\u00edm! T\u00e1borsk\u00e9 Gran Fondo, kter\u00e9 [&hellip;]<\/p>\n","protected":false},"author":122,"featured_media":10111,"comment_status":"open","ping_status":"open","sticky":false,"template":"","format":"standard","meta":{"footnotes":""},"categories":[10,660],"tags":[1188,126,1186,1187],"global-categories":[411],"class_list":["post-10083","post","type-post","status-publish","format-standard","has-post-thumbnail","hentry","category-silnicni-cyklistika","category-https-www-welovecycling-com-cs-category-zabava","tag-cisty-sport","tag-cyklistika","tag-gran-fondo","tag-ivan-rybarik","global-categories-cycling"],"yoast_head":"<!-- This site is optimized with the Yoast SEO Premium plugin v25.3 (Yoast SEO v25.9) - https:\/\/yoast.com\/wordpress\/plugins\/seo\/ -->\n<title>Gran Fondo v T\u00e1bo\u0159e se jede. Koronaviru navzdory | \u0160koda We Love Cycling - \u010cesk\u00e1 republika<\/title>\n<meta name=\"robots\" content=\"index, follow, max-snippet:-1, max-image-preview:large, max-video-preview:-1\" \/>\n<link rel=\"canonical\" href=\"https:\/\/www.welovecycling.com\/cs\/2020\/10\/07\/gran-fondo-v-tabore-se-jede-koronaviru-navzdory\/\" \/>\n<meta property=\"og:locale\" content=\"cs_CZ\" \/>\n<meta property=\"og:type\" content=\"article\" \/>\n<meta property=\"og:title\" content=\"Gran Fondo v T\u00e1bo\u0159e se jede. Koronaviru navzdory\" \/>\n<meta property=\"og:description\" content=\"Barvy podzimu zdaleka neznamenaj\u00ed konec sezony a vl\u00e1dn\u00ed opat\u0159en\u00ed v\u00a0boji s\u00a0koronavirem nutn\u011b neznamenaj\u00ed stopku v\u0161em akc\u00edm! T\u00e1borsk\u00e9 Gran Fondo, kter\u00e9 [&hellip;]\" \/>\n<meta property=\"og:url\" content=\"https:\/\/www.welovecycling.com\/cs\/2020\/10\/07\/gran-fondo-v-tabore-se-jede-koronaviru-navzdory\/\" \/>\n<meta property=\"og:site_name\" content=\"\u0160koda We Love Cycling - \u010cesk\u00e1 republika\" \/>\n<meta property=\"article:published_time\" content=\"2020-10-07T16:00:14+00:00\" \/>\n<meta property=\"article:modified_time\" content=\"2020-10-07T19:00:34+00:00\" \/>\n<meta property=\"og:image\" content=\"https:\/\/d2p6e6u75xmxt8.cloudfront.net\/13\/2020\/10\/Rybar\u00edk-profimedia-0155600018.webp\" \/>\n\t<meta property=\"og:image:width\" content=\"1800\" \/>\n\t<meta property=\"og:image:height\" content=\"945\" \/>\n\t<meta property=\"og:image:type\" content=\"image\/webp\" \/>\n<meta name=\"twitter:card\" content=\"summary_large_image\" \/>\n<meta name=\"twitter:label1\" content=\"Written by\" \/>\n\t<meta name=\"twitter:data1\" content=\"Jan Kr\u016fta\" \/>\n\t<meta name=\"twitter:label2\" content=\"Est. reading time\" \/>\n\t<meta name=\"twitter:data2\" content=\"6\" \/>\n<script type=\"application\/ld+json\" class=\"yoast-schema-graph\">{\"@context\":\"https:\/\/schema.org\",\"@graph\":[{\"@type\":\"WebPage\",\"@id\":\"https:\/\/www.welovecycling.com\/cs\/2020\/10\/07\/gran-fondo-v-tabore-se-jede-koronaviru-navzdory\/\",\"url\":\"https:\/\/www.welovecycling.com\/cs\/2020\/10\/07\/gran-fondo-v-tabore-se-jede-koronaviru-navzdory\/\",\"name\":\"Gran Fondo v T\u00e1bo\u0159e se jede. Koronaviru navzdory | \u0160koda We Love Cycling - \u010cesk\u00e1 republika\",\"isPartOf\":{\"@id\":\"https:\/\/www.welovecycling.com\/cs\/#website\"},\"primaryImageOfPage\":{\"@id\":\"https:\/\/www.welovecycling.com\/cs\/2020\/10\/07\/gran-fondo-v-tabore-se-jede-koronaviru-navzdory\/#primaryimage\"},\"image\":{\"@id\":\"https:\/\/www.welovecycling.com\/cs\/2020\/10\/07\/gran-fondo-v-tabore-se-jede-koronaviru-navzdory\/#primaryimage\"},\"thumbnailUrl\":\"https:\/\/d2p6e6u75xmxt8.cloudfront.net\/13\/2020\/10\/Rybar\u00edk-profimedia-0155600018.webp\",\"datePublished\":\"2020-10-07T16:00:14+00:00\",\"dateModified\":\"2020-10-07T19:00:34+00:00\",\"author\":{\"@id\":\"\"},\"inLanguage\":\"cs\",\"potentialAction\":[{\"@type\":\"ReadAction\",\"target\":[\"https:\/\/www.welovecycling.com\/cs\/2020\/10\/07\/gran-fondo-v-tabore-se-jede-koronaviru-navzdory\/\"]}]},{\"@type\":\"ImageObject\",\"inLanguage\":\"cs\",\"@id\":\"https:\/\/www.welovecycling.com\/cs\/2020\/10\/07\/gran-fondo-v-tabore-se-jede-koronaviru-navzdory\/#primaryimage\",\"url\":\"https:\/\/d2p6e6u75xmxt8.cloudfront.net\/13\/2020\/10\/Rybar\u00edk-profimedia-0155600018.webp\",\"contentUrl\":\"https:\/\/d2p6e6u75xmxt8.cloudfront.net\/13\/2020\/10\/Rybar\u00edk-profimedia-0155600018.webp\",\"width\":1800,\"height\":945},{\"@type\":\"WebSite\",\"@id\":\"https:\/\/www.welovecycling.com\/cs\/#website\",\"url\":\"https:\/\/www.welovecycling.com\/cs\/\",\"name\":\"\u0160koda We Love Cycling - \u010cesk\u00e1 republika\",\"description\":\"WeLoveCycling.cz je online magaz\u00edn, kter\u00fd v\u00e1m pravideln\u011b p\u0159in\u00e1\u0161\u00ed rady a tipy, zaj\u00edmav\u00e9 \u010dl\u00e1nky, videa a jedine\u010dn\u00e9 report\u00e1\u017ee ze sv\u011bta cyklistiky.\",\"potentialAction\":[{\"@type\":\"SearchAction\",\"target\":{\"@type\":\"EntryPoint\",\"urlTemplate\":\"https:\/\/www.welovecycling.com\/cs\/?s={search_term_string}\"},\"query-input\":{\"@type\":\"PropertyValueSpecification\",\"valueRequired\":true,\"valueName\":\"search_term_string\"}}],\"inLanguage\":\"cs\"},{\"@type\":\"Person\",\"@id\":\"\",\"url\":\"https:\/\/www.welovecycling.com\/cs\/author\/\"}]}<\/script>\n<!-- \/ Yoast SEO Premium plugin. -->","yoast_head_json":{"title":"Gran Fondo v T\u00e1bo\u0159e se jede. Koronaviru navzdory | \u0160koda We Love Cycling - \u010cesk\u00e1 republika","robots":{"index":"index","follow":"follow","max-snippet":"max-snippet:-1","max-image-preview":"max-image-preview:large","max-video-preview":"max-video-preview:-1"},"canonical":"https:\/\/www.welovecycling.com\/cs\/2020\/10\/07\/gran-fondo-v-tabore-se-jede-koronaviru-navzdory\/","og_locale":"cs_CZ","og_type":"article","og_title":"Gran Fondo v T\u00e1bo\u0159e se jede. Koronaviru navzdory","og_description":"Barvy podzimu zdaleka neznamenaj\u00ed konec sezony a vl\u00e1dn\u00ed opat\u0159en\u00ed v\u00a0boji s\u00a0koronavirem nutn\u011b neznamenaj\u00ed stopku v\u0161em akc\u00edm! T\u00e1borsk\u00e9 Gran Fondo, kter\u00e9 [&hellip;]","og_url":"https:\/\/www.welovecycling.com\/cs\/2020\/10\/07\/gran-fondo-v-tabore-se-jede-koronaviru-navzdory\/","og_site_name":"\u0160koda We Love Cycling - \u010cesk\u00e1 republika","article_published_time":"2020-10-07T16:00:14+00:00","article_modified_time":"2020-10-07T19:00:34+00:00","og_image":[{"width":1800,"height":945,"url":"https:\/\/d2p6e6u75xmxt8.cloudfront.net\/13\/2020\/10\/Rybar\u00edk-profimedia-0155600018.webp","type":"image\/webp"}],"twitter_card":"summary_large_image","twitter_misc":{"Written by":"Jan Kr\u016fta","Est. reading time":"6"},"schema":{"@context":"https:\/\/schema.org","@graph":[{"@type":"WebPage","@id":"https:\/\/www.welovecycling.com\/cs\/2020\/10\/07\/gran-fondo-v-tabore-se-jede-koronaviru-navzdory\/","url":"https:\/\/www.welovecycling.com\/cs\/2020\/10\/07\/gran-fondo-v-tabore-se-jede-koronaviru-navzdory\/","name":"Gran Fondo v T\u00e1bo\u0159e se jede. Koronaviru navzdory | \u0160koda We Love Cycling - \u010cesk\u00e1 republika","isPartOf":{"@id":"https:\/\/www.welovecycling.com\/cs\/#website"},"primaryImageOfPage":{"@id":"https:\/\/www.welovecycling.com\/cs\/2020\/10\/07\/gran-fondo-v-tabore-se-jede-koronaviru-navzdory\/#primaryimage"},"image":{"@id":"https:\/\/www.welovecycling.com\/cs\/2020\/10\/07\/gran-fondo-v-tabore-se-jede-koronaviru-navzdory\/#primaryimage"},"thumbnailUrl":"https:\/\/d2p6e6u75xmxt8.cloudfront.net\/13\/2020\/10\/Rybar\u00edk-profimedia-0155600018.webp","datePublished":"2020-10-07T16:00:14+00:00","dateModified":"2020-10-07T19:00:34+00:00","author":{"@id":""},"inLanguage":"cs","potentialAction":[{"@type":"ReadAction","target":["https:\/\/www.welovecycling.com\/cs\/2020\/10\/07\/gran-fondo-v-tabore-se-jede-koronaviru-navzdory\/"]}]},{"@type":"ImageObject","inLanguage":"cs","@id":"https:\/\/www.welovecycling.com\/cs\/2020\/10\/07\/gran-fondo-v-tabore-se-jede-koronaviru-navzdory\/#primaryimage","url":"https:\/\/d2p6e6u75xmxt8.cloudfront.net\/13\/2020\/10\/Rybar\u00edk-profimedia-0155600018.webp","contentUrl":"https:\/\/d2p6e6u75xmxt8.cloudfront.net\/13\/2020\/10\/Rybar\u00edk-profimedia-0155600018.webp","width":1800,"height":945},{"@type":"WebSite","@id":"https:\/\/www.welovecycling.com\/cs\/#website","url":"https:\/\/www.welovecycling.com\/cs\/","name":"\u0160koda We Love Cycling - \u010cesk\u00e1 republika","description":"WeLoveCycling.cz je online magaz\u00edn, kter\u00fd v\u00e1m pravideln\u011b p\u0159in\u00e1\u0161\u00ed rady a tipy, zaj\u00edmav\u00e9 \u010dl\u00e1nky, videa a jedine\u010dn\u00e9 report\u00e1\u017ee ze sv\u011bta cyklistiky.","potentialAction":[{"@type":"SearchAction","target":{"@type":"EntryPoint","urlTemplate":"https:\/\/www.welovecycling.com\/cs\/?s={search_term_string}"},"query-input":{"@type":"PropertyValueSpecification","valueRequired":true,"valueName":"search_term_string"}}],"inLanguage":"cs"},{"@type":"Person","@id":"","url":"https:\/\/www.welovecycling.com\/cs\/author\/"}]}},"_links":{"self":[{"href":"https:\/\/www.welovecycling.com\/cs\/wp-json\/wp\/v2\/posts\/10083","targetHints":{"allow":["GET"]}}],"collection":[{"href":"https:\/\/www.welovecycling.com\/cs\/wp-json\/wp\/v2\/posts"}],"about":[{"href":"https:\/\/www.welovecycling.com\/cs\/wp-json\/wp\/v2\/types\/post"}],"author":[{"embeddable":true,"href":"https:\/\/www.welovecycling.com\/cs\/wp-json\/wp\/v2\/users\/122"}],"replies":[{"embeddable":true,"href":"https:\/\/www.welovecycling.com\/cs\/wp-json\/wp\/v2\/comments?post=10083"}],"version-history":[{"count":2,"href":"https:\/\/www.welovecycling.com\/cs\/wp-json\/wp\/v2\/posts\/10083\/revisions"}],"predecessor-version":[{"id":10114,"href":"https:\/\/www.welovecycling.com\/cs\/wp-json\/wp\/v2\/posts\/10083\/revisions\/10114"}],"wp:featuredmedia":[{"embeddable":true,"href":"https:\/\/www.welovecycling.com\/cs\/wp-json\/wp\/v2\/media\/10111"}],"wp:attachment":[{"href":"https:\/\/www.welovecycling.com\/cs\/wp-json\/wp\/v2\/media?parent=10083"}],"wp:term":[{"taxonomy":"category","embeddable":true,"href":"https:\/\/www.welovecycling.com\/cs\/wp-json\/wp\/v2\/categories?post=10083"},{"taxonomy":"post_tag","embeddable":true,"href":"https:\/\/www.welovecycling.com\/cs\/wp-json\/wp\/v2\/tags?post=10083"},{"taxonomy":"global-categories","embeddable":true,"href":"https:\/\/www.welovecycling.com\/cs\/wp-json\/wp\/v2\/global-categories?post=10083"}],"curies":[{"name":"wp","href":"https:\/\/api.w.org\/{rel}","templated":true}]}}