{"id":10046,"date":"2020-10-05T07:00:07","date_gmt":"2020-10-05T05:00:07","guid":{"rendered":"https:\/\/www.welovecycling.com\/cs\/?p=10046"},"modified":"2020-10-23T10:11:17","modified_gmt":"2020-10-23T08:11:17","slug":"idealni-plast-na-kolo-jaky-vzorek-vybrat","status":"publish","type":"post","link":"https:\/\/www.welovecycling.com\/cs\/2020\/10\/05\/idealni-plast-na-kolo-jaky-vzorek-vybrat\/","title":{"rendered":"Ide\u00e1ln\u00ed pl\u00e1\u0161\u0165 na kolo: jak\u00fd vzorek vybrat?"},"content":{"rendered":"<p><strong>U silni\u010dn\u00edch kol jsme si zvykli pou\u017e\u00edvat pl\u00e1\u0161t\u011b bez vzorku a spolehnout se zcela na kvalitu sm\u011bsi. Na hladk\u00e9m asfaltu jsou toti\u017e jak\u00e9koli v\u00fdstupky kontraproduktivn\u00ed \u2013 m\u00edsto zlep\u0161en\u00ed p\u0159ilnavosti mohou m\u00edt i opa\u010dn\u00fd efekt. V ter\u00e9nu ale tvo\u0159\u00ed dez\u00e9n d\u016fle\u017eitou oporu. Co n\u00e1m v\u00fdrobci v sou\u010dasnosti nab\u00edz\u00ed?<\/strong><\/p>\n<p><strong>\u00a0<\/strong>V\u00fdstupky na pl\u00e1\u0161ti se li\u0161\u00ed sv\u00fdm pr\u016f\u0159ezem, v\u00fd\u0161kou, tvarem, pozic\u00ed i hustotou rozm\u00edst\u011bn\u00ed. Jejich \u00fakolem je obstar\u00e1vat z\u00e1b\u011br p\u0159i akceleraci a p\u0159i brzd\u011bn\u00ed, ale tak\u00e9 poskytnout jezdci oporu v zat\u00e1\u010dk\u00e1ch. Z tohoto d\u016fvodu b\u00fdvaj\u00ed je\u0161t\u011b \u201ezvr\u00e1sn\u011bny\u201c r\u016fzn\u00fdmi dr\u00e1\u017ekami nebo z\u00e1\u0159ezy, kter\u00e9 zlep\u0161uj\u00ed schopnosti samotn\u00fdch blok\u016f p\u0159i deformaci z\u00e1t\u011b\u017e\u00ed.<\/p>\n<figure id=\"attachment_10053\" aria-describedby=\"caption-attachment-10053\" style=\"width: 1500px\" class=\"wp-caption alignnone\"><a href=\"https:\/\/d2p6e6u75xmxt8.cloudfront.net\/13\/2020\/10\/WLC-pl\u00e1\u0161t\u011b-univerz\u00e1ln\u00ed_vzorek.jpg\"><img loading=\"lazy\" decoding=\"async\" class=\"size-full wp-image-10053\" src=\"https:\/\/d2p6e6u75xmxt8.cloudfront.net\/13\/2020\/10\/WLC-pl\u00e1\u0161t\u011b-univerz\u00e1ln\u00ed_vzorek.jpg\" alt=\"Univerz\u00e1ln\u00ed vzorek pl\u00e1\u0161t\u011b pro pou\u017eit\u00ed na horsk\u00e9 kolo.\" width=\"1500\" height=\"1500\" \/><\/a><figcaption id=\"caption-attachment-10053\" class=\"wp-caption-text\">Univerz\u00e1ln\u00ed vzorek pl\u00e1\u0161t\u011b pro pou\u017eit\u00ed na horsk\u00e9 kolo.<\/figcaption><\/figure>\n<p>Pokud vezmeme v \u00favahu sm\u011br rotace kola, lze v ka\u017ed\u00e9m vzorku \u010d\u00edst jako v knize \u2013 m\u016f\u017eeme pozorovat hrany ur\u010den\u00e9 pro z\u00e1b\u011br, pro brzd\u011bn\u00ed i pro veden\u00ed sm\u011bru. Podle vzhledu dez\u00e9nu si tedy lze ud\u011blat p\u0159ibli\u017enou p\u0159edstavu o vlastnostech pl\u00e1\u0161t\u011b, ale funkci pozn\u00e1me v\u017edy a\u017e p\u0159i j\u00edzd\u011b. Prom\u011bnn\u00fdch je toti\u017e p\u0159\u00edli\u0161 mnoho.<\/p>\n<h2><strong>Grip anebo rychlost?<\/strong><\/h2>\n<p>Obecn\u011b plat\u00ed, \u017ee pl\u00e1\u0161\u0165 s \u0159\u00eddk\u00fdm vysok\u00fdm vzorkem p\u0159edstavuje ide\u00e1l do m\u011bkk\u00e9ho nebo dokonce podm\u00e1\u010den\u00e9ho ter\u00e9nu. Mohutn\u00e9 bloky se snadno zakusuj\u00ed do podkladu a otev\u0159enost vzorku podporuje samo\u010di\u0161t\u011bn\u00ed, pl\u00e1\u0161\u0165 se tedy bl\u00e1tem nezanese.<\/p>\n<div class=\"shortcode-ys-post-pinup\"><article class=\"loop-simple post-10023 post type-post status-publish format-standard has-post-thumbnail hentry category-silnicni-cyklistika tag-cyklistika tag-giro-ditalia-2020 tag-giro-ditalia tag-passo-dello-stelvio tag-peter-sagan tag-vincenzo-nibali global-categories-cycling\" data-postid=\"10023\" role=\"article\" data-post-id=\"10023\" data-word-count=\"744\" data-headline-length=\"42\" data-category=\"Silni\u010dn\u00ed cyklistika\" data-global-category=\"Cycling\" data-author=\"Adam Bouda\" data-published=\"2020-10-02T12:00:44+02:00\" data-published-day=\"Friday\">\n    <div class=\"entry-thumbnail article-thumbnail\" content=\"https:\/\/d2p6e6u75xmxt8.cloudfront.net\/13\/2020\/10\/nibali-trofej-giro-nove.PNG-150x150.webp\"><a href=\"https:\/\/www.welovecycling.com\/cs\/2020\/10\/02\/je-tu-giro-ruzovy-zavod-plny-otazek\/\" class=\"image-holder\" target=\"_self\"><img decoding=\"async\" loading=\"lazy\" class=\"\" src=\"https:\/\/d2p6e6u75xmxt8.cloudfront.net\/13\/2020\/10\/nibali-trofej-giro-nove.PNG.webp\" srcset=\"https:\/\/d2p6e6u75xmxt8.cloudfront.net\/13\/2020\/10\/nibali-trofej-giro-nove.PNG.webp 937w, https:\/\/d2p6e6u75xmxt8.cloudfront.net\/13\/2020\/10\/nibali-trofej-giro-nove.PNG-300x150.webp 300w, https:\/\/d2p6e6u75xmxt8.cloudfront.net\/13\/2020\/10\/nibali-trofej-giro-nove.PNG-768x383.webp 768w\" width=\"937\" height=\"467\" sizes=\"auto, (min-width: 1200px) 402px, (min-width: 768px) 34vw, 100vw\" alt=\"je-tu-giro-ruzovy-zavod-plny-otazek\"\/><\/a><\/div>    <div class=\"entry-meta\">\n        <a class=\"label label-secondary post-category\" href=\"https:\/\/www.welovecycling.com\/cs\/category\/silnicni-cyklistika\/\" title=\"Silni\u010dn\u00ed cyklistika\">Silni\u010dn\u00ed cyklistika<\/a>\n    <\/div>\n    <div class=\"entry-details\">\n        <a href=\"https:\/\/www.welovecycling.com\/cs\/2020\/10\/02\/je-tu-giro-ruzovy-zavod-plny-otazek\/\" class='entry-title-wrapper'>\n            <h3 class=\"entry-title\"><span>Je tu Giro, r\u016f\u017eov\u00fd z\u00e1vod pln\u00fd ot\u00e1zek<\/span><\/h3>\n        <\/a>\n    <\/div>\n    <\/article>\n<\/div>\n<p>Nev\u00fdhodou t\u011bchto vzork\u016f je jejich zna\u010dn\u00e1 deformace p\u0159i j\u00edzd\u011b mimo tyto ide\u00e1ln\u00ed podm\u00ednky. A deformace znamen\u00e1 n\u00e1r\u016fst valiv\u00e9ho odporu (pl\u00e1\u0161\u0165 se \u201elep\u00ed\u201c k podkladu), obvykle i sn\u00ed\u017een\u00ed \u017eivotnosti, ale tak\u00e9 zhor\u0161enou ovladatelnost na pevn\u00e9m podkladu. P\u0159i zat\u00e1\u010den\u00ed na asfaltu u mnoh\u00fdch pl\u00e1\u0161\u0165\u016f c\u00edt\u00edte v\u00fdraznou poddajnost bo\u010dn\u00edch v\u00fdstupk\u016f.<\/p>\n<figure id=\"attachment_10050\" aria-describedby=\"caption-attachment-10050\" style=\"width: 1280px\" class=\"wp-caption alignnone\"><a href=\"https:\/\/d2p6e6u75xmxt8.cloudfront.net\/13\/2020\/10\/WLC-pl\u00e1\u0161t\u011b-ideal-pro-suchy-apevny.jpg\"><img loading=\"lazy\" decoding=\"async\" class=\"size-full wp-image-10050\" src=\"https:\/\/d2p6e6u75xmxt8.cloudfront.net\/13\/2020\/10\/WLC-pl\u00e1\u0161t\u011b-ideal-pro-suchy-apevny.jpg\" alt=\"Ide\u00e1ln\u00ed pl\u00e1\u0161\u0165 pro horsk\u00e9 kolo pro such\u00fd a pevn\u00fd povrch.\" width=\"1280\" height=\"960\" \/><\/a><figcaption id=\"caption-attachment-10050\" class=\"wp-caption-text\"><em>Ide\u00e1ln\u00ed pl\u00e1\u0161\u0165 pro horsk\u00e9 kolo na such\u00fd a pevn\u00fd povrch.<\/em><\/figcaption><\/figure>\n<p>Naopak pl\u00e1\u0161t\u011b s hust\u00fdm n\u00edzk\u00fdm vzorkem exceluj\u00ed na pevn\u00fdch povr\u0161\u00edch, b\u00fdvaj\u00ed rychl\u00e9, p\u0159edv\u00eddateln\u00e9 a v\u011bt\u0161inou zajist\u00ed kolu lep\u0161\u00ed kontakt, ne\u017e by tomu bylo u v\u00fdrazn\u00e9ho vzorku, jeho\u017e bloky by do tvrd\u00e9ho podkladu nem\u011bly \u0161anci proniknout. Kdo jezd\u00ed jen za hezk\u00e9ho po\u010das\u00ed a v nen\u00e1ro\u010dn\u00fdch ter\u00e9nech, m\u011bl by se poohl\u00e9dnout v t\u00e9to kategorii.<\/p>\n<h2><strong>Kompromisn\u00ed p\u0159\u00edstup<\/strong><\/h2>\n<p>Jen\u017ee jak\u00fd pl\u00e1\u0161\u0165 vybrat, kdy\u017e jezd\u00edme na kole celoro\u010dn\u011b, tedy v prom\u011bnliv\u00fdch podm\u00ednk\u00e1ch, a nechceme neust\u00e1le p\u0159ezouvat? V\u00fdrobci na\u0161t\u011bst\u00ed s takovou mo\u017enost\u00ed po\u010d\u00edtaj\u00ed, a proto je mnoho pl\u00e1\u0161\u0165\u016f konstruov\u00e1no s vidinou univerzality. Jsou modely, jim\u017e v\u00edce sv\u011bd\u010d\u00ed bl\u00e1to, a potom ty ur\u010den\u00e9 sp\u00ed\u0161e na sucho, ale v\u011bt\u0161ina dob\u0159e obstoj\u00ed bez ohledu na podm\u00ednky. V\u00fdjimku p\u0159edstavuj\u00ed jen viditeln\u011b extr\u00e9mn\u00ed vzorky \u2013 na jedn\u00e9 stran\u011b pl\u00e1\u0161t\u011b t\u00e9m\u011b\u0159 hladk\u00e9, na druh\u00e9 \u0159\u00eddk\u00e9 mohutn\u00e9 \u0161punty.<\/p>\n<div class=\"shortcode-ys-post-pinup\"><article class=\"loop-simple post-9985 post type-post status-publish format-standard has-post-thumbnail hentry category-silnicni-cyklistika tag-cyklistika tag-deceuninck-quick-step tag-julian-alaphilippe tag-marion-rousse tag-ms-2020 tag-ms-v-imole tag-ms-v-silnicni-cyklistice global-categories-cycling\" data-postid=\"9985\" role=\"article\" data-post-id=\"9985\" data-word-count=\"599\" data-headline-length=\"67\" data-category=\"Silni\u010dn\u00ed cyklistika\" data-global-category=\"Cycling\" data-author=\"Jan Kr\u016fta\" data-published=\"2020-09-28T16:30:05+02:00\" data-published-day=\"Monday\">\n    <div class=\"entry-thumbnail article-thumbnail\" content=\"https:\/\/d2p6e6u75xmxt8.cloudfront.net\/13\/2020\/09\/Julian-Alaphilippe-Rainbow-Jersey-_Tim-De-Waele-Getty-Images-scaled-150x150.webp\"><a href=\"https:\/\/www.welovecycling.com\/cs\/2020\/09\/28\/francouzsky-bojovnik-julian-alaphilippe-dosahl-na-vysnenou-duhu\/\" class=\"image-holder\" target=\"_self\"><img decoding=\"async\" loading=\"lazy\" class=\"\" src=\"https:\/\/d2p6e6u75xmxt8.cloudfront.net\/13\/2020\/09\/Julian-Alaphilippe-Rainbow-Jersey-_Tim-De-Waele-Getty-Images-scaled-1024x683.webp\" srcset=\"https:\/\/d2p6e6u75xmxt8.cloudfront.net\/13\/2020\/09\/Julian-Alaphilippe-Rainbow-Jersey-_Tim-De-Waele-Getty-Images-scaled.webp 2560w, https:\/\/d2p6e6u75xmxt8.cloudfront.net\/13\/2020\/09\/Julian-Alaphilippe-Rainbow-Jersey-_Tim-De-Waele-Getty-Images-scaled-300x200.webp 300w, https:\/\/d2p6e6u75xmxt8.cloudfront.net\/13\/2020\/09\/Julian-Alaphilippe-Rainbow-Jersey-_Tim-De-Waele-Getty-Images-scaled-1024x683.webp 1024w, https:\/\/d2p6e6u75xmxt8.cloudfront.net\/13\/2020\/09\/Julian-Alaphilippe-Rainbow-Jersey-_Tim-De-Waele-Getty-Images-scaled-768x512.webp 768w, https:\/\/d2p6e6u75xmxt8.cloudfront.net\/13\/2020\/09\/Julian-Alaphilippe-Rainbow-Jersey-_Tim-De-Waele-Getty-Images-scaled-1536x1024.webp 1536w, https:\/\/d2p6e6u75xmxt8.cloudfront.net\/13\/2020\/09\/Julian-Alaphilippe-Rainbow-Jersey-_Tim-De-Waele-Getty-Images-scaled-2048x1366.webp 2048w, https:\/\/d2p6e6u75xmxt8.cloudfront.net\/13\/2020\/09\/Julian-Alaphilippe-Rainbow-Jersey-_Tim-De-Waele-Getty-Images-scaled-1920x1280.webp 1920w, https:\/\/d2p6e6u75xmxt8.cloudfront.net\/13\/2020\/09\/Julian-Alaphilippe-Rainbow-Jersey-_Tim-De-Waele-Getty-Images-scaled-272x182.webp 272w, https:\/\/d2p6e6u75xmxt8.cloudfront.net\/13\/2020\/09\/Julian-Alaphilippe-Rainbow-Jersey-_Tim-De-Waele-Getty-Images-scaled-1920x1280.webp 1920w\" width=\"1024\" height=\"683\" sizes=\"auto, (min-width: 1200px) 300px, (min-width: 768px) 25vw, 100vw\" alt=\"francouzsky-bojovnik-julian-alaphilippe-dosahl-na-vysnenou-duhu\"\/><\/a><\/div>    <div class=\"entry-meta\">\n        <a class=\"label label-secondary post-category\" href=\"https:\/\/www.welovecycling.com\/cs\/category\/silnicni-cyklistika\/\" title=\"Silni\u010dn\u00ed cyklistika\">Silni\u010dn\u00ed cyklistika<\/a>\n    <\/div>\n    <div class=\"entry-details\">\n        <a href=\"https:\/\/www.welovecycling.com\/cs\/2020\/09\/28\/francouzsky-bojovnik-julian-alaphilippe-dosahl-na-vysnenou-duhu\/\" class='entry-title-wrapper'>\n            <h3 class=\"entry-title\"><span>Francouzsk\u00fd bojovn\u00edk Julian Alaphilippe dos\u00e1hl na vysn\u011bnou duhu<\/span><\/h3>\n        <\/a>\n    <\/div>\n    <\/article>\n<\/div>\n<p>Ke kompromisu vede n\u011bkolik cest \u2013 osv\u011bd\u010den\u00fdm \u0159e\u0161en\u00edm je pou\u017eit\u00ed ni\u017e\u0161\u00edch blok\u016f ve st\u0159edu b\u011bhounu a vy\u0161\u0161\u00edch mohutn\u011bj\u0161\u00edch v\u00fdstupk\u016f po jeho stran\u00e1ch. Takto vznikne rychl\u00fd pl\u00e1\u0161\u0165 do such\u00fdch podm\u00ednek, kter\u00fd v\u0161ak dok\u00e1\u017ee v nouzi podr\u017eet i p\u0159i agres\u00edvn\u00edm zat\u00e1\u010den\u00ed na bl\u00e1t\u011b. Tento postup v\u00fdrobci \u010dasto kombinuj\u00ed s prom\u011bnnou hustotou blok\u016f \u2013 na st\u0159edu b\u011bhounu je vzorek hust\u0161\u00ed, aby vytvo\u0159il souvisl\u00fd p\u00e1s a snadno odvaloval, sm\u011brem k bok\u016fm se otev\u00edr\u00e1 pro snaz\u0161\u00ed samo\u010di\u0161t\u011bn\u00ed a lep\u0161\u00ed z\u00e1b\u011br.<\/p>\n<figure id=\"attachment_10048\" aria-describedby=\"caption-attachment-10048\" style=\"width: 1920px\" class=\"wp-caption alignnone\"><a href=\"https:\/\/d2p6e6u75xmxt8.cloudfront.net\/13\/2020\/10\/WLC-pl\u00e1\u0161t\u011b-extremni-kompromis-jemn\u00fd-stred-vysok\u00e9-boky.jpg\"><img loading=\"lazy\" decoding=\"async\" class=\"size-extra-large wp-image-10048\" src=\"https:\/\/d2p6e6u75xmxt8.cloudfront.net\/13\/2020\/10\/WLC-pl\u00e1\u0161t\u011b-extremni-kompromis-jemn\u00fd-stred-vysok\u00e9-boky-1920x1306.jpg\" alt=\"Pl\u00e1\u0161\u0165 na horsk\u00e9 kolo p\u0159edstavuj\u00ed extr\u00e9mn\u00ed kompromis s jemn\u00fdm st\u0159edem a vysok\u00fdmi bloky na kraj\u00edch.\" width=\"1920\" height=\"1306\" \/><\/a><figcaption id=\"caption-attachment-10048\" class=\"wp-caption-text\"><em>Pl\u00e1\u0161\u0165 na horsk\u00e9 kolo p\u0159edstavuj\u00ed extr\u00e9mn\u00ed kompromis s jemn\u00fdm st\u0159edem a vysok\u00fdmi bloky na kraj\u00edch.<\/em><\/figcaption><\/figure>\n<p>Hotovou alchymi\u00ed je potom tvar v\u00fdstupk\u016f \u2013 hranat\u00e9 vytv\u00e1\u0159ej\u00ed efektivn\u011bj\u0161\u00ed z\u00e1b\u011brov\u00e9 hrany ne\u017e kulat\u00e9, av\u0161ak maj\u00ed \u00fadajn\u011b vy\u0161\u0161\u00ed valiv\u00fd odpor. Ten lze podle n\u011bkter\u00fdch v\u00fdrobc\u016f sn\u00ed\u017eit zkosen\u00edm hran. V\u00fdrobci pl\u00e1\u0161\u0165\u016f tak\u00e9 \u010dasto zmi\u0148uj\u00ed pot\u0159ebu naj\u00edt ide\u00e1ln\u00ed pom\u011br mezi v\u00fd\u0161kou a \u0161\u00ed\u0159kou v\u00fdstupk\u016f \u2013 aby agresivn\u011b pronikaly do ter\u00e9nu, ale vzorek si zachoval pot\u0159ebnou stabilitu a schopnost samo\u010di\u0161t\u011bn\u00ed. \u010cast\u00fdm jevem jsou tedy bloky k\u00f3nick\u00e9ho tvaru, u z\u00e1kladny \u0161ir\u0161\u00ed ne\u017e p\u0159i vrcholu.<\/p>\n<div class=\"shortcode-ys-post-pinup\"><article class=\"loop-simple post-9030 post type-post status-publish format-standard has-post-thumbnail hentry category-welovecycling-com-cs-tdf category-https-www-welovecycling-com-cs-category-zabava tag-cyklistika tag-freddie-mercury tag-i-want-to-ride-my-bicycle tag-queen tag-tour-de-france global-categories-cycling\" data-postid=\"9030\" role=\"article\" data-post-id=\"9030\" data-word-count=\"443\" data-headline-length=\"38\" data-category=\"TdF\" data-global-category=\"Cycling\" data-author=\"Adam Bouda\" data-published=\"2020-09-27T07:30:34+02:00\" data-published-day=\"Sunday\">\n    <div class=\"entry-thumbnail article-thumbnail\" content=\"https:\/\/d2p6e6u75xmxt8.cloudfront.net\/13\/2020\/08\/queen-bicycle-race-profimedia-0547365378-150x150.webp\"><a href=\"https:\/\/www.welovecycling.com\/cs\/2020\/09\/27\/tour-de-france-inspirovala-i-mercuryho\/\" class=\"image-holder\" target=\"_self\"><img decoding=\"async\" loading=\"lazy\" class=\"\" src=\"https:\/\/d2p6e6u75xmxt8.cloudfront.net\/13\/2020\/08\/queen-bicycle-race-profimedia-0547365378-1024x1024.webp\" srcset=\"https:\/\/d2p6e6u75xmxt8.cloudfront.net\/13\/2020\/08\/queen-bicycle-race-profimedia-0547365378.webp 1800w, https:\/\/d2p6e6u75xmxt8.cloudfront.net\/13\/2020\/08\/queen-bicycle-race-profimedia-0547365378-300x300.webp 300w, https:\/\/d2p6e6u75xmxt8.cloudfront.net\/13\/2020\/08\/queen-bicycle-race-profimedia-0547365378-1024x1024.webp 1024w, https:\/\/d2p6e6u75xmxt8.cloudfront.net\/13\/2020\/08\/queen-bicycle-race-profimedia-0547365378-150x150.webp 150w, https:\/\/d2p6e6u75xmxt8.cloudfront.net\/13\/2020\/08\/queen-bicycle-race-profimedia-0547365378-768x768.webp 768w, https:\/\/d2p6e6u75xmxt8.cloudfront.net\/13\/2020\/08\/queen-bicycle-race-profimedia-0547365378-1536x1536.webp 1536w\" width=\"1024\" height=\"1024\" sizes=\"auto, (min-width: 1200px) 300px, (min-width: 768px) 25vw, 100vw\" alt=\"tour-de-france-inspirovala-i-mercuryho\"\/><\/a><\/div>    <div class=\"entry-meta\">\n        <a class=\"label label-secondary post-category\" href=\"https:\/\/www.welovecycling.com\/cs\/category\/welovecycling-com-cs-tdf\/\" title=\"TdF\">TdF<\/a>\n    <\/div>\n    <div class=\"entry-details\">\n        <a href=\"https:\/\/www.welovecycling.com\/cs\/2020\/09\/27\/tour-de-france-inspirovala-i-mercuryho\/\" class='entry-title-wrapper'>\n            <h3 class=\"entry-title\"><span>Tour de France inspirovala i Mercuryho<\/span><\/h3>\n        <\/a>\n    <\/div>\n    <\/article>\n<\/div>\n<p>Je to pr\u00e1v\u011b mno\u017estv\u00ed trik\u016f pou\u017e\u00edvan\u00fdch p\u0159i n\u00e1vrhu vzorku v kombinaci s r\u016fznost\u00ed konstrukce kordu a v\u00fdrazn\u00fdmi rozd\u00edly ve vlastnostech pou\u017eit\u00fdch sm\u011bs\u00ed, co vysv\u011btluje tvrzen\u00ed z \u00favodu \u2013 chov\u00e1n\u00ed pl\u00e1\u0161t\u011b lze ze vzhledu vzorku pouze odhadovat, p\u0159esn\u00fd charakter se odhal\u00ed a\u017e p\u0159i j\u00edzd\u011b.<\/p>\n<h2><strong>M\u016f\u017eete kombinovat: hrub\u0161\u00ed vp\u0159edu, jemn\u00fd vzadu<\/strong><\/h2>\n<p>Abychom mohli t\u011b\u017eit z propracovanosti sou\u010dasn\u00e9ho obut\u00ed, je nutn\u00e9 dodr\u017eet p\u0159edepsan\u00fd sm\u011br ot\u00e1\u010den\u00ed, kter\u00fd b\u00fdv\u00e1 vyzna\u010den \u0161ipkou na boku. Prakticky v\u0161echny MTB pl\u00e1\u0161t\u011b jsou dnes navr\u017eeny jako sm\u011brov\u00e9. Ob\u010das ale na boku najdeme \u0161ipky dv\u011b \u2013 jedna ukazuje sm\u011br ot\u00e1\u010den\u00ed pro mont\u00e1\u017e na p\u0159edn\u00ed kolo, druh\u00e1 plat\u00ed pro zadn\u00ed. Vzorek t\u011bchto pl\u00e1\u0161\u0165\u016f toti\u017e dok\u00e1\u017ee podle sm\u011bru ot\u00e1\u010den\u00ed akcentovat z\u00e1b\u011br nebo veden\u00ed sm\u011bru.<\/p>\n<figure id=\"attachment_10051\" aria-describedby=\"caption-attachment-10051\" style=\"width: 1920px\" class=\"wp-caption alignnone\"><a href=\"https:\/\/d2p6e6u75xmxt8.cloudfront.net\/13\/2020\/10\/WLC-pl\u00e1\u0161t\u011b-specificky_predni_univerzal.jpg\"><img loading=\"lazy\" decoding=\"async\" class=\"size-extra-large wp-image-10051\" src=\"https:\/\/d2p6e6u75xmxt8.cloudfront.net\/13\/2020\/10\/WLC-pl\u00e1\u0161t\u011b-specificky_predni_univerzal-1920x1280.jpg\" alt=\"Specifick\u00fd pl\u00e1\u0161\u0165 pro rozd\u00edln\u00e9 pou\u017eit\u00ed na p\u0159edn\u00edm a zadn\u00edm kole. V tomto p\u0159\u00edpad\u011b jde o univerz\u00e1ln\u00ed vzorek pro p\u0159edek.\" width=\"1920\" height=\"1280\" \/><\/a><figcaption id=\"caption-attachment-10051\" class=\"wp-caption-text\"><em>Specifick\u00fd pl\u00e1\u0161\u0165 pro rozd\u00edln\u00e9 pou\u017eit\u00ed na p\u0159edn\u00edm a zadn\u00edm kole. V tomto p\u0159\u00edpad\u011b jde o univerz\u00e1ln\u00ed vzorek pro p\u0159edek.<\/em><\/figcaption><\/figure>\n<p>N\u011bkte\u0159\u00ed v\u00fdrobci dokonce nab\u00edz\u00ed specifick\u00fd vzorek pro p\u0159edn\u00ed a zadn\u00ed kolo. Vzorek p\u0159edn\u00edho pl\u00e1\u0161t\u011b je otev\u0159en\u011bj\u0161\u00ed s v\u011bt\u0161inou blok\u016f orientovan\u00fdch pod\u00e9ln\u011b pro jist\u00e9 veden\u00ed sm\u011bru.<\/p>\n<figure id=\"attachment_10052\" aria-describedby=\"caption-attachment-10052\" style=\"width: 1920px\" class=\"wp-caption alignnone\"><a href=\"https:\/\/d2p6e6u75xmxt8.cloudfront.net\/13\/2020\/10\/WLC-pl\u00e1\u0161t\u011b-specificky_zadni_univerzal.jpg\"><img loading=\"lazy\" decoding=\"async\" class=\"size-extra-large wp-image-10052\" src=\"https:\/\/d2p6e6u75xmxt8.cloudfront.net\/13\/2020\/10\/WLC-pl\u00e1\u0161t\u011b-specificky_zadni_univerzal-1920x1280.jpg\" alt=\"Specifick\u00fd pl\u00e1\u0161\u0165 pro rozd\u00edln\u00e9 pou\u017eit\u00ed na p\u0159edn\u00edm a zadn\u00edm kole. V tomto p\u0159\u00edpad\u011b jde o univerz\u00e1ln\u00ed vzorek pro zadn\u00ed kolo.\" width=\"1920\" height=\"1280\" \/><\/a><figcaption id=\"caption-attachment-10052\" class=\"wp-caption-text\"><em>Specifick\u00fd pl\u00e1\u0161\u0165 pro rozd\u00edln\u00e9 pou\u017eit\u00ed na p\u0159edn\u00edm a zadn\u00edm kole. V tomto p\u0159\u00edpad\u011b jde o univerz\u00e1ln\u00ed vzorek pro zadn\u00ed kolo.<\/em><\/figcaption><\/figure>\n<p>U zadn\u00edho pl\u00e1\u0161t\u011b jsou bloky um\u00edst\u011bny nap\u0159\u00ed\u010d, aby byl maximalizov\u00e1n z\u00e1b\u011br. \u0158ada jezdc\u016f kombinaci hrub\u0161\u00edho p\u0159edn\u00edho a jemn\u011bj\u0161\u00edho zadn\u00edho vzorku preferuje \u2013 zat\u00edmco podklouznut\u00ed zadn\u00edho kola lze snadno ust\u00e1t, smyk p\u0159edn\u00edho pl\u00e1\u0161t\u011b v\u017edy znamen\u00e1 horkou chvilku.<\/p>\n","protected":false},"excerpt":{"rendered":"<p>U silni\u010dn\u00edch kol jsme si zvykli pou\u017e\u00edvat pl\u00e1\u0161t\u011b bez vzorku a spolehnout se zcela na kvalitu sm\u011bsi. Na hladk\u00e9m asfaltu [&hellip;]<\/p>\n","protected":false},"author":122,"featured_media":10049,"comment_status":"open","ping_status":"open","sticky":false,"template":"","format":"standard","meta":{"footnotes":""},"categories":[15],"tags":[126,56,1180,1182,1181,9],"global-categories":[411],"class_list":["post-10046","post","type-post","status-publish","format-standard","has-post-thumbnail","hentry","category-rady-tipy","tag-cyklistika","tag-horska-cyklistika","tag-plast-na-kolo","tag-plaste-na-sucho","tag-plaste-pro-blato","tag-silnicni-cyklistika","global-categories-cycling"],"yoast_head":"<!-- This site is optimized with the Yoast SEO Premium plugin v25.3 (Yoast SEO v25.9) - https:\/\/yoast.com\/wordpress\/plugins\/seo\/ -->\n<title>Ide\u00e1ln\u00ed pl\u00e1\u0161\u0165 na kolo: jak\u00fd vzorek vybrat? | \u0160koda We Love Cycling - \u010cesk\u00e1 republika<\/title>\n<meta name=\"robots\" content=\"index, follow, max-snippet:-1, max-image-preview:large, max-video-preview:-1\" \/>\n<link rel=\"canonical\" href=\"https:\/\/www.welovecycling.com\/cs\/2020\/10\/05\/idealni-plast-na-kolo-jaky-vzorek-vybrat\/\" \/>\n<meta property=\"og:locale\" content=\"cs_CZ\" \/>\n<meta property=\"og:type\" content=\"article\" \/>\n<meta property=\"og:title\" content=\"Ide\u00e1ln\u00ed pl\u00e1\u0161\u0165 na kolo: jak\u00fd vzorek vybrat?\" \/>\n<meta property=\"og:description\" content=\"U silni\u010dn\u00edch kol jsme si zvykli pou\u017e\u00edvat pl\u00e1\u0161t\u011b bez vzorku a spolehnout se zcela na kvalitu sm\u011bsi. Na hladk\u00e9m asfaltu [&hellip;]\" \/>\n<meta property=\"og:url\" content=\"https:\/\/www.welovecycling.com\/cs\/2020\/10\/05\/idealni-plast-na-kolo-jaky-vzorek-vybrat\/\" \/>\n<meta property=\"og:site_name\" content=\"\u0160koda We Love Cycling - \u010cesk\u00e1 republika\" \/>\n<meta property=\"article:published_time\" content=\"2020-10-05T05:00:07+00:00\" \/>\n<meta property=\"article:modified_time\" content=\"2020-10-23T08:11:17+00:00\" \/>\n<meta property=\"og:image\" content=\"https:\/\/d2p6e6u75xmxt8.cloudfront.net\/13\/2020\/10\/WLC-pl\u00e1\u0161t\u011b-ideal-pro-mekky-a-mokry-povrch.webp\" \/>\n\t<meta property=\"og:image:width\" content=\"1500\" \/>\n\t<meta property=\"og:image:height\" content=\"1020\" \/>\n\t<meta property=\"og:image:type\" content=\"image\/webp\" \/>\n<meta name=\"twitter:card\" content=\"summary_large_image\" \/>\n<meta name=\"twitter:label1\" content=\"Written by\" \/>\n\t<meta name=\"twitter:data1\" content=\"Adam Bouda\" \/>\n\t<meta name=\"twitter:label2\" content=\"Est. reading time\" \/>\n\t<meta name=\"twitter:data2\" content=\"7\" \/>\n<script type=\"application\/ld+json\" class=\"yoast-schema-graph\">{\"@context\":\"https:\/\/schema.org\",\"@graph\":[{\"@type\":\"WebPage\",\"@id\":\"https:\/\/www.welovecycling.com\/cs\/2020\/10\/05\/idealni-plast-na-kolo-jaky-vzorek-vybrat\/\",\"url\":\"https:\/\/www.welovecycling.com\/cs\/2020\/10\/05\/idealni-plast-na-kolo-jaky-vzorek-vybrat\/\",\"name\":\"Ide\u00e1ln\u00ed pl\u00e1\u0161\u0165 na kolo: jak\u00fd vzorek vybrat? | \u0160koda We Love Cycling - \u010cesk\u00e1 republika\",\"isPartOf\":{\"@id\":\"https:\/\/www.welovecycling.com\/cs\/#website\"},\"primaryImageOfPage\":{\"@id\":\"https:\/\/www.welovecycling.com\/cs\/2020\/10\/05\/idealni-plast-na-kolo-jaky-vzorek-vybrat\/#primaryimage\"},\"image\":{\"@id\":\"https:\/\/www.welovecycling.com\/cs\/2020\/10\/05\/idealni-plast-na-kolo-jaky-vzorek-vybrat\/#primaryimage\"},\"thumbnailUrl\":\"https:\/\/d2p6e6u75xmxt8.cloudfront.net\/13\/2020\/10\/WLC-pl\u00e1\u0161t\u011b-ideal-pro-mekky-a-mokry-povrch.webp\",\"datePublished\":\"2020-10-05T05:00:07+00:00\",\"dateModified\":\"2020-10-23T08:11:17+00:00\",\"author\":{\"@id\":\"\"},\"inLanguage\":\"cs\",\"potentialAction\":[{\"@type\":\"ReadAction\",\"target\":[\"https:\/\/www.welovecycling.com\/cs\/2020\/10\/05\/idealni-plast-na-kolo-jaky-vzorek-vybrat\/\"]}]},{\"@type\":\"ImageObject\",\"inLanguage\":\"cs\",\"@id\":\"https:\/\/www.welovecycling.com\/cs\/2020\/10\/05\/idealni-plast-na-kolo-jaky-vzorek-vybrat\/#primaryimage\",\"url\":\"https:\/\/d2p6e6u75xmxt8.cloudfront.net\/13\/2020\/10\/WLC-pl\u00e1\u0161t\u011b-ideal-pro-mekky-a-mokry-povrch.webp\",\"contentUrl\":\"https:\/\/d2p6e6u75xmxt8.cloudfront.net\/13\/2020\/10\/WLC-pl\u00e1\u0161t\u011b-ideal-pro-mekky-a-mokry-povrch.webp\",\"width\":1500,\"height\":1020},{\"@type\":\"WebSite\",\"@id\":\"https:\/\/www.welovecycling.com\/cs\/#website\",\"url\":\"https:\/\/www.welovecycling.com\/cs\/\",\"name\":\"\u0160koda We Love Cycling - \u010cesk\u00e1 republika\",\"description\":\"WeLoveCycling.cz je online magaz\u00edn, kter\u00fd v\u00e1m pravideln\u011b p\u0159in\u00e1\u0161\u00ed rady a tipy, zaj\u00edmav\u00e9 \u010dl\u00e1nky, videa a jedine\u010dn\u00e9 report\u00e1\u017ee ze sv\u011bta cyklistiky.\",\"potentialAction\":[{\"@type\":\"SearchAction\",\"target\":{\"@type\":\"EntryPoint\",\"urlTemplate\":\"https:\/\/www.welovecycling.com\/cs\/?s={search_term_string}\"},\"query-input\":{\"@type\":\"PropertyValueSpecification\",\"valueRequired\":true,\"valueName\":\"search_term_string\"}}],\"inLanguage\":\"cs\"},{\"@type\":\"Person\",\"@id\":\"\",\"url\":\"https:\/\/www.welovecycling.com\/cs\/author\/\"}]}<\/script>\n<!-- \/ Yoast SEO Premium plugin. -->","yoast_head_json":{"title":"Ide\u00e1ln\u00ed pl\u00e1\u0161\u0165 na kolo: jak\u00fd vzorek vybrat? | \u0160koda We Love Cycling - \u010cesk\u00e1 republika","robots":{"index":"index","follow":"follow","max-snippet":"max-snippet:-1","max-image-preview":"max-image-preview:large","max-video-preview":"max-video-preview:-1"},"canonical":"https:\/\/www.welovecycling.com\/cs\/2020\/10\/05\/idealni-plast-na-kolo-jaky-vzorek-vybrat\/","og_locale":"cs_CZ","og_type":"article","og_title":"Ide\u00e1ln\u00ed pl\u00e1\u0161\u0165 na kolo: jak\u00fd vzorek vybrat?","og_description":"U silni\u010dn\u00edch kol jsme si zvykli pou\u017e\u00edvat pl\u00e1\u0161t\u011b bez vzorku a spolehnout se zcela na kvalitu sm\u011bsi. Na hladk\u00e9m asfaltu [&hellip;]","og_url":"https:\/\/www.welovecycling.com\/cs\/2020\/10\/05\/idealni-plast-na-kolo-jaky-vzorek-vybrat\/","og_site_name":"\u0160koda We Love Cycling - \u010cesk\u00e1 republika","article_published_time":"2020-10-05T05:00:07+00:00","article_modified_time":"2020-10-23T08:11:17+00:00","og_image":[{"width":1500,"height":1020,"url":"https:\/\/d2p6e6u75xmxt8.cloudfront.net\/13\/2020\/10\/WLC-pl\u00e1\u0161t\u011b-ideal-pro-mekky-a-mokry-povrch.webp","type":"image\/webp"}],"twitter_card":"summary_large_image","twitter_misc":{"Written by":"Adam Bouda","Est. reading time":"7"},"schema":{"@context":"https:\/\/schema.org","@graph":[{"@type":"WebPage","@id":"https:\/\/www.welovecycling.com\/cs\/2020\/10\/05\/idealni-plast-na-kolo-jaky-vzorek-vybrat\/","url":"https:\/\/www.welovecycling.com\/cs\/2020\/10\/05\/idealni-plast-na-kolo-jaky-vzorek-vybrat\/","name":"Ide\u00e1ln\u00ed pl\u00e1\u0161\u0165 na kolo: jak\u00fd vzorek vybrat? | \u0160koda We Love Cycling - \u010cesk\u00e1 republika","isPartOf":{"@id":"https:\/\/www.welovecycling.com\/cs\/#website"},"primaryImageOfPage":{"@id":"https:\/\/www.welovecycling.com\/cs\/2020\/10\/05\/idealni-plast-na-kolo-jaky-vzorek-vybrat\/#primaryimage"},"image":{"@id":"https:\/\/www.welovecycling.com\/cs\/2020\/10\/05\/idealni-plast-na-kolo-jaky-vzorek-vybrat\/#primaryimage"},"thumbnailUrl":"https:\/\/d2p6e6u75xmxt8.cloudfront.net\/13\/2020\/10\/WLC-pl\u00e1\u0161t\u011b-ideal-pro-mekky-a-mokry-povrch.webp","datePublished":"2020-10-05T05:00:07+00:00","dateModified":"2020-10-23T08:11:17+00:00","author":{"@id":""},"inLanguage":"cs","potentialAction":[{"@type":"ReadAction","target":["https:\/\/www.welovecycling.com\/cs\/2020\/10\/05\/idealni-plast-na-kolo-jaky-vzorek-vybrat\/"]}]},{"@type":"ImageObject","inLanguage":"cs","@id":"https:\/\/www.welovecycling.com\/cs\/2020\/10\/05\/idealni-plast-na-kolo-jaky-vzorek-vybrat\/#primaryimage","url":"https:\/\/d2p6e6u75xmxt8.cloudfront.net\/13\/2020\/10\/WLC-pl\u00e1\u0161t\u011b-ideal-pro-mekky-a-mokry-povrch.webp","contentUrl":"https:\/\/d2p6e6u75xmxt8.cloudfront.net\/13\/2020\/10\/WLC-pl\u00e1\u0161t\u011b-ideal-pro-mekky-a-mokry-povrch.webp","width":1500,"height":1020},{"@type":"WebSite","@id":"https:\/\/www.welovecycling.com\/cs\/#website","url":"https:\/\/www.welovecycling.com\/cs\/","name":"\u0160koda We Love Cycling - \u010cesk\u00e1 republika","description":"WeLoveCycling.cz je online magaz\u00edn, kter\u00fd v\u00e1m pravideln\u011b p\u0159in\u00e1\u0161\u00ed rady a tipy, zaj\u00edmav\u00e9 \u010dl\u00e1nky, videa a jedine\u010dn\u00e9 report\u00e1\u017ee ze sv\u011bta cyklistiky.","potentialAction":[{"@type":"SearchAction","target":{"@type":"EntryPoint","urlTemplate":"https:\/\/www.welovecycling.com\/cs\/?s={search_term_string}"},"query-input":{"@type":"PropertyValueSpecification","valueRequired":true,"valueName":"search_term_string"}}],"inLanguage":"cs"},{"@type":"Person","@id":"","url":"https:\/\/www.welovecycling.com\/cs\/author\/"}]}},"_links":{"self":[{"href":"https:\/\/www.welovecycling.com\/cs\/wp-json\/wp\/v2\/posts\/10046","targetHints":{"allow":["GET"]}}],"collection":[{"href":"https:\/\/www.welovecycling.com\/cs\/wp-json\/wp\/v2\/posts"}],"about":[{"href":"https:\/\/www.welovecycling.com\/cs\/wp-json\/wp\/v2\/types\/post"}],"author":[{"embeddable":true,"href":"https:\/\/www.welovecycling.com\/cs\/wp-json\/wp\/v2\/users\/122"}],"replies":[{"embeddable":true,"href":"https:\/\/www.welovecycling.com\/cs\/wp-json\/wp\/v2\/comments?post=10046"}],"version-history":[{"count":2,"href":"https:\/\/www.welovecycling.com\/cs\/wp-json\/wp\/v2\/posts\/10046\/revisions"}],"predecessor-version":[{"id":10322,"href":"https:\/\/www.welovecycling.com\/cs\/wp-json\/wp\/v2\/posts\/10046\/revisions\/10322"}],"wp:featuredmedia":[{"embeddable":true,"href":"https:\/\/www.welovecycling.com\/cs\/wp-json\/wp\/v2\/media\/10049"}],"wp:attachment":[{"href":"https:\/\/www.welovecycling.com\/cs\/wp-json\/wp\/v2\/media?parent=10046"}],"wp:term":[{"taxonomy":"category","embeddable":true,"href":"https:\/\/www.welovecycling.com\/cs\/wp-json\/wp\/v2\/categories?post=10046"},{"taxonomy":"post_tag","embeddable":true,"href":"https:\/\/www.welovecycling.com\/cs\/wp-json\/wp\/v2\/tags?post=10046"},{"taxonomy":"global-categories","embeddable":true,"href":"https:\/\/www.welovecycling.com\/cs\/wp-json\/wp\/v2\/global-categories?post=10046"}],"curies":[{"name":"wp","href":"https:\/\/api.w.org\/{rel}","templated":true}]}}