{"id":10001,"date":"2020-10-07T06:30:05","date_gmt":"2020-10-07T04:30:05","guid":{"rendered":"https:\/\/www.welovecycling.com\/cs\/?p=10001"},"modified":"2020-10-07T08:44:43","modified_gmt":"2020-10-07T06:44:43","slug":"punta-dei-larici-misto-kde-se-zamilujete-do-jezera-garda","status":"publish","type":"post","link":"https:\/\/www.welovecycling.com\/cs\/2020\/10\/07\/punta-dei-larici-misto-kde-se-zamilujete-do-jezera-garda\/","title":{"rendered":"Punta Larici: m\u00edsto, kde se zamilujete do jezera Garda"},"content":{"rendered":"<p><strong>N\u011bkter\u00e1 m\u00edsta jsou tak kr\u00e1sn\u00e1, \u017ee do v\u00e1s zatnou dr\u00e1pek a u\u017e v\u00e1s nikdy nepust\u00ed. Takov\u00fd byl p\u0159esn\u011b v\u00fdjezd na Punta Larici. Jedn\u00e1 se o magick\u00fd vrchol v nadmo\u0159sk\u00e9 v\u00fd\u0161ce 908 metr\u016f nad m\u011bste\u010dkem Riva del Garda. Jako na dlani odtud m\u00e1te cel\u00e9 jezero Garda.<\/strong><\/p>\n<p>M\u00e1te chu\u0165 prodlou\u017eit si l\u00e9to? A poznat i v sou\u010dasn\u00e9 pandemick\u00e9 situaci nov\u00e9 m\u00edsto? Redakce We Love Cycling p\u0159in\u00e1\u0161\u00ed report\u00e1\u017e z m\u00edsta, kter\u00e9 ohrom\u00ed ka\u017ed\u00e9ho cyklistu.<\/p>\n<h2><strong>Trentinsk\u00e1 \u010d\u00e1st Gardy: hory jsou vy\u0161\u0161\u00ed, sk\u00e1ly p\u0159\u00edk\u0159ej\u0161\u00ed<\/strong><\/h2>\n<p>Koch\u00e1me se v\u00fdhledem na severn\u00ed \u2013 trentinskou \u2013 \u010d\u00e1st Gardy, jej\u00edm\u017e centrem je historick\u00e9 m\u011bste\u010dko Riva. Tento kus jezera je dramati\u010dt\u011bj\u0161\u00ed, hory jsou tu vy\u0161\u0161\u00ed, sk\u00e1ly p\u0159\u00edk\u0159ej\u0161\u00ed\u2026.<\/p>\n<p><a href=\"https:\/\/d2p6e6u75xmxt8.cloudfront.net\/13\/2020\/10\/garda-scaled.jpg\"><img loading=\"lazy\" decoding=\"async\" class=\"alignnone size-extra-large wp-image-10095\" src=\"https:\/\/d2p6e6u75xmxt8.cloudfront.net\/13\/2020\/10\/garda-1920x1080.jpg\" alt=\"\" width=\"1920\" height=\"1080\" \/><\/a><\/p>\n<p>Kdy\u017e popojedeme o kousek d\u00e1l, vid\u00edme zbyl\u00fd d\u00edl Gardy, kter\u00fd se p\u016fl\u00ed mezi dv\u011b provincie. Lombardii a Ben\u00e1tsko. Dohl\u00e9dnout na konec jezera? Nemo\u017en\u00e9. Vodn\u00ed plocha miz\u00ed v d\u00e1li bez jasn\u00e9ho konce.<\/p>\n<p>Je poledne, slunce se odr\u00e1\u017e\u00ed od vodn\u00ed hladiny. Uvelebila jsem se na jednom z kamen\u016f a nechce se mi dol\u016f. Ani za nic.<\/p>\n<p>Ale pojedu, proto\u017ee v tomhle p\u0159\u00edpad\u011b byla cesta velk\u00fdm z\u00e1\u017eitkem.<\/p>\n<h2><strong>Via Ponale<\/strong><\/h2>\n<p>R\u00e1no jsme startovali ze st\u0159edov\u011bk\u00e9ho m\u011bste\u010dka Riva del Garda, kter\u00e1 v\u00e1m s \u00fazk\u00fdmi uli\u010dkami, n\u00e1m\u011bst\u00ed\u010dky s ark\u00e1dami, kostely a v\u011b\u017eemi, hned p\u0159iroste k srdci.<\/p>\n<p>Dotaz, zda je mo\u017en\u00e9 na desetikilometrov\u00e9 stoup\u00e1n\u00ed s p\u0159ev\u00fd\u0161en\u00edm 700 metr\u016f pou\u017e\u00edt silni\u010dn\u00ed kolo, vyloud\u00ed na tv\u00e1\u0159\u00edch m\u00edstn\u00edch pobaven\u00fd \u00fasm\u011bv. \u201eJen pokud si chce\u0161 koupit nov\u00e9,\u201d odpov\u00eddaj\u00ed.<\/p>\n<p>Brzy pochop\u00edm pro\u010d &#8211; nejm\u00e9n\u011b polovinu cesty tvo\u0159\u00ed \u0161otolina, kameny\u2026 Nakonec jsme si p\u016fj\u010dili celoodpru\u017een\u00e1 elektrokola. A \u0161lo o skv\u011blou volbu. Energii, kterou bych investovala do \u0161lap\u00e1n\u00ed, jsem mohla v\u011bnovat kr\u00e1se kolem.<\/p>\n<p><a href=\"https:\/\/d2p6e6u75xmxt8.cloudfront.net\/13\/2020\/10\/garda-2-scaled.jpg\"><img loading=\"lazy\" decoding=\"async\" class=\"alignnone size-extra-large wp-image-10089\" src=\"https:\/\/d2p6e6u75xmxt8.cloudfront.net\/13\/2020\/10\/garda-2-1920x1080.jpg\" alt=\"\" width=\"1920\" height=\"1080\" \/><\/a><\/p>\n<p>Z Rivy za\u010d\u00edn\u00e1me stoupat po slavn\u00e9 cest\u011b Via Ponale (Ponalsk\u00e1 cesta) spojuj\u00edc\u00ed jezera Ledro a Garda. Pro\u010d o n\u011bjak\u00e9 cest\u011b p\u00ed\u0161u, \u017ee je slavn\u00e1? Proto\u017ee jej\u00ed p\u0159\u00edb\u011bh je strhuj\u00edc\u00ed a v kr\u00e1sn\u00fdch letn\u00edch dnech na ni vyraz\u00ed i 5000 cyklist\u016f \u010di turist\u016f denn\u011b.<\/p>\n<div class=\"shortcode-ys-post-pinup\"><article class=\"loop-simple post-10058 post type-post status-publish format-standard has-post-thumbnail hentry category-silnicni-cyklistika tag-cyklistika tag-lutych-bastogne-lutych tag-primoz-roglic tag-tour-de-france global-categories-cycling\" data-postid=\"10058\" role=\"article\" data-post-id=\"10058\" data-word-count=\"911\" data-headline-length=\"99\" data-category=\"Silni\u010dn\u00ed cyklistika\" data-global-category=\"Cycling\" data-author=\"Jan Kr\u016fta\" data-published=\"2020-10-05T18:00:06+02:00\" data-published-day=\"Monday\">\n    <div class=\"entry-thumbnail article-thumbnail\" content=\"https:\/\/d2p6e6u75xmxt8.cloudfront.net\/13\/2020\/08\/primo\u017e-rogli\u010d-150x150.webp\"><a href=\"https:\/\/www.welovecycling.com\/cs\/2020\/10\/05\/mistr-telemarku-primoz-roglic-zklamani-z-tour-prebolelo-doletel-si-pro-triumf-na-monumentu\/\" class=\"image-holder\" target=\"_self\"><img decoding=\"async\" loading=\"lazy\" class=\"\" src=\"https:\/\/d2p6e6u75xmxt8.cloudfront.net\/13\/2020\/08\/primo\u017e-rogli\u010d-1024x682.webp\" srcset=\"https:\/\/d2p6e6u75xmxt8.cloudfront.net\/13\/2020\/08\/primo\u017e-rogli\u010d.webp 1080w, https:\/\/d2p6e6u75xmxt8.cloudfront.net\/13\/2020\/08\/primo\u017e-rogli\u010d-300x200.webp 300w, https:\/\/d2p6e6u75xmxt8.cloudfront.net\/13\/2020\/08\/primo\u017e-rogli\u010d-1024x682.webp 1024w, https:\/\/d2p6e6u75xmxt8.cloudfront.net\/13\/2020\/08\/primo\u017e-rogli\u010d-768x511.webp 768w, https:\/\/d2p6e6u75xmxt8.cloudfront.net\/13\/2020\/08\/primo\u017e-rogli\u010d-272x182.webp 272w\" width=\"1024\" height=\"682\" sizes=\"auto, (min-width: 1200px) 300px, (min-width: 768px) 25vw, 100vw\" alt=\"mistr-telemarku-primoz-roglic-zklamani-z-tour-prebolelo-doletel-si-pro-triumf-na-monumentu\"\/><\/a><\/div>    <div class=\"entry-meta\">\n        <a class=\"label label-secondary post-category\" href=\"https:\/\/www.welovecycling.com\/cs\/category\/silnicni-cyklistika\/\" title=\"Silni\u010dn\u00ed cyklistika\">Silni\u010dn\u00ed cyklistika<\/a>\n    <\/div>\n    <div class=\"entry-details\">\n        <a href=\"https:\/\/www.welovecycling.com\/cs\/2020\/10\/05\/mistr-telemarku-primoz-roglic-zklamani-z-tour-prebolelo-doletel-si-pro-triumf-na-monumentu\/\" class='entry-title-wrapper'>\n            <h3 class=\"entry-title\"><span>Mistr telemarku Primo\u017e Rogli\u010d: zklam\u00e1n\u00ed z\u00a0Tour p\u0159ebolelo, dolet\u011bl si pro triumf na Monumentu<\/span><\/h3>\n        <\/a>\n    <\/div>\n    <\/article>\n<\/div>\n<p>Jezero Ledro zasazen\u00e9 mezi horami bylo v\u017edy od\u0159\u00edznut\u00e9 od sv\u011bta a m\u00edstn\u00ed museli slo\u017eit\u011b p\u0159ekon\u00e1vat hory, aby se spojili se sv\u011btem. To se rozhodl zm\u011bnit z\u00e1mo\u017en\u00fd obchodn\u00edk Giacomo Cis z obce Tiarno di Sotto a nechal mezi Ledrem a Rivou postavit (nebo sp\u00ed\u0161e vyrazit do skal) cestu.<\/p>\n<h2><strong>Via Ponale bere dech<\/strong><\/h2>\n<p>Silnice je dlouh\u00e1 33 kilometr\u016f, tvo\u0159\u00ed ji n\u011bkolik tunel\u016f vydlaban\u00fdch ve skaln\u00edch st\u011bn\u00e1ch hory Monte Oro. V\u00fdstavba za\u010dala 1. \u00fanora 1848 a skon\u010dila 3. ledna 1851. Cis se toho bohu\u017eel nedo\u017eil, zem\u0159el o \u0161est m\u011bs\u00edc\u016f d\u0159\u00edve. Pro m\u00edstn\u00ed cesta vybudovan\u00e1 v 19. stolet\u00ed fungovala a\u017e do roku 1992.<\/p>\n<p><a href=\"https:\/\/d2p6e6u75xmxt8.cloudfront.net\/13\/2020\/10\/garda-6-scaled.jpg\"><img loading=\"lazy\" decoding=\"async\" class=\"alignnone size-extra-large wp-image-10093\" src=\"https:\/\/d2p6e6u75xmxt8.cloudfront.net\/13\/2020\/10\/garda-6-1920x1080.jpg\" alt=\"\" width=\"1920\" height=\"1080\" \/><\/a><\/p>\n<p>\u201eDojet do Rivy bylo um\u011bn\u00ed,\u201d vzpom\u00edn\u00e1 Stefania Oradini z turistick\u00e9 centr\u00e1ly Garda Trentino, kter\u00e1 vyr\u016fstala u jezera Ledro.\u00a0\u201ePamatuji, jak jsme jako d\u011bti jeli autobusem na plav\u00e1n\u00ed do Rivy a v jedn\u00e9 ze zat\u00e1\u010dek autobus potkal n\u00e1kla\u010f\u00e1k. M\u00edsto plav\u00e1n\u00ed jsme \u0161lapali zp\u011bt do \u0161koly a autobus vypro\u0161\u0165ovali cel\u00e9 odpoledne.\u201d Dnes u\u017e k Ledru vede komfortn\u011b pr\u016fjezdn\u00fd tunel.<\/p>\n<div class=\"shortcode-ys-post-pinup\"><article class=\"loop-simple post-9985 post type-post status-publish format-standard has-post-thumbnail hentry category-silnicni-cyklistika tag-cyklistika tag-deceuninck-quick-step tag-julian-alaphilippe tag-marion-rousse tag-ms-2020 tag-ms-v-imole tag-ms-v-silnicni-cyklistice global-categories-cycling\" data-postid=\"9985\" role=\"article\" data-post-id=\"9985\" data-word-count=\"599\" data-headline-length=\"67\" data-category=\"Silni\u010dn\u00ed cyklistika\" data-global-category=\"Cycling\" data-author=\"Jan Kr\u016fta\" data-published=\"2020-09-28T16:30:05+02:00\" data-published-day=\"Monday\">\n    <div class=\"entry-thumbnail article-thumbnail\" content=\"https:\/\/d2p6e6u75xmxt8.cloudfront.net\/13\/2020\/09\/Julian-Alaphilippe-Rainbow-Jersey-_Tim-De-Waele-Getty-Images-scaled-150x150.webp\"><a href=\"https:\/\/www.welovecycling.com\/cs\/2020\/09\/28\/francouzsky-bojovnik-julian-alaphilippe-dosahl-na-vysnenou-duhu\/\" class=\"image-holder\" target=\"_self\"><img decoding=\"async\" loading=\"lazy\" class=\"\" src=\"https:\/\/d2p6e6u75xmxt8.cloudfront.net\/13\/2020\/09\/Julian-Alaphilippe-Rainbow-Jersey-_Tim-De-Waele-Getty-Images-scaled-1024x683.webp\" srcset=\"https:\/\/d2p6e6u75xmxt8.cloudfront.net\/13\/2020\/09\/Julian-Alaphilippe-Rainbow-Jersey-_Tim-De-Waele-Getty-Images-scaled.webp 2560w, https:\/\/d2p6e6u75xmxt8.cloudfront.net\/13\/2020\/09\/Julian-Alaphilippe-Rainbow-Jersey-_Tim-De-Waele-Getty-Images-scaled-300x200.webp 300w, https:\/\/d2p6e6u75xmxt8.cloudfront.net\/13\/2020\/09\/Julian-Alaphilippe-Rainbow-Jersey-_Tim-De-Waele-Getty-Images-scaled-1024x683.webp 1024w, https:\/\/d2p6e6u75xmxt8.cloudfront.net\/13\/2020\/09\/Julian-Alaphilippe-Rainbow-Jersey-_Tim-De-Waele-Getty-Images-scaled-768x512.webp 768w, https:\/\/d2p6e6u75xmxt8.cloudfront.net\/13\/2020\/09\/Julian-Alaphilippe-Rainbow-Jersey-_Tim-De-Waele-Getty-Images-scaled-1536x1024.webp 1536w, https:\/\/d2p6e6u75xmxt8.cloudfront.net\/13\/2020\/09\/Julian-Alaphilippe-Rainbow-Jersey-_Tim-De-Waele-Getty-Images-scaled-2048x1366.webp 2048w, https:\/\/d2p6e6u75xmxt8.cloudfront.net\/13\/2020\/09\/Julian-Alaphilippe-Rainbow-Jersey-_Tim-De-Waele-Getty-Images-scaled-1920x1280.webp 1920w, https:\/\/d2p6e6u75xmxt8.cloudfront.net\/13\/2020\/09\/Julian-Alaphilippe-Rainbow-Jersey-_Tim-De-Waele-Getty-Images-scaled-272x182.webp 272w, https:\/\/d2p6e6u75xmxt8.cloudfront.net\/13\/2020\/09\/Julian-Alaphilippe-Rainbow-Jersey-_Tim-De-Waele-Getty-Images-scaled-1920x1280.webp 1920w\" width=\"1024\" height=\"683\" sizes=\"auto, (min-width: 1200px) 300px, (min-width: 768px) 25vw, 100vw\" alt=\"francouzsky-bojovnik-julian-alaphilippe-dosahl-na-vysnenou-duhu\"\/><\/a><\/div>    <div class=\"entry-meta\">\n        <a class=\"label label-secondary post-category\" href=\"https:\/\/www.welovecycling.com\/cs\/category\/silnicni-cyklistika\/\" title=\"Silni\u010dn\u00ed cyklistika\">Silni\u010dn\u00ed cyklistika<\/a>\n    <\/div>\n    <div class=\"entry-details\">\n        <a href=\"https:\/\/www.welovecycling.com\/cs\/2020\/09\/28\/francouzsky-bojovnik-julian-alaphilippe-dosahl-na-vysnenou-duhu\/\" class='entry-title-wrapper'>\n            <h3 class=\"entry-title\"><span>Francouzsk\u00fd bojovn\u00edk Julian Alaphilippe dos\u00e1hl na vysn\u011bnou duhu<\/span><\/h3>\n        <\/a>\n    <\/div>\n    <\/article>\n<\/div>\n<p>Via Ponale bere dech. Ka\u017edou chv\u00edli zastavuji, fot\u00edm, koch\u00e1m se. Obdivuji, jak se cesta pode mnou za\u0159ez\u00e1v\u00e1 do sk\u00e1ly, krout\u00ed v nepravideln\u00fdch zat\u00e1\u010dk\u00e1ch nahoru. A do toho se oz\u00fdv\u00e1 a nese nad vodn\u00ed hladinou zvon z Rivy\u2026<\/p>\n<p>Magick\u00e9, nep\u0159ekonateln\u00e9\u2026.<\/p>\n<p><a href=\"https:\/\/d2p6e6u75xmxt8.cloudfront.net\/13\/2020\/10\/garda-3-scaled.jpg\"><img loading=\"lazy\" decoding=\"async\" class=\"alignnone size-extra-large wp-image-10090\" src=\"https:\/\/d2p6e6u75xmxt8.cloudfront.net\/13\/2020\/10\/garda-3-1920x1080.jpg\" alt=\"\" width=\"1920\" height=\"1080\" \/><\/a><\/p>\n<p>My ale po via Ponale nepojedeme celou cestu. Odpoj\u00edme se v m\u00edst\u011b zvan\u00e9m Belveder. Cesta na Via Ponale se no\u0159\u00ed vpravo do tunelu, tentokr\u00e1t pokra\u010dujeme vlevo \u2013 do vesni\u010dky Pregasina. Netrv\u00e1 dlouho a napoj\u00edme se na asfaltovou silnici, kde u\u017e se n\u00e1m \u0161lape jako po m\u00e1sle.<\/p>\n<p>V Pregasin\u011b projedeme n\u00e1m\u011bst\u00ed, za n\u00edm\u017e se d\u00e1me doprava.\u00a0\u201eU\u017e m\u00e1me dv\u011b t\u0159etiny za sebou, ale tohle je asi nejt\u011b\u017e\u0161\u00ed \u010d\u00e1st,\u201d \u0159\u00edk\u00e1 n\u00e1\u0161 pr\u016fvodce Marco Giacomello.<\/p>\n<p><a href=\"https:\/\/d2p6e6u75xmxt8.cloudfront.net\/13\/2020\/10\/garda-7-scaled.jpg\"><img loading=\"lazy\" decoding=\"async\" class=\"alignnone size-extra-large wp-image-10094\" src=\"https:\/\/d2p6e6u75xmxt8.cloudfront.net\/13\/2020\/10\/garda-7-1920x1080.jpg\" alt=\"\" width=\"1920\" height=\"1080\" \/><\/a><\/p>\n<p>Asfalt zmiz\u00ed a op\u011bt \u0161lapeme po hodn\u011b kamenit\u00e9 cest\u011b. V\u00fdhled\u016f ubylo, cesta vede p\u0159ev\u00e1\u017en\u011b lesem. Po chv\u00edli se vyloupneme na louce. V d\u00e1lce vid\u00edme kousek Gardy a z druh\u00e9 stany \u0161t\u00edty hor nad Gardou.<\/p>\n<p>Tam nech\u00e1v\u00e1me kola a posledn\u00edch deset minut stoup\u00e1me po sv\u00fdch. Jak to bylo d\u00e1l \u2013 u\u017e v\u00edte. Dorazili jsme na vrchol Punta Larici. A j\u00e1 se zamilovala do jezera Lago di Garda\u2026<\/p>\n","protected":false},"excerpt":{"rendered":"<p>N\u011bkter\u00e1 m\u00edsta jsou tak kr\u00e1sn\u00e1, \u017ee do v\u00e1s zatnou dr\u00e1pek a u\u017e v\u00e1s nikdy nepust\u00ed. Takov\u00fd byl p\u0159esn\u011b v\u00fdjezd na [&hellip;]<\/p>\n","protected":false},"author":122,"featured_media":10092,"comment_status":"open","ping_status":"open","sticky":false,"template":"","format":"standard","meta":{"footnotes":""},"categories":[11,167],"tags":[126,228,1089,1173],"global-categories":[411],"class_list":["post-10001","post","type-post","status-publish","format-standard","has-post-thumbnail","hentry","category-horska-cyklistika","category-tipy-na-vylet","tag-cyklistika","tag-cyklovylet","tag-lago-di-garda","tag-punta-del-larici","global-categories-cycling"],"yoast_head":"<!-- This site is optimized with the Yoast SEO Premium plugin v25.3 (Yoast SEO v25.9) - https:\/\/yoast.com\/wordpress\/plugins\/seo\/ -->\n<title>Punta Larici: m\u00edsto, kde se zamilujete do jezera Garda | \u0160koda We Love Cycling - \u010cesk\u00e1 republika<\/title>\n<meta name=\"robots\" content=\"index, follow, max-snippet:-1, max-image-preview:large, max-video-preview:-1\" \/>\n<link rel=\"canonical\" href=\"https:\/\/www.welovecycling.com\/cs\/2020\/10\/07\/punta-dei-larici-misto-kde-se-zamilujete-do-jezera-garda\/\" \/>\n<meta property=\"og:locale\" content=\"cs_CZ\" \/>\n<meta property=\"og:type\" content=\"article\" \/>\n<meta property=\"og:title\" content=\"Punta Larici: m\u00edsto, kde se zamilujete do jezera Garda\" \/>\n<meta property=\"og:description\" content=\"N\u011bkter\u00e1 m\u00edsta jsou tak kr\u00e1sn\u00e1, \u017ee do v\u00e1s zatnou dr\u00e1pek a u\u017e v\u00e1s nikdy nepust\u00ed. Takov\u00fd byl p\u0159esn\u011b v\u00fdjezd na [&hellip;]\" \/>\n<meta property=\"og:url\" content=\"https:\/\/www.welovecycling.com\/cs\/2020\/10\/07\/punta-dei-larici-misto-kde-se-zamilujete-do-jezera-garda\/\" \/>\n<meta property=\"og:site_name\" content=\"\u0160koda We Love Cycling - \u010cesk\u00e1 republika\" \/>\n<meta property=\"article:published_time\" content=\"2020-10-07T04:30:05+00:00\" \/>\n<meta property=\"article:modified_time\" content=\"2020-10-07T06:44:43+00:00\" \/>\n<meta property=\"og:image\" content=\"https:\/\/d2p6e6u75xmxt8.cloudfront.net\/13\/2020\/10\/garda-5-scaled.webp\" \/>\n\t<meta property=\"og:image:width\" content=\"2560\" \/>\n\t<meta property=\"og:image:height\" content=\"1440\" \/>\n\t<meta property=\"og:image:type\" content=\"image\/webp\" \/>\n<meta name=\"twitter:card\" content=\"summary_large_image\" \/>\n<meta name=\"twitter:label1\" content=\"Written by\" \/>\n\t<meta name=\"twitter:data1\" content=\"Jan Kr\u016fta\" \/>\n\t<meta name=\"twitter:label2\" content=\"Est. reading time\" \/>\n\t<meta name=\"twitter:data2\" content=\"6\" \/>\n<script type=\"application\/ld+json\" class=\"yoast-schema-graph\">{\"@context\":\"https:\/\/schema.org\",\"@graph\":[{\"@type\":\"WebPage\",\"@id\":\"https:\/\/www.welovecycling.com\/cs\/2020\/10\/07\/punta-dei-larici-misto-kde-se-zamilujete-do-jezera-garda\/\",\"url\":\"https:\/\/www.welovecycling.com\/cs\/2020\/10\/07\/punta-dei-larici-misto-kde-se-zamilujete-do-jezera-garda\/\",\"name\":\"Punta Larici: m\u00edsto, kde se zamilujete do jezera Garda | \u0160koda We Love Cycling - \u010cesk\u00e1 republika\",\"isPartOf\":{\"@id\":\"https:\/\/www.welovecycling.com\/cs\/#website\"},\"primaryImageOfPage\":{\"@id\":\"https:\/\/www.welovecycling.com\/cs\/2020\/10\/07\/punta-dei-larici-misto-kde-se-zamilujete-do-jezera-garda\/#primaryimage\"},\"image\":{\"@id\":\"https:\/\/www.welovecycling.com\/cs\/2020\/10\/07\/punta-dei-larici-misto-kde-se-zamilujete-do-jezera-garda\/#primaryimage\"},\"thumbnailUrl\":\"https:\/\/d2p6e6u75xmxt8.cloudfront.net\/13\/2020\/10\/garda-5-scaled.webp\",\"datePublished\":\"2020-10-07T04:30:05+00:00\",\"dateModified\":\"2020-10-07T06:44:43+00:00\",\"author\":{\"@id\":\"\"},\"inLanguage\":\"cs\",\"potentialAction\":[{\"@type\":\"ReadAction\",\"target\":[\"https:\/\/www.welovecycling.com\/cs\/2020\/10\/07\/punta-dei-larici-misto-kde-se-zamilujete-do-jezera-garda\/\"]}]},{\"@type\":\"ImageObject\",\"inLanguage\":\"cs\",\"@id\":\"https:\/\/www.welovecycling.com\/cs\/2020\/10\/07\/punta-dei-larici-misto-kde-se-zamilujete-do-jezera-garda\/#primaryimage\",\"url\":\"https:\/\/d2p6e6u75xmxt8.cloudfront.net\/13\/2020\/10\/garda-5-scaled.webp\",\"contentUrl\":\"https:\/\/d2p6e6u75xmxt8.cloudfront.net\/13\/2020\/10\/garda-5-scaled.webp\",\"width\":2560,\"height\":1440},{\"@type\":\"WebSite\",\"@id\":\"https:\/\/www.welovecycling.com\/cs\/#website\",\"url\":\"https:\/\/www.welovecycling.com\/cs\/\",\"name\":\"\u0160koda We Love Cycling - \u010cesk\u00e1 republika\",\"description\":\"WeLoveCycling.cz je online magaz\u00edn, kter\u00fd v\u00e1m pravideln\u011b p\u0159in\u00e1\u0161\u00ed rady a tipy, zaj\u00edmav\u00e9 \u010dl\u00e1nky, videa a jedine\u010dn\u00e9 report\u00e1\u017ee ze sv\u011bta cyklistiky.\",\"potentialAction\":[{\"@type\":\"SearchAction\",\"target\":{\"@type\":\"EntryPoint\",\"urlTemplate\":\"https:\/\/www.welovecycling.com\/cs\/?s={search_term_string}\"},\"query-input\":{\"@type\":\"PropertyValueSpecification\",\"valueRequired\":true,\"valueName\":\"search_term_string\"}}],\"inLanguage\":\"cs\"},{\"@type\":\"Person\",\"@id\":\"\",\"url\":\"https:\/\/www.welovecycling.com\/cs\/author\/\"}]}<\/script>\n<!-- \/ Yoast SEO Premium plugin. -->","yoast_head_json":{"title":"Punta Larici: m\u00edsto, kde se zamilujete do jezera Garda | \u0160koda We Love Cycling - \u010cesk\u00e1 republika","robots":{"index":"index","follow":"follow","max-snippet":"max-snippet:-1","max-image-preview":"max-image-preview:large","max-video-preview":"max-video-preview:-1"},"canonical":"https:\/\/www.welovecycling.com\/cs\/2020\/10\/07\/punta-dei-larici-misto-kde-se-zamilujete-do-jezera-garda\/","og_locale":"cs_CZ","og_type":"article","og_title":"Punta Larici: m\u00edsto, kde se zamilujete do jezera Garda","og_description":"N\u011bkter\u00e1 m\u00edsta jsou tak kr\u00e1sn\u00e1, \u017ee do v\u00e1s zatnou dr\u00e1pek a u\u017e v\u00e1s nikdy nepust\u00ed. Takov\u00fd byl p\u0159esn\u011b v\u00fdjezd na [&hellip;]","og_url":"https:\/\/www.welovecycling.com\/cs\/2020\/10\/07\/punta-dei-larici-misto-kde-se-zamilujete-do-jezera-garda\/","og_site_name":"\u0160koda We Love Cycling - \u010cesk\u00e1 republika","article_published_time":"2020-10-07T04:30:05+00:00","article_modified_time":"2020-10-07T06:44:43+00:00","og_image":[{"width":2560,"height":1440,"url":"https:\/\/d2p6e6u75xmxt8.cloudfront.net\/13\/2020\/10\/garda-5-scaled.webp","type":"image\/webp"}],"twitter_card":"summary_large_image","twitter_misc":{"Written by":"Jan Kr\u016fta","Est. reading time":"6"},"schema":{"@context":"https:\/\/schema.org","@graph":[{"@type":"WebPage","@id":"https:\/\/www.welovecycling.com\/cs\/2020\/10\/07\/punta-dei-larici-misto-kde-se-zamilujete-do-jezera-garda\/","url":"https:\/\/www.welovecycling.com\/cs\/2020\/10\/07\/punta-dei-larici-misto-kde-se-zamilujete-do-jezera-garda\/","name":"Punta Larici: m\u00edsto, kde se zamilujete do jezera Garda | \u0160koda We Love Cycling - \u010cesk\u00e1 republika","isPartOf":{"@id":"https:\/\/www.welovecycling.com\/cs\/#website"},"primaryImageOfPage":{"@id":"https:\/\/www.welovecycling.com\/cs\/2020\/10\/07\/punta-dei-larici-misto-kde-se-zamilujete-do-jezera-garda\/#primaryimage"},"image":{"@id":"https:\/\/www.welovecycling.com\/cs\/2020\/10\/07\/punta-dei-larici-misto-kde-se-zamilujete-do-jezera-garda\/#primaryimage"},"thumbnailUrl":"https:\/\/d2p6e6u75xmxt8.cloudfront.net\/13\/2020\/10\/garda-5-scaled.webp","datePublished":"2020-10-07T04:30:05+00:00","dateModified":"2020-10-07T06:44:43+00:00","author":{"@id":""},"inLanguage":"cs","potentialAction":[{"@type":"ReadAction","target":["https:\/\/www.welovecycling.com\/cs\/2020\/10\/07\/punta-dei-larici-misto-kde-se-zamilujete-do-jezera-garda\/"]}]},{"@type":"ImageObject","inLanguage":"cs","@id":"https:\/\/www.welovecycling.com\/cs\/2020\/10\/07\/punta-dei-larici-misto-kde-se-zamilujete-do-jezera-garda\/#primaryimage","url":"https:\/\/d2p6e6u75xmxt8.cloudfront.net\/13\/2020\/10\/garda-5-scaled.webp","contentUrl":"https:\/\/d2p6e6u75xmxt8.cloudfront.net\/13\/2020\/10\/garda-5-scaled.webp","width":2560,"height":1440},{"@type":"WebSite","@id":"https:\/\/www.welovecycling.com\/cs\/#website","url":"https:\/\/www.welovecycling.com\/cs\/","name":"\u0160koda We Love Cycling - \u010cesk\u00e1 republika","description":"WeLoveCycling.cz je online magaz\u00edn, kter\u00fd v\u00e1m pravideln\u011b p\u0159in\u00e1\u0161\u00ed rady a tipy, zaj\u00edmav\u00e9 \u010dl\u00e1nky, videa a jedine\u010dn\u00e9 report\u00e1\u017ee ze sv\u011bta cyklistiky.","potentialAction":[{"@type":"SearchAction","target":{"@type":"EntryPoint","urlTemplate":"https:\/\/www.welovecycling.com\/cs\/?s={search_term_string}"},"query-input":{"@type":"PropertyValueSpecification","valueRequired":true,"valueName":"search_term_string"}}],"inLanguage":"cs"},{"@type":"Person","@id":"","url":"https:\/\/www.welovecycling.com\/cs\/author\/"}]}},"_links":{"self":[{"href":"https:\/\/www.welovecycling.com\/cs\/wp-json\/wp\/v2\/posts\/10001","targetHints":{"allow":["GET"]}}],"collection":[{"href":"https:\/\/www.welovecycling.com\/cs\/wp-json\/wp\/v2\/posts"}],"about":[{"href":"https:\/\/www.welovecycling.com\/cs\/wp-json\/wp\/v2\/types\/post"}],"author":[{"embeddable":true,"href":"https:\/\/www.welovecycling.com\/cs\/wp-json\/wp\/v2\/users\/122"}],"replies":[{"embeddable":true,"href":"https:\/\/www.welovecycling.com\/cs\/wp-json\/wp\/v2\/comments?post=10001"}],"version-history":[{"count":2,"href":"https:\/\/www.welovecycling.com\/cs\/wp-json\/wp\/v2\/posts\/10001\/revisions"}],"predecessor-version":[{"id":10100,"href":"https:\/\/www.welovecycling.com\/cs\/wp-json\/wp\/v2\/posts\/10001\/revisions\/10100"}],"wp:featuredmedia":[{"embeddable":true,"href":"https:\/\/www.welovecycling.com\/cs\/wp-json\/wp\/v2\/media\/10092"}],"wp:attachment":[{"href":"https:\/\/www.welovecycling.com\/cs\/wp-json\/wp\/v2\/media?parent=10001"}],"wp:term":[{"taxonomy":"category","embeddable":true,"href":"https:\/\/www.welovecycling.com\/cs\/wp-json\/wp\/v2\/categories?post=10001"},{"taxonomy":"post_tag","embeddable":true,"href":"https:\/\/www.welovecycling.com\/cs\/wp-json\/wp\/v2\/tags?post=10001"},{"taxonomy":"global-categories","embeddable":true,"href":"https:\/\/www.welovecycling.com\/cs\/wp-json\/wp\/v2\/global-categories?post=10001"}],"curies":[{"name":"wp","href":"https:\/\/api.w.org\/{rel}","templated":true}]}}